{"id":9988,"date":"2020-05-13T13:04:03","date_gmt":"2020-05-13T16:04:03","guid":{"rendered":"http:\/\/ondauno.com.ar\/?p=9988"},"modified":"2020-05-13T13:04:09","modified_gmt":"2020-05-13T16:04:09","slug":"una-joven-saltena-uso-los-10-000-pesos-del-ife-para-abrir-su-verduleria","status":"publish","type":"post","link":"https:\/\/ondauno.com.ar\/index.php\/2020\/05\/13\/una-joven-saltena-uso-los-10-000-pesos-del-ife-para-abrir-su-verduleria\/","title":{"rendered":"Una joven salte\u00f1a us\u00f3 los 10.000 pesos del IFE para abrir su verduler\u00eda"},"content":{"rendered":"<div class=\"ondau-before-content_3\" style=\"margin-top: -30px;\" id=\"ondau-398835315\"><a href=\"https:\/\/www.lps.com.ar\/\" aria-label=\"la-perse2\"><img loading=\"lazy\" decoding=\"async\" src=\"https:\/\/ondauno.com.ar\/wp-content\/uploads\/2021\/10\/la-perse2.jpg\" alt=\"\"  srcset=\"https:\/\/ondauno.com.ar\/wp-content\/uploads\/2021\/10\/la-perse2.jpg 1353w, https:\/\/ondauno.com.ar\/wp-content\/uploads\/2021\/10\/la-perse2-300x43.jpg 300w, https:\/\/ondauno.com.ar\/wp-content\/uploads\/2021\/10\/la-perse2-1024x148.jpg 1024w, https:\/\/ondauno.com.ar\/wp-content\/uploads\/2021\/10\/la-perse2-768x111.jpg 768w, https:\/\/ondauno.com.ar\/wp-content\/uploads\/2021\/10\/la-perse2-696x100.jpg 696w, https:\/\/ondauno.com.ar\/wp-content\/uploads\/2021\/10\/la-perse2-1068x154.jpg 1068w\" sizes=\"(max-width: 1353px) 100vw, 1353px\" class=\"no-lazyload\" width=\"1353\" height=\"195\"  style=\"display: inline-block;\" \/><\/a><\/div>\n<p>Ana Paula Aguirre tiene 19 a\u00f1os y vive con su abuelo. <\/p>\n\n\n\n<p>El bono de 10.000 pesos de la Anses, que se otorg\u00f3 excepcionalmente por la cuarentena fue el puntapi\u00e9 para el emprendimiento que pensaron con su familia.<\/p>\n\n\n\n<p>Decidieron as\u00ed junto a su abuelo usar <strong>el dinero para poner una verduler\u00eda en la puerta de su casa en Salta.\u00a0<\/strong><\/p>\n\n\n\n<p>\n\n&#8220;Desde hace bastante tiempo que quer\u00edamos abrir una verduleria y, con la ayuda del bono y un poco m\u00e1s de plata se nos dio.&nbsp;<strong>Para nosotros es muy importante porque nos ayuda mucho\u201d, dijo Ana Paula.&nbsp;<\/strong><\/p>\n\n\n\n<p>Ana Paula estudia para concluir su nivel secundario y poder as\u00ed, comenzar con la carrera de enfermer\u00eda. <br>Para poder cobrar la ayuda hizo cola desde las 4 de la ma\u00f1ana y ni bien tuvo el dinero fue al mercado central junto a su abuelo para efectivizar la compra de verduras, frutas, huevos y especias.<\/p>\n\n\n\n<p>Con otro dinero ahorrado pudo hacer las estanter\u00edas y comprar una balanza. <\/p>\n\n\n\n<p>Mucha gente se acerc\u00f3 a felicitarla y ella muy contenta dijo: &#8220;espero que a otras personas les haya servido tanto como a m\u00ed esta ayuda y la hayan podido usar bien en cosas necesarias&#8221;.<\/p>\n\n\n\n<p>\u00a0<\/p>\n\n\n\n<figure class=\"wp-block-embed-facebook wp-block-embed is-type-video is-provider-facebook\"><div class=\"wp-block-embed__wrapper\">\n<div class=\"fb-video\" data-allowfullscreen=\"true\" data-href=\"https:\/\/www.facebook.com\/ondauno103.9\/videos\/242685260381970\" style=\"background-color: #fff; display: inline-block;\"><\/div>\n<\/div><\/figure>\n","protected":false},"excerpt":{"rendered":"<p>Ana Paula Aguirre tiene 19 a\u00f1os y vive con su abuelo. El bono de 10.000 pesos de la Anses, que se otorg\u00f3 excepcionalmente por la cuarentena fue el puntapi\u00e9 para el emprendimiento que pensaron con su familia. Decidieron as\u00ed junto a su abuelo usar el dinero para poner una verduler\u00eda en la puerta de su [&hellip;]<\/p>\n","protected":false},"author":2,"featured_media":9989,"comment_status":"open","ping_status":"open","sticky":false,"template":"","format":"standard","meta":{"tdm_status":"","tdm_grid_status":"","_jetpack_memberships_contains_paid_content":false,"footnotes":"","jetpack_publicize_message":"","jetpack_publicize_feature_enabled":true,"jetpack_social_post_already_shared":false,"jetpack_social_options":{"image_generator_settings":{"template":"highway","default_image_id":0,"font":"","enabled":false},"version":2}},"categories":[28],"tags":[],"class_list":{"0":"post-9988","1":"post","2":"type-post","3":"status-publish","4":"format-standard","5":"has-post-thumbnail","7":"category-interes-general"},"yoast_head":"<!-- This site is optimized with the Yoast SEO plugin v22.7 - https:\/\/yoast.com\/wordpress\/plugins\/seo\/ -->\n<title>Una joven salte\u00f1a us\u00f3 los 10.000 pesos del IFE para abrir su verduler\u00eda - 103.9 fm<\/title>\n<meta name=\"robots\" content=\"index, follow, max-snippet:-1, max-image-preview:large, max-video-preview:-1\" \/>\n<link rel=\"canonical\" href=\"https:\/\/ondauno.com.ar\/index.php\/2020\/05\/13\/una-joven-saltena-uso-los-10-000-pesos-del-ife-para-abrir-su-verduleria\/\" \/>\n<meta property=\"og:locale\" content=\"es_ES\" \/>\n<meta property=\"og:type\" content=\"article\" \/>\n<meta property=\"og:title\" content=\"Una joven salte\u00f1a us\u00f3 los 10.000 pesos del IFE para abrir su verduler\u00eda - 103.9 fm\" \/>\n<meta property=\"og:description\" content=\"Ana Paula Aguirre tiene 19 a\u00f1os y vive con su abuelo. El bono de 10.000 pesos de la Anses, que se otorg\u00f3 excepcionalmente por la cuarentena fue el puntapi\u00e9 para el emprendimiento que pensaron con su familia. Decidieron as\u00ed junto a su abuelo usar el dinero para poner una verduler\u00eda en la puerta de su [&hellip;]\" \/>\n<meta property=\"og:url\" content=\"https:\/\/ondauno.com.ar\/index.php\/2020\/05\/13\/una-joven-saltena-uso-los-10-000-pesos-del-ife-para-abrir-su-verduleria\/\" \/>\n<meta property=\"og:site_name\" content=\"103.9 fm\" \/>\n<meta property=\"article:publisher\" content=\"https:\/\/www.facebook.com\/ondauno103.9\" \/>\n<meta property=\"article:published_time\" content=\"2020-05-13T16:04:03+00:00\" \/>\n<meta property=\"article:modified_time\" content=\"2020-05-13T16:04:09+00:00\" \/>\n<meta property=\"og:image\" content=\"https:\/\/ondauno.com.ar\/wp-content\/uploads\/2020\/05\/ana-paula-verduleria.jpg\" \/>\n\t<meta property=\"og:image:width\" content=\"1280\" \/>\n\t<meta property=\"og:image:height\" content=\"720\" \/>\n\t<meta property=\"og:image:type\" content=\"image\/jpeg\" \/>\n<meta name=\"author\" content=\"fernando garcia\" \/>\n<meta name=\"twitter:card\" content=\"summary_large_image\" \/>\n<meta name=\"twitter:label1\" content=\"Escrito por\" \/>\n\t<meta name=\"twitter:data1\" content=\"fernando garcia\" \/>\n\t<meta name=\"twitter:label2\" content=\"Tiempo de lectura\" \/>\n\t<meta name=\"twitter:data2\" content=\"1 minuto\" \/>\n<script type=\"application\/ld+json\" class=\"yoast-schema-graph\">{\"@context\":\"https:\/\/schema.org\",\"@graph\":[{\"@type\":\"WebPage\",\"@id\":\"https:\/\/ondauno.com.ar\/index.php\/2020\/05\/13\/una-joven-saltena-uso-los-10-000-pesos-del-ife-para-abrir-su-verduleria\/\",\"url\":\"https:\/\/ondauno.com.ar\/index.php\/2020\/05\/13\/una-joven-saltena-uso-los-10-000-pesos-del-ife-para-abrir-su-verduleria\/\",\"name\":\"Una joven salte\u00f1a us\u00f3 los 10.000 pesos del IFE para abrir su verduler\u00eda - 103.9 fm\",\"isPartOf\":{\"@id\":\"https:\/\/ondauno.com.ar\/#website\"},\"primaryImageOfPage\":{\"@id\":\"https:\/\/ondauno.com.ar\/index.php\/2020\/05\/13\/una-joven-saltena-uso-los-10-000-pesos-del-ife-para-abrir-su-verduleria\/#primaryimage\"},\"image\":{\"@id\":\"https:\/\/ondauno.com.ar\/index.php\/2020\/05\/13\/una-joven-saltena-uso-los-10-000-pesos-del-ife-para-abrir-su-verduleria\/#primaryimage\"},\"thumbnailUrl\":\"https:\/\/ondauno.com.ar\/wp-content\/uploads\/2020\/05\/ana-paula-verduleria.jpg\",\"datePublished\":\"2020-05-13T16:04:03+00:00\",\"dateModified\":\"2020-05-13T16:04:09+00:00\",\"author\":{\"@id\":\"https:\/\/ondauno.com.ar\/#\/schema\/person\/201d1b68e6c75e0fd396fe5f8af5d139\"},\"breadcrumb\":{\"@id\":\"https:\/\/ondauno.com.ar\/index.php\/2020\/05\/13\/una-joven-saltena-uso-los-10-000-pesos-del-ife-para-abrir-su-verduleria\/#breadcrumb\"},\"inLanguage\":\"es-AR\",\"potentialAction\":[{\"@type\":\"ReadAction\",\"target\":[\"https:\/\/ondauno.com.ar\/index.php\/2020\/05\/13\/una-joven-saltena-uso-los-10-000-pesos-del-ife-para-abrir-su-verduleria\/\"]}]},{\"@type\":\"ImageObject\",\"inLanguage\":\"es-AR\",\"@id\":\"https:\/\/ondauno.com.ar\/index.php\/2020\/05\/13\/una-joven-saltena-uso-los-10-000-pesos-del-ife-para-abrir-su-verduleria\/#primaryimage\",\"url\":\"https:\/\/ondauno.com.ar\/wp-content\/uploads\/2020\/05\/ana-paula-verduleria.jpg\",\"contentUrl\":\"https:\/\/ondauno.com.ar\/wp-content\/uploads\/2020\/05\/ana-paula-verduleria.jpg\",\"width\":1280,\"height\":720},{\"@type\":\"BreadcrumbList\",\"@id\":\"https:\/\/ondauno.com.ar\/index.php\/2020\/05\/13\/una-joven-saltena-uso-los-10-000-pesos-del-ife-para-abrir-su-verduleria\/#breadcrumb\",\"itemListElement\":[{\"@type\":\"ListItem\",\"position\":1,\"name\":\"Inicio\",\"item\":\"https:\/\/ondauno.com.ar\/\"},{\"@type\":\"ListItem\",\"position\":2,\"name\":\"Una joven salte\u00f1a us\u00f3 los 10.000 pesos del IFE para abrir su verduler\u00eda\"}]},{\"@type\":\"WebSite\",\"@id\":\"https:\/\/ondauno.com.ar\/#website\",\"url\":\"https:\/\/ondauno.com.ar\/\",\"name\":\"103.9 fm\",\"description\":\"LA PRIMERA RADIO MULTIMEDIA DE TRES ARROYOS\",\"potentialAction\":[{\"@type\":\"SearchAction\",\"target\":{\"@type\":\"EntryPoint\",\"urlTemplate\":\"https:\/\/ondauno.com.ar\/?s={search_term_string}\"},\"query-input\":\"required name=search_term_string\"}],\"inLanguage\":\"es-AR\"},{\"@type\":\"Person\",\"@id\":\"https:\/\/ondauno.com.ar\/#\/schema\/person\/201d1b68e6c75e0fd396fe5f8af5d139\",\"name\":\"fernando garcia\",\"image\":{\"@type\":\"ImageObject\",\"inLanguage\":\"es-AR\",\"@id\":\"https:\/\/ondauno.com.ar\/#\/schema\/person\/image\/\",\"url\":\"https:\/\/secure.gravatar.com\/avatar\/5f7254642ad81272e79a2e69653cfdfc?s=96&d=mm&r=g\",\"contentUrl\":\"https:\/\/secure.gravatar.com\/avatar\/5f7254642ad81272e79a2e69653cfdfc?s=96&d=mm&r=g\",\"caption\":\"fernando garcia\"},\"url\":\"https:\/\/ondauno.com.ar\/index.php\/author\/ondaunoeditor\/\"}]}<\/script>\n<!-- \/ Yoast SEO plugin. -->","yoast_head_json":{"title":"Una joven salte\u00f1a us\u00f3 los 10.000 pesos del IFE para abrir su verduler\u00eda - 103.9 fm","robots":{"index":"index","follow":"follow","max-snippet":"max-snippet:-1","max-image-preview":"max-image-preview:large","max-video-preview":"max-video-preview:-1"},"canonical":"https:\/\/ondauno.com.ar\/index.php\/2020\/05\/13\/una-joven-saltena-uso-los-10-000-pesos-del-ife-para-abrir-su-verduleria\/","og_locale":"es_ES","og_type":"article","og_title":"Una joven salte\u00f1a us\u00f3 los 10.000 pesos del IFE para abrir su verduler\u00eda - 103.9 fm","og_description":"Ana Paula Aguirre tiene 19 a\u00f1os y vive con su abuelo. El bono de 10.000 pesos de la Anses, que se otorg\u00f3 excepcionalmente por la cuarentena fue el puntapi\u00e9 para el emprendimiento que pensaron con su familia. Decidieron as\u00ed junto a su abuelo usar el dinero para poner una verduler\u00eda en la puerta de su [&hellip;]","og_url":"https:\/\/ondauno.com.ar\/index.php\/2020\/05\/13\/una-joven-saltena-uso-los-10-000-pesos-del-ife-para-abrir-su-verduleria\/","og_site_name":"103.9 fm","article_publisher":"https:\/\/www.facebook.com\/ondauno103.9","article_published_time":"2020-05-13T16:04:03+00:00","article_modified_time":"2020-05-13T16:04:09+00:00","og_image":[{"width":1280,"height":720,"url":"https:\/\/ondauno.com.ar\/wp-content\/uploads\/2020\/05\/ana-paula-verduleria.jpg","type":"image\/jpeg"}],"author":"fernando garcia","twitter_card":"summary_large_image","twitter_misc":{"Escrito por":"fernando garcia","Tiempo de lectura":"1 minuto"},"schema":{"@context":"https:\/\/schema.org","@graph":[{"@type":"WebPage","@id":"https:\/\/ondauno.com.ar\/index.php\/2020\/05\/13\/una-joven-saltena-uso-los-10-000-pesos-del-ife-para-abrir-su-verduleria\/","url":"https:\/\/ondauno.com.ar\/index.php\/2020\/05\/13\/una-joven-saltena-uso-los-10-000-pesos-del-ife-para-abrir-su-verduleria\/","name":"Una joven salte\u00f1a us\u00f3 los 10.000 pesos del IFE para abrir su verduler\u00eda - 103.9 fm","isPartOf":{"@id":"https:\/\/ondauno.com.ar\/#website"},"primaryImageOfPage":{"@id":"https:\/\/ondauno.com.ar\/index.php\/2020\/05\/13\/una-joven-saltena-uso-los-10-000-pesos-del-ife-para-abrir-su-verduleria\/#primaryimage"},"image":{"@id":"https:\/\/ondauno.com.ar\/index.php\/2020\/05\/13\/una-joven-saltena-uso-los-10-000-pesos-del-ife-para-abrir-su-verduleria\/#primaryimage"},"thumbnailUrl":"https:\/\/ondauno.com.ar\/wp-content\/uploads\/2020\/05\/ana-paula-verduleria.jpg","datePublished":"2020-05-13T16:04:03+00:00","dateModified":"2020-05-13T16:04:09+00:00","author":{"@id":"https:\/\/ondauno.com.ar\/#\/schema\/person\/201d1b68e6c75e0fd396fe5f8af5d139"},"breadcrumb":{"@id":"https:\/\/ondauno.com.ar\/index.php\/2020\/05\/13\/una-joven-saltena-uso-los-10-000-pesos-del-ife-para-abrir-su-verduleria\/#breadcrumb"},"inLanguage":"es-AR","potentialAction":[{"@type":"ReadAction","target":["https:\/\/ondauno.com.ar\/index.php\/2020\/05\/13\/una-joven-saltena-uso-los-10-000-pesos-del-ife-para-abrir-su-verduleria\/"]}]},{"@type":"ImageObject","inLanguage":"es-AR","@id":"https:\/\/ondauno.com.ar\/index.php\/2020\/05\/13\/una-joven-saltena-uso-los-10-000-pesos-del-ife-para-abrir-su-verduleria\/#primaryimage","url":"https:\/\/ondauno.com.ar\/wp-content\/uploads\/2020\/05\/ana-paula-verduleria.jpg","contentUrl":"https:\/\/ondauno.com.ar\/wp-content\/uploads\/2020\/05\/ana-paula-verduleria.jpg","width":1280,"height":720},{"@type":"BreadcrumbList","@id":"https:\/\/ondauno.com.ar\/index.php\/2020\/05\/13\/una-joven-saltena-uso-los-10-000-pesos-del-ife-para-abrir-su-verduleria\/#breadcrumb","itemListElement":[{"@type":"ListItem","position":1,"name":"Inicio","item":"https:\/\/ondauno.com.ar\/"},{"@type":"ListItem","position":2,"name":"Una joven salte\u00f1a us\u00f3 los 10.000 pesos del IFE para abrir su verduler\u00eda"}]},{"@type":"WebSite","@id":"https:\/\/ondauno.com.ar\/#website","url":"https:\/\/ondauno.com.ar\/","name":"103.9 fm","description":"LA PRIMERA RADIO MULTIMEDIA DE TRES ARROYOS","potentialAction":[{"@type":"SearchAction","target":{"@type":"EntryPoint","urlTemplate":"https:\/\/ondauno.com.ar\/?s={search_term_string}"},"query-input":"required name=search_term_string"}],"inLanguage":"es-AR"},{"@type":"Person","@id":"https:\/\/ondauno.com.ar\/#\/schema\/person\/201d1b68e6c75e0fd396fe5f8af5d139","name":"fernando garcia","image":{"@type":"ImageObject","inLanguage":"es-AR","@id":"https:\/\/ondauno.com.ar\/#\/schema\/person\/image\/","url":"https:\/\/secure.gravatar.com\/avatar\/5f7254642ad81272e79a2e69653cfdfc?s=96&d=mm&r=g","contentUrl":"https:\/\/secure.gravatar.com\/avatar\/5f7254642ad81272e79a2e69653cfdfc?s=96&d=mm&r=g","caption":"fernando garcia"},"url":"https:\/\/ondauno.com.ar\/index.php\/author\/ondaunoeditor\/"}]}},"jetpack_publicize_connections":[],"jetpack_featured_media_url":"https:\/\/ondauno.com.ar\/wp-content\/uploads\/2020\/05\/ana-paula-verduleria.jpg","jetpack_sharing_enabled":true,"_links":{"self":[{"href":"https:\/\/ondauno.com.ar\/index.php\/wp-json\/wp\/v2\/posts\/9988","targetHints":{"allow":["GET"]}}],"collection":[{"href":"https:\/\/ondauno.com.ar\/index.php\/wp-json\/wp\/v2\/posts"}],"about":[{"href":"https:\/\/ondauno.com.ar\/index.php\/wp-json\/wp\/v2\/types\/post"}],"author":[{"embeddable":true,"href":"https:\/\/ondauno.com.ar\/index.php\/wp-json\/wp\/v2\/users\/2"}],"replies":[{"embeddable":true,"href":"https:\/\/ondauno.com.ar\/index.php\/wp-json\/wp\/v2\/comments?post=9988"}],"version-history":[{"count":0,"href":"https:\/\/ondauno.com.ar\/index.php\/wp-json\/wp\/v2\/posts\/9988\/revisions"}],"wp:featuredmedia":[{"embeddable":true,"href":"https:\/\/ondauno.com.ar\/index.php\/wp-json\/wp\/v2\/media\/9989"}],"wp:attachment":[{"href":"https:\/\/ondauno.com.ar\/index.php\/wp-json\/wp\/v2\/media?parent=9988"}],"wp:term":[{"taxonomy":"category","embeddable":true,"href":"https:\/\/ondauno.com.ar\/index.php\/wp-json\/wp\/v2\/categories?post=9988"},{"taxonomy":"post_tag","embeddable":true,"href":"https:\/\/ondauno.com.ar\/index.php\/wp-json\/wp\/v2\/tags?post=9988"}],"curies":[{"name":"wp","href":"https:\/\/api.w.org\/{rel}","templated":true}]}}