{"id":9969,"date":"2020-05-12T21:07:24","date_gmt":"2020-05-13T00:07:24","guid":{"rendered":"http:\/\/ondauno.com.ar\/?p=9969"},"modified":"2020-05-12T21:07:27","modified_gmt":"2020-05-13T00:07:27","slug":"el-companero-desconocido-viaja-hoy-en-forma-de-cuento","status":"publish","type":"post","link":"https:\/\/ondauno.com.ar\/index.php\/2020\/05\/12\/el-companero-desconocido-viaja-hoy-en-forma-de-cuento\/","title":{"rendered":"&#8220;El compa\u00f1ero desconocido&#8221; viaja hoy en forma de cuento"},"content":{"rendered":"<div class=\"ondau-before-content_3\" style=\"margin-top: -30px;\" id=\"ondau-1270371288\"><a href=\"https:\/\/www.lps.com.ar\/\" aria-label=\"la-perse2\"><img loading=\"lazy\" decoding=\"async\" src=\"https:\/\/ondauno.com.ar\/wp-content\/uploads\/2021\/10\/la-perse2.jpg\" alt=\"\"  srcset=\"https:\/\/ondauno.com.ar\/wp-content\/uploads\/2021\/10\/la-perse2.jpg 1353w, https:\/\/ondauno.com.ar\/wp-content\/uploads\/2021\/10\/la-perse2-300x43.jpg 300w, https:\/\/ondauno.com.ar\/wp-content\/uploads\/2021\/10\/la-perse2-1024x148.jpg 1024w, https:\/\/ondauno.com.ar\/wp-content\/uploads\/2021\/10\/la-perse2-768x111.jpg 768w, https:\/\/ondauno.com.ar\/wp-content\/uploads\/2021\/10\/la-perse2-696x100.jpg 696w, https:\/\/ondauno.com.ar\/wp-content\/uploads\/2021\/10\/la-perse2-1068x154.jpg 1068w\" sizes=\"(max-width: 1353px) 100vw, 1353px\" class=\"no-lazyload\" width=\"1353\" height=\"195\"  style=\"display: inline-block;\" \/><\/a><\/div>\n<p> Hoy en \u201cCuentos que viajan\u201d escuchamos\u201cLa piedra negra\u201d de Marcelo Birmajer, escritor y guionista argentino. <\/p>\n\n\n\n<p>Esta historia forma parte del libro <strong>\u201cEl compa\u00f1ero desconocido\u201d <\/strong>(diez recuerdos inventados), editado por Alfaguara. Colecci\u00f3n: \u201cEscritores en escuelas\u201d de la Secretar\u00eda de Educaci\u00f3n. Unidad de Programas Especiales. <\/p>\n\n\n\n<p>Plan Lectura 2008 del Ministerio de Educaci\u00f3n, Ciencia y Tecnolog\u00eda. <\/p>\n\n\n\n<p>El dise\u00f1o de portada es de Jimena Tello. La narradora es Clara Mellado, del Colectivo \u201c Literatura en los m\u00e1rgenes\u201d del ISFDC de Bariloche.\u00a1Que suenen narraciones y poes\u00edas! <\/p>\n\n\n\n<figure class=\"wp-block-embed-facebook wp-block-embed is-type-rich is-provider-facebook\"><div class=\"wp-block-embed__wrapper\">\n<div class=\"fb-post\" data-href=\"https:\/\/www.facebook.com\/permalink.php?story_fbid=3267291589960467&#038;id=2444816778874623\" data-width=\"552\" style=\"background-color: #fff; display: inline-block;\"><\/div>\n<\/div><\/figure>\n","protected":false},"excerpt":{"rendered":"<p>Hoy en \u201cCuentos que viajan\u201d escuchamos\u201cLa piedra negra\u201d de Marcelo Birmajer, escritor y guionista argentino. Esta historia forma parte del libro \u201cEl compa\u00f1ero desconocido\u201d (diez recuerdos inventados), editado por Alfaguara. Colecci\u00f3n: \u201cEscritores en escuelas\u201d de la Secretar\u00eda de Educaci\u00f3n. Unidad de Programas Especiales. Plan Lectura 2008 del Ministerio de Educaci\u00f3n, Ciencia y Tecnolog\u00eda. El dise\u00f1o [&hellip;]<\/p>\n","protected":false},"author":2,"featured_media":9975,"comment_status":"open","ping_status":"open","sticky":false,"template":"","format":"standard","meta":{"tdm_status":"","tdm_grid_status":"","_jetpack_memberships_contains_paid_content":false,"footnotes":"","jetpack_publicize_message":"","jetpack_publicize_feature_enabled":true,"jetpack_social_post_already_shared":false,"jetpack_social_options":{"image_generator_settings":{"template":"highway","default_image_id":0,"font":"","enabled":false},"version":2}},"categories":[28],"tags":[],"class_list":{"0":"post-9969","1":"post","2":"type-post","3":"status-publish","4":"format-standard","5":"has-post-thumbnail","7":"category-interes-general"},"yoast_head":"<!-- This site is optimized with the Yoast SEO plugin v22.7 - https:\/\/yoast.com\/wordpress\/plugins\/seo\/ -->\n<title>&quot;El compa\u00f1ero desconocido&quot; viaja hoy en forma de cuento - 103.9 fm<\/title>\n<meta name=\"robots\" content=\"index, follow, max-snippet:-1, max-image-preview:large, max-video-preview:-1\" \/>\n<link rel=\"canonical\" href=\"https:\/\/ondauno.com.ar\/index.php\/2020\/05\/12\/el-companero-desconocido-viaja-hoy-en-forma-de-cuento\/\" \/>\n<meta property=\"og:locale\" content=\"es_ES\" \/>\n<meta property=\"og:type\" content=\"article\" \/>\n<meta property=\"og:title\" content=\"&quot;El compa\u00f1ero desconocido&quot; viaja hoy en forma de cuento - 103.9 fm\" \/>\n<meta property=\"og:description\" content=\"Hoy en \u201cCuentos que viajan\u201d escuchamos\u201cLa piedra negra\u201d de Marcelo Birmajer, escritor y guionista argentino. Esta historia forma parte del libro \u201cEl compa\u00f1ero desconocido\u201d (diez recuerdos inventados), editado por Alfaguara. Colecci\u00f3n: \u201cEscritores en escuelas\u201d de la Secretar\u00eda de Educaci\u00f3n. Unidad de Programas Especiales. Plan Lectura 2008 del Ministerio de Educaci\u00f3n, Ciencia y Tecnolog\u00eda. El dise\u00f1o [&hellip;]\" \/>\n<meta property=\"og:url\" content=\"https:\/\/ondauno.com.ar\/index.php\/2020\/05\/12\/el-companero-desconocido-viaja-hoy-en-forma-de-cuento\/\" \/>\n<meta property=\"og:site_name\" content=\"103.9 fm\" \/>\n<meta property=\"article:publisher\" content=\"https:\/\/www.facebook.com\/ondauno103.9\" \/>\n<meta property=\"article:published_time\" content=\"2020-05-13T00:07:24+00:00\" \/>\n<meta property=\"article:modified_time\" content=\"2020-05-13T00:07:27+00:00\" \/>\n<meta property=\"og:image\" content=\"https:\/\/ondauno.com.ar\/wp-content\/uploads\/2020\/05\/9789504640691.jpg\" \/>\n\t<meta property=\"og:image:width\" content=\"1500\" \/>\n\t<meta property=\"og:image:height\" content=\"2223\" \/>\n\t<meta property=\"og:image:type\" content=\"image\/jpeg\" \/>\n<meta name=\"author\" content=\"fernando garcia\" \/>\n<meta name=\"twitter:card\" content=\"summary_large_image\" \/>\n<meta name=\"twitter:label1\" content=\"Escrito por\" \/>\n\t<meta name=\"twitter:data1\" content=\"fernando garcia\" \/>\n\t<meta name=\"twitter:label2\" content=\"Tiempo de lectura\" \/>\n\t<meta name=\"twitter:data2\" content=\"1 minuto\" \/>\n<script type=\"application\/ld+json\" class=\"yoast-schema-graph\">{\"@context\":\"https:\/\/schema.org\",\"@graph\":[{\"@type\":\"WebPage\",\"@id\":\"https:\/\/ondauno.com.ar\/index.php\/2020\/05\/12\/el-companero-desconocido-viaja-hoy-en-forma-de-cuento\/\",\"url\":\"https:\/\/ondauno.com.ar\/index.php\/2020\/05\/12\/el-companero-desconocido-viaja-hoy-en-forma-de-cuento\/\",\"name\":\"\\\"El compa\u00f1ero desconocido\\\" viaja hoy en forma de cuento - 103.9 fm\",\"isPartOf\":{\"@id\":\"https:\/\/ondauno.com.ar\/#website\"},\"primaryImageOfPage\":{\"@id\":\"https:\/\/ondauno.com.ar\/index.php\/2020\/05\/12\/el-companero-desconocido-viaja-hoy-en-forma-de-cuento\/#primaryimage\"},\"image\":{\"@id\":\"https:\/\/ondauno.com.ar\/index.php\/2020\/05\/12\/el-companero-desconocido-viaja-hoy-en-forma-de-cuento\/#primaryimage\"},\"thumbnailUrl\":\"https:\/\/ondauno.com.ar\/wp-content\/uploads\/2020\/05\/9789504640691.jpg\",\"datePublished\":\"2020-05-13T00:07:24+00:00\",\"dateModified\":\"2020-05-13T00:07:27+00:00\",\"author\":{\"@id\":\"https:\/\/ondauno.com.ar\/#\/schema\/person\/201d1b68e6c75e0fd396fe5f8af5d139\"},\"breadcrumb\":{\"@id\":\"https:\/\/ondauno.com.ar\/index.php\/2020\/05\/12\/el-companero-desconocido-viaja-hoy-en-forma-de-cuento\/#breadcrumb\"},\"inLanguage\":\"es-AR\",\"potentialAction\":[{\"@type\":\"ReadAction\",\"target\":[\"https:\/\/ondauno.com.ar\/index.php\/2020\/05\/12\/el-companero-desconocido-viaja-hoy-en-forma-de-cuento\/\"]}]},{\"@type\":\"ImageObject\",\"inLanguage\":\"es-AR\",\"@id\":\"https:\/\/ondauno.com.ar\/index.php\/2020\/05\/12\/el-companero-desconocido-viaja-hoy-en-forma-de-cuento\/#primaryimage\",\"url\":\"https:\/\/ondauno.com.ar\/wp-content\/uploads\/2020\/05\/9789504640691.jpg\",\"contentUrl\":\"https:\/\/ondauno.com.ar\/wp-content\/uploads\/2020\/05\/9789504640691.jpg\",\"width\":1500,\"height\":2223},{\"@type\":\"BreadcrumbList\",\"@id\":\"https:\/\/ondauno.com.ar\/index.php\/2020\/05\/12\/el-companero-desconocido-viaja-hoy-en-forma-de-cuento\/#breadcrumb\",\"itemListElement\":[{\"@type\":\"ListItem\",\"position\":1,\"name\":\"Inicio\",\"item\":\"https:\/\/ondauno.com.ar\/\"},{\"@type\":\"ListItem\",\"position\":2,\"name\":\"&#8220;El compa\u00f1ero desconocido&#8221; viaja hoy en forma de cuento\"}]},{\"@type\":\"WebSite\",\"@id\":\"https:\/\/ondauno.com.ar\/#website\",\"url\":\"https:\/\/ondauno.com.ar\/\",\"name\":\"103.9 fm\",\"description\":\"LA PRIMERA RADIO MULTIMEDIA DE TRES ARROYOS\",\"potentialAction\":[{\"@type\":\"SearchAction\",\"target\":{\"@type\":\"EntryPoint\",\"urlTemplate\":\"https:\/\/ondauno.com.ar\/?s={search_term_string}\"},\"query-input\":\"required name=search_term_string\"}],\"inLanguage\":\"es-AR\"},{\"@type\":\"Person\",\"@id\":\"https:\/\/ondauno.com.ar\/#\/schema\/person\/201d1b68e6c75e0fd396fe5f8af5d139\",\"name\":\"fernando garcia\",\"image\":{\"@type\":\"ImageObject\",\"inLanguage\":\"es-AR\",\"@id\":\"https:\/\/ondauno.com.ar\/#\/schema\/person\/image\/\",\"url\":\"https:\/\/secure.gravatar.com\/avatar\/5f7254642ad81272e79a2e69653cfdfc?s=96&d=mm&r=g\",\"contentUrl\":\"https:\/\/secure.gravatar.com\/avatar\/5f7254642ad81272e79a2e69653cfdfc?s=96&d=mm&r=g\",\"caption\":\"fernando garcia\"},\"url\":\"https:\/\/ondauno.com.ar\/index.php\/author\/ondaunoeditor\/\"}]}<\/script>\n<!-- \/ Yoast SEO plugin. -->","yoast_head_json":{"title":"\"El compa\u00f1ero desconocido\" viaja hoy en forma de cuento - 103.9 fm","robots":{"index":"index","follow":"follow","max-snippet":"max-snippet:-1","max-image-preview":"max-image-preview:large","max-video-preview":"max-video-preview:-1"},"canonical":"https:\/\/ondauno.com.ar\/index.php\/2020\/05\/12\/el-companero-desconocido-viaja-hoy-en-forma-de-cuento\/","og_locale":"es_ES","og_type":"article","og_title":"\"El compa\u00f1ero desconocido\" viaja hoy en forma de cuento - 103.9 fm","og_description":"Hoy en \u201cCuentos que viajan\u201d escuchamos\u201cLa piedra negra\u201d de Marcelo Birmajer, escritor y guionista argentino. Esta historia forma parte del libro \u201cEl compa\u00f1ero desconocido\u201d (diez recuerdos inventados), editado por Alfaguara. Colecci\u00f3n: \u201cEscritores en escuelas\u201d de la Secretar\u00eda de Educaci\u00f3n. Unidad de Programas Especiales. Plan Lectura 2008 del Ministerio de Educaci\u00f3n, Ciencia y Tecnolog\u00eda. El dise\u00f1o [&hellip;]","og_url":"https:\/\/ondauno.com.ar\/index.php\/2020\/05\/12\/el-companero-desconocido-viaja-hoy-en-forma-de-cuento\/","og_site_name":"103.9 fm","article_publisher":"https:\/\/www.facebook.com\/ondauno103.9","article_published_time":"2020-05-13T00:07:24+00:00","article_modified_time":"2020-05-13T00:07:27+00:00","og_image":[{"width":1500,"height":2223,"url":"https:\/\/ondauno.com.ar\/wp-content\/uploads\/2020\/05\/9789504640691.jpg","type":"image\/jpeg"}],"author":"fernando garcia","twitter_card":"summary_large_image","twitter_misc":{"Escrito por":"fernando garcia","Tiempo de lectura":"1 minuto"},"schema":{"@context":"https:\/\/schema.org","@graph":[{"@type":"WebPage","@id":"https:\/\/ondauno.com.ar\/index.php\/2020\/05\/12\/el-companero-desconocido-viaja-hoy-en-forma-de-cuento\/","url":"https:\/\/ondauno.com.ar\/index.php\/2020\/05\/12\/el-companero-desconocido-viaja-hoy-en-forma-de-cuento\/","name":"\"El compa\u00f1ero desconocido\" viaja hoy en forma de cuento - 103.9 fm","isPartOf":{"@id":"https:\/\/ondauno.com.ar\/#website"},"primaryImageOfPage":{"@id":"https:\/\/ondauno.com.ar\/index.php\/2020\/05\/12\/el-companero-desconocido-viaja-hoy-en-forma-de-cuento\/#primaryimage"},"image":{"@id":"https:\/\/ondauno.com.ar\/index.php\/2020\/05\/12\/el-companero-desconocido-viaja-hoy-en-forma-de-cuento\/#primaryimage"},"thumbnailUrl":"https:\/\/ondauno.com.ar\/wp-content\/uploads\/2020\/05\/9789504640691.jpg","datePublished":"2020-05-13T00:07:24+00:00","dateModified":"2020-05-13T00:07:27+00:00","author":{"@id":"https:\/\/ondauno.com.ar\/#\/schema\/person\/201d1b68e6c75e0fd396fe5f8af5d139"},"breadcrumb":{"@id":"https:\/\/ondauno.com.ar\/index.php\/2020\/05\/12\/el-companero-desconocido-viaja-hoy-en-forma-de-cuento\/#breadcrumb"},"inLanguage":"es-AR","potentialAction":[{"@type":"ReadAction","target":["https:\/\/ondauno.com.ar\/index.php\/2020\/05\/12\/el-companero-desconocido-viaja-hoy-en-forma-de-cuento\/"]}]},{"@type":"ImageObject","inLanguage":"es-AR","@id":"https:\/\/ondauno.com.ar\/index.php\/2020\/05\/12\/el-companero-desconocido-viaja-hoy-en-forma-de-cuento\/#primaryimage","url":"https:\/\/ondauno.com.ar\/wp-content\/uploads\/2020\/05\/9789504640691.jpg","contentUrl":"https:\/\/ondauno.com.ar\/wp-content\/uploads\/2020\/05\/9789504640691.jpg","width":1500,"height":2223},{"@type":"BreadcrumbList","@id":"https:\/\/ondauno.com.ar\/index.php\/2020\/05\/12\/el-companero-desconocido-viaja-hoy-en-forma-de-cuento\/#breadcrumb","itemListElement":[{"@type":"ListItem","position":1,"name":"Inicio","item":"https:\/\/ondauno.com.ar\/"},{"@type":"ListItem","position":2,"name":"&#8220;El compa\u00f1ero desconocido&#8221; viaja hoy en forma de cuento"}]},{"@type":"WebSite","@id":"https:\/\/ondauno.com.ar\/#website","url":"https:\/\/ondauno.com.ar\/","name":"103.9 fm","description":"LA PRIMERA RADIO MULTIMEDIA DE TRES ARROYOS","potentialAction":[{"@type":"SearchAction","target":{"@type":"EntryPoint","urlTemplate":"https:\/\/ondauno.com.ar\/?s={search_term_string}"},"query-input":"required name=search_term_string"}],"inLanguage":"es-AR"},{"@type":"Person","@id":"https:\/\/ondauno.com.ar\/#\/schema\/person\/201d1b68e6c75e0fd396fe5f8af5d139","name":"fernando garcia","image":{"@type":"ImageObject","inLanguage":"es-AR","@id":"https:\/\/ondauno.com.ar\/#\/schema\/person\/image\/","url":"https:\/\/secure.gravatar.com\/avatar\/5f7254642ad81272e79a2e69653cfdfc?s=96&d=mm&r=g","contentUrl":"https:\/\/secure.gravatar.com\/avatar\/5f7254642ad81272e79a2e69653cfdfc?s=96&d=mm&r=g","caption":"fernando garcia"},"url":"https:\/\/ondauno.com.ar\/index.php\/author\/ondaunoeditor\/"}]}},"jetpack_publicize_connections":[],"jetpack_featured_media_url":"https:\/\/ondauno.com.ar\/wp-content\/uploads\/2020\/05\/9789504640691.jpg","jetpack_sharing_enabled":true,"_links":{"self":[{"href":"https:\/\/ondauno.com.ar\/index.php\/wp-json\/wp\/v2\/posts\/9969","targetHints":{"allow":["GET"]}}],"collection":[{"href":"https:\/\/ondauno.com.ar\/index.php\/wp-json\/wp\/v2\/posts"}],"about":[{"href":"https:\/\/ondauno.com.ar\/index.php\/wp-json\/wp\/v2\/types\/post"}],"author":[{"embeddable":true,"href":"https:\/\/ondauno.com.ar\/index.php\/wp-json\/wp\/v2\/users\/2"}],"replies":[{"embeddable":true,"href":"https:\/\/ondauno.com.ar\/index.php\/wp-json\/wp\/v2\/comments?post=9969"}],"version-history":[{"count":0,"href":"https:\/\/ondauno.com.ar\/index.php\/wp-json\/wp\/v2\/posts\/9969\/revisions"}],"wp:featuredmedia":[{"embeddable":true,"href":"https:\/\/ondauno.com.ar\/index.php\/wp-json\/wp\/v2\/media\/9975"}],"wp:attachment":[{"href":"https:\/\/ondauno.com.ar\/index.php\/wp-json\/wp\/v2\/media?parent=9969"}],"wp:term":[{"taxonomy":"category","embeddable":true,"href":"https:\/\/ondauno.com.ar\/index.php\/wp-json\/wp\/v2\/categories?post=9969"},{"taxonomy":"post_tag","embeddable":true,"href":"https:\/\/ondauno.com.ar\/index.php\/wp-json\/wp\/v2\/tags?post=9969"}],"curies":[{"name":"wp","href":"https:\/\/api.w.org\/{rel}","templated":true}]}}