{"id":9838,"date":"2020-05-11T09:33:23","date_gmt":"2020-05-11T12:33:23","guid":{"rendered":"http:\/\/ondauno.com.ar\/?p=9838"},"modified":"2020-05-11T09:33:26","modified_gmt":"2020-05-11T12:33:26","slug":"mas-de-600-fabricas-de-todo-el-pais-volveran-a-producir","status":"publish","type":"post","link":"https:\/\/ondauno.com.ar\/index.php\/2020\/05\/11\/mas-de-600-fabricas-de-todo-el-pais-volveran-a-producir\/","title":{"rendered":"M\u00e1s de 600 f\u00e1bricas de todo el pa\u00eds volver\u00e1n a producir"},"content":{"rendered":"<div class=\"ondau-before-content_3\" style=\"margin-top: -30px;\" id=\"ondau-1130692863\"><a href=\"https:\/\/www.lps.com.ar\/\" aria-label=\"la-perse2\"><img loading=\"lazy\" decoding=\"async\" src=\"https:\/\/ondauno.com.ar\/wp-content\/uploads\/2021\/10\/la-perse2.jpg\" alt=\"\"  srcset=\"https:\/\/ondauno.com.ar\/wp-content\/uploads\/2021\/10\/la-perse2.jpg 1353w, https:\/\/ondauno.com.ar\/wp-content\/uploads\/2021\/10\/la-perse2-300x43.jpg 300w, https:\/\/ondauno.com.ar\/wp-content\/uploads\/2021\/10\/la-perse2-1024x148.jpg 1024w, https:\/\/ondauno.com.ar\/wp-content\/uploads\/2021\/10\/la-perse2-768x111.jpg 768w, https:\/\/ondauno.com.ar\/wp-content\/uploads\/2021\/10\/la-perse2-696x100.jpg 696w, https:\/\/ondauno.com.ar\/wp-content\/uploads\/2021\/10\/la-perse2-1068x154.jpg 1068w\" sizes=\"(max-width: 1353px) 100vw, 1353px\" class=\"no-lazyload\" width=\"1353\" height=\"195\"  style=\"display: inline-block;\" \/><\/a><\/div>\n<p><br><\/p>\n\n\n\n<h2 class=\"wp-block-heading\"> M\u00e1s de 600 f\u00e1bricas que ten\u00edan suspendida su actividad desde hace m\u00e1s de 50 d\u00edas, porque no pertenec\u00edan a los rubros considerados esenciales cuando se decret\u00f3 el aislamiento social, preventivo y obligatorio, volver\u00e1n a producir en los pr\u00f3ximos d\u00edas.\u00a0<\/h2>\n\n\n\n<p>Entre las ramas industriales que retomar\u00e1n su actividad se encuentran la automotriz y autopartes, fabricaci\u00f3n de motos y neum\u00e1ticos, electrodom\u00e9sticos, textil, calzado e indumentaria; adem\u00e1s de sectores como la metal\u00fargica, tabaco, gr\u00e1fica, de la madera, juguetes, farmac\u00e9utica, qu\u00edmica y petroqu\u00edmica, entre otros.&nbsp;<\/p>\n\n\n\n<p>Los protocolos para que las empresas reabran incluyen el traslado del personal sin uso del transporte p\u00fablico (en veh\u00edculos provistos por la compa\u00f1\u00eda, autos propios o movilidad individual), control de s\u00edntomas de Covid-19, estrictas medidas de distanciamiento social, provisi\u00f3n de material preventivo (barbijos, alcohol en gel, etc) y plan de acci\u00f3n ante la aparici\u00f3n de casos sospechosos. Los protocolos pueden variar seg\u00fan el rubro pero todos tienen ese denominador com\u00fan.&nbsp;<\/p>\n\n\n\n<p>Las f\u00e1bricas que ya tienen aprobada su reapertura para los pr\u00f3ximos d\u00edas son m\u00e1s de 640 y se encuentran en todo el pa\u00eds, pero especialmente en las provincias de Buenos Aires, C\u00f3rdoba, Santa Fe y Entre R\u00edos. M\u00e1s de 550 de las autorizadas en esta primera etapa son PyMEs de menos de 150 trabajadores y casi la mitad no supera los 10 empleados.&nbsp;<\/p>\n\n\n\n<p>Algunos ejemplos de las compa\u00f1\u00edas que volver\u00e1n a producir dentro de la industria automotriz y autopartes son Toyota Argentina en la provincia de Buenos Aires;&nbsp; Volkwagen Argentina, en sus plantas de Buenos Aires y C\u00f3rdoba; Scania Argentina que en su filial de Tucum\u00e1n- donde emplea a aproximadamente 500 trabajadores- o la autopartista multinacional Mahle en Santa Fe, que tiene casi 700 empleados. Las empresas de este sector dise\u00f1aron un protocolo sanitario junto al gremio SMATA.&nbsp;<\/p>\n\n\n\n<p>Entre las empresas de la industria textil que reabrir\u00e1n sus puertas se encuentran Puma Sport Argentina y Ricoltex, integrante del Grupo Ritex en la provincia de La Rioja, quienes emplean a&nbsp; 350 y 900 trabajadores respectivamente; o Alpargatas en Tucum\u00e1n que da trabajo a m\u00e1s de 700 personas.&nbsp;<\/p>\n\n\n\n<p>Dentro de la rama metal\u00fargica retoma la actividad la fabricante de ollas, sartenes y productos elaborados en metal Essen Aluminio SA, que posee su f\u00e1brica en el Parque Industrial La Victoria de Santa Fe y da trabajo a 285 personas. Tambi\u00e9n reabrir\u00e1 en Entre R\u00edos Johnson Acero su planta industrial de la ciudad de Paran\u00e1 con m\u00e1s de 400 empleados.&nbsp;<\/p>\n\n\n\n<p>En cuanto a la producci\u00f3n de electr\u00f3nica y electrodom\u00e9sticos, Alladio SA, empresa &nbsp; productora de lavarropas y secarropas ingresa a la lista de f\u00e1bricas que obtiene el permiso para retomar actividad y dar\u00e1 tareas en esta etapa al 60% de sus 1000 trabajadores. Otra empresa que comenzar\u00e1 con su producci\u00f3n es la fabricante de calefones Orbis en la zona norte de Buenos Aires con 175 de sus 550 trabajadores.&nbsp;<\/p>\n\n\n\n<p><\/p>\n","protected":false},"excerpt":{"rendered":"<p>M\u00e1s de 600 f\u00e1bricas que ten\u00edan suspendida su actividad desde hace m\u00e1s de 50 d\u00edas, porque no pertenec\u00edan a los rubros considerados esenciales cuando se decret\u00f3 el aislamiento social, preventivo y obligatorio, volver\u00e1n a producir en los pr\u00f3ximos d\u00edas.\u00a0 Entre las ramas industriales que retomar\u00e1n su actividad se encuentran la automotriz y autopartes, fabricaci\u00f3n de [&hellip;]<\/p>\n","protected":false},"author":2,"featured_media":9839,"comment_status":"open","ping_status":"open","sticky":false,"template":"","format":"standard","meta":{"tdm_status":"","tdm_grid_status":"","_jetpack_memberships_contains_paid_content":false,"footnotes":"","jetpack_publicize_message":"","jetpack_publicize_feature_enabled":true,"jetpack_social_post_already_shared":false,"jetpack_social_options":{"image_generator_settings":{"template":"highway","default_image_id":0,"font":"","enabled":false},"version":2}},"categories":[3],"tags":[],"class_list":{"0":"post-9838","1":"post","2":"type-post","3":"status-publish","4":"format-standard","5":"has-post-thumbnail","7":"category-nacionales"},"yoast_head":"<!-- This site is optimized with the Yoast SEO plugin v22.7 - https:\/\/yoast.com\/wordpress\/plugins\/seo\/ -->\n<title>M\u00e1s de 600 f\u00e1bricas de todo el pa\u00eds volver\u00e1n a producir - 103.9 fm<\/title>\n<meta name=\"robots\" content=\"index, follow, max-snippet:-1, max-image-preview:large, max-video-preview:-1\" \/>\n<link rel=\"canonical\" href=\"https:\/\/ondauno.com.ar\/index.php\/2020\/05\/11\/mas-de-600-fabricas-de-todo-el-pais-volveran-a-producir\/\" \/>\n<meta property=\"og:locale\" content=\"es_ES\" \/>\n<meta property=\"og:type\" content=\"article\" \/>\n<meta property=\"og:title\" content=\"M\u00e1s de 600 f\u00e1bricas de todo el pa\u00eds volver\u00e1n a producir - 103.9 fm\" \/>\n<meta property=\"og:description\" content=\"M\u00e1s de 600 f\u00e1bricas que ten\u00edan suspendida su actividad desde hace m\u00e1s de 50 d\u00edas, porque no pertenec\u00edan a los rubros considerados esenciales cuando se decret\u00f3 el aislamiento social, preventivo y obligatorio, volver\u00e1n a producir en los pr\u00f3ximos d\u00edas.\u00a0 Entre las ramas industriales que retomar\u00e1n su actividad se encuentran la automotriz y autopartes, fabricaci\u00f3n de [&hellip;]\" \/>\n<meta property=\"og:url\" content=\"https:\/\/ondauno.com.ar\/index.php\/2020\/05\/11\/mas-de-600-fabricas-de-todo-el-pais-volveran-a-producir\/\" \/>\n<meta property=\"og:site_name\" content=\"103.9 fm\" \/>\n<meta property=\"article:publisher\" content=\"https:\/\/www.facebook.com\/ondauno103.9\" \/>\n<meta property=\"article:published_time\" content=\"2020-05-11T12:33:23+00:00\" \/>\n<meta property=\"article:modified_time\" content=\"2020-05-11T12:33:26+00:00\" \/>\n<meta property=\"og:image\" content=\"https:\/\/ondauno.com.ar\/wp-content\/uploads\/2020\/05\/fabricas.jpg\" \/>\n\t<meta property=\"og:image:width\" content=\"800\" \/>\n\t<meta property=\"og:image:height\" content=\"449\" \/>\n\t<meta property=\"og:image:type\" content=\"image\/jpeg\" \/>\n<meta name=\"author\" content=\"fernando garcia\" \/>\n<meta name=\"twitter:card\" content=\"summary_large_image\" \/>\n<meta name=\"twitter:label1\" content=\"Escrito por\" \/>\n\t<meta name=\"twitter:data1\" content=\"fernando garcia\" \/>\n\t<meta name=\"twitter:label2\" content=\"Tiempo de lectura\" \/>\n\t<meta name=\"twitter:data2\" content=\"3 minutos\" \/>\n<script type=\"application\/ld+json\" class=\"yoast-schema-graph\">{\"@context\":\"https:\/\/schema.org\",\"@graph\":[{\"@type\":\"WebPage\",\"@id\":\"https:\/\/ondauno.com.ar\/index.php\/2020\/05\/11\/mas-de-600-fabricas-de-todo-el-pais-volveran-a-producir\/\",\"url\":\"https:\/\/ondauno.com.ar\/index.php\/2020\/05\/11\/mas-de-600-fabricas-de-todo-el-pais-volveran-a-producir\/\",\"name\":\"M\u00e1s de 600 f\u00e1bricas de todo el pa\u00eds volver\u00e1n a producir - 103.9 fm\",\"isPartOf\":{\"@id\":\"https:\/\/ondauno.com.ar\/#website\"},\"primaryImageOfPage\":{\"@id\":\"https:\/\/ondauno.com.ar\/index.php\/2020\/05\/11\/mas-de-600-fabricas-de-todo-el-pais-volveran-a-producir\/#primaryimage\"},\"image\":{\"@id\":\"https:\/\/ondauno.com.ar\/index.php\/2020\/05\/11\/mas-de-600-fabricas-de-todo-el-pais-volveran-a-producir\/#primaryimage\"},\"thumbnailUrl\":\"https:\/\/ondauno.com.ar\/wp-content\/uploads\/2020\/05\/fabricas.jpg\",\"datePublished\":\"2020-05-11T12:33:23+00:00\",\"dateModified\":\"2020-05-11T12:33:26+00:00\",\"author\":{\"@id\":\"https:\/\/ondauno.com.ar\/#\/schema\/person\/201d1b68e6c75e0fd396fe5f8af5d139\"},\"breadcrumb\":{\"@id\":\"https:\/\/ondauno.com.ar\/index.php\/2020\/05\/11\/mas-de-600-fabricas-de-todo-el-pais-volveran-a-producir\/#breadcrumb\"},\"inLanguage\":\"es-AR\",\"potentialAction\":[{\"@type\":\"ReadAction\",\"target\":[\"https:\/\/ondauno.com.ar\/index.php\/2020\/05\/11\/mas-de-600-fabricas-de-todo-el-pais-volveran-a-producir\/\"]}]},{\"@type\":\"ImageObject\",\"inLanguage\":\"es-AR\",\"@id\":\"https:\/\/ondauno.com.ar\/index.php\/2020\/05\/11\/mas-de-600-fabricas-de-todo-el-pais-volveran-a-producir\/#primaryimage\",\"url\":\"https:\/\/ondauno.com.ar\/wp-content\/uploads\/2020\/05\/fabricas.jpg\",\"contentUrl\":\"https:\/\/ondauno.com.ar\/wp-content\/uploads\/2020\/05\/fabricas.jpg\",\"width\":800,\"height\":449},{\"@type\":\"BreadcrumbList\",\"@id\":\"https:\/\/ondauno.com.ar\/index.php\/2020\/05\/11\/mas-de-600-fabricas-de-todo-el-pais-volveran-a-producir\/#breadcrumb\",\"itemListElement\":[{\"@type\":\"ListItem\",\"position\":1,\"name\":\"Inicio\",\"item\":\"https:\/\/ondauno.com.ar\/\"},{\"@type\":\"ListItem\",\"position\":2,\"name\":\"M\u00e1s de 600 f\u00e1bricas de todo el pa\u00eds volver\u00e1n a producir\"}]},{\"@type\":\"WebSite\",\"@id\":\"https:\/\/ondauno.com.ar\/#website\",\"url\":\"https:\/\/ondauno.com.ar\/\",\"name\":\"103.9 fm\",\"description\":\"LA PRIMERA RADIO MULTIMEDIA DE TRES ARROYOS\",\"potentialAction\":[{\"@type\":\"SearchAction\",\"target\":{\"@type\":\"EntryPoint\",\"urlTemplate\":\"https:\/\/ondauno.com.ar\/?s={search_term_string}\"},\"query-input\":\"required name=search_term_string\"}],\"inLanguage\":\"es-AR\"},{\"@type\":\"Person\",\"@id\":\"https:\/\/ondauno.com.ar\/#\/schema\/person\/201d1b68e6c75e0fd396fe5f8af5d139\",\"name\":\"fernando garcia\",\"image\":{\"@type\":\"ImageObject\",\"inLanguage\":\"es-AR\",\"@id\":\"https:\/\/ondauno.com.ar\/#\/schema\/person\/image\/\",\"url\":\"https:\/\/secure.gravatar.com\/avatar\/5f7254642ad81272e79a2e69653cfdfc?s=96&d=mm&r=g\",\"contentUrl\":\"https:\/\/secure.gravatar.com\/avatar\/5f7254642ad81272e79a2e69653cfdfc?s=96&d=mm&r=g\",\"caption\":\"fernando garcia\"},\"url\":\"https:\/\/ondauno.com.ar\/index.php\/author\/ondaunoeditor\/\"}]}<\/script>\n<!-- \/ Yoast SEO plugin. -->","yoast_head_json":{"title":"M\u00e1s de 600 f\u00e1bricas de todo el pa\u00eds volver\u00e1n a producir - 103.9 fm","robots":{"index":"index","follow":"follow","max-snippet":"max-snippet:-1","max-image-preview":"max-image-preview:large","max-video-preview":"max-video-preview:-1"},"canonical":"https:\/\/ondauno.com.ar\/index.php\/2020\/05\/11\/mas-de-600-fabricas-de-todo-el-pais-volveran-a-producir\/","og_locale":"es_ES","og_type":"article","og_title":"M\u00e1s de 600 f\u00e1bricas de todo el pa\u00eds volver\u00e1n a producir - 103.9 fm","og_description":"M\u00e1s de 600 f\u00e1bricas que ten\u00edan suspendida su actividad desde hace m\u00e1s de 50 d\u00edas, porque no pertenec\u00edan a los rubros considerados esenciales cuando se decret\u00f3 el aislamiento social, preventivo y obligatorio, volver\u00e1n a producir en los pr\u00f3ximos d\u00edas.\u00a0 Entre las ramas industriales que retomar\u00e1n su actividad se encuentran la automotriz y autopartes, fabricaci\u00f3n de [&hellip;]","og_url":"https:\/\/ondauno.com.ar\/index.php\/2020\/05\/11\/mas-de-600-fabricas-de-todo-el-pais-volveran-a-producir\/","og_site_name":"103.9 fm","article_publisher":"https:\/\/www.facebook.com\/ondauno103.9","article_published_time":"2020-05-11T12:33:23+00:00","article_modified_time":"2020-05-11T12:33:26+00:00","og_image":[{"width":800,"height":449,"url":"https:\/\/ondauno.com.ar\/wp-content\/uploads\/2020\/05\/fabricas.jpg","type":"image\/jpeg"}],"author":"fernando garcia","twitter_card":"summary_large_image","twitter_misc":{"Escrito por":"fernando garcia","Tiempo de lectura":"3 minutos"},"schema":{"@context":"https:\/\/schema.org","@graph":[{"@type":"WebPage","@id":"https:\/\/ondauno.com.ar\/index.php\/2020\/05\/11\/mas-de-600-fabricas-de-todo-el-pais-volveran-a-producir\/","url":"https:\/\/ondauno.com.ar\/index.php\/2020\/05\/11\/mas-de-600-fabricas-de-todo-el-pais-volveran-a-producir\/","name":"M\u00e1s de 600 f\u00e1bricas de todo el pa\u00eds volver\u00e1n a producir - 103.9 fm","isPartOf":{"@id":"https:\/\/ondauno.com.ar\/#website"},"primaryImageOfPage":{"@id":"https:\/\/ondauno.com.ar\/index.php\/2020\/05\/11\/mas-de-600-fabricas-de-todo-el-pais-volveran-a-producir\/#primaryimage"},"image":{"@id":"https:\/\/ondauno.com.ar\/index.php\/2020\/05\/11\/mas-de-600-fabricas-de-todo-el-pais-volveran-a-producir\/#primaryimage"},"thumbnailUrl":"https:\/\/ondauno.com.ar\/wp-content\/uploads\/2020\/05\/fabricas.jpg","datePublished":"2020-05-11T12:33:23+00:00","dateModified":"2020-05-11T12:33:26+00:00","author":{"@id":"https:\/\/ondauno.com.ar\/#\/schema\/person\/201d1b68e6c75e0fd396fe5f8af5d139"},"breadcrumb":{"@id":"https:\/\/ondauno.com.ar\/index.php\/2020\/05\/11\/mas-de-600-fabricas-de-todo-el-pais-volveran-a-producir\/#breadcrumb"},"inLanguage":"es-AR","potentialAction":[{"@type":"ReadAction","target":["https:\/\/ondauno.com.ar\/index.php\/2020\/05\/11\/mas-de-600-fabricas-de-todo-el-pais-volveran-a-producir\/"]}]},{"@type":"ImageObject","inLanguage":"es-AR","@id":"https:\/\/ondauno.com.ar\/index.php\/2020\/05\/11\/mas-de-600-fabricas-de-todo-el-pais-volveran-a-producir\/#primaryimage","url":"https:\/\/ondauno.com.ar\/wp-content\/uploads\/2020\/05\/fabricas.jpg","contentUrl":"https:\/\/ondauno.com.ar\/wp-content\/uploads\/2020\/05\/fabricas.jpg","width":800,"height":449},{"@type":"BreadcrumbList","@id":"https:\/\/ondauno.com.ar\/index.php\/2020\/05\/11\/mas-de-600-fabricas-de-todo-el-pais-volveran-a-producir\/#breadcrumb","itemListElement":[{"@type":"ListItem","position":1,"name":"Inicio","item":"https:\/\/ondauno.com.ar\/"},{"@type":"ListItem","position":2,"name":"M\u00e1s de 600 f\u00e1bricas de todo el pa\u00eds volver\u00e1n a producir"}]},{"@type":"WebSite","@id":"https:\/\/ondauno.com.ar\/#website","url":"https:\/\/ondauno.com.ar\/","name":"103.9 fm","description":"LA PRIMERA RADIO MULTIMEDIA DE TRES ARROYOS","potentialAction":[{"@type":"SearchAction","target":{"@type":"EntryPoint","urlTemplate":"https:\/\/ondauno.com.ar\/?s={search_term_string}"},"query-input":"required name=search_term_string"}],"inLanguage":"es-AR"},{"@type":"Person","@id":"https:\/\/ondauno.com.ar\/#\/schema\/person\/201d1b68e6c75e0fd396fe5f8af5d139","name":"fernando garcia","image":{"@type":"ImageObject","inLanguage":"es-AR","@id":"https:\/\/ondauno.com.ar\/#\/schema\/person\/image\/","url":"https:\/\/secure.gravatar.com\/avatar\/5f7254642ad81272e79a2e69653cfdfc?s=96&d=mm&r=g","contentUrl":"https:\/\/secure.gravatar.com\/avatar\/5f7254642ad81272e79a2e69653cfdfc?s=96&d=mm&r=g","caption":"fernando garcia"},"url":"https:\/\/ondauno.com.ar\/index.php\/author\/ondaunoeditor\/"}]}},"jetpack_publicize_connections":[],"jetpack_featured_media_url":"https:\/\/ondauno.com.ar\/wp-content\/uploads\/2020\/05\/fabricas.jpg","jetpack_sharing_enabled":true,"_links":{"self":[{"href":"https:\/\/ondauno.com.ar\/index.php\/wp-json\/wp\/v2\/posts\/9838","targetHints":{"allow":["GET"]}}],"collection":[{"href":"https:\/\/ondauno.com.ar\/index.php\/wp-json\/wp\/v2\/posts"}],"about":[{"href":"https:\/\/ondauno.com.ar\/index.php\/wp-json\/wp\/v2\/types\/post"}],"author":[{"embeddable":true,"href":"https:\/\/ondauno.com.ar\/index.php\/wp-json\/wp\/v2\/users\/2"}],"replies":[{"embeddable":true,"href":"https:\/\/ondauno.com.ar\/index.php\/wp-json\/wp\/v2\/comments?post=9838"}],"version-history":[{"count":0,"href":"https:\/\/ondauno.com.ar\/index.php\/wp-json\/wp\/v2\/posts\/9838\/revisions"}],"wp:featuredmedia":[{"embeddable":true,"href":"https:\/\/ondauno.com.ar\/index.php\/wp-json\/wp\/v2\/media\/9839"}],"wp:attachment":[{"href":"https:\/\/ondauno.com.ar\/index.php\/wp-json\/wp\/v2\/media?parent=9838"}],"wp:term":[{"taxonomy":"category","embeddable":true,"href":"https:\/\/ondauno.com.ar\/index.php\/wp-json\/wp\/v2\/categories?post=9838"},{"taxonomy":"post_tag","embeddable":true,"href":"https:\/\/ondauno.com.ar\/index.php\/wp-json\/wp\/v2\/tags?post=9838"}],"curies":[{"name":"wp","href":"https:\/\/api.w.org\/{rel}","templated":true}]}}