{"id":9807,"date":"2020-05-08T20:59:09","date_gmt":"2020-05-08T23:59:09","guid":{"rendered":"http:\/\/ondauno.com.ar\/?p=9807"},"modified":"2020-05-08T21:16:18","modified_gmt":"2020-05-09T00:16:18","slug":"queremos-que-no-se-utilice-el-transporte-publico-anuncio-el-presidente-que-informo-que-pasamos-a-fase-4","status":"publish","type":"post","link":"https:\/\/ondauno.com.ar\/index.php\/2020\/05\/08\/queremos-que-no-se-utilice-el-transporte-publico-anuncio-el-presidente-que-informo-que-pasamos-a-fase-4\/","title":{"rendered":"Cuarentena en Fase 4 con restricciones en Caba y zona metropolitana"},"content":{"rendered":"<div class=\"ondau-before-content_3\" style=\"margin-top: -30px;\" id=\"ondau-421237510\"><a href=\"https:\/\/www.lps.com.ar\/\" aria-label=\"la-perse2\"><img loading=\"lazy\" decoding=\"async\" src=\"https:\/\/ondauno.com.ar\/wp-content\/uploads\/2021\/10\/la-perse2.jpg\" alt=\"\"  srcset=\"https:\/\/ondauno.com.ar\/wp-content\/uploads\/2021\/10\/la-perse2.jpg 1353w, https:\/\/ondauno.com.ar\/wp-content\/uploads\/2021\/10\/la-perse2-300x43.jpg 300w, https:\/\/ondauno.com.ar\/wp-content\/uploads\/2021\/10\/la-perse2-1024x148.jpg 1024w, https:\/\/ondauno.com.ar\/wp-content\/uploads\/2021\/10\/la-perse2-768x111.jpg 768w, https:\/\/ondauno.com.ar\/wp-content\/uploads\/2021\/10\/la-perse2-696x100.jpg 696w, https:\/\/ondauno.com.ar\/wp-content\/uploads\/2021\/10\/la-perse2-1068x154.jpg 1068w\" sizes=\"(max-width: 1353px) 100vw, 1353px\" class=\"no-lazyload\" width=\"1353\" height=\"195\"  style=\"display: inline-block;\" \/><\/a><\/div>\n<h2 class=\"wp-block-heading\">Lo anunci\u00f3 el presidente Alberto Fern\u00e1ndez. Dijo que la densidad demogr\u00e1fica es muy grande y que \u201ctodo se hace m\u00e1s complejo\u201d en esa zona. \u201cSiguen las cosas como est\u00e1n hoy\u201d, precis\u00f3.<\/h2>\n\n\n\n<p><strong>Alberto Fern\u00e1ndez<\/strong>&nbsp;encabeza la conferencia de prensa en la que anuncia en qu\u00e9 consiste la cuarta etapa de la cuarentena y detalla cu\u00e1l ha sido la evoluci\u00f3n de la pandemia de&nbsp;<strong>coronavirus&nbsp;<\/strong>en las \u00faltimas semanas.<\/p>\n\n\n\n<p>Al respecto, anticip\u00f3 que en todo el pa\u00eds, a excepci\u00f3n del AMBa -Capital Federla y Gran Buenos Aires-, se flexibilizar\u00e1 todav\u00eda m\u00e1s la cuarentena.&nbsp;<\/p>\n\n\n\n<p>Acompa\u00f1ado del gobernador de la provincia de Buenos Aires,&nbsp;<strong>Axel Kicillof<\/strong>, y del jefe de Gobierno Porte\u00f1o,&nbsp;<strong>Horacio Rodr\u00edguez Larreta<\/strong>, se espera que el Presidente anuncie nuevas excepciones a la industria y el comercio. La posibilidad de salidas recreativas tambi\u00e9n estar\u00e1 en la agenda.<\/p>\n\n\n\n<p>El \u00e1rea metropolitana sigue en Fase 3, mientras que el resto del p\u00e1is pasa a la Fase 4. &#8220;Vamos a ser rigurosos en ver c\u00f3mo evoluciona esto y si alguna vez los casos se invierten retrocederemos. Es  muy importante la conducta de los ciudadanos&#8221;.<\/p>\n\n\n\n<figure class=\"wp-block-image\"><img loading=\"lazy\" decoding=\"async\" width=\"1024\" height=\"683\" data-src=\"http:\/\/ondauno.com.ar\/wp-content\/uploads\/2020\/05\/WhatsApp-Image-2020-05-08-at-20.46.33-1-1024x683.jpeg\" alt=\"\" class=\"wp-image-9808 lazyload\" data-srcset=\"https:\/\/ondauno.com.ar\/wp-content\/uploads\/2020\/05\/WhatsApp-Image-2020-05-08-at-20.46.33-1.jpeg 1024w, https:\/\/ondauno.com.ar\/wp-content\/uploads\/2020\/05\/WhatsApp-Image-2020-05-08-at-20.46.33-1-300x200.jpeg 300w, https:\/\/ondauno.com.ar\/wp-content\/uploads\/2020\/05\/WhatsApp-Image-2020-05-08-at-20.46.33-1-768x512.jpeg 768w, https:\/\/ondauno.com.ar\/wp-content\/uploads\/2020\/05\/WhatsApp-Image-2020-05-08-at-20.46.33-1-696x464.jpeg 696w, https:\/\/ondauno.com.ar\/wp-content\/uploads\/2020\/05\/WhatsApp-Image-2020-05-08-at-20.46.33-1-630x420.jpeg 630w\" data-sizes=\"auto, (max-width: 1024px) 100vw, 1024px\" src=\"data:image\/gif;base64,R0lGODlhAQABAAAAACH5BAEKAAEALAAAAAABAAEAAAICTAEAOw==\" style=\"--smush-placeholder-width: 1024px; --smush-placeholder-aspect-ratio: 1024\/683;\" \/><noscript><img loading=\"lazy\" decoding=\"async\" width=\"1024\" height=\"683\" src=\"http:\/\/ondauno.com.ar\/wp-content\/uploads\/2020\/05\/WhatsApp-Image-2020-05-08-at-20.46.33-1-1024x683.jpeg\" alt=\"\" class=\"wp-image-9808\" srcset=\"https:\/\/ondauno.com.ar\/wp-content\/uploads\/2020\/05\/WhatsApp-Image-2020-05-08-at-20.46.33-1.jpeg 1024w, https:\/\/ondauno.com.ar\/wp-content\/uploads\/2020\/05\/WhatsApp-Image-2020-05-08-at-20.46.33-1-300x200.jpeg 300w, https:\/\/ondauno.com.ar\/wp-content\/uploads\/2020\/05\/WhatsApp-Image-2020-05-08-at-20.46.33-1-768x512.jpeg 768w, https:\/\/ondauno.com.ar\/wp-content\/uploads\/2020\/05\/WhatsApp-Image-2020-05-08-at-20.46.33-1-696x464.jpeg 696w, https:\/\/ondauno.com.ar\/wp-content\/uploads\/2020\/05\/WhatsApp-Image-2020-05-08-at-20.46.33-1-630x420.jpeg 630w\" sizes=\"auto, (max-width: 1024px) 100vw, 1024px\" \/><\/noscript><\/figure>\n\n\n\n<p><strong>El transporte interjurisdiccional seguir\u00e1 estando prohibido,<\/strong>&nbsp;por lo que las empresas deber\u00e1n garantizar el traslado de los trabajadores a sus puestos de empleo, sostuvo el mandatario.<\/p>\n\n\n\n<p>&#8220;La cantidad de casos se ha logrado ralentizar un poco m\u00e1s, la cantidad de fallecimientos est\u00e1n dentro de lo que esperamos que podr\u00eda ocurrir.&nbsp;<strong>Las cosas est\u00e1n ocurriendo c\u00f3mo lo venimos pensando y planeando&#8221;<\/strong>, asegur\u00f3 el Presidente y manifest\u00f3 un &#8220;enorme orgullo&#8221; por el comportamiento de los ciudadanos para acatar la cuarentena y cumplir los objetivos pactados.<\/p>\n\n\n\n<p>En comparaci\u00f3n con la regi\u00f3n, Fern\u00e1ndez demostr\u00f3 que la situaci\u00f3n argentina es mucho mejor que la de varios pa\u00edses vecinos, como Brasil y Chile, lo que permite&nbsp;<strong>&#8220;mostrar el \u00e9xito de control&#8221; sobre la pandemia.&nbsp;<\/strong>Pero pidi\u00f3 &#8220;no perder de vista que \u00e9ste es un virus que nosotros salimos a buscar&#8221;, por lo que cu\u00e1nto mayor sea la protecci\u00f3n, mejor evolucionar\u00e1 la situaci\u00f3n sanitaria.<\/p>\n\n\n\n<p><strong>&#8220;Tiene sentido el esfuerzo que estamos haciendo&#8221;<\/strong>, remarc\u00f3 al contrastar la tasa de mortalidad que registra el pa\u00eds frente al resto del mundo.:&nbsp;<strong>&#8220;Logramos aplanar la curva de contagios&#8221;<\/strong>, resumi\u00f3.<\/p>\n\n\n\n<p>En materia productiva, el mandatario record\u00f3 las diversas medidas y herramientas de asistencia econ\u00f3mica impulsadas por el Estado ante la crisis que generaron la pandemia y la cuarentena. Pero record\u00f3:&nbsp;<strong>&#8220;Lo que m\u00e1s nos interesa es preservar la vida de la gente&#8221;.<\/strong><\/p>\n\n\n\n<p>En este sentido, le respondi\u00f3 a quienes impulsaron una campa\u00f1a contra la cuarentena. \u00c9stos&nbsp;argumentaron que&nbsp;los pa\u00edses que priorizaron la econom\u00eda no tuvieron un mal resultado sanitario. Pero compar\u00f3 a&nbsp;<strong>Suecia<\/strong>, ejemplo de ello, con Noruega. Dos pa\u00edses pegados, pero el primero no respet\u00f3 un aislamiento total y el segundo s\u00ed. Por eso, los suecos tienen 14 veces m\u00e1s muertos que su vecino, lo que&nbsp;<strong>equivale&nbsp;a &#8220;13.900 argentinos que pueden morirse&#8221;.<\/strong><\/p>\n\n\n\n<p>Tambi\u00e9n hizo referencia a Estados Unidos,<strong>&nbsp;&#8220;para que no mientan m\u00e1s, porque generan ansiedad y preocupan a la gente&#8221;.&nbsp;<\/strong>El pa\u00eds del norte noaplic\u00f3 controles dr\u00e1sticos para controlar la pandemia, se convirti\u00f3 en un nuevo foco de infecci\u00f3n y a\u00fan as\u00ed perdi\u00f3 20,5 millones de empleos s\u00f3lo en un mes.<\/p>\n\n\n\n<p><strong>&#8220;No me van a torcer el brazo, voy a cuidar a la gente antes que nada&#8221;<\/strong>, les respondi\u00f3 a los operadores de la oposici\u00f3n. &#8220;Nos quieren hacer creer que si abrimos la econom\u00eda la gente va a estar mejor, pero si abrimos la econom\u00eda vamos a terminar como termin\u00f3 Suecia&#8221;, finaliz\u00f3.<\/p>\n\n\n\n<p>Pese a ello,<strong>&nbsp;la nueva fase no implicar\u00e1 la reapertura de colegios y universidades, tampoco estar\u00e1n permitidos los eventos p\u00fablicos y privados, los&nbsp;cines, teatros, centros culturales y clubes; el transporte p\u00fablico de pasajeros interurbano, interjurisdiccional e internacional y las actividades tur\u00edsticas.<\/strong><\/p>\n\n\n\n<p><strong>El transporte p\u00fablico urbano deber\u00e1 continuar trabajando con capacidad limitada<\/strong>&nbsp;y los expertos recomendaron reforzar el cuidado de los adultos mayores.<\/p>\n\n\n\n<p>Esta apertura ser\u00e1 una prueba para ver c\u00f3mo evoluciona la curva de contagios camino a una nueva normalidad, como ya est\u00e1 ocurriendo en otros pa\u00edses del mundo.&nbsp;<strong>Si se mantienen los cuidados, la distancia social y la higiene personal, el camino de la flexibilizaci\u00f3n continuar\u00e1&nbsp;<\/strong>pero el Presidente ya aclar\u00f3 que puede volverse atr\u00e1s en cualquier momento, en caso de que \u00e9sto no funcione.<\/p>\n\n\n\n<figure class=\"wp-block-image\"><img loading=\"lazy\" decoding=\"async\" width=\"1024\" height=\"683\" data-src=\"http:\/\/ondauno.com.ar\/wp-content\/uploads\/2020\/05\/WhatsApp-Image-2020-05-08-at-20.46.33-2-1024x683.jpeg\" alt=\"\" class=\"wp-image-9809 lazyload\" data-srcset=\"https:\/\/ondauno.com.ar\/wp-content\/uploads\/2020\/05\/WhatsApp-Image-2020-05-08-at-20.46.33-2.jpeg 1024w, https:\/\/ondauno.com.ar\/wp-content\/uploads\/2020\/05\/WhatsApp-Image-2020-05-08-at-20.46.33-2-300x200.jpeg 300w, https:\/\/ondauno.com.ar\/wp-content\/uploads\/2020\/05\/WhatsApp-Image-2020-05-08-at-20.46.33-2-768x512.jpeg 768w, https:\/\/ondauno.com.ar\/wp-content\/uploads\/2020\/05\/WhatsApp-Image-2020-05-08-at-20.46.33-2-696x464.jpeg 696w, https:\/\/ondauno.com.ar\/wp-content\/uploads\/2020\/05\/WhatsApp-Image-2020-05-08-at-20.46.33-2-630x420.jpeg 630w\" data-sizes=\"auto, (max-width: 1024px) 100vw, 1024px\" src=\"data:image\/gif;base64,R0lGODlhAQABAAAAACH5BAEKAAEALAAAAAABAAEAAAICTAEAOw==\" style=\"--smush-placeholder-width: 1024px; --smush-placeholder-aspect-ratio: 1024\/683;\" \/><noscript><img loading=\"lazy\" decoding=\"async\" width=\"1024\" height=\"683\" src=\"http:\/\/ondauno.com.ar\/wp-content\/uploads\/2020\/05\/WhatsApp-Image-2020-05-08-at-20.46.33-2-1024x683.jpeg\" alt=\"\" class=\"wp-image-9809\" srcset=\"https:\/\/ondauno.com.ar\/wp-content\/uploads\/2020\/05\/WhatsApp-Image-2020-05-08-at-20.46.33-2.jpeg 1024w, https:\/\/ondauno.com.ar\/wp-content\/uploads\/2020\/05\/WhatsApp-Image-2020-05-08-at-20.46.33-2-300x200.jpeg 300w, https:\/\/ondauno.com.ar\/wp-content\/uploads\/2020\/05\/WhatsApp-Image-2020-05-08-at-20.46.33-2-768x512.jpeg 768w, https:\/\/ondauno.com.ar\/wp-content\/uploads\/2020\/05\/WhatsApp-Image-2020-05-08-at-20.46.33-2-696x464.jpeg 696w, https:\/\/ondauno.com.ar\/wp-content\/uploads\/2020\/05\/WhatsApp-Image-2020-05-08-at-20.46.33-2-630x420.jpeg 630w\" sizes=\"auto, (max-width: 1024px) 100vw, 1024px\" \/><\/noscript><\/figure>\n\n\n\n<figure class=\"wp-block-embed-youtube wp-block-embed is-type-video is-provider-youtube wp-embed-aspect-16-9 wp-has-aspect-ratio\"><div class=\"wp-block-embed__wrapper\">\n<iframe loading=\"lazy\" title=\"EN VIVO | Coronavirus COVID-19 - Anuncio del presidente Alberto Fern\u00e1ndez\" width=\"696\" height=\"392\" data-src=\"https:\/\/www.youtube.com\/embed\/fB_GfGX_Ucc?feature=oembed&#038;enablejsapi=1\" frameborder=\"0\" allow=\"accelerometer; autoplay; encrypted-media; gyroscope; picture-in-picture\" allowfullscreen src=\"data:image\/gif;base64,R0lGODlhAQABAAAAACH5BAEKAAEALAAAAAABAAEAAAICTAEAOw==\" class=\"lazyload\" data-load-mode=\"1\"><\/iframe>\n<\/div><\/figure>\n","protected":false},"excerpt":{"rendered":"<p>Lo anunci\u00f3 el presidente Alberto Fern\u00e1ndez. Dijo que la densidad demogr\u00e1fica es muy grande y que \u201ctodo se hace m\u00e1s complejo\u201d en esa zona. \u201cSiguen las cosas como est\u00e1n hoy\u201d, precis\u00f3. Alberto Fern\u00e1ndez&nbsp;encabeza la conferencia de prensa en la que anuncia en qu\u00e9 consiste la cuarta etapa de la cuarentena y detalla cu\u00e1l ha sido [&hellip;]<\/p>\n","protected":false},"author":2,"featured_media":9810,"comment_status":"open","ping_status":"open","sticky":false,"template":"","format":"standard","meta":{"tdm_status":"","tdm_grid_status":"","_jetpack_memberships_contains_paid_content":false,"footnotes":"","jetpack_publicize_message":"","jetpack_publicize_feature_enabled":true,"jetpack_social_post_already_shared":false,"jetpack_social_options":{"image_generator_settings":{"template":"highway","default_image_id":0,"font":"","enabled":false},"version":2}},"categories":[3],"tags":[],"class_list":{"0":"post-9807","1":"post","2":"type-post","3":"status-publish","4":"format-standard","5":"has-post-thumbnail","7":"category-nacionales"},"yoast_head":"<!-- This site is optimized with the Yoast SEO plugin v22.7 - https:\/\/yoast.com\/wordpress\/plugins\/seo\/ -->\n<title>Cuarentena en Fase 4 con restricciones en Caba y zona metropolitana - 103.9 fm<\/title>\n<meta name=\"robots\" content=\"index, follow, max-snippet:-1, max-image-preview:large, max-video-preview:-1\" \/>\n<link rel=\"canonical\" href=\"https:\/\/ondauno.com.ar\/index.php\/2020\/05\/08\/queremos-que-no-se-utilice-el-transporte-publico-anuncio-el-presidente-que-informo-que-pasamos-a-fase-4\/\" \/>\n<meta property=\"og:locale\" content=\"es_ES\" \/>\n<meta property=\"og:type\" content=\"article\" \/>\n<meta property=\"og:title\" content=\"Cuarentena en Fase 4 con restricciones en Caba y zona metropolitana - 103.9 fm\" \/>\n<meta property=\"og:description\" content=\"Lo anunci\u00f3 el presidente Alberto Fern\u00e1ndez. Dijo que la densidad demogr\u00e1fica es muy grande y que \u201ctodo se hace m\u00e1s complejo\u201d en esa zona. \u201cSiguen las cosas como est\u00e1n hoy\u201d, precis\u00f3. Alberto Fern\u00e1ndez&nbsp;encabeza la conferencia de prensa en la que anuncia en qu\u00e9 consiste la cuarta etapa de la cuarentena y detalla cu\u00e1l ha sido [&hellip;]\" \/>\n<meta property=\"og:url\" content=\"https:\/\/ondauno.com.ar\/index.php\/2020\/05\/08\/queremos-que-no-se-utilice-el-transporte-publico-anuncio-el-presidente-que-informo-que-pasamos-a-fase-4\/\" \/>\n<meta property=\"og:site_name\" content=\"103.9 fm\" \/>\n<meta property=\"article:publisher\" content=\"https:\/\/www.facebook.com\/ondauno103.9\" \/>\n<meta property=\"article:published_time\" content=\"2020-05-08T23:59:09+00:00\" \/>\n<meta property=\"article:modified_time\" content=\"2020-05-09T00:16:18+00:00\" \/>\n<meta property=\"og:image\" content=\"https:\/\/ondauno.com.ar\/wp-content\/uploads\/2020\/05\/WhatsApp-Image-2020-05-08-at-20.46.33.jpeg\" \/>\n\t<meta property=\"og:image:width\" content=\"1024\" \/>\n\t<meta property=\"og:image:height\" content=\"683\" \/>\n\t<meta property=\"og:image:type\" content=\"image\/jpeg\" \/>\n<meta name=\"author\" content=\"fernando garcia\" \/>\n<meta name=\"twitter:card\" content=\"summary_large_image\" \/>\n<meta name=\"twitter:label1\" content=\"Escrito por\" \/>\n\t<meta name=\"twitter:data1\" content=\"fernando garcia\" \/>\n\t<meta name=\"twitter:label2\" content=\"Tiempo de lectura\" \/>\n\t<meta name=\"twitter:data2\" content=\"4 minutos\" \/>\n<script type=\"application\/ld+json\" class=\"yoast-schema-graph\">{\"@context\":\"https:\/\/schema.org\",\"@graph\":[{\"@type\":\"WebPage\",\"@id\":\"https:\/\/ondauno.com.ar\/index.php\/2020\/05\/08\/queremos-que-no-se-utilice-el-transporte-publico-anuncio-el-presidente-que-informo-que-pasamos-a-fase-4\/\",\"url\":\"https:\/\/ondauno.com.ar\/index.php\/2020\/05\/08\/queremos-que-no-se-utilice-el-transporte-publico-anuncio-el-presidente-que-informo-que-pasamos-a-fase-4\/\",\"name\":\"Cuarentena en Fase 4 con restricciones en Caba y zona metropolitana - 103.9 fm\",\"isPartOf\":{\"@id\":\"https:\/\/ondauno.com.ar\/#website\"},\"primaryImageOfPage\":{\"@id\":\"https:\/\/ondauno.com.ar\/index.php\/2020\/05\/08\/queremos-que-no-se-utilice-el-transporte-publico-anuncio-el-presidente-que-informo-que-pasamos-a-fase-4\/#primaryimage\"},\"image\":{\"@id\":\"https:\/\/ondauno.com.ar\/index.php\/2020\/05\/08\/queremos-que-no-se-utilice-el-transporte-publico-anuncio-el-presidente-que-informo-que-pasamos-a-fase-4\/#primaryimage\"},\"thumbnailUrl\":\"https:\/\/ondauno.com.ar\/wp-content\/uploads\/2020\/05\/WhatsApp-Image-2020-05-08-at-20.46.33.jpeg\",\"datePublished\":\"2020-05-08T23:59:09+00:00\",\"dateModified\":\"2020-05-09T00:16:18+00:00\",\"author\":{\"@id\":\"https:\/\/ondauno.com.ar\/#\/schema\/person\/201d1b68e6c75e0fd396fe5f8af5d139\"},\"breadcrumb\":{\"@id\":\"https:\/\/ondauno.com.ar\/index.php\/2020\/05\/08\/queremos-que-no-se-utilice-el-transporte-publico-anuncio-el-presidente-que-informo-que-pasamos-a-fase-4\/#breadcrumb\"},\"inLanguage\":\"es-AR\",\"potentialAction\":[{\"@type\":\"ReadAction\",\"target\":[\"https:\/\/ondauno.com.ar\/index.php\/2020\/05\/08\/queremos-que-no-se-utilice-el-transporte-publico-anuncio-el-presidente-que-informo-que-pasamos-a-fase-4\/\"]}]},{\"@type\":\"ImageObject\",\"inLanguage\":\"es-AR\",\"@id\":\"https:\/\/ondauno.com.ar\/index.php\/2020\/05\/08\/queremos-que-no-se-utilice-el-transporte-publico-anuncio-el-presidente-que-informo-que-pasamos-a-fase-4\/#primaryimage\",\"url\":\"https:\/\/ondauno.com.ar\/wp-content\/uploads\/2020\/05\/WhatsApp-Image-2020-05-08-at-20.46.33.jpeg\",\"contentUrl\":\"https:\/\/ondauno.com.ar\/wp-content\/uploads\/2020\/05\/WhatsApp-Image-2020-05-08-at-20.46.33.jpeg\",\"width\":1024,\"height\":683},{\"@type\":\"BreadcrumbList\",\"@id\":\"https:\/\/ondauno.com.ar\/index.php\/2020\/05\/08\/queremos-que-no-se-utilice-el-transporte-publico-anuncio-el-presidente-que-informo-que-pasamos-a-fase-4\/#breadcrumb\",\"itemListElement\":[{\"@type\":\"ListItem\",\"position\":1,\"name\":\"Inicio\",\"item\":\"https:\/\/ondauno.com.ar\/\"},{\"@type\":\"ListItem\",\"position\":2,\"name\":\"Cuarentena en Fase 4 con restricciones en Caba y zona metropolitana\"}]},{\"@type\":\"WebSite\",\"@id\":\"https:\/\/ondauno.com.ar\/#website\",\"url\":\"https:\/\/ondauno.com.ar\/\",\"name\":\"103.9 fm\",\"description\":\"LA PRIMERA RADIO MULTIMEDIA DE TRES ARROYOS\",\"potentialAction\":[{\"@type\":\"SearchAction\",\"target\":{\"@type\":\"EntryPoint\",\"urlTemplate\":\"https:\/\/ondauno.com.ar\/?s={search_term_string}\"},\"query-input\":\"required name=search_term_string\"}],\"inLanguage\":\"es-AR\"},{\"@type\":\"Person\",\"@id\":\"https:\/\/ondauno.com.ar\/#\/schema\/person\/201d1b68e6c75e0fd396fe5f8af5d139\",\"name\":\"fernando garcia\",\"image\":{\"@type\":\"ImageObject\",\"inLanguage\":\"es-AR\",\"@id\":\"https:\/\/ondauno.com.ar\/#\/schema\/person\/image\/\",\"url\":\"https:\/\/secure.gravatar.com\/avatar\/5f7254642ad81272e79a2e69653cfdfc?s=96&d=mm&r=g\",\"contentUrl\":\"https:\/\/secure.gravatar.com\/avatar\/5f7254642ad81272e79a2e69653cfdfc?s=96&d=mm&r=g\",\"caption\":\"fernando garcia\"},\"url\":\"https:\/\/ondauno.com.ar\/index.php\/author\/ondaunoeditor\/\"}]}<\/script>\n<!-- \/ Yoast SEO plugin. -->","yoast_head_json":{"title":"Cuarentena en Fase 4 con restricciones en Caba y zona metropolitana - 103.9 fm","robots":{"index":"index","follow":"follow","max-snippet":"max-snippet:-1","max-image-preview":"max-image-preview:large","max-video-preview":"max-video-preview:-1"},"canonical":"https:\/\/ondauno.com.ar\/index.php\/2020\/05\/08\/queremos-que-no-se-utilice-el-transporte-publico-anuncio-el-presidente-que-informo-que-pasamos-a-fase-4\/","og_locale":"es_ES","og_type":"article","og_title":"Cuarentena en Fase 4 con restricciones en Caba y zona metropolitana - 103.9 fm","og_description":"Lo anunci\u00f3 el presidente Alberto Fern\u00e1ndez. Dijo que la densidad demogr\u00e1fica es muy grande y que \u201ctodo se hace m\u00e1s complejo\u201d en esa zona. \u201cSiguen las cosas como est\u00e1n hoy\u201d, precis\u00f3. Alberto Fern\u00e1ndez&nbsp;encabeza la conferencia de prensa en la que anuncia en qu\u00e9 consiste la cuarta etapa de la cuarentena y detalla cu\u00e1l ha sido [&hellip;]","og_url":"https:\/\/ondauno.com.ar\/index.php\/2020\/05\/08\/queremos-que-no-se-utilice-el-transporte-publico-anuncio-el-presidente-que-informo-que-pasamos-a-fase-4\/","og_site_name":"103.9 fm","article_publisher":"https:\/\/www.facebook.com\/ondauno103.9","article_published_time":"2020-05-08T23:59:09+00:00","article_modified_time":"2020-05-09T00:16:18+00:00","og_image":[{"width":1024,"height":683,"url":"https:\/\/ondauno.com.ar\/wp-content\/uploads\/2020\/05\/WhatsApp-Image-2020-05-08-at-20.46.33.jpeg","type":"image\/jpeg"}],"author":"fernando garcia","twitter_card":"summary_large_image","twitter_misc":{"Escrito por":"fernando garcia","Tiempo de lectura":"4 minutos"},"schema":{"@context":"https:\/\/schema.org","@graph":[{"@type":"WebPage","@id":"https:\/\/ondauno.com.ar\/index.php\/2020\/05\/08\/queremos-que-no-se-utilice-el-transporte-publico-anuncio-el-presidente-que-informo-que-pasamos-a-fase-4\/","url":"https:\/\/ondauno.com.ar\/index.php\/2020\/05\/08\/queremos-que-no-se-utilice-el-transporte-publico-anuncio-el-presidente-que-informo-que-pasamos-a-fase-4\/","name":"Cuarentena en Fase 4 con restricciones en Caba y zona metropolitana - 103.9 fm","isPartOf":{"@id":"https:\/\/ondauno.com.ar\/#website"},"primaryImageOfPage":{"@id":"https:\/\/ondauno.com.ar\/index.php\/2020\/05\/08\/queremos-que-no-se-utilice-el-transporte-publico-anuncio-el-presidente-que-informo-que-pasamos-a-fase-4\/#primaryimage"},"image":{"@id":"https:\/\/ondauno.com.ar\/index.php\/2020\/05\/08\/queremos-que-no-se-utilice-el-transporte-publico-anuncio-el-presidente-que-informo-que-pasamos-a-fase-4\/#primaryimage"},"thumbnailUrl":"https:\/\/ondauno.com.ar\/wp-content\/uploads\/2020\/05\/WhatsApp-Image-2020-05-08-at-20.46.33.jpeg","datePublished":"2020-05-08T23:59:09+00:00","dateModified":"2020-05-09T00:16:18+00:00","author":{"@id":"https:\/\/ondauno.com.ar\/#\/schema\/person\/201d1b68e6c75e0fd396fe5f8af5d139"},"breadcrumb":{"@id":"https:\/\/ondauno.com.ar\/index.php\/2020\/05\/08\/queremos-que-no-se-utilice-el-transporte-publico-anuncio-el-presidente-que-informo-que-pasamos-a-fase-4\/#breadcrumb"},"inLanguage":"es-AR","potentialAction":[{"@type":"ReadAction","target":["https:\/\/ondauno.com.ar\/index.php\/2020\/05\/08\/queremos-que-no-se-utilice-el-transporte-publico-anuncio-el-presidente-que-informo-que-pasamos-a-fase-4\/"]}]},{"@type":"ImageObject","inLanguage":"es-AR","@id":"https:\/\/ondauno.com.ar\/index.php\/2020\/05\/08\/queremos-que-no-se-utilice-el-transporte-publico-anuncio-el-presidente-que-informo-que-pasamos-a-fase-4\/#primaryimage","url":"https:\/\/ondauno.com.ar\/wp-content\/uploads\/2020\/05\/WhatsApp-Image-2020-05-08-at-20.46.33.jpeg","contentUrl":"https:\/\/ondauno.com.ar\/wp-content\/uploads\/2020\/05\/WhatsApp-Image-2020-05-08-at-20.46.33.jpeg","width":1024,"height":683},{"@type":"BreadcrumbList","@id":"https:\/\/ondauno.com.ar\/index.php\/2020\/05\/08\/queremos-que-no-se-utilice-el-transporte-publico-anuncio-el-presidente-que-informo-que-pasamos-a-fase-4\/#breadcrumb","itemListElement":[{"@type":"ListItem","position":1,"name":"Inicio","item":"https:\/\/ondauno.com.ar\/"},{"@type":"ListItem","position":2,"name":"Cuarentena en Fase 4 con restricciones en Caba y zona metropolitana"}]},{"@type":"WebSite","@id":"https:\/\/ondauno.com.ar\/#website","url":"https:\/\/ondauno.com.ar\/","name":"103.9 fm","description":"LA PRIMERA RADIO MULTIMEDIA DE TRES ARROYOS","potentialAction":[{"@type":"SearchAction","target":{"@type":"EntryPoint","urlTemplate":"https:\/\/ondauno.com.ar\/?s={search_term_string}"},"query-input":"required name=search_term_string"}],"inLanguage":"es-AR"},{"@type":"Person","@id":"https:\/\/ondauno.com.ar\/#\/schema\/person\/201d1b68e6c75e0fd396fe5f8af5d139","name":"fernando garcia","image":{"@type":"ImageObject","inLanguage":"es-AR","@id":"https:\/\/ondauno.com.ar\/#\/schema\/person\/image\/","url":"https:\/\/secure.gravatar.com\/avatar\/5f7254642ad81272e79a2e69653cfdfc?s=96&d=mm&r=g","contentUrl":"https:\/\/secure.gravatar.com\/avatar\/5f7254642ad81272e79a2e69653cfdfc?s=96&d=mm&r=g","caption":"fernando garcia"},"url":"https:\/\/ondauno.com.ar\/index.php\/author\/ondaunoeditor\/"}]}},"jetpack_publicize_connections":[],"jetpack_featured_media_url":"https:\/\/ondauno.com.ar\/wp-content\/uploads\/2020\/05\/WhatsApp-Image-2020-05-08-at-20.46.33.jpeg","jetpack_sharing_enabled":true,"_links":{"self":[{"href":"https:\/\/ondauno.com.ar\/index.php\/wp-json\/wp\/v2\/posts\/9807","targetHints":{"allow":["GET"]}}],"collection":[{"href":"https:\/\/ondauno.com.ar\/index.php\/wp-json\/wp\/v2\/posts"}],"about":[{"href":"https:\/\/ondauno.com.ar\/index.php\/wp-json\/wp\/v2\/types\/post"}],"author":[{"embeddable":true,"href":"https:\/\/ondauno.com.ar\/index.php\/wp-json\/wp\/v2\/users\/2"}],"replies":[{"embeddable":true,"href":"https:\/\/ondauno.com.ar\/index.php\/wp-json\/wp\/v2\/comments?post=9807"}],"version-history":[{"count":0,"href":"https:\/\/ondauno.com.ar\/index.php\/wp-json\/wp\/v2\/posts\/9807\/revisions"}],"wp:featuredmedia":[{"embeddable":true,"href":"https:\/\/ondauno.com.ar\/index.php\/wp-json\/wp\/v2\/media\/9810"}],"wp:attachment":[{"href":"https:\/\/ondauno.com.ar\/index.php\/wp-json\/wp\/v2\/media?parent=9807"}],"wp:term":[{"taxonomy":"category","embeddable":true,"href":"https:\/\/ondauno.com.ar\/index.php\/wp-json\/wp\/v2\/categories?post=9807"},{"taxonomy":"post_tag","embeddable":true,"href":"https:\/\/ondauno.com.ar\/index.php\/wp-json\/wp\/v2\/tags?post=9807"}],"curies":[{"name":"wp","href":"https:\/\/api.w.org\/{rel}","templated":true}]}}