{"id":9793,"date":"2020-05-08T12:44:12","date_gmt":"2020-05-08T15:44:12","guid":{"rendered":"http:\/\/ondauno.com.ar\/?p=9793"},"modified":"2020-05-08T12:44:16","modified_gmt":"2020-05-08T15:44:16","slug":"los-trabajadores-de-frigorifico-anselmo-recibieron-la-ayuda-nacional-como-parte-de-sus-salarios","status":"publish","type":"post","link":"https:\/\/ondauno.com.ar\/index.php\/2020\/05\/08\/los-trabajadores-de-frigorifico-anselmo-recibieron-la-ayuda-nacional-como-parte-de-sus-salarios\/","title":{"rendered":"Los trabajadores de Frigor\u00edfico Anselmo recibieron la ayuda nacional como parte de sus salarios"},"content":{"rendered":"<div class=\"ondau-before-content_3\" style=\"margin-top: -30px;\" id=\"ondau-307848012\"><a href=\"https:\/\/www.lps.com.ar\/\" aria-label=\"la-perse2\"><img loading=\"lazy\" decoding=\"async\" src=\"https:\/\/ondauno.com.ar\/wp-content\/uploads\/2021\/10\/la-perse2.jpg\" alt=\"\"  srcset=\"https:\/\/ondauno.com.ar\/wp-content\/uploads\/2021\/10\/la-perse2.jpg 1353w, https:\/\/ondauno.com.ar\/wp-content\/uploads\/2021\/10\/la-perse2-300x43.jpg 300w, https:\/\/ondauno.com.ar\/wp-content\/uploads\/2021\/10\/la-perse2-1024x148.jpg 1024w, https:\/\/ondauno.com.ar\/wp-content\/uploads\/2021\/10\/la-perse2-768x111.jpg 768w, https:\/\/ondauno.com.ar\/wp-content\/uploads\/2021\/10\/la-perse2-696x100.jpg 696w, https:\/\/ondauno.com.ar\/wp-content\/uploads\/2021\/10\/la-perse2-1068x154.jpg 1068w\" sizes=\"(max-width: 1353px) 100vw, 1353px\" class=\"no-lazyload\" width=\"1353\" height=\"195\"  style=\"display: inline-block;\" \/><\/a><\/div>\n<p>N\u00e9stor Garc\u00eda referente del Sindicato de la Carne habl\u00f3 en Cosas que Pasan por FM 103.9 que &#8220;est\u00e1bamos pidiendo un PREBA desde octubre del a\u00f1o pasado, intentamos por todos los medios tratar de conseguir alg\u00fan paliativo para los trabajadores y, finalmente conseguimos que el gobierno nacional haga un aporte importante que llev\u00f3 alivio y nos dio una mano, \u00e9sto se vio reflejado ayer despu\u00e9s de hacer gestiones para que salga lo m\u00e1s r\u00e1pido posible. Es una alegr\u00eda grande porque es una gota de esperanza&#8221;.<\/p>\n\n\n\n<figure class=\"wp-block-embed-facebook wp-block-embed is-type-video is-provider-facebook\"><div class=\"wp-block-embed__wrapper\">\n<div class=\"fb-video\" data-allowfullscreen=\"true\" data-href=\"https:\/\/www.facebook.com\/ondauno103.9\/videos\/2623213537963525\" style=\"background-color: #fff; display: inline-block;\"><\/div>\n<\/div><\/figure>\n","protected":false},"excerpt":{"rendered":"<p>N\u00e9stor Garc\u00eda referente del Sindicato de la Carne habl\u00f3 en Cosas que Pasan por FM 103.9 que &#8220;est\u00e1bamos pidiendo un PREBA desde octubre del a\u00f1o pasado, intentamos por todos los medios tratar de conseguir alg\u00fan paliativo para los trabajadores y, finalmente conseguimos que el gobierno nacional haga un aporte importante que llev\u00f3 alivio y nos [&hellip;]<\/p>\n","protected":false},"author":2,"featured_media":9794,"comment_status":"open","ping_status":"open","sticky":false,"template":"","format":"standard","meta":{"tdm_status":"","tdm_grid_status":"","_jetpack_memberships_contains_paid_content":false,"footnotes":"","jetpack_publicize_message":"","jetpack_publicize_feature_enabled":true,"jetpack_social_post_already_shared":false,"jetpack_social_options":{"image_generator_settings":{"template":"highway","default_image_id":0,"font":"","enabled":false},"version":2}},"categories":[2],"tags":[],"class_list":{"0":"post-9793","1":"post","2":"type-post","3":"status-publish","4":"format-standard","5":"has-post-thumbnail","7":"category-locales"},"yoast_head":"<!-- This site is optimized with the Yoast SEO plugin v22.7 - https:\/\/yoast.com\/wordpress\/plugins\/seo\/ -->\n<title>Los trabajadores de Frigor\u00edfico Anselmo recibieron la ayuda nacional como parte de sus salarios - 103.9 fm<\/title>\n<meta name=\"robots\" content=\"index, follow, max-snippet:-1, max-image-preview:large, max-video-preview:-1\" \/>\n<link rel=\"canonical\" href=\"https:\/\/ondauno.com.ar\/index.php\/2020\/05\/08\/los-trabajadores-de-frigorifico-anselmo-recibieron-la-ayuda-nacional-como-parte-de-sus-salarios\/\" \/>\n<meta property=\"og:locale\" content=\"es_ES\" \/>\n<meta property=\"og:type\" content=\"article\" \/>\n<meta property=\"og:title\" content=\"Los trabajadores de Frigor\u00edfico Anselmo recibieron la ayuda nacional como parte de sus salarios - 103.9 fm\" \/>\n<meta property=\"og:description\" content=\"N\u00e9stor Garc\u00eda referente del Sindicato de la Carne habl\u00f3 en Cosas que Pasan por FM 103.9 que &#8220;est\u00e1bamos pidiendo un PREBA desde octubre del a\u00f1o pasado, intentamos por todos los medios tratar de conseguir alg\u00fan paliativo para los trabajadores y, finalmente conseguimos que el gobierno nacional haga un aporte importante que llev\u00f3 alivio y nos [&hellip;]\" \/>\n<meta property=\"og:url\" content=\"https:\/\/ondauno.com.ar\/index.php\/2020\/05\/08\/los-trabajadores-de-frigorifico-anselmo-recibieron-la-ayuda-nacional-como-parte-de-sus-salarios\/\" \/>\n<meta property=\"og:site_name\" content=\"103.9 fm\" \/>\n<meta property=\"article:publisher\" content=\"https:\/\/www.facebook.com\/ondauno103.9\" \/>\n<meta property=\"article:published_time\" content=\"2020-05-08T15:44:12+00:00\" \/>\n<meta property=\"article:modified_time\" content=\"2020-05-08T15:44:16+00:00\" \/>\n<meta property=\"og:image\" content=\"https:\/\/ondauno.com.ar\/wp-content\/uploads\/2020\/05\/Nestor-garc\u00eda-frigorifico-anselmo-e1645132509730.jpg\" \/>\n\t<meta property=\"og:image:width\" content=\"222\" \/>\n\t<meta property=\"og:image:height\" content=\"204\" \/>\n\t<meta property=\"og:image:type\" content=\"image\/jpeg\" \/>\n<meta name=\"author\" content=\"fernando garcia\" \/>\n<meta name=\"twitter:card\" content=\"summary_large_image\" \/>\n<meta name=\"twitter:label1\" content=\"Escrito por\" \/>\n\t<meta name=\"twitter:data1\" content=\"fernando garcia\" \/>\n<script type=\"application\/ld+json\" class=\"yoast-schema-graph\">{\"@context\":\"https:\/\/schema.org\",\"@graph\":[{\"@type\":\"WebPage\",\"@id\":\"https:\/\/ondauno.com.ar\/index.php\/2020\/05\/08\/los-trabajadores-de-frigorifico-anselmo-recibieron-la-ayuda-nacional-como-parte-de-sus-salarios\/\",\"url\":\"https:\/\/ondauno.com.ar\/index.php\/2020\/05\/08\/los-trabajadores-de-frigorifico-anselmo-recibieron-la-ayuda-nacional-como-parte-de-sus-salarios\/\",\"name\":\"Los trabajadores de Frigor\u00edfico Anselmo recibieron la ayuda nacional como parte de sus salarios - 103.9 fm\",\"isPartOf\":{\"@id\":\"https:\/\/ondauno.com.ar\/#website\"},\"primaryImageOfPage\":{\"@id\":\"https:\/\/ondauno.com.ar\/index.php\/2020\/05\/08\/los-trabajadores-de-frigorifico-anselmo-recibieron-la-ayuda-nacional-como-parte-de-sus-salarios\/#primaryimage\"},\"image\":{\"@id\":\"https:\/\/ondauno.com.ar\/index.php\/2020\/05\/08\/los-trabajadores-de-frigorifico-anselmo-recibieron-la-ayuda-nacional-como-parte-de-sus-salarios\/#primaryimage\"},\"thumbnailUrl\":\"https:\/\/ondauno.com.ar\/wp-content\/uploads\/2020\/05\/Nestor-garc\u00eda-frigorifico-anselmo-e1645132509730.jpg\",\"datePublished\":\"2020-05-08T15:44:12+00:00\",\"dateModified\":\"2020-05-08T15:44:16+00:00\",\"author\":{\"@id\":\"https:\/\/ondauno.com.ar\/#\/schema\/person\/201d1b68e6c75e0fd396fe5f8af5d139\"},\"breadcrumb\":{\"@id\":\"https:\/\/ondauno.com.ar\/index.php\/2020\/05\/08\/los-trabajadores-de-frigorifico-anselmo-recibieron-la-ayuda-nacional-como-parte-de-sus-salarios\/#breadcrumb\"},\"inLanguage\":\"es-AR\",\"potentialAction\":[{\"@type\":\"ReadAction\",\"target\":[\"https:\/\/ondauno.com.ar\/index.php\/2020\/05\/08\/los-trabajadores-de-frigorifico-anselmo-recibieron-la-ayuda-nacional-como-parte-de-sus-salarios\/\"]}]},{\"@type\":\"ImageObject\",\"inLanguage\":\"es-AR\",\"@id\":\"https:\/\/ondauno.com.ar\/index.php\/2020\/05\/08\/los-trabajadores-de-frigorifico-anselmo-recibieron-la-ayuda-nacional-como-parte-de-sus-salarios\/#primaryimage\",\"url\":\"https:\/\/ondauno.com.ar\/wp-content\/uploads\/2020\/05\/Nestor-garc\u00eda-frigorifico-anselmo-e1645132509730.jpg\",\"contentUrl\":\"https:\/\/ondauno.com.ar\/wp-content\/uploads\/2020\/05\/Nestor-garc\u00eda-frigorifico-anselmo-e1645132509730.jpg\",\"width\":222,\"height\":204},{\"@type\":\"BreadcrumbList\",\"@id\":\"https:\/\/ondauno.com.ar\/index.php\/2020\/05\/08\/los-trabajadores-de-frigorifico-anselmo-recibieron-la-ayuda-nacional-como-parte-de-sus-salarios\/#breadcrumb\",\"itemListElement\":[{\"@type\":\"ListItem\",\"position\":1,\"name\":\"Inicio\",\"item\":\"https:\/\/ondauno.com.ar\/\"},{\"@type\":\"ListItem\",\"position\":2,\"name\":\"Los trabajadores de Frigor\u00edfico Anselmo recibieron la ayuda nacional como parte de sus salarios\"}]},{\"@type\":\"WebSite\",\"@id\":\"https:\/\/ondauno.com.ar\/#website\",\"url\":\"https:\/\/ondauno.com.ar\/\",\"name\":\"103.9 fm\",\"description\":\"LA PRIMERA RADIO MULTIMEDIA DE TRES ARROYOS\",\"potentialAction\":[{\"@type\":\"SearchAction\",\"target\":{\"@type\":\"EntryPoint\",\"urlTemplate\":\"https:\/\/ondauno.com.ar\/?s={search_term_string}\"},\"query-input\":\"required name=search_term_string\"}],\"inLanguage\":\"es-AR\"},{\"@type\":\"Person\",\"@id\":\"https:\/\/ondauno.com.ar\/#\/schema\/person\/201d1b68e6c75e0fd396fe5f8af5d139\",\"name\":\"fernando garcia\",\"image\":{\"@type\":\"ImageObject\",\"inLanguage\":\"es-AR\",\"@id\":\"https:\/\/ondauno.com.ar\/#\/schema\/person\/image\/\",\"url\":\"https:\/\/secure.gravatar.com\/avatar\/5f7254642ad81272e79a2e69653cfdfc?s=96&d=mm&r=g\",\"contentUrl\":\"https:\/\/secure.gravatar.com\/avatar\/5f7254642ad81272e79a2e69653cfdfc?s=96&d=mm&r=g\",\"caption\":\"fernando garcia\"},\"url\":\"https:\/\/ondauno.com.ar\/index.php\/author\/ondaunoeditor\/\"}]}<\/script>\n<!-- \/ Yoast SEO plugin. -->","yoast_head_json":{"title":"Los trabajadores de Frigor\u00edfico Anselmo recibieron la ayuda nacional como parte de sus salarios - 103.9 fm","robots":{"index":"index","follow":"follow","max-snippet":"max-snippet:-1","max-image-preview":"max-image-preview:large","max-video-preview":"max-video-preview:-1"},"canonical":"https:\/\/ondauno.com.ar\/index.php\/2020\/05\/08\/los-trabajadores-de-frigorifico-anselmo-recibieron-la-ayuda-nacional-como-parte-de-sus-salarios\/","og_locale":"es_ES","og_type":"article","og_title":"Los trabajadores de Frigor\u00edfico Anselmo recibieron la ayuda nacional como parte de sus salarios - 103.9 fm","og_description":"N\u00e9stor Garc\u00eda referente del Sindicato de la Carne habl\u00f3 en Cosas que Pasan por FM 103.9 que &#8220;est\u00e1bamos pidiendo un PREBA desde octubre del a\u00f1o pasado, intentamos por todos los medios tratar de conseguir alg\u00fan paliativo para los trabajadores y, finalmente conseguimos que el gobierno nacional haga un aporte importante que llev\u00f3 alivio y nos [&hellip;]","og_url":"https:\/\/ondauno.com.ar\/index.php\/2020\/05\/08\/los-trabajadores-de-frigorifico-anselmo-recibieron-la-ayuda-nacional-como-parte-de-sus-salarios\/","og_site_name":"103.9 fm","article_publisher":"https:\/\/www.facebook.com\/ondauno103.9","article_published_time":"2020-05-08T15:44:12+00:00","article_modified_time":"2020-05-08T15:44:16+00:00","og_image":[{"width":222,"height":204,"url":"https:\/\/ondauno.com.ar\/wp-content\/uploads\/2020\/05\/Nestor-garc\u00eda-frigorifico-anselmo-e1645132509730.jpg","type":"image\/jpeg"}],"author":"fernando garcia","twitter_card":"summary_large_image","twitter_misc":{"Escrito por":"fernando garcia"},"schema":{"@context":"https:\/\/schema.org","@graph":[{"@type":"WebPage","@id":"https:\/\/ondauno.com.ar\/index.php\/2020\/05\/08\/los-trabajadores-de-frigorifico-anselmo-recibieron-la-ayuda-nacional-como-parte-de-sus-salarios\/","url":"https:\/\/ondauno.com.ar\/index.php\/2020\/05\/08\/los-trabajadores-de-frigorifico-anselmo-recibieron-la-ayuda-nacional-como-parte-de-sus-salarios\/","name":"Los trabajadores de Frigor\u00edfico Anselmo recibieron la ayuda nacional como parte de sus salarios - 103.9 fm","isPartOf":{"@id":"https:\/\/ondauno.com.ar\/#website"},"primaryImageOfPage":{"@id":"https:\/\/ondauno.com.ar\/index.php\/2020\/05\/08\/los-trabajadores-de-frigorifico-anselmo-recibieron-la-ayuda-nacional-como-parte-de-sus-salarios\/#primaryimage"},"image":{"@id":"https:\/\/ondauno.com.ar\/index.php\/2020\/05\/08\/los-trabajadores-de-frigorifico-anselmo-recibieron-la-ayuda-nacional-como-parte-de-sus-salarios\/#primaryimage"},"thumbnailUrl":"https:\/\/ondauno.com.ar\/wp-content\/uploads\/2020\/05\/Nestor-garc\u00eda-frigorifico-anselmo-e1645132509730.jpg","datePublished":"2020-05-08T15:44:12+00:00","dateModified":"2020-05-08T15:44:16+00:00","author":{"@id":"https:\/\/ondauno.com.ar\/#\/schema\/person\/201d1b68e6c75e0fd396fe5f8af5d139"},"breadcrumb":{"@id":"https:\/\/ondauno.com.ar\/index.php\/2020\/05\/08\/los-trabajadores-de-frigorifico-anselmo-recibieron-la-ayuda-nacional-como-parte-de-sus-salarios\/#breadcrumb"},"inLanguage":"es-AR","potentialAction":[{"@type":"ReadAction","target":["https:\/\/ondauno.com.ar\/index.php\/2020\/05\/08\/los-trabajadores-de-frigorifico-anselmo-recibieron-la-ayuda-nacional-como-parte-de-sus-salarios\/"]}]},{"@type":"ImageObject","inLanguage":"es-AR","@id":"https:\/\/ondauno.com.ar\/index.php\/2020\/05\/08\/los-trabajadores-de-frigorifico-anselmo-recibieron-la-ayuda-nacional-como-parte-de-sus-salarios\/#primaryimage","url":"https:\/\/ondauno.com.ar\/wp-content\/uploads\/2020\/05\/Nestor-garc\u00eda-frigorifico-anselmo-e1645132509730.jpg","contentUrl":"https:\/\/ondauno.com.ar\/wp-content\/uploads\/2020\/05\/Nestor-garc\u00eda-frigorifico-anselmo-e1645132509730.jpg","width":222,"height":204},{"@type":"BreadcrumbList","@id":"https:\/\/ondauno.com.ar\/index.php\/2020\/05\/08\/los-trabajadores-de-frigorifico-anselmo-recibieron-la-ayuda-nacional-como-parte-de-sus-salarios\/#breadcrumb","itemListElement":[{"@type":"ListItem","position":1,"name":"Inicio","item":"https:\/\/ondauno.com.ar\/"},{"@type":"ListItem","position":2,"name":"Los trabajadores de Frigor\u00edfico Anselmo recibieron la ayuda nacional como parte de sus salarios"}]},{"@type":"WebSite","@id":"https:\/\/ondauno.com.ar\/#website","url":"https:\/\/ondauno.com.ar\/","name":"103.9 fm","description":"LA PRIMERA RADIO MULTIMEDIA DE TRES ARROYOS","potentialAction":[{"@type":"SearchAction","target":{"@type":"EntryPoint","urlTemplate":"https:\/\/ondauno.com.ar\/?s={search_term_string}"},"query-input":"required name=search_term_string"}],"inLanguage":"es-AR"},{"@type":"Person","@id":"https:\/\/ondauno.com.ar\/#\/schema\/person\/201d1b68e6c75e0fd396fe5f8af5d139","name":"fernando garcia","image":{"@type":"ImageObject","inLanguage":"es-AR","@id":"https:\/\/ondauno.com.ar\/#\/schema\/person\/image\/","url":"https:\/\/secure.gravatar.com\/avatar\/5f7254642ad81272e79a2e69653cfdfc?s=96&d=mm&r=g","contentUrl":"https:\/\/secure.gravatar.com\/avatar\/5f7254642ad81272e79a2e69653cfdfc?s=96&d=mm&r=g","caption":"fernando garcia"},"url":"https:\/\/ondauno.com.ar\/index.php\/author\/ondaunoeditor\/"}]}},"jetpack_publicize_connections":[],"jetpack_featured_media_url":"https:\/\/ondauno.com.ar\/wp-content\/uploads\/2020\/05\/Nestor-garc\u00eda-frigorifico-anselmo-e1645132509730.jpg","jetpack_sharing_enabled":true,"_links":{"self":[{"href":"https:\/\/ondauno.com.ar\/index.php\/wp-json\/wp\/v2\/posts\/9793","targetHints":{"allow":["GET"]}}],"collection":[{"href":"https:\/\/ondauno.com.ar\/index.php\/wp-json\/wp\/v2\/posts"}],"about":[{"href":"https:\/\/ondauno.com.ar\/index.php\/wp-json\/wp\/v2\/types\/post"}],"author":[{"embeddable":true,"href":"https:\/\/ondauno.com.ar\/index.php\/wp-json\/wp\/v2\/users\/2"}],"replies":[{"embeddable":true,"href":"https:\/\/ondauno.com.ar\/index.php\/wp-json\/wp\/v2\/comments?post=9793"}],"version-history":[{"count":0,"href":"https:\/\/ondauno.com.ar\/index.php\/wp-json\/wp\/v2\/posts\/9793\/revisions"}],"wp:featuredmedia":[{"embeddable":true,"href":"https:\/\/ondauno.com.ar\/index.php\/wp-json\/wp\/v2\/media\/9794"}],"wp:attachment":[{"href":"https:\/\/ondauno.com.ar\/index.php\/wp-json\/wp\/v2\/media?parent=9793"}],"wp:term":[{"taxonomy":"category","embeddable":true,"href":"https:\/\/ondauno.com.ar\/index.php\/wp-json\/wp\/v2\/categories?post=9793"},{"taxonomy":"post_tag","embeddable":true,"href":"https:\/\/ondauno.com.ar\/index.php\/wp-json\/wp\/v2\/tags?post=9793"}],"curies":[{"name":"wp","href":"https:\/\/api.w.org\/{rel}","templated":true}]}}