{"id":9596,"date":"2020-05-04T19:51:12","date_gmt":"2020-05-04T22:51:12","guid":{"rendered":"http:\/\/ondauno.com.ar\/?p=9596"},"modified":"2020-05-04T19:51:16","modified_gmt":"2020-05-04T22:51:16","slug":"en-la-manana-de-hoy-se-llevo-a-cabo-en-el-salon-blanco-del-hcd-una-nueva-comision-informativa","status":"publish","type":"post","link":"https:\/\/ondauno.com.ar\/index.php\/2020\/05\/04\/en-la-manana-de-hoy-se-llevo-a-cabo-en-el-salon-blanco-del-hcd-una-nueva-comision-informativa\/","title":{"rendered":"En la ma\u00f1ana de hoy se llev\u00f3 a cabo en el sal\u00f3n blanco del HCD una nueva comisi\u00f3n informativa"},"content":{"rendered":"<div class=\"ondau-before-content_3\" style=\"margin-top: -30px;\" id=\"ondau-1204660998\"><a href=\"https:\/\/www.lps.com.ar\/\" aria-label=\"la-perse2\"><img loading=\"lazy\" decoding=\"async\" src=\"https:\/\/ondauno.com.ar\/wp-content\/uploads\/2021\/10\/la-perse2.jpg\" alt=\"\"  srcset=\"https:\/\/ondauno.com.ar\/wp-content\/uploads\/2021\/10\/la-perse2.jpg 1353w, https:\/\/ondauno.com.ar\/wp-content\/uploads\/2021\/10\/la-perse2-300x43.jpg 300w, https:\/\/ondauno.com.ar\/wp-content\/uploads\/2021\/10\/la-perse2-1024x148.jpg 1024w, https:\/\/ondauno.com.ar\/wp-content\/uploads\/2021\/10\/la-perse2-768x111.jpg 768w, https:\/\/ondauno.com.ar\/wp-content\/uploads\/2021\/10\/la-perse2-696x100.jpg 696w, https:\/\/ondauno.com.ar\/wp-content\/uploads\/2021\/10\/la-perse2-1068x154.jpg 1068w\" sizes=\"(max-width: 1353px) 100vw, 1353px\" class=\"no-lazyload\" width=\"1353\" height=\"195\"  style=\"display: inline-block;\" \/><\/a><\/div>\n<p>En la ma\u00f1ana de hoy se llev\u00f3 a cabo en el sal\u00f3n blanco del HCD una nueva comisi\u00f3n informativa, esta vez con la presencia del Sec Seguridad, Jorge Cordiglia, tal cual hab\u00eda sido programado y ya adelantado por el Dr. Werner Nickel, presidente del HCD <\/p>\n\n\n\n<ul class=\"wp-block-gallery columns-3 is-cropped wp-block-gallery-1 is-layout-flex wp-block-gallery-is-layout-flex\"><li class=\"blocks-gallery-item\"><figure><img loading=\"lazy\" decoding=\"async\" width=\"1024\" height=\"498\" data-src=\"http:\/\/ondauno.com.ar\/wp-content\/uploads\/2020\/05\/WhatsApp-Image-2020-05-04-at-19.37.39-1024x498.jpeg\" alt=\"\" data-id=\"9599\" data-link=\"http:\/\/ondauno.com.ar\/?attachment_id=9599\" class=\"wp-image-9599 lazyload\" data-srcset=\"https:\/\/ondauno.com.ar\/wp-content\/uploads\/2020\/05\/WhatsApp-Image-2020-05-04-at-19.37.39-1024x498.jpeg 1024w, https:\/\/ondauno.com.ar\/wp-content\/uploads\/2020\/05\/WhatsApp-Image-2020-05-04-at-19.37.39-300x146.jpeg 300w, https:\/\/ondauno.com.ar\/wp-content\/uploads\/2020\/05\/WhatsApp-Image-2020-05-04-at-19.37.39-768x373.jpeg 768w, https:\/\/ondauno.com.ar\/wp-content\/uploads\/2020\/05\/WhatsApp-Image-2020-05-04-at-19.37.39-696x338.jpeg 696w, https:\/\/ondauno.com.ar\/wp-content\/uploads\/2020\/05\/WhatsApp-Image-2020-05-04-at-19.37.39-1068x519.jpeg 1068w, https:\/\/ondauno.com.ar\/wp-content\/uploads\/2020\/05\/WhatsApp-Image-2020-05-04-at-19.37.39-864x420.jpeg 864w, https:\/\/ondauno.com.ar\/wp-content\/uploads\/2020\/05\/WhatsApp-Image-2020-05-04-at-19.37.39.jpeg 1280w\" data-sizes=\"auto, (max-width: 1024px) 100vw, 1024px\" src=\"data:image\/gif;base64,R0lGODlhAQABAAAAACH5BAEKAAEALAAAAAABAAEAAAICTAEAOw==\" style=\"--smush-placeholder-width: 1024px; --smush-placeholder-aspect-ratio: 1024\/498;\" \/><noscript><img loading=\"lazy\" decoding=\"async\" width=\"1024\" height=\"498\" src=\"http:\/\/ondauno.com.ar\/wp-content\/uploads\/2020\/05\/WhatsApp-Image-2020-05-04-at-19.37.39-1024x498.jpeg\" alt=\"\" data-id=\"9599\" data-link=\"http:\/\/ondauno.com.ar\/?attachment_id=9599\" class=\"wp-image-9599\" srcset=\"https:\/\/ondauno.com.ar\/wp-content\/uploads\/2020\/05\/WhatsApp-Image-2020-05-04-at-19.37.39-1024x498.jpeg 1024w, https:\/\/ondauno.com.ar\/wp-content\/uploads\/2020\/05\/WhatsApp-Image-2020-05-04-at-19.37.39-300x146.jpeg 300w, https:\/\/ondauno.com.ar\/wp-content\/uploads\/2020\/05\/WhatsApp-Image-2020-05-04-at-19.37.39-768x373.jpeg 768w, https:\/\/ondauno.com.ar\/wp-content\/uploads\/2020\/05\/WhatsApp-Image-2020-05-04-at-19.37.39-696x338.jpeg 696w, https:\/\/ondauno.com.ar\/wp-content\/uploads\/2020\/05\/WhatsApp-Image-2020-05-04-at-19.37.39-1068x519.jpeg 1068w, https:\/\/ondauno.com.ar\/wp-content\/uploads\/2020\/05\/WhatsApp-Image-2020-05-04-at-19.37.39-864x420.jpeg 864w, https:\/\/ondauno.com.ar\/wp-content\/uploads\/2020\/05\/WhatsApp-Image-2020-05-04-at-19.37.39.jpeg 1280w\" sizes=\"auto, (max-width: 1024px) 100vw, 1024px\" \/><\/noscript><\/figure><\/li><li class=\"blocks-gallery-item\"><figure><img loading=\"lazy\" decoding=\"async\" width=\"1024\" height=\"498\" data-src=\"http:\/\/ondauno.com.ar\/wp-content\/uploads\/2020\/05\/WhatsApp-Image-2020-05-04-at-19.37.38-1024x498.jpeg\" alt=\"\" data-id=\"9598\" data-link=\"http:\/\/ondauno.com.ar\/?attachment_id=9598\" class=\"wp-image-9598 lazyload\" data-srcset=\"https:\/\/ondauno.com.ar\/wp-content\/uploads\/2020\/05\/WhatsApp-Image-2020-05-04-at-19.37.38-1024x498.jpeg 1024w, https:\/\/ondauno.com.ar\/wp-content\/uploads\/2020\/05\/WhatsApp-Image-2020-05-04-at-19.37.38-300x146.jpeg 300w, https:\/\/ondauno.com.ar\/wp-content\/uploads\/2020\/05\/WhatsApp-Image-2020-05-04-at-19.37.38-768x373.jpeg 768w, https:\/\/ondauno.com.ar\/wp-content\/uploads\/2020\/05\/WhatsApp-Image-2020-05-04-at-19.37.38-696x338.jpeg 696w, https:\/\/ondauno.com.ar\/wp-content\/uploads\/2020\/05\/WhatsApp-Image-2020-05-04-at-19.37.38-1068x519.jpeg 1068w, https:\/\/ondauno.com.ar\/wp-content\/uploads\/2020\/05\/WhatsApp-Image-2020-05-04-at-19.37.38-864x420.jpeg 864w, https:\/\/ondauno.com.ar\/wp-content\/uploads\/2020\/05\/WhatsApp-Image-2020-05-04-at-19.37.38.jpeg 1280w\" data-sizes=\"auto, (max-width: 1024px) 100vw, 1024px\" src=\"data:image\/gif;base64,R0lGODlhAQABAAAAACH5BAEKAAEALAAAAAABAAEAAAICTAEAOw==\" style=\"--smush-placeholder-width: 1024px; --smush-placeholder-aspect-ratio: 1024\/498;\" \/><noscript><img loading=\"lazy\" decoding=\"async\" width=\"1024\" height=\"498\" src=\"http:\/\/ondauno.com.ar\/wp-content\/uploads\/2020\/05\/WhatsApp-Image-2020-05-04-at-19.37.38-1024x498.jpeg\" alt=\"\" data-id=\"9598\" data-link=\"http:\/\/ondauno.com.ar\/?attachment_id=9598\" class=\"wp-image-9598\" srcset=\"https:\/\/ondauno.com.ar\/wp-content\/uploads\/2020\/05\/WhatsApp-Image-2020-05-04-at-19.37.38-1024x498.jpeg 1024w, https:\/\/ondauno.com.ar\/wp-content\/uploads\/2020\/05\/WhatsApp-Image-2020-05-04-at-19.37.38-300x146.jpeg 300w, https:\/\/ondauno.com.ar\/wp-content\/uploads\/2020\/05\/WhatsApp-Image-2020-05-04-at-19.37.38-768x373.jpeg 768w, https:\/\/ondauno.com.ar\/wp-content\/uploads\/2020\/05\/WhatsApp-Image-2020-05-04-at-19.37.38-696x338.jpeg 696w, https:\/\/ondauno.com.ar\/wp-content\/uploads\/2020\/05\/WhatsApp-Image-2020-05-04-at-19.37.38-1068x519.jpeg 1068w, https:\/\/ondauno.com.ar\/wp-content\/uploads\/2020\/05\/WhatsApp-Image-2020-05-04-at-19.37.38-864x420.jpeg 864w, https:\/\/ondauno.com.ar\/wp-content\/uploads\/2020\/05\/WhatsApp-Image-2020-05-04-at-19.37.38.jpeg 1280w\" sizes=\"auto, (max-width: 1024px) 100vw, 1024px\" \/><\/noscript><\/figure><\/li><li class=\"blocks-gallery-item\"><figure><img loading=\"lazy\" decoding=\"async\" width=\"1024\" height=\"498\" data-src=\"http:\/\/ondauno.com.ar\/wp-content\/uploads\/2020\/05\/WhatsApp-Image-2020-05-04-at-19.37.41-1024x498.jpeg\" alt=\"\" data-id=\"9597\" data-link=\"http:\/\/ondauno.com.ar\/?attachment_id=9597\" class=\"wp-image-9597 lazyload\" data-srcset=\"https:\/\/ondauno.com.ar\/wp-content\/uploads\/2020\/05\/WhatsApp-Image-2020-05-04-at-19.37.41-1024x498.jpeg 1024w, https:\/\/ondauno.com.ar\/wp-content\/uploads\/2020\/05\/WhatsApp-Image-2020-05-04-at-19.37.41-300x146.jpeg 300w, https:\/\/ondauno.com.ar\/wp-content\/uploads\/2020\/05\/WhatsApp-Image-2020-05-04-at-19.37.41-768x373.jpeg 768w, https:\/\/ondauno.com.ar\/wp-content\/uploads\/2020\/05\/WhatsApp-Image-2020-05-04-at-19.37.41-696x338.jpeg 696w, https:\/\/ondauno.com.ar\/wp-content\/uploads\/2020\/05\/WhatsApp-Image-2020-05-04-at-19.37.41-1068x519.jpeg 1068w, https:\/\/ondauno.com.ar\/wp-content\/uploads\/2020\/05\/WhatsApp-Image-2020-05-04-at-19.37.41-864x420.jpeg 864w, https:\/\/ondauno.com.ar\/wp-content\/uploads\/2020\/05\/WhatsApp-Image-2020-05-04-at-19.37.41.jpeg 1280w\" data-sizes=\"auto, (max-width: 1024px) 100vw, 1024px\" src=\"data:image\/gif;base64,R0lGODlhAQABAAAAACH5BAEKAAEALAAAAAABAAEAAAICTAEAOw==\" style=\"--smush-placeholder-width: 1024px; --smush-placeholder-aspect-ratio: 1024\/498;\" \/><noscript><img loading=\"lazy\" decoding=\"async\" width=\"1024\" height=\"498\" src=\"http:\/\/ondauno.com.ar\/wp-content\/uploads\/2020\/05\/WhatsApp-Image-2020-05-04-at-19.37.41-1024x498.jpeg\" alt=\"\" data-id=\"9597\" data-link=\"http:\/\/ondauno.com.ar\/?attachment_id=9597\" class=\"wp-image-9597\" srcset=\"https:\/\/ondauno.com.ar\/wp-content\/uploads\/2020\/05\/WhatsApp-Image-2020-05-04-at-19.37.41-1024x498.jpeg 1024w, https:\/\/ondauno.com.ar\/wp-content\/uploads\/2020\/05\/WhatsApp-Image-2020-05-04-at-19.37.41-300x146.jpeg 300w, https:\/\/ondauno.com.ar\/wp-content\/uploads\/2020\/05\/WhatsApp-Image-2020-05-04-at-19.37.41-768x373.jpeg 768w, https:\/\/ondauno.com.ar\/wp-content\/uploads\/2020\/05\/WhatsApp-Image-2020-05-04-at-19.37.41-696x338.jpeg 696w, https:\/\/ondauno.com.ar\/wp-content\/uploads\/2020\/05\/WhatsApp-Image-2020-05-04-at-19.37.41-1068x519.jpeg 1068w, https:\/\/ondauno.com.ar\/wp-content\/uploads\/2020\/05\/WhatsApp-Image-2020-05-04-at-19.37.41-864x420.jpeg 864w, https:\/\/ondauno.com.ar\/wp-content\/uploads\/2020\/05\/WhatsApp-Image-2020-05-04-at-19.37.41.jpeg 1280w\" sizes=\"auto, (max-width: 1024px) 100vw, 1024px\" \/><\/noscript><\/figure><\/li><\/ul>\n\n\n\n<p> <br>En la misma se evacuaron consultas y sugerencias formuladas por concejales de los distintos bloques. <\/p>\n\n\n\n<p><br>Asimismo el encargado de la cartera coment\u00f3 a cerca del funcionamiento de los retenes ubicados en los ingresos a la ciudad.<\/p>\n","protected":false},"excerpt":{"rendered":"<p>En la ma\u00f1ana de hoy se llev\u00f3 a cabo en el sal\u00f3n blanco del HCD una nueva comisi\u00f3n informativa, esta vez con la presencia del Sec Seguridad, Jorge Cordiglia, tal cual hab\u00eda sido programado y ya adelantado por el Dr. Werner Nickel, presidente del HCD En la misma se evacuaron consultas y sugerencias formuladas por [&hellip;]<\/p>\n","protected":false},"author":2,"featured_media":9600,"comment_status":"open","ping_status":"open","sticky":false,"template":"","format":"standard","meta":{"tdm_status":"","tdm_grid_status":"","_jetpack_memberships_contains_paid_content":false,"footnotes":"","jetpack_publicize_message":"","jetpack_publicize_feature_enabled":true,"jetpack_social_post_already_shared":false,"jetpack_social_options":{"image_generator_settings":{"template":"highway","default_image_id":0,"font":"","enabled":false},"version":2}},"categories":[2],"tags":[],"class_list":{"0":"post-9596","1":"post","2":"type-post","3":"status-publish","4":"format-standard","5":"has-post-thumbnail","7":"category-locales"},"yoast_head":"<!-- This site is optimized with the Yoast SEO plugin v22.7 - https:\/\/yoast.com\/wordpress\/plugins\/seo\/ -->\n<title>En la ma\u00f1ana de hoy se llev\u00f3 a cabo en el sal\u00f3n blanco del HCD una nueva comisi\u00f3n informativa - 103.9 fm<\/title>\n<meta name=\"robots\" content=\"index, follow, max-snippet:-1, max-image-preview:large, max-video-preview:-1\" \/>\n<link rel=\"canonical\" href=\"https:\/\/ondauno.com.ar\/index.php\/2020\/05\/04\/en-la-manana-de-hoy-se-llevo-a-cabo-en-el-salon-blanco-del-hcd-una-nueva-comision-informativa\/\" \/>\n<meta property=\"og:locale\" content=\"es_ES\" \/>\n<meta property=\"og:type\" content=\"article\" \/>\n<meta property=\"og:title\" content=\"En la ma\u00f1ana de hoy se llev\u00f3 a cabo en el sal\u00f3n blanco del HCD una nueva comisi\u00f3n informativa - 103.9 fm\" \/>\n<meta property=\"og:description\" content=\"En la ma\u00f1ana de hoy se llev\u00f3 a cabo en el sal\u00f3n blanco del HCD una nueva comisi\u00f3n informativa, esta vez con la presencia del Sec Seguridad, Jorge Cordiglia, tal cual hab\u00eda sido programado y ya adelantado por el Dr. Werner Nickel, presidente del HCD En la misma se evacuaron consultas y sugerencias formuladas por [&hellip;]\" \/>\n<meta property=\"og:url\" content=\"https:\/\/ondauno.com.ar\/index.php\/2020\/05\/04\/en-la-manana-de-hoy-se-llevo-a-cabo-en-el-salon-blanco-del-hcd-una-nueva-comision-informativa\/\" \/>\n<meta property=\"og:site_name\" content=\"103.9 fm\" \/>\n<meta property=\"article:publisher\" content=\"https:\/\/www.facebook.com\/ondauno103.9\" \/>\n<meta property=\"article:published_time\" content=\"2020-05-04T22:51:12+00:00\" \/>\n<meta property=\"article:modified_time\" content=\"2020-05-04T22:51:16+00:00\" \/>\n<meta property=\"og:image\" content=\"https:\/\/ondauno.com.ar\/wp-content\/uploads\/2020\/05\/WhatsApp-Image-2020-05-04-at-19.37.40.jpeg\" \/>\n\t<meta property=\"og:image:width\" content=\"1280\" \/>\n\t<meta property=\"og:image:height\" content=\"622\" \/>\n\t<meta property=\"og:image:type\" content=\"image\/jpeg\" \/>\n<meta name=\"author\" content=\"fernando garcia\" \/>\n<meta name=\"twitter:card\" content=\"summary_large_image\" \/>\n<meta name=\"twitter:label1\" content=\"Escrito por\" \/>\n\t<meta name=\"twitter:data1\" content=\"fernando garcia\" \/>\n<script type=\"application\/ld+json\" class=\"yoast-schema-graph\">{\"@context\":\"https:\/\/schema.org\",\"@graph\":[{\"@type\":\"WebPage\",\"@id\":\"https:\/\/ondauno.com.ar\/index.php\/2020\/05\/04\/en-la-manana-de-hoy-se-llevo-a-cabo-en-el-salon-blanco-del-hcd-una-nueva-comision-informativa\/\",\"url\":\"https:\/\/ondauno.com.ar\/index.php\/2020\/05\/04\/en-la-manana-de-hoy-se-llevo-a-cabo-en-el-salon-blanco-del-hcd-una-nueva-comision-informativa\/\",\"name\":\"En la ma\u00f1ana de hoy se llev\u00f3 a cabo en el sal\u00f3n blanco del HCD una nueva comisi\u00f3n informativa - 103.9 fm\",\"isPartOf\":{\"@id\":\"https:\/\/ondauno.com.ar\/#website\"},\"primaryImageOfPage\":{\"@id\":\"https:\/\/ondauno.com.ar\/index.php\/2020\/05\/04\/en-la-manana-de-hoy-se-llevo-a-cabo-en-el-salon-blanco-del-hcd-una-nueva-comision-informativa\/#primaryimage\"},\"image\":{\"@id\":\"https:\/\/ondauno.com.ar\/index.php\/2020\/05\/04\/en-la-manana-de-hoy-se-llevo-a-cabo-en-el-salon-blanco-del-hcd-una-nueva-comision-informativa\/#primaryimage\"},\"thumbnailUrl\":\"https:\/\/ondauno.com.ar\/wp-content\/uploads\/2020\/05\/WhatsApp-Image-2020-05-04-at-19.37.40.jpeg\",\"datePublished\":\"2020-05-04T22:51:12+00:00\",\"dateModified\":\"2020-05-04T22:51:16+00:00\",\"author\":{\"@id\":\"https:\/\/ondauno.com.ar\/#\/schema\/person\/201d1b68e6c75e0fd396fe5f8af5d139\"},\"breadcrumb\":{\"@id\":\"https:\/\/ondauno.com.ar\/index.php\/2020\/05\/04\/en-la-manana-de-hoy-se-llevo-a-cabo-en-el-salon-blanco-del-hcd-una-nueva-comision-informativa\/#breadcrumb\"},\"inLanguage\":\"es-AR\",\"potentialAction\":[{\"@type\":\"ReadAction\",\"target\":[\"https:\/\/ondauno.com.ar\/index.php\/2020\/05\/04\/en-la-manana-de-hoy-se-llevo-a-cabo-en-el-salon-blanco-del-hcd-una-nueva-comision-informativa\/\"]}]},{\"@type\":\"ImageObject\",\"inLanguage\":\"es-AR\",\"@id\":\"https:\/\/ondauno.com.ar\/index.php\/2020\/05\/04\/en-la-manana-de-hoy-se-llevo-a-cabo-en-el-salon-blanco-del-hcd-una-nueva-comision-informativa\/#primaryimage\",\"url\":\"https:\/\/ondauno.com.ar\/wp-content\/uploads\/2020\/05\/WhatsApp-Image-2020-05-04-at-19.37.40.jpeg\",\"contentUrl\":\"https:\/\/ondauno.com.ar\/wp-content\/uploads\/2020\/05\/WhatsApp-Image-2020-05-04-at-19.37.40.jpeg\",\"width\":1280,\"height\":622},{\"@type\":\"BreadcrumbList\",\"@id\":\"https:\/\/ondauno.com.ar\/index.php\/2020\/05\/04\/en-la-manana-de-hoy-se-llevo-a-cabo-en-el-salon-blanco-del-hcd-una-nueva-comision-informativa\/#breadcrumb\",\"itemListElement\":[{\"@type\":\"ListItem\",\"position\":1,\"name\":\"Inicio\",\"item\":\"https:\/\/ondauno.com.ar\/\"},{\"@type\":\"ListItem\",\"position\":2,\"name\":\"En la ma\u00f1ana de hoy se llev\u00f3 a cabo en el sal\u00f3n blanco del HCD una nueva comisi\u00f3n informativa\"}]},{\"@type\":\"WebSite\",\"@id\":\"https:\/\/ondauno.com.ar\/#website\",\"url\":\"https:\/\/ondauno.com.ar\/\",\"name\":\"103.9 fm\",\"description\":\"LA PRIMERA RADIO MULTIMEDIA DE TRES ARROYOS\",\"potentialAction\":[{\"@type\":\"SearchAction\",\"target\":{\"@type\":\"EntryPoint\",\"urlTemplate\":\"https:\/\/ondauno.com.ar\/?s={search_term_string}\"},\"query-input\":\"required name=search_term_string\"}],\"inLanguage\":\"es-AR\"},{\"@type\":\"Person\",\"@id\":\"https:\/\/ondauno.com.ar\/#\/schema\/person\/201d1b68e6c75e0fd396fe5f8af5d139\",\"name\":\"fernando garcia\",\"image\":{\"@type\":\"ImageObject\",\"inLanguage\":\"es-AR\",\"@id\":\"https:\/\/ondauno.com.ar\/#\/schema\/person\/image\/\",\"url\":\"https:\/\/secure.gravatar.com\/avatar\/5f7254642ad81272e79a2e69653cfdfc?s=96&d=mm&r=g\",\"contentUrl\":\"https:\/\/secure.gravatar.com\/avatar\/5f7254642ad81272e79a2e69653cfdfc?s=96&d=mm&r=g\",\"caption\":\"fernando garcia\"},\"url\":\"https:\/\/ondauno.com.ar\/index.php\/author\/ondaunoeditor\/\"}]}<\/script>\n<!-- \/ Yoast SEO plugin. -->","yoast_head_json":{"title":"En la ma\u00f1ana de hoy se llev\u00f3 a cabo en el sal\u00f3n blanco del HCD una nueva comisi\u00f3n informativa - 103.9 fm","robots":{"index":"index","follow":"follow","max-snippet":"max-snippet:-1","max-image-preview":"max-image-preview:large","max-video-preview":"max-video-preview:-1"},"canonical":"https:\/\/ondauno.com.ar\/index.php\/2020\/05\/04\/en-la-manana-de-hoy-se-llevo-a-cabo-en-el-salon-blanco-del-hcd-una-nueva-comision-informativa\/","og_locale":"es_ES","og_type":"article","og_title":"En la ma\u00f1ana de hoy se llev\u00f3 a cabo en el sal\u00f3n blanco del HCD una nueva comisi\u00f3n informativa - 103.9 fm","og_description":"En la ma\u00f1ana de hoy se llev\u00f3 a cabo en el sal\u00f3n blanco del HCD una nueva comisi\u00f3n informativa, esta vez con la presencia del Sec Seguridad, Jorge Cordiglia, tal cual hab\u00eda sido programado y ya adelantado por el Dr. Werner Nickel, presidente del HCD En la misma se evacuaron consultas y sugerencias formuladas por [&hellip;]","og_url":"https:\/\/ondauno.com.ar\/index.php\/2020\/05\/04\/en-la-manana-de-hoy-se-llevo-a-cabo-en-el-salon-blanco-del-hcd-una-nueva-comision-informativa\/","og_site_name":"103.9 fm","article_publisher":"https:\/\/www.facebook.com\/ondauno103.9","article_published_time":"2020-05-04T22:51:12+00:00","article_modified_time":"2020-05-04T22:51:16+00:00","og_image":[{"width":1280,"height":622,"url":"https:\/\/ondauno.com.ar\/wp-content\/uploads\/2020\/05\/WhatsApp-Image-2020-05-04-at-19.37.40.jpeg","type":"image\/jpeg"}],"author":"fernando garcia","twitter_card":"summary_large_image","twitter_misc":{"Escrito por":"fernando garcia"},"schema":{"@context":"https:\/\/schema.org","@graph":[{"@type":"WebPage","@id":"https:\/\/ondauno.com.ar\/index.php\/2020\/05\/04\/en-la-manana-de-hoy-se-llevo-a-cabo-en-el-salon-blanco-del-hcd-una-nueva-comision-informativa\/","url":"https:\/\/ondauno.com.ar\/index.php\/2020\/05\/04\/en-la-manana-de-hoy-se-llevo-a-cabo-en-el-salon-blanco-del-hcd-una-nueva-comision-informativa\/","name":"En la ma\u00f1ana de hoy se llev\u00f3 a cabo en el sal\u00f3n blanco del HCD una nueva comisi\u00f3n informativa - 103.9 fm","isPartOf":{"@id":"https:\/\/ondauno.com.ar\/#website"},"primaryImageOfPage":{"@id":"https:\/\/ondauno.com.ar\/index.php\/2020\/05\/04\/en-la-manana-de-hoy-se-llevo-a-cabo-en-el-salon-blanco-del-hcd-una-nueva-comision-informativa\/#primaryimage"},"image":{"@id":"https:\/\/ondauno.com.ar\/index.php\/2020\/05\/04\/en-la-manana-de-hoy-se-llevo-a-cabo-en-el-salon-blanco-del-hcd-una-nueva-comision-informativa\/#primaryimage"},"thumbnailUrl":"https:\/\/ondauno.com.ar\/wp-content\/uploads\/2020\/05\/WhatsApp-Image-2020-05-04-at-19.37.40.jpeg","datePublished":"2020-05-04T22:51:12+00:00","dateModified":"2020-05-04T22:51:16+00:00","author":{"@id":"https:\/\/ondauno.com.ar\/#\/schema\/person\/201d1b68e6c75e0fd396fe5f8af5d139"},"breadcrumb":{"@id":"https:\/\/ondauno.com.ar\/index.php\/2020\/05\/04\/en-la-manana-de-hoy-se-llevo-a-cabo-en-el-salon-blanco-del-hcd-una-nueva-comision-informativa\/#breadcrumb"},"inLanguage":"es-AR","potentialAction":[{"@type":"ReadAction","target":["https:\/\/ondauno.com.ar\/index.php\/2020\/05\/04\/en-la-manana-de-hoy-se-llevo-a-cabo-en-el-salon-blanco-del-hcd-una-nueva-comision-informativa\/"]}]},{"@type":"ImageObject","inLanguage":"es-AR","@id":"https:\/\/ondauno.com.ar\/index.php\/2020\/05\/04\/en-la-manana-de-hoy-se-llevo-a-cabo-en-el-salon-blanco-del-hcd-una-nueva-comision-informativa\/#primaryimage","url":"https:\/\/ondauno.com.ar\/wp-content\/uploads\/2020\/05\/WhatsApp-Image-2020-05-04-at-19.37.40.jpeg","contentUrl":"https:\/\/ondauno.com.ar\/wp-content\/uploads\/2020\/05\/WhatsApp-Image-2020-05-04-at-19.37.40.jpeg","width":1280,"height":622},{"@type":"BreadcrumbList","@id":"https:\/\/ondauno.com.ar\/index.php\/2020\/05\/04\/en-la-manana-de-hoy-se-llevo-a-cabo-en-el-salon-blanco-del-hcd-una-nueva-comision-informativa\/#breadcrumb","itemListElement":[{"@type":"ListItem","position":1,"name":"Inicio","item":"https:\/\/ondauno.com.ar\/"},{"@type":"ListItem","position":2,"name":"En la ma\u00f1ana de hoy se llev\u00f3 a cabo en el sal\u00f3n blanco del HCD una nueva comisi\u00f3n informativa"}]},{"@type":"WebSite","@id":"https:\/\/ondauno.com.ar\/#website","url":"https:\/\/ondauno.com.ar\/","name":"103.9 fm","description":"LA PRIMERA RADIO MULTIMEDIA DE TRES ARROYOS","potentialAction":[{"@type":"SearchAction","target":{"@type":"EntryPoint","urlTemplate":"https:\/\/ondauno.com.ar\/?s={search_term_string}"},"query-input":"required name=search_term_string"}],"inLanguage":"es-AR"},{"@type":"Person","@id":"https:\/\/ondauno.com.ar\/#\/schema\/person\/201d1b68e6c75e0fd396fe5f8af5d139","name":"fernando garcia","image":{"@type":"ImageObject","inLanguage":"es-AR","@id":"https:\/\/ondauno.com.ar\/#\/schema\/person\/image\/","url":"https:\/\/secure.gravatar.com\/avatar\/5f7254642ad81272e79a2e69653cfdfc?s=96&d=mm&r=g","contentUrl":"https:\/\/secure.gravatar.com\/avatar\/5f7254642ad81272e79a2e69653cfdfc?s=96&d=mm&r=g","caption":"fernando garcia"},"url":"https:\/\/ondauno.com.ar\/index.php\/author\/ondaunoeditor\/"}]}},"jetpack_publicize_connections":[],"jetpack_featured_media_url":"https:\/\/ondauno.com.ar\/wp-content\/uploads\/2020\/05\/WhatsApp-Image-2020-05-04-at-19.37.40.jpeg","jetpack_sharing_enabled":true,"_links":{"self":[{"href":"https:\/\/ondauno.com.ar\/index.php\/wp-json\/wp\/v2\/posts\/9596","targetHints":{"allow":["GET"]}}],"collection":[{"href":"https:\/\/ondauno.com.ar\/index.php\/wp-json\/wp\/v2\/posts"}],"about":[{"href":"https:\/\/ondauno.com.ar\/index.php\/wp-json\/wp\/v2\/types\/post"}],"author":[{"embeddable":true,"href":"https:\/\/ondauno.com.ar\/index.php\/wp-json\/wp\/v2\/users\/2"}],"replies":[{"embeddable":true,"href":"https:\/\/ondauno.com.ar\/index.php\/wp-json\/wp\/v2\/comments?post=9596"}],"version-history":[{"count":0,"href":"https:\/\/ondauno.com.ar\/index.php\/wp-json\/wp\/v2\/posts\/9596\/revisions"}],"wp:featuredmedia":[{"embeddable":true,"href":"https:\/\/ondauno.com.ar\/index.php\/wp-json\/wp\/v2\/media\/9600"}],"wp:attachment":[{"href":"https:\/\/ondauno.com.ar\/index.php\/wp-json\/wp\/v2\/media?parent=9596"}],"wp:term":[{"taxonomy":"category","embeddable":true,"href":"https:\/\/ondauno.com.ar\/index.php\/wp-json\/wp\/v2\/categories?post=9596"},{"taxonomy":"post_tag","embeddable":true,"href":"https:\/\/ondauno.com.ar\/index.php\/wp-json\/wp\/v2\/tags?post=9596"}],"curies":[{"name":"wp","href":"https:\/\/api.w.org\/{rel}","templated":true}]}}