{"id":9592,"date":"2020-05-04T17:26:26","date_gmt":"2020-05-04T20:26:26","guid":{"rendered":"http:\/\/ondauno.com.ar\/?p=9592"},"modified":"2020-05-04T17:26:30","modified_gmt":"2020-05-04T20:26:30","slug":"comunicado-de-las-autoridades-municipales-por-el-caso-de-la-nina-fallecida-en-san-cayetano","status":"publish","type":"post","link":"https:\/\/ondauno.com.ar\/index.php\/2020\/05\/04\/comunicado-de-las-autoridades-municipales-por-el-caso-de-la-nina-fallecida-en-san-cayetano\/","title":{"rendered":"Comunicado de las autoridades municipales por el caso de la ni\u00f1a fallecida en San Cayetano"},"content":{"rendered":"<div class=\"ondau-before-content_3\" style=\"margin-top: -30px;\" id=\"ondau-299141040\"><a href=\"https:\/\/www.lps.com.ar\/\" aria-label=\"la-perse2\"><img loading=\"lazy\" decoding=\"async\" src=\"https:\/\/ondauno.com.ar\/wp-content\/uploads\/2021\/10\/la-perse2.jpg\" alt=\"\"  srcset=\"https:\/\/ondauno.com.ar\/wp-content\/uploads\/2021\/10\/la-perse2.jpg 1353w, https:\/\/ondauno.com.ar\/wp-content\/uploads\/2021\/10\/la-perse2-300x43.jpg 300w, https:\/\/ondauno.com.ar\/wp-content\/uploads\/2021\/10\/la-perse2-1024x148.jpg 1024w, https:\/\/ondauno.com.ar\/wp-content\/uploads\/2021\/10\/la-perse2-768x111.jpg 768w, https:\/\/ondauno.com.ar\/wp-content\/uploads\/2021\/10\/la-perse2-696x100.jpg 696w, https:\/\/ondauno.com.ar\/wp-content\/uploads\/2021\/10\/la-perse2-1068x154.jpg 1068w\" sizes=\"(max-width: 1353px) 100vw, 1353px\" class=\"no-lazyload\" width=\"1353\" height=\"195\"  style=\"display: inline-block;\" \/><\/a><\/div>\n<p>En relaci\u00f3n a los hechos sucedidos en nuestro Hospital Municipal, de p\u00fablico conocimiento, informamos lo siguiente:<\/p>\n\n\n\n<p>1) Investigaci\u00f3n interna: Se llevar\u00e1 a cabo el procedimiento administrativo a fin de determinar la responsabilidad del personal municipal o de los profesionales intervinientes en todo el proceso que culmin\u00f3 con la defunci\u00f3n de la menor Smoulenar, Shaira Nicole Anahi. A tal efecto se contratar\u00e1 un abogado externo, previa autorizaci\u00f3n del Honorable Concejo Deliberante, a fin de garantizar independencia e imparcialidad en la investigaci\u00f3n, y se proceder\u00e1 con todo el peso de la Ley.-<\/p>\n\n\n\n<p>2) Investigaci\u00f3n Judicial: En el d\u00eda de la fecha el Intendente Municipal Miguel \u00c1ngel Gargaglione se present\u00f3 ante el fiscal Guillermo Sabatini, de la Unidad Funcional de Instrucci\u00f3n (UFI) 3 de Necochea en la causa \u201cS\/Averiguaciones causales de muerte. Vtma.: Smoulenar, Shaira Nicole Anahi. Dte. Smoulenar, C\u00e9sar Adrian\u201d IPP 2550-20, mediante nota, poniendo a disposici\u00f3n de su fiscal\u00eda cualquier tipo de documentaci\u00f3n que requiera de la Municipalidad de San Cayetano, al efecto de ayudar en el accionar de la justicia. Y acompa\u00f1ando copia de la ORDENANZA N\u00ba 2.677\/2016 Carrera Profesional Hospitalaria Municipal para los profesionales que prestan servicios en los establecimientos asistenciales de la Municipalidad de San Cayetano.-<\/p>\n\n\n\n<p>3) El d\u00eda s\u00e1bado 2 de mayo el se\u00f1or Intendente Municipal se comunic\u00f3 telef\u00f3nicamente con el se\u00f1or Cesar Smoulenar manifestando su condolencia, poni\u00e9ndose a disposici\u00f3n de la familia e invit\u00e1ndolos a su despacho para escuchar sus peticiones. La reuni\u00f3n se celebr\u00f3 en el d\u00eda de la fecha, recibiendo a los padres y familiares de la menor a quienes les manifestamos el compromiso de colaboraci\u00f3n absoluta en los procedimientos que lleve delante la justicia para alcanzar la verdad de los hechos y determinar las distintas responsabilidades.-<\/p>\n\n\n\n<p>4) Suspensi\u00f3n provisoria: En el marco del inicio de las actuaciones internas se ha procedido, mediante decreto N\u00b0 521\/2020 del d\u00eda 4 de mayo del corriente a\u00f1o, a la suspensi\u00f3n provisoria del profesional m\u00e9dico Ali Manuel Rodr\u00edguez Infante.-<\/p>\n\n\n\n<p>5) Se comunica a la poblaci\u00f3n que ante la duda sobre el sistema de salud municipal o el accionar de un agente de salud se dirija ante las autoridades sanitarias en forma inmediata.-<\/p>\n\n\n\n<p><em><strong>Prensa Municipalidad de San Cayetano.<\/strong><\/em><\/p>\n","protected":false},"excerpt":{"rendered":"<p>En relaci\u00f3n a los hechos sucedidos en nuestro Hospital Municipal, de p\u00fablico conocimiento, informamos lo siguiente: 1) Investigaci\u00f3n interna: Se llevar\u00e1 a cabo el procedimiento administrativo a fin de determinar la responsabilidad del personal municipal o de los profesionales intervinientes en todo el proceso que culmin\u00f3 con la defunci\u00f3n de la menor Smoulenar, Shaira Nicole [&hellip;]<\/p>\n","protected":false},"author":2,"featured_media":9593,"comment_status":"open","ping_status":"open","sticky":false,"template":"","format":"standard","meta":{"tdm_status":"","tdm_grid_status":"","_jetpack_memberships_contains_paid_content":false,"footnotes":"","jetpack_publicize_message":"","jetpack_publicize_feature_enabled":true,"jetpack_social_post_already_shared":false,"jetpack_social_options":{"image_generator_settings":{"template":"highway","default_image_id":0,"font":"","enabled":false},"version":2}},"categories":[35],"tags":[],"class_list":{"0":"post-9592","1":"post","2":"type-post","3":"status-publish","4":"format-standard","5":"has-post-thumbnail","7":"category-regionales"},"yoast_head":"<!-- This site is optimized with the Yoast SEO plugin v22.7 - https:\/\/yoast.com\/wordpress\/plugins\/seo\/ -->\n<title>Comunicado de las autoridades municipales por el caso de la ni\u00f1a fallecida en San Cayetano - 103.9 fm<\/title>\n<meta name=\"robots\" content=\"index, follow, max-snippet:-1, max-image-preview:large, max-video-preview:-1\" \/>\n<link rel=\"canonical\" href=\"https:\/\/ondauno.com.ar\/index.php\/2020\/05\/04\/comunicado-de-las-autoridades-municipales-por-el-caso-de-la-nina-fallecida-en-san-cayetano\/\" \/>\n<meta property=\"og:locale\" content=\"es_ES\" \/>\n<meta property=\"og:type\" content=\"article\" \/>\n<meta property=\"og:title\" content=\"Comunicado de las autoridades municipales por el caso de la ni\u00f1a fallecida en San Cayetano - 103.9 fm\" \/>\n<meta property=\"og:description\" content=\"En relaci\u00f3n a los hechos sucedidos en nuestro Hospital Municipal, de p\u00fablico conocimiento, informamos lo siguiente: 1) Investigaci\u00f3n interna: Se llevar\u00e1 a cabo el procedimiento administrativo a fin de determinar la responsabilidad del personal municipal o de los profesionales intervinientes en todo el proceso que culmin\u00f3 con la defunci\u00f3n de la menor Smoulenar, Shaira Nicole [&hellip;]\" \/>\n<meta property=\"og:url\" content=\"https:\/\/ondauno.com.ar\/index.php\/2020\/05\/04\/comunicado-de-las-autoridades-municipales-por-el-caso-de-la-nina-fallecida-en-san-cayetano\/\" \/>\n<meta property=\"og:site_name\" content=\"103.9 fm\" \/>\n<meta property=\"article:publisher\" content=\"https:\/\/www.facebook.com\/ondauno103.9\" \/>\n<meta property=\"article:published_time\" content=\"2020-05-04T20:26:26+00:00\" \/>\n<meta property=\"article:modified_time\" content=\"2020-05-04T20:26:30+00:00\" \/>\n<meta property=\"og:image\" content=\"https:\/\/ondauno.com.ar\/wp-content\/uploads\/2020\/05\/hospital-lateral.jpg\" \/>\n\t<meta property=\"og:image:width\" content=\"640\" \/>\n\t<meta property=\"og:image:height\" content=\"398\" \/>\n\t<meta property=\"og:image:type\" content=\"image\/jpeg\" \/>\n<meta name=\"author\" content=\"fernando garcia\" \/>\n<meta name=\"twitter:card\" content=\"summary_large_image\" \/>\n<meta name=\"twitter:label1\" content=\"Escrito por\" \/>\n\t<meta name=\"twitter:data1\" content=\"fernando garcia\" \/>\n\t<meta name=\"twitter:label2\" content=\"Tiempo de lectura\" \/>\n\t<meta name=\"twitter:data2\" content=\"2 minutos\" \/>\n<script type=\"application\/ld+json\" class=\"yoast-schema-graph\">{\"@context\":\"https:\/\/schema.org\",\"@graph\":[{\"@type\":\"WebPage\",\"@id\":\"https:\/\/ondauno.com.ar\/index.php\/2020\/05\/04\/comunicado-de-las-autoridades-municipales-por-el-caso-de-la-nina-fallecida-en-san-cayetano\/\",\"url\":\"https:\/\/ondauno.com.ar\/index.php\/2020\/05\/04\/comunicado-de-las-autoridades-municipales-por-el-caso-de-la-nina-fallecida-en-san-cayetano\/\",\"name\":\"Comunicado de las autoridades municipales por el caso de la ni\u00f1a fallecida en San Cayetano - 103.9 fm\",\"isPartOf\":{\"@id\":\"https:\/\/ondauno.com.ar\/#website\"},\"primaryImageOfPage\":{\"@id\":\"https:\/\/ondauno.com.ar\/index.php\/2020\/05\/04\/comunicado-de-las-autoridades-municipales-por-el-caso-de-la-nina-fallecida-en-san-cayetano\/#primaryimage\"},\"image\":{\"@id\":\"https:\/\/ondauno.com.ar\/index.php\/2020\/05\/04\/comunicado-de-las-autoridades-municipales-por-el-caso-de-la-nina-fallecida-en-san-cayetano\/#primaryimage\"},\"thumbnailUrl\":\"https:\/\/ondauno.com.ar\/wp-content\/uploads\/2020\/05\/hospital-lateral.jpg\",\"datePublished\":\"2020-05-04T20:26:26+00:00\",\"dateModified\":\"2020-05-04T20:26:30+00:00\",\"author\":{\"@id\":\"https:\/\/ondauno.com.ar\/#\/schema\/person\/201d1b68e6c75e0fd396fe5f8af5d139\"},\"breadcrumb\":{\"@id\":\"https:\/\/ondauno.com.ar\/index.php\/2020\/05\/04\/comunicado-de-las-autoridades-municipales-por-el-caso-de-la-nina-fallecida-en-san-cayetano\/#breadcrumb\"},\"inLanguage\":\"es-AR\",\"potentialAction\":[{\"@type\":\"ReadAction\",\"target\":[\"https:\/\/ondauno.com.ar\/index.php\/2020\/05\/04\/comunicado-de-las-autoridades-municipales-por-el-caso-de-la-nina-fallecida-en-san-cayetano\/\"]}]},{\"@type\":\"ImageObject\",\"inLanguage\":\"es-AR\",\"@id\":\"https:\/\/ondauno.com.ar\/index.php\/2020\/05\/04\/comunicado-de-las-autoridades-municipales-por-el-caso-de-la-nina-fallecida-en-san-cayetano\/#primaryimage\",\"url\":\"https:\/\/ondauno.com.ar\/wp-content\/uploads\/2020\/05\/hospital-lateral.jpg\",\"contentUrl\":\"https:\/\/ondauno.com.ar\/wp-content\/uploads\/2020\/05\/hospital-lateral.jpg\",\"width\":640,\"height\":398},{\"@type\":\"BreadcrumbList\",\"@id\":\"https:\/\/ondauno.com.ar\/index.php\/2020\/05\/04\/comunicado-de-las-autoridades-municipales-por-el-caso-de-la-nina-fallecida-en-san-cayetano\/#breadcrumb\",\"itemListElement\":[{\"@type\":\"ListItem\",\"position\":1,\"name\":\"Inicio\",\"item\":\"https:\/\/ondauno.com.ar\/\"},{\"@type\":\"ListItem\",\"position\":2,\"name\":\"Comunicado de las autoridades municipales por el caso de la ni\u00f1a fallecida en San Cayetano\"}]},{\"@type\":\"WebSite\",\"@id\":\"https:\/\/ondauno.com.ar\/#website\",\"url\":\"https:\/\/ondauno.com.ar\/\",\"name\":\"103.9 fm\",\"description\":\"LA PRIMERA RADIO MULTIMEDIA DE TRES ARROYOS\",\"potentialAction\":[{\"@type\":\"SearchAction\",\"target\":{\"@type\":\"EntryPoint\",\"urlTemplate\":\"https:\/\/ondauno.com.ar\/?s={search_term_string}\"},\"query-input\":\"required name=search_term_string\"}],\"inLanguage\":\"es-AR\"},{\"@type\":\"Person\",\"@id\":\"https:\/\/ondauno.com.ar\/#\/schema\/person\/201d1b68e6c75e0fd396fe5f8af5d139\",\"name\":\"fernando garcia\",\"image\":{\"@type\":\"ImageObject\",\"inLanguage\":\"es-AR\",\"@id\":\"https:\/\/ondauno.com.ar\/#\/schema\/person\/image\/\",\"url\":\"https:\/\/secure.gravatar.com\/avatar\/5f7254642ad81272e79a2e69653cfdfc?s=96&d=mm&r=g\",\"contentUrl\":\"https:\/\/secure.gravatar.com\/avatar\/5f7254642ad81272e79a2e69653cfdfc?s=96&d=mm&r=g\",\"caption\":\"fernando garcia\"},\"url\":\"https:\/\/ondauno.com.ar\/index.php\/author\/ondaunoeditor\/\"}]}<\/script>\n<!-- \/ Yoast SEO plugin. -->","yoast_head_json":{"title":"Comunicado de las autoridades municipales por el caso de la ni\u00f1a fallecida en San Cayetano - 103.9 fm","robots":{"index":"index","follow":"follow","max-snippet":"max-snippet:-1","max-image-preview":"max-image-preview:large","max-video-preview":"max-video-preview:-1"},"canonical":"https:\/\/ondauno.com.ar\/index.php\/2020\/05\/04\/comunicado-de-las-autoridades-municipales-por-el-caso-de-la-nina-fallecida-en-san-cayetano\/","og_locale":"es_ES","og_type":"article","og_title":"Comunicado de las autoridades municipales por el caso de la ni\u00f1a fallecida en San Cayetano - 103.9 fm","og_description":"En relaci\u00f3n a los hechos sucedidos en nuestro Hospital Municipal, de p\u00fablico conocimiento, informamos lo siguiente: 1) Investigaci\u00f3n interna: Se llevar\u00e1 a cabo el procedimiento administrativo a fin de determinar la responsabilidad del personal municipal o de los profesionales intervinientes en todo el proceso que culmin\u00f3 con la defunci\u00f3n de la menor Smoulenar, Shaira Nicole [&hellip;]","og_url":"https:\/\/ondauno.com.ar\/index.php\/2020\/05\/04\/comunicado-de-las-autoridades-municipales-por-el-caso-de-la-nina-fallecida-en-san-cayetano\/","og_site_name":"103.9 fm","article_publisher":"https:\/\/www.facebook.com\/ondauno103.9","article_published_time":"2020-05-04T20:26:26+00:00","article_modified_time":"2020-05-04T20:26:30+00:00","og_image":[{"width":640,"height":398,"url":"https:\/\/ondauno.com.ar\/wp-content\/uploads\/2020\/05\/hospital-lateral.jpg","type":"image\/jpeg"}],"author":"fernando garcia","twitter_card":"summary_large_image","twitter_misc":{"Escrito por":"fernando garcia","Tiempo de lectura":"2 minutos"},"schema":{"@context":"https:\/\/schema.org","@graph":[{"@type":"WebPage","@id":"https:\/\/ondauno.com.ar\/index.php\/2020\/05\/04\/comunicado-de-las-autoridades-municipales-por-el-caso-de-la-nina-fallecida-en-san-cayetano\/","url":"https:\/\/ondauno.com.ar\/index.php\/2020\/05\/04\/comunicado-de-las-autoridades-municipales-por-el-caso-de-la-nina-fallecida-en-san-cayetano\/","name":"Comunicado de las autoridades municipales por el caso de la ni\u00f1a fallecida en San Cayetano - 103.9 fm","isPartOf":{"@id":"https:\/\/ondauno.com.ar\/#website"},"primaryImageOfPage":{"@id":"https:\/\/ondauno.com.ar\/index.php\/2020\/05\/04\/comunicado-de-las-autoridades-municipales-por-el-caso-de-la-nina-fallecida-en-san-cayetano\/#primaryimage"},"image":{"@id":"https:\/\/ondauno.com.ar\/index.php\/2020\/05\/04\/comunicado-de-las-autoridades-municipales-por-el-caso-de-la-nina-fallecida-en-san-cayetano\/#primaryimage"},"thumbnailUrl":"https:\/\/ondauno.com.ar\/wp-content\/uploads\/2020\/05\/hospital-lateral.jpg","datePublished":"2020-05-04T20:26:26+00:00","dateModified":"2020-05-04T20:26:30+00:00","author":{"@id":"https:\/\/ondauno.com.ar\/#\/schema\/person\/201d1b68e6c75e0fd396fe5f8af5d139"},"breadcrumb":{"@id":"https:\/\/ondauno.com.ar\/index.php\/2020\/05\/04\/comunicado-de-las-autoridades-municipales-por-el-caso-de-la-nina-fallecida-en-san-cayetano\/#breadcrumb"},"inLanguage":"es-AR","potentialAction":[{"@type":"ReadAction","target":["https:\/\/ondauno.com.ar\/index.php\/2020\/05\/04\/comunicado-de-las-autoridades-municipales-por-el-caso-de-la-nina-fallecida-en-san-cayetano\/"]}]},{"@type":"ImageObject","inLanguage":"es-AR","@id":"https:\/\/ondauno.com.ar\/index.php\/2020\/05\/04\/comunicado-de-las-autoridades-municipales-por-el-caso-de-la-nina-fallecida-en-san-cayetano\/#primaryimage","url":"https:\/\/ondauno.com.ar\/wp-content\/uploads\/2020\/05\/hospital-lateral.jpg","contentUrl":"https:\/\/ondauno.com.ar\/wp-content\/uploads\/2020\/05\/hospital-lateral.jpg","width":640,"height":398},{"@type":"BreadcrumbList","@id":"https:\/\/ondauno.com.ar\/index.php\/2020\/05\/04\/comunicado-de-las-autoridades-municipales-por-el-caso-de-la-nina-fallecida-en-san-cayetano\/#breadcrumb","itemListElement":[{"@type":"ListItem","position":1,"name":"Inicio","item":"https:\/\/ondauno.com.ar\/"},{"@type":"ListItem","position":2,"name":"Comunicado de las autoridades municipales por el caso de la ni\u00f1a fallecida en San Cayetano"}]},{"@type":"WebSite","@id":"https:\/\/ondauno.com.ar\/#website","url":"https:\/\/ondauno.com.ar\/","name":"103.9 fm","description":"LA PRIMERA RADIO MULTIMEDIA DE TRES ARROYOS","potentialAction":[{"@type":"SearchAction","target":{"@type":"EntryPoint","urlTemplate":"https:\/\/ondauno.com.ar\/?s={search_term_string}"},"query-input":"required name=search_term_string"}],"inLanguage":"es-AR"},{"@type":"Person","@id":"https:\/\/ondauno.com.ar\/#\/schema\/person\/201d1b68e6c75e0fd396fe5f8af5d139","name":"fernando garcia","image":{"@type":"ImageObject","inLanguage":"es-AR","@id":"https:\/\/ondauno.com.ar\/#\/schema\/person\/image\/","url":"https:\/\/secure.gravatar.com\/avatar\/5f7254642ad81272e79a2e69653cfdfc?s=96&d=mm&r=g","contentUrl":"https:\/\/secure.gravatar.com\/avatar\/5f7254642ad81272e79a2e69653cfdfc?s=96&d=mm&r=g","caption":"fernando garcia"},"url":"https:\/\/ondauno.com.ar\/index.php\/author\/ondaunoeditor\/"}]}},"jetpack_publicize_connections":[],"jetpack_featured_media_url":"https:\/\/ondauno.com.ar\/wp-content\/uploads\/2020\/05\/hospital-lateral.jpg","jetpack_sharing_enabled":true,"_links":{"self":[{"href":"https:\/\/ondauno.com.ar\/index.php\/wp-json\/wp\/v2\/posts\/9592","targetHints":{"allow":["GET"]}}],"collection":[{"href":"https:\/\/ondauno.com.ar\/index.php\/wp-json\/wp\/v2\/posts"}],"about":[{"href":"https:\/\/ondauno.com.ar\/index.php\/wp-json\/wp\/v2\/types\/post"}],"author":[{"embeddable":true,"href":"https:\/\/ondauno.com.ar\/index.php\/wp-json\/wp\/v2\/users\/2"}],"replies":[{"embeddable":true,"href":"https:\/\/ondauno.com.ar\/index.php\/wp-json\/wp\/v2\/comments?post=9592"}],"version-history":[{"count":0,"href":"https:\/\/ondauno.com.ar\/index.php\/wp-json\/wp\/v2\/posts\/9592\/revisions"}],"wp:featuredmedia":[{"embeddable":true,"href":"https:\/\/ondauno.com.ar\/index.php\/wp-json\/wp\/v2\/media\/9593"}],"wp:attachment":[{"href":"https:\/\/ondauno.com.ar\/index.php\/wp-json\/wp\/v2\/media?parent=9592"}],"wp:term":[{"taxonomy":"category","embeddable":true,"href":"https:\/\/ondauno.com.ar\/index.php\/wp-json\/wp\/v2\/categories?post=9592"},{"taxonomy":"post_tag","embeddable":true,"href":"https:\/\/ondauno.com.ar\/index.php\/wp-json\/wp\/v2\/tags?post=9592"}],"curies":[{"name":"wp","href":"https:\/\/api.w.org\/{rel}","templated":true}]}}