{"id":9588,"date":"2020-05-04T17:23:38","date_gmt":"2020-05-04T20:23:38","guid":{"rendered":"http:\/\/ondauno.com.ar\/?p=9588"},"modified":"2020-05-04T17:23:41","modified_gmt":"2020-05-04T20:23:41","slug":"vecinos-reclamaron-justicia-por-el-fallecimiento-de-nina-de-once-anos-en-el-hospital-municipal","status":"publish","type":"post","link":"https:\/\/ondauno.com.ar\/index.php\/2020\/05\/04\/vecinos-reclamaron-justicia-por-el-fallecimiento-de-nina-de-once-anos-en-el-hospital-municipal\/","title":{"rendered":"Vecinos reclamaron justicia por el fallecimiento de ni\u00f1a de once a\u00f1os en el Hospital Municipal"},"content":{"rendered":"<div class=\"ondau-before-content_3\" style=\"margin-top: -30px;\" id=\"ondau-2557795972\"><a href=\"https:\/\/www.lps.com.ar\/\" aria-label=\"la-perse2\"><img loading=\"lazy\" decoding=\"async\" src=\"https:\/\/ondauno.com.ar\/wp-content\/uploads\/2021\/10\/la-perse2.jpg\" alt=\"\"  srcset=\"https:\/\/ondauno.com.ar\/wp-content\/uploads\/2021\/10\/la-perse2.jpg 1353w, https:\/\/ondauno.com.ar\/wp-content\/uploads\/2021\/10\/la-perse2-300x43.jpg 300w, https:\/\/ondauno.com.ar\/wp-content\/uploads\/2021\/10\/la-perse2-1024x148.jpg 1024w, https:\/\/ondauno.com.ar\/wp-content\/uploads\/2021\/10\/la-perse2-768x111.jpg 768w, https:\/\/ondauno.com.ar\/wp-content\/uploads\/2021\/10\/la-perse2-696x100.jpg 696w, https:\/\/ondauno.com.ar\/wp-content\/uploads\/2021\/10\/la-perse2-1068x154.jpg 1068w\" sizes=\"(max-width: 1353px) 100vw, 1353px\" class=\"no-lazyload\" width=\"1353\" height=\"195\"  style=\"display: inline-block;\" \/><\/a><\/div>\n<p>Alrededor de trescientos vecinos sancayetanenses se hicieron presentes en la Plaza Am\u00e9rica en horas de la ma\u00f1ana reclamando justicia y acompa\u00f1ando a la familia Smoulenar-Torres, quien tuvo que lamentar el fallecimiento de su hija de 11 a\u00f1os el pasado viernes en el Hospital Municipal.<\/p>\n\n\n\n<figure class=\"wp-block-image\"><img decoding=\"async\" data-src=\"https:\/\/caynet.com.ar\/wp-content\/uploads\/2020\/05\/JusticiaPorShaira-2.jpg\" alt=\"\" class=\"wp-image-21660 lazyload\" src=\"data:image\/gif;base64,R0lGODlhAQABAAAAACH5BAEKAAEALAAAAAABAAEAAAICTAEAOw==\" \/><noscript><img decoding=\"async\" src=\"https:\/\/caynet.com.ar\/wp-content\/uploads\/2020\/05\/JusticiaPorShaira-2.jpg\" alt=\"\" class=\"wp-image-21660\"\/><\/noscript><\/figure>\n\n\n\n<p>A las 9 horas fueron recibidos por el Intendente Municipal Miguel Gargaglione, quien el pasado s\u00e1bado manifest\u00f3 en las redes sociales del municipio: \u201cAcompa\u00f1o en el dolor a la familia Smoulenar-Torres\u201d y comprometi\u00f3 \u201cnuestro esfuerzo y colaboraci\u00f3n en la investigaci\u00f3n sobre las causas de tal fatal acontecimiento. En este duro momento no existen palabras que lleven consuelo, solo respeto. Que la Justicia act\u00fae con libertad y transparencia\u201d.<\/p>\n\n\n\n<figure class=\"wp-block-image\"><img decoding=\"async\" data-src=\"https:\/\/caynet.com.ar\/wp-content\/uploads\/2020\/05\/JusticiaPorShaira-3.jpg\" alt=\"\" class=\"wp-image-21661 lazyload\" src=\"data:image\/gif;base64,R0lGODlhAQABAAAAACH5BAEKAAEALAAAAAABAAEAAAICTAEAOw==\" \/><noscript><img decoding=\"async\" src=\"https:\/\/caynet.com.ar\/wp-content\/uploads\/2020\/05\/JusticiaPorShaira-3.jpg\" alt=\"\" class=\"wp-image-21661\"\/><\/noscript><\/figure>\n\n\n\n<p>Tras el encuentro de media hora con el jefe comunal, los familiares de la ni\u00f1a fueron aplaudidos por los vecinos, quienes hab\u00edan permanecido en silencio y distanciados entre s\u00ed, respetando las normas del aislamiento social por el Coronavirus. Luego cruzaron hacia la plaza donde recibieron abrazos sentidos, entre l\u00e1grimas y expresiones de dolor, solicitando justicia.<\/p>\n\n\n\n<figure class=\"wp-block-image\"><img decoding=\"async\" data-src=\"https:\/\/caynet.com.ar\/wp-content\/uploads\/2020\/05\/JusticiaPorShaira-4.jpg\" alt=\"\" class=\"wp-image-21662 lazyload\" src=\"data:image\/gif;base64,R0lGODlhAQABAAAAACH5BAEKAAEALAAAAAABAAEAAAICTAEAOw==\" \/><noscript><img decoding=\"async\" src=\"https:\/\/caynet.com.ar\/wp-content\/uploads\/2020\/05\/JusticiaPorShaira-4.jpg\" alt=\"\" class=\"wp-image-21662\"\/><\/noscript><\/figure>\n\n\n\n<p>Seg\u00fan manifestaron los padres de Shaira, asistieron al nosocomio local por primera vez el pasado lunes 27 de abril con su hija padeciendo s\u00edntomas de fiebre muy alta, por lo que el m\u00e9dico de guardia le diagnostic\u00f3 parasitosis, le recet\u00f3 medicamentos y la envi\u00f3 a su domicilio. Los s\u00edntomas se mantuvieron durante los siguientes d\u00edas, volviendo la familia a la guardia del Hospital, donde el mismo profesional le habr\u00eda diagnosticado gastritis y posteriormente infecci\u00f3n en las v\u00edas urinarias.<\/p>\n\n\n\n<figure class=\"wp-block-image\"><img decoding=\"async\" data-src=\"https:\/\/caynet.com.ar\/wp-content\/uploads\/2020\/05\/JusticiaPorShaira-5.jpg\" alt=\"\" class=\"wp-image-21663 lazyload\" src=\"data:image\/gif;base64,R0lGODlhAQABAAAAACH5BAEKAAEALAAAAAABAAEAAAICTAEAOw==\" \/><noscript><img decoding=\"async\" src=\"https:\/\/caynet.com.ar\/wp-content\/uploads\/2020\/05\/JusticiaPorShaira-5.jpg\" alt=\"\" class=\"wp-image-21663\"\/><\/noscript><\/figure>\n\n\n\n<p>Al desmejorar el cuadro de salud de la peque\u00f1a, el viernes 1 de mayo por la ma\u00f1ana, se produjo la internaci\u00f3n. En ese momento habr\u00eda intervenido un m\u00e9dico pediatra por primera vez, ya que dada la contextura f\u00edsica de la menor, el cl\u00ednico de guardia no habr\u00eda cre\u00eddo necesaria la intervenci\u00f3n de un profesional pedi\u00e1trico.<\/p>\n\n\n\n<figure class=\"wp-block-image\"><img decoding=\"async\" data-src=\"https:\/\/caynet.com.ar\/wp-content\/uploads\/2020\/05\/JusticiaPorShaira-6.jpg\" alt=\"\" class=\"wp-image-21664 lazyload\" src=\"data:image\/gif;base64,R0lGODlhAQABAAAAACH5BAEKAAEALAAAAAABAAEAAAICTAEAOw==\" \/><noscript><img decoding=\"async\" src=\"https:\/\/caynet.com.ar\/wp-content\/uploads\/2020\/05\/JusticiaPorShaira-6.jpg\" alt=\"\" class=\"wp-image-21664\"\/><\/noscript><\/figure>\n\n\n\n<p>La ni\u00f1a se descompens\u00f3 el viernes alrededor de las 16 horas y el fallecimiento se produjo en un breve lapso de tiempo. Los familiares radicaron la denuncia y fue realizada la autopsia durante el fin de semana, pero hasta hoy a la ma\u00f1ana los padres esperaban los resultados.<\/p>\n\n\n\n<p>FUENTE:  <a href=\"https:\/\/caynet.com.ar\/\">https:\/\/caynet.com.ar\/<\/a> <\/p>\n","protected":false},"excerpt":{"rendered":"<p>Alrededor de trescientos vecinos sancayetanenses se hicieron presentes en la Plaza Am\u00e9rica en horas de la ma\u00f1ana reclamando justicia y acompa\u00f1ando a la familia Smoulenar-Torres, quien tuvo que lamentar el fallecimiento de su hija de 11 a\u00f1os el pasado viernes en el Hospital Municipal. A las 9 horas fueron recibidos por el Intendente Municipal Miguel [&hellip;]<\/p>\n","protected":false},"author":2,"featured_media":9590,"comment_status":"open","ping_status":"open","sticky":false,"template":"","format":"standard","meta":{"tdm_status":"","tdm_grid_status":"","_jetpack_memberships_contains_paid_content":false,"footnotes":"","jetpack_publicize_message":"","jetpack_publicize_feature_enabled":true,"jetpack_social_post_already_shared":false,"jetpack_social_options":{"image_generator_settings":{"template":"highway","default_image_id":0,"font":"","enabled":false},"version":2}},"categories":[35],"tags":[],"class_list":{"0":"post-9588","1":"post","2":"type-post","3":"status-publish","4":"format-standard","5":"has-post-thumbnail","7":"category-regionales"},"yoast_head":"<!-- This site is optimized with the Yoast SEO plugin v22.7 - https:\/\/yoast.com\/wordpress\/plugins\/seo\/ -->\n<title>Vecinos reclamaron justicia por el fallecimiento de ni\u00f1a de once a\u00f1os en el Hospital Municipal - 103.9 fm<\/title>\n<meta name=\"robots\" content=\"index, follow, max-snippet:-1, max-image-preview:large, max-video-preview:-1\" \/>\n<link rel=\"canonical\" href=\"https:\/\/ondauno.com.ar\/index.php\/2020\/05\/04\/vecinos-reclamaron-justicia-por-el-fallecimiento-de-nina-de-once-anos-en-el-hospital-municipal\/\" \/>\n<meta property=\"og:locale\" content=\"es_ES\" \/>\n<meta property=\"og:type\" content=\"article\" \/>\n<meta property=\"og:title\" content=\"Vecinos reclamaron justicia por el fallecimiento de ni\u00f1a de once a\u00f1os en el Hospital Municipal - 103.9 fm\" \/>\n<meta property=\"og:description\" content=\"Alrededor de trescientos vecinos sancayetanenses se hicieron presentes en la Plaza Am\u00e9rica en horas de la ma\u00f1ana reclamando justicia y acompa\u00f1ando a la familia Smoulenar-Torres, quien tuvo que lamentar el fallecimiento de su hija de 11 a\u00f1os el pasado viernes en el Hospital Municipal. A las 9 horas fueron recibidos por el Intendente Municipal Miguel [&hellip;]\" \/>\n<meta property=\"og:url\" content=\"https:\/\/ondauno.com.ar\/index.php\/2020\/05\/04\/vecinos-reclamaron-justicia-por-el-fallecimiento-de-nina-de-once-anos-en-el-hospital-municipal\/\" \/>\n<meta property=\"og:site_name\" content=\"103.9 fm\" \/>\n<meta property=\"article:publisher\" content=\"https:\/\/www.facebook.com\/ondauno103.9\" \/>\n<meta property=\"article:published_time\" content=\"2020-05-04T20:23:38+00:00\" \/>\n<meta property=\"article:modified_time\" content=\"2020-05-04T20:23:41+00:00\" \/>\n<meta property=\"og:image\" content=\"https:\/\/ondauno.com.ar\/wp-content\/uploads\/2020\/05\/JusticiaPorShaira-1.jpg\" \/>\n\t<meta property=\"og:image:width\" content=\"1024\" \/>\n\t<meta property=\"og:image:height\" content=\"768\" \/>\n\t<meta property=\"og:image:type\" content=\"image\/jpeg\" \/>\n<meta name=\"author\" content=\"fernando garcia\" \/>\n<meta name=\"twitter:card\" content=\"summary_large_image\" \/>\n<meta name=\"twitter:label1\" content=\"Escrito por\" \/>\n\t<meta name=\"twitter:data1\" content=\"fernando garcia\" \/>\n\t<meta name=\"twitter:label2\" content=\"Tiempo de lectura\" \/>\n\t<meta name=\"twitter:data2\" content=\"2 minutos\" \/>\n<script type=\"application\/ld+json\" class=\"yoast-schema-graph\">{\"@context\":\"https:\/\/schema.org\",\"@graph\":[{\"@type\":\"WebPage\",\"@id\":\"https:\/\/ondauno.com.ar\/index.php\/2020\/05\/04\/vecinos-reclamaron-justicia-por-el-fallecimiento-de-nina-de-once-anos-en-el-hospital-municipal\/\",\"url\":\"https:\/\/ondauno.com.ar\/index.php\/2020\/05\/04\/vecinos-reclamaron-justicia-por-el-fallecimiento-de-nina-de-once-anos-en-el-hospital-municipal\/\",\"name\":\"Vecinos reclamaron justicia por el fallecimiento de ni\u00f1a de once a\u00f1os en el Hospital Municipal - 103.9 fm\",\"isPartOf\":{\"@id\":\"https:\/\/ondauno.com.ar\/#website\"},\"primaryImageOfPage\":{\"@id\":\"https:\/\/ondauno.com.ar\/index.php\/2020\/05\/04\/vecinos-reclamaron-justicia-por-el-fallecimiento-de-nina-de-once-anos-en-el-hospital-municipal\/#primaryimage\"},\"image\":{\"@id\":\"https:\/\/ondauno.com.ar\/index.php\/2020\/05\/04\/vecinos-reclamaron-justicia-por-el-fallecimiento-de-nina-de-once-anos-en-el-hospital-municipal\/#primaryimage\"},\"thumbnailUrl\":\"https:\/\/ondauno.com.ar\/wp-content\/uploads\/2020\/05\/JusticiaPorShaira-1.jpg\",\"datePublished\":\"2020-05-04T20:23:38+00:00\",\"dateModified\":\"2020-05-04T20:23:41+00:00\",\"author\":{\"@id\":\"https:\/\/ondauno.com.ar\/#\/schema\/person\/201d1b68e6c75e0fd396fe5f8af5d139\"},\"breadcrumb\":{\"@id\":\"https:\/\/ondauno.com.ar\/index.php\/2020\/05\/04\/vecinos-reclamaron-justicia-por-el-fallecimiento-de-nina-de-once-anos-en-el-hospital-municipal\/#breadcrumb\"},\"inLanguage\":\"es-AR\",\"potentialAction\":[{\"@type\":\"ReadAction\",\"target\":[\"https:\/\/ondauno.com.ar\/index.php\/2020\/05\/04\/vecinos-reclamaron-justicia-por-el-fallecimiento-de-nina-de-once-anos-en-el-hospital-municipal\/\"]}]},{\"@type\":\"ImageObject\",\"inLanguage\":\"es-AR\",\"@id\":\"https:\/\/ondauno.com.ar\/index.php\/2020\/05\/04\/vecinos-reclamaron-justicia-por-el-fallecimiento-de-nina-de-once-anos-en-el-hospital-municipal\/#primaryimage\",\"url\":\"https:\/\/ondauno.com.ar\/wp-content\/uploads\/2020\/05\/JusticiaPorShaira-1.jpg\",\"contentUrl\":\"https:\/\/ondauno.com.ar\/wp-content\/uploads\/2020\/05\/JusticiaPorShaira-1.jpg\",\"width\":1024,\"height\":768},{\"@type\":\"BreadcrumbList\",\"@id\":\"https:\/\/ondauno.com.ar\/index.php\/2020\/05\/04\/vecinos-reclamaron-justicia-por-el-fallecimiento-de-nina-de-once-anos-en-el-hospital-municipal\/#breadcrumb\",\"itemListElement\":[{\"@type\":\"ListItem\",\"position\":1,\"name\":\"Inicio\",\"item\":\"https:\/\/ondauno.com.ar\/\"},{\"@type\":\"ListItem\",\"position\":2,\"name\":\"Vecinos reclamaron justicia por el fallecimiento de ni\u00f1a de once a\u00f1os en el Hospital Municipal\"}]},{\"@type\":\"WebSite\",\"@id\":\"https:\/\/ondauno.com.ar\/#website\",\"url\":\"https:\/\/ondauno.com.ar\/\",\"name\":\"103.9 fm\",\"description\":\"LA PRIMERA RADIO MULTIMEDIA DE TRES ARROYOS\",\"potentialAction\":[{\"@type\":\"SearchAction\",\"target\":{\"@type\":\"EntryPoint\",\"urlTemplate\":\"https:\/\/ondauno.com.ar\/?s={search_term_string}\"},\"query-input\":\"required name=search_term_string\"}],\"inLanguage\":\"es-AR\"},{\"@type\":\"Person\",\"@id\":\"https:\/\/ondauno.com.ar\/#\/schema\/person\/201d1b68e6c75e0fd396fe5f8af5d139\",\"name\":\"fernando garcia\",\"image\":{\"@type\":\"ImageObject\",\"inLanguage\":\"es-AR\",\"@id\":\"https:\/\/ondauno.com.ar\/#\/schema\/person\/image\/\",\"url\":\"https:\/\/secure.gravatar.com\/avatar\/5f7254642ad81272e79a2e69653cfdfc?s=96&d=mm&r=g\",\"contentUrl\":\"https:\/\/secure.gravatar.com\/avatar\/5f7254642ad81272e79a2e69653cfdfc?s=96&d=mm&r=g\",\"caption\":\"fernando garcia\"},\"url\":\"https:\/\/ondauno.com.ar\/index.php\/author\/ondaunoeditor\/\"}]}<\/script>\n<!-- \/ Yoast SEO plugin. -->","yoast_head_json":{"title":"Vecinos reclamaron justicia por el fallecimiento de ni\u00f1a de once a\u00f1os en el Hospital Municipal - 103.9 fm","robots":{"index":"index","follow":"follow","max-snippet":"max-snippet:-1","max-image-preview":"max-image-preview:large","max-video-preview":"max-video-preview:-1"},"canonical":"https:\/\/ondauno.com.ar\/index.php\/2020\/05\/04\/vecinos-reclamaron-justicia-por-el-fallecimiento-de-nina-de-once-anos-en-el-hospital-municipal\/","og_locale":"es_ES","og_type":"article","og_title":"Vecinos reclamaron justicia por el fallecimiento de ni\u00f1a de once a\u00f1os en el Hospital Municipal - 103.9 fm","og_description":"Alrededor de trescientos vecinos sancayetanenses se hicieron presentes en la Plaza Am\u00e9rica en horas de la ma\u00f1ana reclamando justicia y acompa\u00f1ando a la familia Smoulenar-Torres, quien tuvo que lamentar el fallecimiento de su hija de 11 a\u00f1os el pasado viernes en el Hospital Municipal. A las 9 horas fueron recibidos por el Intendente Municipal Miguel [&hellip;]","og_url":"https:\/\/ondauno.com.ar\/index.php\/2020\/05\/04\/vecinos-reclamaron-justicia-por-el-fallecimiento-de-nina-de-once-anos-en-el-hospital-municipal\/","og_site_name":"103.9 fm","article_publisher":"https:\/\/www.facebook.com\/ondauno103.9","article_published_time":"2020-05-04T20:23:38+00:00","article_modified_time":"2020-05-04T20:23:41+00:00","og_image":[{"width":1024,"height":768,"url":"https:\/\/ondauno.com.ar\/wp-content\/uploads\/2020\/05\/JusticiaPorShaira-1.jpg","type":"image\/jpeg"}],"author":"fernando garcia","twitter_card":"summary_large_image","twitter_misc":{"Escrito por":"fernando garcia","Tiempo de lectura":"2 minutos"},"schema":{"@context":"https:\/\/schema.org","@graph":[{"@type":"WebPage","@id":"https:\/\/ondauno.com.ar\/index.php\/2020\/05\/04\/vecinos-reclamaron-justicia-por-el-fallecimiento-de-nina-de-once-anos-en-el-hospital-municipal\/","url":"https:\/\/ondauno.com.ar\/index.php\/2020\/05\/04\/vecinos-reclamaron-justicia-por-el-fallecimiento-de-nina-de-once-anos-en-el-hospital-municipal\/","name":"Vecinos reclamaron justicia por el fallecimiento de ni\u00f1a de once a\u00f1os en el Hospital Municipal - 103.9 fm","isPartOf":{"@id":"https:\/\/ondauno.com.ar\/#website"},"primaryImageOfPage":{"@id":"https:\/\/ondauno.com.ar\/index.php\/2020\/05\/04\/vecinos-reclamaron-justicia-por-el-fallecimiento-de-nina-de-once-anos-en-el-hospital-municipal\/#primaryimage"},"image":{"@id":"https:\/\/ondauno.com.ar\/index.php\/2020\/05\/04\/vecinos-reclamaron-justicia-por-el-fallecimiento-de-nina-de-once-anos-en-el-hospital-municipal\/#primaryimage"},"thumbnailUrl":"https:\/\/ondauno.com.ar\/wp-content\/uploads\/2020\/05\/JusticiaPorShaira-1.jpg","datePublished":"2020-05-04T20:23:38+00:00","dateModified":"2020-05-04T20:23:41+00:00","author":{"@id":"https:\/\/ondauno.com.ar\/#\/schema\/person\/201d1b68e6c75e0fd396fe5f8af5d139"},"breadcrumb":{"@id":"https:\/\/ondauno.com.ar\/index.php\/2020\/05\/04\/vecinos-reclamaron-justicia-por-el-fallecimiento-de-nina-de-once-anos-en-el-hospital-municipal\/#breadcrumb"},"inLanguage":"es-AR","potentialAction":[{"@type":"ReadAction","target":["https:\/\/ondauno.com.ar\/index.php\/2020\/05\/04\/vecinos-reclamaron-justicia-por-el-fallecimiento-de-nina-de-once-anos-en-el-hospital-municipal\/"]}]},{"@type":"ImageObject","inLanguage":"es-AR","@id":"https:\/\/ondauno.com.ar\/index.php\/2020\/05\/04\/vecinos-reclamaron-justicia-por-el-fallecimiento-de-nina-de-once-anos-en-el-hospital-municipal\/#primaryimage","url":"https:\/\/ondauno.com.ar\/wp-content\/uploads\/2020\/05\/JusticiaPorShaira-1.jpg","contentUrl":"https:\/\/ondauno.com.ar\/wp-content\/uploads\/2020\/05\/JusticiaPorShaira-1.jpg","width":1024,"height":768},{"@type":"BreadcrumbList","@id":"https:\/\/ondauno.com.ar\/index.php\/2020\/05\/04\/vecinos-reclamaron-justicia-por-el-fallecimiento-de-nina-de-once-anos-en-el-hospital-municipal\/#breadcrumb","itemListElement":[{"@type":"ListItem","position":1,"name":"Inicio","item":"https:\/\/ondauno.com.ar\/"},{"@type":"ListItem","position":2,"name":"Vecinos reclamaron justicia por el fallecimiento de ni\u00f1a de once a\u00f1os en el Hospital Municipal"}]},{"@type":"WebSite","@id":"https:\/\/ondauno.com.ar\/#website","url":"https:\/\/ondauno.com.ar\/","name":"103.9 fm","description":"LA PRIMERA RADIO MULTIMEDIA DE TRES ARROYOS","potentialAction":[{"@type":"SearchAction","target":{"@type":"EntryPoint","urlTemplate":"https:\/\/ondauno.com.ar\/?s={search_term_string}"},"query-input":"required name=search_term_string"}],"inLanguage":"es-AR"},{"@type":"Person","@id":"https:\/\/ondauno.com.ar\/#\/schema\/person\/201d1b68e6c75e0fd396fe5f8af5d139","name":"fernando garcia","image":{"@type":"ImageObject","inLanguage":"es-AR","@id":"https:\/\/ondauno.com.ar\/#\/schema\/person\/image\/","url":"https:\/\/secure.gravatar.com\/avatar\/5f7254642ad81272e79a2e69653cfdfc?s=96&d=mm&r=g","contentUrl":"https:\/\/secure.gravatar.com\/avatar\/5f7254642ad81272e79a2e69653cfdfc?s=96&d=mm&r=g","caption":"fernando garcia"},"url":"https:\/\/ondauno.com.ar\/index.php\/author\/ondaunoeditor\/"}]}},"jetpack_publicize_connections":[],"jetpack_featured_media_url":"https:\/\/ondauno.com.ar\/wp-content\/uploads\/2020\/05\/JusticiaPorShaira-1.jpg","jetpack_sharing_enabled":true,"_links":{"self":[{"href":"https:\/\/ondauno.com.ar\/index.php\/wp-json\/wp\/v2\/posts\/9588","targetHints":{"allow":["GET"]}}],"collection":[{"href":"https:\/\/ondauno.com.ar\/index.php\/wp-json\/wp\/v2\/posts"}],"about":[{"href":"https:\/\/ondauno.com.ar\/index.php\/wp-json\/wp\/v2\/types\/post"}],"author":[{"embeddable":true,"href":"https:\/\/ondauno.com.ar\/index.php\/wp-json\/wp\/v2\/users\/2"}],"replies":[{"embeddable":true,"href":"https:\/\/ondauno.com.ar\/index.php\/wp-json\/wp\/v2\/comments?post=9588"}],"version-history":[{"count":0,"href":"https:\/\/ondauno.com.ar\/index.php\/wp-json\/wp\/v2\/posts\/9588\/revisions"}],"wp:featuredmedia":[{"embeddable":true,"href":"https:\/\/ondauno.com.ar\/index.php\/wp-json\/wp\/v2\/media\/9590"}],"wp:attachment":[{"href":"https:\/\/ondauno.com.ar\/index.php\/wp-json\/wp\/v2\/media?parent=9588"}],"wp:term":[{"taxonomy":"category","embeddable":true,"href":"https:\/\/ondauno.com.ar\/index.php\/wp-json\/wp\/v2\/categories?post=9588"},{"taxonomy":"post_tag","embeddable":true,"href":"https:\/\/ondauno.com.ar\/index.php\/wp-json\/wp\/v2\/tags?post=9588"}],"curies":[{"name":"wp","href":"https:\/\/api.w.org\/{rel}","templated":true}]}}