{"id":9551,"date":"2020-05-04T10:23:18","date_gmt":"2020-05-04T13:23:18","guid":{"rendered":"http:\/\/ondauno.com.ar\/?p=9551"},"modified":"2020-05-04T10:23:21","modified_gmt":"2020-05-04T13:23:21","slug":"comenzo-la-inscripcion-de-creditos-a-tasa-cero-para-monotributistas-y-autonomos","status":"publish","type":"post","link":"https:\/\/ondauno.com.ar\/index.php\/2020\/05\/04\/comenzo-la-inscripcion-de-creditos-a-tasa-cero-para-monotributistas-y-autonomos\/","title":{"rendered":"Comenz\u00f3 la inscripci\u00f3n de cr\u00e9ditos a tasa cero para monotributistas y aut\u00f3nomos"},"content":{"rendered":"<div class=\"ondau-before-content_3\" style=\"margin-top: -30px;\" id=\"ondau-2204597452\"><a href=\"https:\/\/www.lps.com.ar\/\" aria-label=\"la-perse2\"><img loading=\"lazy\" decoding=\"async\" src=\"https:\/\/ondauno.com.ar\/wp-content\/uploads\/2021\/10\/la-perse2.jpg\" alt=\"\"  srcset=\"https:\/\/ondauno.com.ar\/wp-content\/uploads\/2021\/10\/la-perse2.jpg 1353w, https:\/\/ondauno.com.ar\/wp-content\/uploads\/2021\/10\/la-perse2-300x43.jpg 300w, https:\/\/ondauno.com.ar\/wp-content\/uploads\/2021\/10\/la-perse2-1024x148.jpg 1024w, https:\/\/ondauno.com.ar\/wp-content\/uploads\/2021\/10\/la-perse2-768x111.jpg 768w, https:\/\/ondauno.com.ar\/wp-content\/uploads\/2021\/10\/la-perse2-696x100.jpg 696w, https:\/\/ondauno.com.ar\/wp-content\/uploads\/2021\/10\/la-perse2-1068x154.jpg 1068w\" sizes=\"(max-width: 1353px) 100vw, 1353px\" class=\"no-lazyload\" width=\"1353\" height=\"195\"  style=\"display: inline-block;\" \/><\/a><\/div>\n<h2 class=\"wp-block-heading\">Desde este lunes se pueden llevar a cabo los tr\u00e1mites para poder acceder a los prestamos sin inter\u00e9s.<\/h2>\n\n\n\n<p>Desde este lunes, los\u00a0<strong>monotributistas y aut\u00f3nomos\u00a0<\/strong>podr\u00e1n inscribirse para solicitar cr\u00e9ditos a Tasa 0 seg\u00fan lo dispuso la\u00a0<strong>Administraci\u00f3n Federal de Ingresos P\u00fablicos (AFIP)<\/strong>\u00a0a trav\u00e9s de la Resoluci\u00f3n General 4707\/2020. El tr\u00e1mite se podr\u00e1 realizar hasta el 29 de mayo inclusive.\u00a0<\/p>\n\n\n\n<p>En caso de no tener una tarjeta de cr\u00e9dito, el Banco Central (BCRA) orden\u00f3 a las entidades financieras que les garanticen una a estos clientes sin ning\u00fan costo, de modo que puedan utilizar el cr\u00e9dito que le fue asignado.<br>&nbsp;<\/p>\n\n\n\n<h3 class=\"wp-block-heading\"><strong>C\u00f3mo hacer el tr\u00e1mite:<\/strong><\/h3>\n\n\n\n<p>-El monotributista o trabajador aut\u00f3nomo deber\u00e1&nbsp;tramitarlo a trav\u00e9s de la p\u00e1gina web de la AFIP,&nbsp;donde&nbsp;a partir del lunes 4 de mayo, encontrar\u00e1 una secci\u00f3n llamada &#8220;Cr\u00e9dito Tasa Cero&#8221;.<\/p>\n\n\n\n<p>-El interesado deber\u00e1 contar con&nbsp;Clave Fiscal nivel Seguridad 2, como m\u00ednimo,&nbsp;y deber\u00e1 haber registrado el&nbsp;domicilio fiscal electr\u00f3nico&nbsp;en la web de la AFIP.<\/p>\n\n\n\n<p>-Deber\u00e1&nbsp;informar el monto total pretendido. El sistema le indicar\u00e1 los montos m\u00ednimo y m\u00e1ximo del cr\u00e9dito susceptible de ser otorgado. (El monto m\u00e1ximo al que se puede acceder es 150 mil pesos que&nbsp;se acreditar\u00e1n en tres cuotas mensuales, consecutivas e iguales en la tarjeta de cr\u00e9dito del beneficiario).<\/p>\n\n\n\n<p>-Deber\u00e1 indicarse el&nbsp;n\u00famero de tarjeta de cr\u00e9dito&nbsp;donde se acreditar\u00e1n&nbsp;los tres tramos mensuales del pr\u00e9stamo.<\/p>\n\n\n\n<p>-En caso de no poseer tarjeta de cr\u00e9dito se deber\u00e1 informar cu\u00e1l es la entidad bancaria elegida para tramitar el cr\u00e9dito.<\/p>\n\n\n\n<p>-Al finalizar la carga de datos, la informaci\u00f3n ser\u00e1 remitida por la AFIP al&nbsp;Banco Central para su verificaci\u00f3n.&nbsp;En caso de que la solicitud sea rechazada el sistema indicar\u00e1 al monotributista o trabajador aut\u00f3nomo las razones&nbsp;por las cuales se le deniega el cr\u00e9dito.<\/p>\n\n\n\n<p>-Efectuado el otorgamiento del cr\u00e9dito por parte de la entidad bancaria, \u00e9sta adicionar\u00e1, a cada una de las cuotas de desembolso, el monto equivalente a las obligaciones de tres per\u00edodos fiscales consecutivos<\/p>\n\n\n\n<p>La AFIP comunica, adem\u00e1s, que&nbsp;la entidad bancaria realizar\u00e1, en el mismo momento del desembolso de la cuota del cr\u00e9dito, el pago del \u201cVolante Electr\u00f3nico de Pago\u201d correspondiente&nbsp;a cada uno de los per\u00edodos fiscales, en nombre del contribuyente.<\/p>\n\n\n\n<p>Aquellos sujetos adheridos al d\u00e9bito autom\u00e1tico deber\u00e1n solicitar un stop debit por los per\u00edodos fiscales que se cancelen con esta modalidad.<\/p>\n","protected":false},"excerpt":{"rendered":"<p>Desde este lunes se pueden llevar a cabo los tr\u00e1mites para poder acceder a los prestamos sin inter\u00e9s. Desde este lunes, los\u00a0monotributistas y aut\u00f3nomos\u00a0podr\u00e1n inscribirse para solicitar cr\u00e9ditos a Tasa 0 seg\u00fan lo dispuso la\u00a0Administraci\u00f3n Federal de Ingresos P\u00fablicos (AFIP)\u00a0a trav\u00e9s de la Resoluci\u00f3n General 4707\/2020. El tr\u00e1mite se podr\u00e1 realizar hasta el 29 de [&hellip;]<\/p>\n","protected":false},"author":2,"featured_media":9552,"comment_status":"open","ping_status":"open","sticky":false,"template":"","format":"standard","meta":{"tdm_status":"","tdm_grid_status":"","_jetpack_memberships_contains_paid_content":false,"footnotes":"","jetpack_publicize_message":"","jetpack_publicize_feature_enabled":true,"jetpack_social_post_already_shared":false,"jetpack_social_options":{"image_generator_settings":{"template":"highway","default_image_id":0,"font":"","enabled":false},"version":2}},"categories":[3],"tags":[],"class_list":{"0":"post-9551","1":"post","2":"type-post","3":"status-publish","4":"format-standard","5":"has-post-thumbnail","7":"category-nacionales"},"yoast_head":"<!-- This site is optimized with the Yoast SEO plugin v22.7 - https:\/\/yoast.com\/wordpress\/plugins\/seo\/ -->\n<title>Comenz\u00f3 la inscripci\u00f3n de cr\u00e9ditos a tasa cero para monotributistas y aut\u00f3nomos - 103.9 fm<\/title>\n<meta name=\"robots\" content=\"index, follow, max-snippet:-1, max-image-preview:large, max-video-preview:-1\" \/>\n<link rel=\"canonical\" href=\"https:\/\/ondauno.com.ar\/index.php\/2020\/05\/04\/comenzo-la-inscripcion-de-creditos-a-tasa-cero-para-monotributistas-y-autonomos\/\" \/>\n<meta property=\"og:locale\" content=\"es_ES\" \/>\n<meta property=\"og:type\" content=\"article\" \/>\n<meta property=\"og:title\" content=\"Comenz\u00f3 la inscripci\u00f3n de cr\u00e9ditos a tasa cero para monotributistas y aut\u00f3nomos - 103.9 fm\" \/>\n<meta property=\"og:description\" content=\"Desde este lunes se pueden llevar a cabo los tr\u00e1mites para poder acceder a los prestamos sin inter\u00e9s. Desde este lunes, los\u00a0monotributistas y aut\u00f3nomos\u00a0podr\u00e1n inscribirse para solicitar cr\u00e9ditos a Tasa 0 seg\u00fan lo dispuso la\u00a0Administraci\u00f3n Federal de Ingresos P\u00fablicos (AFIP)\u00a0a trav\u00e9s de la Resoluci\u00f3n General 4707\/2020. El tr\u00e1mite se podr\u00e1 realizar hasta el 29 de [&hellip;]\" \/>\n<meta property=\"og:url\" content=\"https:\/\/ondauno.com.ar\/index.php\/2020\/05\/04\/comenzo-la-inscripcion-de-creditos-a-tasa-cero-para-monotributistas-y-autonomos\/\" \/>\n<meta property=\"og:site_name\" content=\"103.9 fm\" \/>\n<meta property=\"article:publisher\" content=\"https:\/\/www.facebook.com\/ondauno103.9\" \/>\n<meta property=\"article:published_time\" content=\"2020-05-04T13:23:18+00:00\" \/>\n<meta property=\"article:modified_time\" content=\"2020-05-04T13:23:21+00:00\" \/>\n<meta property=\"og:image\" content=\"https:\/\/ondauno.com.ar\/wp-content\/uploads\/2020\/05\/tasa-cero-monotributo-779x458.jpg\" \/>\n\t<meta property=\"og:image:width\" content=\"779\" \/>\n\t<meta property=\"og:image:height\" content=\"458\" \/>\n\t<meta property=\"og:image:type\" content=\"image\/jpeg\" \/>\n<meta name=\"author\" content=\"fernando garcia\" \/>\n<meta name=\"twitter:card\" content=\"summary_large_image\" \/>\n<meta name=\"twitter:label1\" content=\"Escrito por\" \/>\n\t<meta name=\"twitter:data1\" content=\"fernando garcia\" \/>\n\t<meta name=\"twitter:label2\" content=\"Tiempo de lectura\" \/>\n\t<meta name=\"twitter:data2\" content=\"2 minutos\" \/>\n<script type=\"application\/ld+json\" class=\"yoast-schema-graph\">{\"@context\":\"https:\/\/schema.org\",\"@graph\":[{\"@type\":\"WebPage\",\"@id\":\"https:\/\/ondauno.com.ar\/index.php\/2020\/05\/04\/comenzo-la-inscripcion-de-creditos-a-tasa-cero-para-monotributistas-y-autonomos\/\",\"url\":\"https:\/\/ondauno.com.ar\/index.php\/2020\/05\/04\/comenzo-la-inscripcion-de-creditos-a-tasa-cero-para-monotributistas-y-autonomos\/\",\"name\":\"Comenz\u00f3 la inscripci\u00f3n de cr\u00e9ditos a tasa cero para monotributistas y aut\u00f3nomos - 103.9 fm\",\"isPartOf\":{\"@id\":\"https:\/\/ondauno.com.ar\/#website\"},\"primaryImageOfPage\":{\"@id\":\"https:\/\/ondauno.com.ar\/index.php\/2020\/05\/04\/comenzo-la-inscripcion-de-creditos-a-tasa-cero-para-monotributistas-y-autonomos\/#primaryimage\"},\"image\":{\"@id\":\"https:\/\/ondauno.com.ar\/index.php\/2020\/05\/04\/comenzo-la-inscripcion-de-creditos-a-tasa-cero-para-monotributistas-y-autonomos\/#primaryimage\"},\"thumbnailUrl\":\"https:\/\/ondauno.com.ar\/wp-content\/uploads\/2020\/05\/tasa-cero-monotributo-779x458.jpg\",\"datePublished\":\"2020-05-04T13:23:18+00:00\",\"dateModified\":\"2020-05-04T13:23:21+00:00\",\"author\":{\"@id\":\"https:\/\/ondauno.com.ar\/#\/schema\/person\/201d1b68e6c75e0fd396fe5f8af5d139\"},\"breadcrumb\":{\"@id\":\"https:\/\/ondauno.com.ar\/index.php\/2020\/05\/04\/comenzo-la-inscripcion-de-creditos-a-tasa-cero-para-monotributistas-y-autonomos\/#breadcrumb\"},\"inLanguage\":\"es-AR\",\"potentialAction\":[{\"@type\":\"ReadAction\",\"target\":[\"https:\/\/ondauno.com.ar\/index.php\/2020\/05\/04\/comenzo-la-inscripcion-de-creditos-a-tasa-cero-para-monotributistas-y-autonomos\/\"]}]},{\"@type\":\"ImageObject\",\"inLanguage\":\"es-AR\",\"@id\":\"https:\/\/ondauno.com.ar\/index.php\/2020\/05\/04\/comenzo-la-inscripcion-de-creditos-a-tasa-cero-para-monotributistas-y-autonomos\/#primaryimage\",\"url\":\"https:\/\/ondauno.com.ar\/wp-content\/uploads\/2020\/05\/tasa-cero-monotributo-779x458.jpg\",\"contentUrl\":\"https:\/\/ondauno.com.ar\/wp-content\/uploads\/2020\/05\/tasa-cero-monotributo-779x458.jpg\",\"width\":779,\"height\":458},{\"@type\":\"BreadcrumbList\",\"@id\":\"https:\/\/ondauno.com.ar\/index.php\/2020\/05\/04\/comenzo-la-inscripcion-de-creditos-a-tasa-cero-para-monotributistas-y-autonomos\/#breadcrumb\",\"itemListElement\":[{\"@type\":\"ListItem\",\"position\":1,\"name\":\"Inicio\",\"item\":\"https:\/\/ondauno.com.ar\/\"},{\"@type\":\"ListItem\",\"position\":2,\"name\":\"Comenz\u00f3 la inscripci\u00f3n de cr\u00e9ditos a tasa cero para monotributistas y aut\u00f3nomos\"}]},{\"@type\":\"WebSite\",\"@id\":\"https:\/\/ondauno.com.ar\/#website\",\"url\":\"https:\/\/ondauno.com.ar\/\",\"name\":\"103.9 fm\",\"description\":\"LA PRIMERA RADIO MULTIMEDIA DE TRES ARROYOS\",\"potentialAction\":[{\"@type\":\"SearchAction\",\"target\":{\"@type\":\"EntryPoint\",\"urlTemplate\":\"https:\/\/ondauno.com.ar\/?s={search_term_string}\"},\"query-input\":\"required name=search_term_string\"}],\"inLanguage\":\"es-AR\"},{\"@type\":\"Person\",\"@id\":\"https:\/\/ondauno.com.ar\/#\/schema\/person\/201d1b68e6c75e0fd396fe5f8af5d139\",\"name\":\"fernando garcia\",\"image\":{\"@type\":\"ImageObject\",\"inLanguage\":\"es-AR\",\"@id\":\"https:\/\/ondauno.com.ar\/#\/schema\/person\/image\/\",\"url\":\"https:\/\/secure.gravatar.com\/avatar\/5f7254642ad81272e79a2e69653cfdfc?s=96&d=mm&r=g\",\"contentUrl\":\"https:\/\/secure.gravatar.com\/avatar\/5f7254642ad81272e79a2e69653cfdfc?s=96&d=mm&r=g\",\"caption\":\"fernando garcia\"},\"url\":\"https:\/\/ondauno.com.ar\/index.php\/author\/ondaunoeditor\/\"}]}<\/script>\n<!-- \/ Yoast SEO plugin. -->","yoast_head_json":{"title":"Comenz\u00f3 la inscripci\u00f3n de cr\u00e9ditos a tasa cero para monotributistas y aut\u00f3nomos - 103.9 fm","robots":{"index":"index","follow":"follow","max-snippet":"max-snippet:-1","max-image-preview":"max-image-preview:large","max-video-preview":"max-video-preview:-1"},"canonical":"https:\/\/ondauno.com.ar\/index.php\/2020\/05\/04\/comenzo-la-inscripcion-de-creditos-a-tasa-cero-para-monotributistas-y-autonomos\/","og_locale":"es_ES","og_type":"article","og_title":"Comenz\u00f3 la inscripci\u00f3n de cr\u00e9ditos a tasa cero para monotributistas y aut\u00f3nomos - 103.9 fm","og_description":"Desde este lunes se pueden llevar a cabo los tr\u00e1mites para poder acceder a los prestamos sin inter\u00e9s. Desde este lunes, los\u00a0monotributistas y aut\u00f3nomos\u00a0podr\u00e1n inscribirse para solicitar cr\u00e9ditos a Tasa 0 seg\u00fan lo dispuso la\u00a0Administraci\u00f3n Federal de Ingresos P\u00fablicos (AFIP)\u00a0a trav\u00e9s de la Resoluci\u00f3n General 4707\/2020. El tr\u00e1mite se podr\u00e1 realizar hasta el 29 de [&hellip;]","og_url":"https:\/\/ondauno.com.ar\/index.php\/2020\/05\/04\/comenzo-la-inscripcion-de-creditos-a-tasa-cero-para-monotributistas-y-autonomos\/","og_site_name":"103.9 fm","article_publisher":"https:\/\/www.facebook.com\/ondauno103.9","article_published_time":"2020-05-04T13:23:18+00:00","article_modified_time":"2020-05-04T13:23:21+00:00","og_image":[{"width":779,"height":458,"url":"https:\/\/ondauno.com.ar\/wp-content\/uploads\/2020\/05\/tasa-cero-monotributo-779x458.jpg","type":"image\/jpeg"}],"author":"fernando garcia","twitter_card":"summary_large_image","twitter_misc":{"Escrito por":"fernando garcia","Tiempo de lectura":"2 minutos"},"schema":{"@context":"https:\/\/schema.org","@graph":[{"@type":"WebPage","@id":"https:\/\/ondauno.com.ar\/index.php\/2020\/05\/04\/comenzo-la-inscripcion-de-creditos-a-tasa-cero-para-monotributistas-y-autonomos\/","url":"https:\/\/ondauno.com.ar\/index.php\/2020\/05\/04\/comenzo-la-inscripcion-de-creditos-a-tasa-cero-para-monotributistas-y-autonomos\/","name":"Comenz\u00f3 la inscripci\u00f3n de cr\u00e9ditos a tasa cero para monotributistas y aut\u00f3nomos - 103.9 fm","isPartOf":{"@id":"https:\/\/ondauno.com.ar\/#website"},"primaryImageOfPage":{"@id":"https:\/\/ondauno.com.ar\/index.php\/2020\/05\/04\/comenzo-la-inscripcion-de-creditos-a-tasa-cero-para-monotributistas-y-autonomos\/#primaryimage"},"image":{"@id":"https:\/\/ondauno.com.ar\/index.php\/2020\/05\/04\/comenzo-la-inscripcion-de-creditos-a-tasa-cero-para-monotributistas-y-autonomos\/#primaryimage"},"thumbnailUrl":"https:\/\/ondauno.com.ar\/wp-content\/uploads\/2020\/05\/tasa-cero-monotributo-779x458.jpg","datePublished":"2020-05-04T13:23:18+00:00","dateModified":"2020-05-04T13:23:21+00:00","author":{"@id":"https:\/\/ondauno.com.ar\/#\/schema\/person\/201d1b68e6c75e0fd396fe5f8af5d139"},"breadcrumb":{"@id":"https:\/\/ondauno.com.ar\/index.php\/2020\/05\/04\/comenzo-la-inscripcion-de-creditos-a-tasa-cero-para-monotributistas-y-autonomos\/#breadcrumb"},"inLanguage":"es-AR","potentialAction":[{"@type":"ReadAction","target":["https:\/\/ondauno.com.ar\/index.php\/2020\/05\/04\/comenzo-la-inscripcion-de-creditos-a-tasa-cero-para-monotributistas-y-autonomos\/"]}]},{"@type":"ImageObject","inLanguage":"es-AR","@id":"https:\/\/ondauno.com.ar\/index.php\/2020\/05\/04\/comenzo-la-inscripcion-de-creditos-a-tasa-cero-para-monotributistas-y-autonomos\/#primaryimage","url":"https:\/\/ondauno.com.ar\/wp-content\/uploads\/2020\/05\/tasa-cero-monotributo-779x458.jpg","contentUrl":"https:\/\/ondauno.com.ar\/wp-content\/uploads\/2020\/05\/tasa-cero-monotributo-779x458.jpg","width":779,"height":458},{"@type":"BreadcrumbList","@id":"https:\/\/ondauno.com.ar\/index.php\/2020\/05\/04\/comenzo-la-inscripcion-de-creditos-a-tasa-cero-para-monotributistas-y-autonomos\/#breadcrumb","itemListElement":[{"@type":"ListItem","position":1,"name":"Inicio","item":"https:\/\/ondauno.com.ar\/"},{"@type":"ListItem","position":2,"name":"Comenz\u00f3 la inscripci\u00f3n de cr\u00e9ditos a tasa cero para monotributistas y aut\u00f3nomos"}]},{"@type":"WebSite","@id":"https:\/\/ondauno.com.ar\/#website","url":"https:\/\/ondauno.com.ar\/","name":"103.9 fm","description":"LA PRIMERA RADIO MULTIMEDIA DE TRES ARROYOS","potentialAction":[{"@type":"SearchAction","target":{"@type":"EntryPoint","urlTemplate":"https:\/\/ondauno.com.ar\/?s={search_term_string}"},"query-input":"required name=search_term_string"}],"inLanguage":"es-AR"},{"@type":"Person","@id":"https:\/\/ondauno.com.ar\/#\/schema\/person\/201d1b68e6c75e0fd396fe5f8af5d139","name":"fernando garcia","image":{"@type":"ImageObject","inLanguage":"es-AR","@id":"https:\/\/ondauno.com.ar\/#\/schema\/person\/image\/","url":"https:\/\/secure.gravatar.com\/avatar\/5f7254642ad81272e79a2e69653cfdfc?s=96&d=mm&r=g","contentUrl":"https:\/\/secure.gravatar.com\/avatar\/5f7254642ad81272e79a2e69653cfdfc?s=96&d=mm&r=g","caption":"fernando garcia"},"url":"https:\/\/ondauno.com.ar\/index.php\/author\/ondaunoeditor\/"}]}},"jetpack_publicize_connections":[],"jetpack_featured_media_url":"https:\/\/ondauno.com.ar\/wp-content\/uploads\/2020\/05\/tasa-cero-monotributo-779x458.jpg","jetpack_sharing_enabled":true,"_links":{"self":[{"href":"https:\/\/ondauno.com.ar\/index.php\/wp-json\/wp\/v2\/posts\/9551","targetHints":{"allow":["GET"]}}],"collection":[{"href":"https:\/\/ondauno.com.ar\/index.php\/wp-json\/wp\/v2\/posts"}],"about":[{"href":"https:\/\/ondauno.com.ar\/index.php\/wp-json\/wp\/v2\/types\/post"}],"author":[{"embeddable":true,"href":"https:\/\/ondauno.com.ar\/index.php\/wp-json\/wp\/v2\/users\/2"}],"replies":[{"embeddable":true,"href":"https:\/\/ondauno.com.ar\/index.php\/wp-json\/wp\/v2\/comments?post=9551"}],"version-history":[{"count":0,"href":"https:\/\/ondauno.com.ar\/index.php\/wp-json\/wp\/v2\/posts\/9551\/revisions"}],"wp:featuredmedia":[{"embeddable":true,"href":"https:\/\/ondauno.com.ar\/index.php\/wp-json\/wp\/v2\/media\/9552"}],"wp:attachment":[{"href":"https:\/\/ondauno.com.ar\/index.php\/wp-json\/wp\/v2\/media?parent=9551"}],"wp:term":[{"taxonomy":"category","embeddable":true,"href":"https:\/\/ondauno.com.ar\/index.php\/wp-json\/wp\/v2\/categories?post=9551"},{"taxonomy":"post_tag","embeddable":true,"href":"https:\/\/ondauno.com.ar\/index.php\/wp-json\/wp\/v2\/tags?post=9551"}],"curies":[{"name":"wp","href":"https:\/\/api.w.org\/{rel}","templated":true}]}}