{"id":9280,"date":"2020-04-28T20:28:39","date_gmt":"2020-04-28T23:28:39","guid":{"rendered":"http:\/\/ondauno.com.ar\/?p=9280"},"modified":"2020-04-28T20:28:42","modified_gmt":"2020-04-28T23:28:42","slug":"el-frente-de-todos-caba-debate-el-proyecto-de-ley-de-emergencia-economica-del-poder-ejecutivo-porteno","status":"publish","type":"post","link":"https:\/\/ondauno.com.ar\/index.php\/2020\/04\/28\/el-frente-de-todos-caba-debate-el-proyecto-de-ley-de-emergencia-economica-del-poder-ejecutivo-porteno\/","title":{"rendered":"El Frente de Todos CABA debate el proyecto de Ley de Emergencia Econ\u00f3mica del Poder Ejecutivo porte\u00f1o ."},"content":{"rendered":"<div class=\"ondau-before-content_3\" style=\"margin-top: -30px;\" id=\"ondau-1634010525\"><a href=\"https:\/\/www.lps.com.ar\/\" aria-label=\"la-perse2\"><img loading=\"lazy\" decoding=\"async\" src=\"https:\/\/ondauno.com.ar\/wp-content\/uploads\/2021\/10\/la-perse2.jpg\" alt=\"\"  srcset=\"https:\/\/ondauno.com.ar\/wp-content\/uploads\/2021\/10\/la-perse2.jpg 1353w, https:\/\/ondauno.com.ar\/wp-content\/uploads\/2021\/10\/la-perse2-300x43.jpg 300w, https:\/\/ondauno.com.ar\/wp-content\/uploads\/2021\/10\/la-perse2-1024x148.jpg 1024w, https:\/\/ondauno.com.ar\/wp-content\/uploads\/2021\/10\/la-perse2-768x111.jpg 768w, https:\/\/ondauno.com.ar\/wp-content\/uploads\/2021\/10\/la-perse2-696x100.jpg 696w, https:\/\/ondauno.com.ar\/wp-content\/uploads\/2021\/10\/la-perse2-1068x154.jpg 1068w\" sizes=\"(max-width: 1353px) 100vw, 1353px\" class=\"no-lazyload\" width=\"1353\" height=\"195\"  style=\"display: inline-block;\" \/><\/a><\/div>\n<p>Los legisladores porte\u00f1os del Frente de Todos se reunieron esta tarde para definir su postura sobre el proyecto de Ley de Emergencia Econ\u00f3mica enviado por Poder Ejecutivo de la ciudad a la Legislatura.<br>\nEl bloque se encuentra en debate interno y abierto al  dialogo con la autoridades de cara a la sesion convocada para el pr\u00f3ximo jueves. <br>\n&#8220;Participamos con nuestros representantes de la reuni\u00f3n informativa sobre el proyecto de Ley de Emergencia Econ\u00f3mica del Poder Ejecutivo porte\u00f1o y entendemos la necesidad de reordenar partidas presupuestarias para atender la pandemia, pero se debe hacer bajo una exhaustiva pol\u00edtica de control&#8221;, sostuvieron al terminar la reuni\u00f3n.<br>\n&#8220;El proyecto no establece medidas concretas para atender las necesidades de los distintos sectores econ\u00f3micos de la sociedad que est\u00e1n siendo afectados por la ca\u00edda de la actividad, delega funciones propias del cuerpo legislativo al Ejecutivo sin mecanismos de control adecuados, y podr\u00eda afectar a\u00fan m\u00e1s el salario de las y los trabajadores&#8221;, afirmaron.<br>\n&#8220;Pedimos que se incorpore nuevamente el deber de notificar las reestructuraciones presupuestarias a la Comisi\u00f3n de Presupuesto de Legislatura y adem\u00e1s, planteamos que se preserve la situaci\u00f3n de los trabajadores de la Ciudad &#8220;, sostuvieron.<br>\n&#8220;Solicitamos informaci\u00f3n detallada y escrita sobre cuestiones sustanciales como ejecuci\u00f3n presupuestaria, avance de la recaudaci\u00f3n, disminuci\u00f3n fondos IVC, descuentos ABL, saldo Fideicomiso de Corp. Sur, compras y contrataciones, convenios con universidades&#8221;, puntualizaron<br>\n&#8220;Tampoco plantea una tarea espec\u00edfica y diferenciada en las villas, los barrios m\u00e1s humildes de la Ciudad, las pymes, los peque\u00f1os comerciantes y monotributistas, entre otros&#8221;. <br>\n&#8220;Quedan muchas dudas pero lo \u00fanico claro es que intentan disminuir nuestras facultades de control. Como Legisladores queremos ejercer nuestras responsabilidades. Necesitamos mayores funciones y no que nos las recorten&#8221;, finalizaron.<\/p>\n","protected":false},"excerpt":{"rendered":"<p>Los legisladores porte\u00f1os del Frente de Todos se reunieron esta tarde para definir su postura sobre el proyecto de Ley de Emergencia Econ\u00f3mica enviado por Poder Ejecutivo de la ciudad a la Legislatura. El bloque se encuentra en debate interno y abierto al dialogo con la autoridades de cara a la sesion convocada para el [&hellip;]<\/p>\n","protected":false},"author":2,"featured_media":0,"comment_status":"open","ping_status":"open","sticky":false,"template":"","format":"standard","meta":{"tdm_status":"","tdm_grid_status":"","_jetpack_memberships_contains_paid_content":false,"footnotes":"","jetpack_publicize_message":"","jetpack_publicize_feature_enabled":true,"jetpack_social_post_already_shared":false,"jetpack_social_options":{"image_generator_settings":{"template":"highway","default_image_id":0,"font":"","enabled":false},"version":2}},"categories":[3],"tags":[],"class_list":{"0":"post-9280","1":"post","2":"type-post","3":"status-publish","4":"format-standard","6":"category-nacionales"},"yoast_head":"<!-- This site is optimized with the Yoast SEO plugin v22.7 - https:\/\/yoast.com\/wordpress\/plugins\/seo\/ -->\n<title>El Frente de Todos CABA debate el proyecto de Ley de Emergencia Econ\u00f3mica del Poder Ejecutivo porte\u00f1o . - 103.9 fm<\/title>\n<meta name=\"robots\" content=\"index, follow, max-snippet:-1, max-image-preview:large, max-video-preview:-1\" \/>\n<link rel=\"canonical\" href=\"https:\/\/ondauno.com.ar\/index.php\/2020\/04\/28\/el-frente-de-todos-caba-debate-el-proyecto-de-ley-de-emergencia-economica-del-poder-ejecutivo-porteno\/\" \/>\n<meta property=\"og:locale\" content=\"es_ES\" \/>\n<meta property=\"og:type\" content=\"article\" \/>\n<meta property=\"og:title\" content=\"El Frente de Todos CABA debate el proyecto de Ley de Emergencia Econ\u00f3mica del Poder Ejecutivo porte\u00f1o . - 103.9 fm\" \/>\n<meta property=\"og:description\" content=\"Los legisladores porte\u00f1os del Frente de Todos se reunieron esta tarde para definir su postura sobre el proyecto de Ley de Emergencia Econ\u00f3mica enviado por Poder Ejecutivo de la ciudad a la Legislatura. El bloque se encuentra en debate interno y abierto al dialogo con la autoridades de cara a la sesion convocada para el [&hellip;]\" \/>\n<meta property=\"og:url\" content=\"https:\/\/ondauno.com.ar\/index.php\/2020\/04\/28\/el-frente-de-todos-caba-debate-el-proyecto-de-ley-de-emergencia-economica-del-poder-ejecutivo-porteno\/\" \/>\n<meta property=\"og:site_name\" content=\"103.9 fm\" \/>\n<meta property=\"article:publisher\" content=\"https:\/\/www.facebook.com\/ondauno103.9\" \/>\n<meta property=\"article:published_time\" content=\"2020-04-28T23:28:39+00:00\" \/>\n<meta property=\"article:modified_time\" content=\"2020-04-28T23:28:42+00:00\" \/>\n<meta property=\"og:image\" content=\"https:\/\/ondauno.com.ar\/wp-content\/uploads\/2020\/04\/WhatsApp-Image-2020-04-28-at-19.49.57.jpeg\" \/>\n\t<meta property=\"og:image:width\" content=\"1280\" \/>\n\t<meta property=\"og:image:height\" content=\"793\" \/>\n\t<meta property=\"og:image:type\" content=\"image\/jpeg\" \/>\n<meta name=\"author\" content=\"fernando garcia\" \/>\n<meta name=\"twitter:card\" content=\"summary_large_image\" \/>\n<meta name=\"twitter:label1\" content=\"Escrito por\" \/>\n\t<meta name=\"twitter:data1\" content=\"fernando garcia\" \/>\n\t<meta name=\"twitter:label2\" content=\"Tiempo de lectura\" \/>\n\t<meta name=\"twitter:data2\" content=\"2 minutos\" \/>\n<script type=\"application\/ld+json\" class=\"yoast-schema-graph\">{\"@context\":\"https:\/\/schema.org\",\"@graph\":[{\"@type\":\"WebPage\",\"@id\":\"https:\/\/ondauno.com.ar\/index.php\/2020\/04\/28\/el-frente-de-todos-caba-debate-el-proyecto-de-ley-de-emergencia-economica-del-poder-ejecutivo-porteno\/\",\"url\":\"https:\/\/ondauno.com.ar\/index.php\/2020\/04\/28\/el-frente-de-todos-caba-debate-el-proyecto-de-ley-de-emergencia-economica-del-poder-ejecutivo-porteno\/\",\"name\":\"El Frente de Todos CABA debate el proyecto de Ley de Emergencia Econ\u00f3mica del Poder Ejecutivo porte\u00f1o . - 103.9 fm\",\"isPartOf\":{\"@id\":\"https:\/\/ondauno.com.ar\/#website\"},\"datePublished\":\"2020-04-28T23:28:39+00:00\",\"dateModified\":\"2020-04-28T23:28:42+00:00\",\"author\":{\"@id\":\"https:\/\/ondauno.com.ar\/#\/schema\/person\/201d1b68e6c75e0fd396fe5f8af5d139\"},\"breadcrumb\":{\"@id\":\"https:\/\/ondauno.com.ar\/index.php\/2020\/04\/28\/el-frente-de-todos-caba-debate-el-proyecto-de-ley-de-emergencia-economica-del-poder-ejecutivo-porteno\/#breadcrumb\"},\"inLanguage\":\"es-AR\",\"potentialAction\":[{\"@type\":\"ReadAction\",\"target\":[\"https:\/\/ondauno.com.ar\/index.php\/2020\/04\/28\/el-frente-de-todos-caba-debate-el-proyecto-de-ley-de-emergencia-economica-del-poder-ejecutivo-porteno\/\"]}]},{\"@type\":\"BreadcrumbList\",\"@id\":\"https:\/\/ondauno.com.ar\/index.php\/2020\/04\/28\/el-frente-de-todos-caba-debate-el-proyecto-de-ley-de-emergencia-economica-del-poder-ejecutivo-porteno\/#breadcrumb\",\"itemListElement\":[{\"@type\":\"ListItem\",\"position\":1,\"name\":\"Inicio\",\"item\":\"https:\/\/ondauno.com.ar\/\"},{\"@type\":\"ListItem\",\"position\":2,\"name\":\"El Frente de Todos CABA debate el proyecto de Ley de Emergencia Econ\u00f3mica del Poder Ejecutivo porte\u00f1o .\"}]},{\"@type\":\"WebSite\",\"@id\":\"https:\/\/ondauno.com.ar\/#website\",\"url\":\"https:\/\/ondauno.com.ar\/\",\"name\":\"103.9 fm\",\"description\":\"LA PRIMERA RADIO MULTIMEDIA DE TRES ARROYOS\",\"potentialAction\":[{\"@type\":\"SearchAction\",\"target\":{\"@type\":\"EntryPoint\",\"urlTemplate\":\"https:\/\/ondauno.com.ar\/?s={search_term_string}\"},\"query-input\":\"required name=search_term_string\"}],\"inLanguage\":\"es-AR\"},{\"@type\":\"Person\",\"@id\":\"https:\/\/ondauno.com.ar\/#\/schema\/person\/201d1b68e6c75e0fd396fe5f8af5d139\",\"name\":\"fernando garcia\",\"image\":{\"@type\":\"ImageObject\",\"inLanguage\":\"es-AR\",\"@id\":\"https:\/\/ondauno.com.ar\/#\/schema\/person\/image\/\",\"url\":\"https:\/\/secure.gravatar.com\/avatar\/5f7254642ad81272e79a2e69653cfdfc?s=96&d=mm&r=g\",\"contentUrl\":\"https:\/\/secure.gravatar.com\/avatar\/5f7254642ad81272e79a2e69653cfdfc?s=96&d=mm&r=g\",\"caption\":\"fernando garcia\"},\"url\":\"https:\/\/ondauno.com.ar\/index.php\/author\/ondaunoeditor\/\"}]}<\/script>\n<!-- \/ Yoast SEO plugin. -->","yoast_head_json":{"title":"El Frente de Todos CABA debate el proyecto de Ley de Emergencia Econ\u00f3mica del Poder Ejecutivo porte\u00f1o . - 103.9 fm","robots":{"index":"index","follow":"follow","max-snippet":"max-snippet:-1","max-image-preview":"max-image-preview:large","max-video-preview":"max-video-preview:-1"},"canonical":"https:\/\/ondauno.com.ar\/index.php\/2020\/04\/28\/el-frente-de-todos-caba-debate-el-proyecto-de-ley-de-emergencia-economica-del-poder-ejecutivo-porteno\/","og_locale":"es_ES","og_type":"article","og_title":"El Frente de Todos CABA debate el proyecto de Ley de Emergencia Econ\u00f3mica del Poder Ejecutivo porte\u00f1o . - 103.9 fm","og_description":"Los legisladores porte\u00f1os del Frente de Todos se reunieron esta tarde para definir su postura sobre el proyecto de Ley de Emergencia Econ\u00f3mica enviado por Poder Ejecutivo de la ciudad a la Legislatura. El bloque se encuentra en debate interno y abierto al dialogo con la autoridades de cara a la sesion convocada para el [&hellip;]","og_url":"https:\/\/ondauno.com.ar\/index.php\/2020\/04\/28\/el-frente-de-todos-caba-debate-el-proyecto-de-ley-de-emergencia-economica-del-poder-ejecutivo-porteno\/","og_site_name":"103.9 fm","article_publisher":"https:\/\/www.facebook.com\/ondauno103.9","article_published_time":"2020-04-28T23:28:39+00:00","article_modified_time":"2020-04-28T23:28:42+00:00","og_image":[{"width":1280,"height":793,"url":"https:\/\/ondauno.com.ar\/wp-content\/uploads\/2020\/04\/WhatsApp-Image-2020-04-28-at-19.49.57.jpeg","type":"image\/jpeg"}],"author":"fernando garcia","twitter_card":"summary_large_image","twitter_misc":{"Escrito por":"fernando garcia","Tiempo de lectura":"2 minutos"},"schema":{"@context":"https:\/\/schema.org","@graph":[{"@type":"WebPage","@id":"https:\/\/ondauno.com.ar\/index.php\/2020\/04\/28\/el-frente-de-todos-caba-debate-el-proyecto-de-ley-de-emergencia-economica-del-poder-ejecutivo-porteno\/","url":"https:\/\/ondauno.com.ar\/index.php\/2020\/04\/28\/el-frente-de-todos-caba-debate-el-proyecto-de-ley-de-emergencia-economica-del-poder-ejecutivo-porteno\/","name":"El Frente de Todos CABA debate el proyecto de Ley de Emergencia Econ\u00f3mica del Poder Ejecutivo porte\u00f1o . - 103.9 fm","isPartOf":{"@id":"https:\/\/ondauno.com.ar\/#website"},"datePublished":"2020-04-28T23:28:39+00:00","dateModified":"2020-04-28T23:28:42+00:00","author":{"@id":"https:\/\/ondauno.com.ar\/#\/schema\/person\/201d1b68e6c75e0fd396fe5f8af5d139"},"breadcrumb":{"@id":"https:\/\/ondauno.com.ar\/index.php\/2020\/04\/28\/el-frente-de-todos-caba-debate-el-proyecto-de-ley-de-emergencia-economica-del-poder-ejecutivo-porteno\/#breadcrumb"},"inLanguage":"es-AR","potentialAction":[{"@type":"ReadAction","target":["https:\/\/ondauno.com.ar\/index.php\/2020\/04\/28\/el-frente-de-todos-caba-debate-el-proyecto-de-ley-de-emergencia-economica-del-poder-ejecutivo-porteno\/"]}]},{"@type":"BreadcrumbList","@id":"https:\/\/ondauno.com.ar\/index.php\/2020\/04\/28\/el-frente-de-todos-caba-debate-el-proyecto-de-ley-de-emergencia-economica-del-poder-ejecutivo-porteno\/#breadcrumb","itemListElement":[{"@type":"ListItem","position":1,"name":"Inicio","item":"https:\/\/ondauno.com.ar\/"},{"@type":"ListItem","position":2,"name":"El Frente de Todos CABA debate el proyecto de Ley de Emergencia Econ\u00f3mica del Poder Ejecutivo porte\u00f1o ."}]},{"@type":"WebSite","@id":"https:\/\/ondauno.com.ar\/#website","url":"https:\/\/ondauno.com.ar\/","name":"103.9 fm","description":"LA PRIMERA RADIO MULTIMEDIA DE TRES ARROYOS","potentialAction":[{"@type":"SearchAction","target":{"@type":"EntryPoint","urlTemplate":"https:\/\/ondauno.com.ar\/?s={search_term_string}"},"query-input":"required name=search_term_string"}],"inLanguage":"es-AR"},{"@type":"Person","@id":"https:\/\/ondauno.com.ar\/#\/schema\/person\/201d1b68e6c75e0fd396fe5f8af5d139","name":"fernando garcia","image":{"@type":"ImageObject","inLanguage":"es-AR","@id":"https:\/\/ondauno.com.ar\/#\/schema\/person\/image\/","url":"https:\/\/secure.gravatar.com\/avatar\/5f7254642ad81272e79a2e69653cfdfc?s=96&d=mm&r=g","contentUrl":"https:\/\/secure.gravatar.com\/avatar\/5f7254642ad81272e79a2e69653cfdfc?s=96&d=mm&r=g","caption":"fernando garcia"},"url":"https:\/\/ondauno.com.ar\/index.php\/author\/ondaunoeditor\/"}]}},"jetpack_publicize_connections":[],"jetpack_featured_media_url":"","jetpack_sharing_enabled":true,"_links":{"self":[{"href":"https:\/\/ondauno.com.ar\/index.php\/wp-json\/wp\/v2\/posts\/9280","targetHints":{"allow":["GET"]}}],"collection":[{"href":"https:\/\/ondauno.com.ar\/index.php\/wp-json\/wp\/v2\/posts"}],"about":[{"href":"https:\/\/ondauno.com.ar\/index.php\/wp-json\/wp\/v2\/types\/post"}],"author":[{"embeddable":true,"href":"https:\/\/ondauno.com.ar\/index.php\/wp-json\/wp\/v2\/users\/2"}],"replies":[{"embeddable":true,"href":"https:\/\/ondauno.com.ar\/index.php\/wp-json\/wp\/v2\/comments?post=9280"}],"version-history":[{"count":0,"href":"https:\/\/ondauno.com.ar\/index.php\/wp-json\/wp\/v2\/posts\/9280\/revisions"}],"wp:attachment":[{"href":"https:\/\/ondauno.com.ar\/index.php\/wp-json\/wp\/v2\/media?parent=9280"}],"wp:term":[{"taxonomy":"category","embeddable":true,"href":"https:\/\/ondauno.com.ar\/index.php\/wp-json\/wp\/v2\/categories?post=9280"},{"taxonomy":"post_tag","embeddable":true,"href":"https:\/\/ondauno.com.ar\/index.php\/wp-json\/wp\/v2\/tags?post=9280"}],"curies":[{"name":"wp","href":"https:\/\/api.w.org\/{rel}","templated":true}]}}