{"id":9196,"date":"2020-04-25T15:20:37","date_gmt":"2020-04-25T18:20:37","guid":{"rendered":"http:\/\/ondauno.com.ar\/?p=9196"},"modified":"2020-04-25T15:20:39","modified_gmt":"2020-04-25T18:20:39","slug":"tarjeta-alimenta-refuerzo-extraordinadio","status":"publish","type":"post","link":"https:\/\/ondauno.com.ar\/index.php\/2020\/04\/25\/tarjeta-alimenta-refuerzo-extraordinadio\/","title":{"rendered":"TARJETA ALIMENTA: REFUERZO EXTRAORDINADIO"},"content":{"rendered":"<div class=\"ondau-before-content_3\" style=\"margin-top: -30px;\" id=\"ondau-1249627385\"><a href=\"https:\/\/www.lps.com.ar\/\" aria-label=\"la-perse2\"><img loading=\"lazy\" decoding=\"async\" src=\"https:\/\/ondauno.com.ar\/wp-content\/uploads\/2021\/10\/la-perse2.jpg\" alt=\"\"  srcset=\"https:\/\/ondauno.com.ar\/wp-content\/uploads\/2021\/10\/la-perse2.jpg 1353w, https:\/\/ondauno.com.ar\/wp-content\/uploads\/2021\/10\/la-perse2-300x43.jpg 300w, https:\/\/ondauno.com.ar\/wp-content\/uploads\/2021\/10\/la-perse2-1024x148.jpg 1024w, https:\/\/ondauno.com.ar\/wp-content\/uploads\/2021\/10\/la-perse2-768x111.jpg 768w, https:\/\/ondauno.com.ar\/wp-content\/uploads\/2021\/10\/la-perse2-696x100.jpg 696w, https:\/\/ondauno.com.ar\/wp-content\/uploads\/2021\/10\/la-perse2-1068x154.jpg 1068w\" sizes=\"(max-width: 1353px) 100vw, 1353px\" class=\"no-lazyload\" width=\"1353\" height=\"195\"  style=\"display: inline-block;\" \/><\/a><\/div>\n<p><\/p>\n\n\n\n<p>\ud83d\udccc Refuerzo extraordinario para titulares de la Tarjeta Alimentar, que se acreditar\u00e1 el pr\u00f3ximo mi\u00e9rcoles 29 de abril. <\/p>\n\n\n\n<p>\ud83d\udcccLas familias con un\/a hija\/o percibir\u00e1n un plus de 4000 pesos.<\/p>\n\n\n\n<p>\ud83d\udcccLas familias con dos o m\u00e1s hijos recibir\u00e1n un refuerzo extraordinario de 6000 pesos. <\/p>\n\n\n\n<p>\ud83d\udccc Quienes son destinatarios de Alimentar, pero a\u00fan no cuentan con la tarjeta, el monto se les acreditar\u00e1 junto con el pago de la AUH, de acuerdo al cronograma de fechas dispuestas por ANSES. <\/p>\n\n\n\n<p>\ud83d\udcccLa tarjeta Alimentar est\u00e1 destinada a madres y padres con hijos o hijas de hasta 6 a\u00f1os de edad que reciben la Asignaci\u00f3n Universal por Hijo (AUH); embarazadas a partir de los tres meses que cobran la Asignaci\u00f3n por Embarazo; y personas con discapacidad que reciben la AUH. Establece un monto de entre 4 mil y 6 mil pesos mensuales para comprar todo tipo de alimentos.<\/p>\n","protected":false},"excerpt":{"rendered":"<p>\ud83d\udccc Refuerzo extraordinario para titulares de la Tarjeta Alimentar, que se acreditar\u00e1 el pr\u00f3ximo mi\u00e9rcoles 29 de abril. \ud83d\udcccLas familias con un\/a hija\/o percibir\u00e1n un plus de 4000 pesos. \ud83d\udcccLas familias con dos o m\u00e1s hijos recibir\u00e1n un refuerzo extraordinario de 6000 pesos. \ud83d\udccc Quienes son destinatarios de Alimentar, pero a\u00fan no cuentan con la [&hellip;]<\/p>\n","protected":false},"author":2,"featured_media":0,"comment_status":"open","ping_status":"open","sticky":false,"template":"","format":"standard","meta":{"tdm_status":"","tdm_grid_status":"","_jetpack_memberships_contains_paid_content":false,"footnotes":"","jetpack_publicize_message":"","jetpack_publicize_feature_enabled":true,"jetpack_social_post_already_shared":false,"jetpack_social_options":{"image_generator_settings":{"template":"highway","default_image_id":0,"font":"","enabled":false},"version":2}},"categories":[3],"tags":[],"class_list":{"0":"post-9196","1":"post","2":"type-post","3":"status-publish","4":"format-standard","6":"category-nacionales"},"yoast_head":"<!-- This site is optimized with the Yoast SEO plugin v22.7 - https:\/\/yoast.com\/wordpress\/plugins\/seo\/ -->\n<title>TARJETA ALIMENTA: REFUERZO EXTRAORDINADIO - 103.9 fm<\/title>\n<meta name=\"robots\" content=\"index, follow, max-snippet:-1, max-image-preview:large, max-video-preview:-1\" \/>\n<link rel=\"canonical\" href=\"https:\/\/ondauno.com.ar\/index.php\/2020\/04\/25\/tarjeta-alimenta-refuerzo-extraordinadio\/\" \/>\n<meta property=\"og:locale\" content=\"es_ES\" \/>\n<meta property=\"og:type\" content=\"article\" \/>\n<meta property=\"og:title\" content=\"TARJETA ALIMENTA: REFUERZO EXTRAORDINADIO - 103.9 fm\" \/>\n<meta property=\"og:description\" content=\"\ud83d\udccc Refuerzo extraordinario para titulares de la Tarjeta Alimentar, que se acreditar\u00e1 el pr\u00f3ximo mi\u00e9rcoles 29 de abril. \ud83d\udcccLas familias con un\/a hija\/o percibir\u00e1n un plus de 4000 pesos. \ud83d\udcccLas familias con dos o m\u00e1s hijos recibir\u00e1n un refuerzo extraordinario de 6000 pesos. \ud83d\udccc Quienes son destinatarios de Alimentar, pero a\u00fan no cuentan con la [&hellip;]\" \/>\n<meta property=\"og:url\" content=\"https:\/\/ondauno.com.ar\/index.php\/2020\/04\/25\/tarjeta-alimenta-refuerzo-extraordinadio\/\" \/>\n<meta property=\"og:site_name\" content=\"103.9 fm\" \/>\n<meta property=\"article:publisher\" content=\"https:\/\/www.facebook.com\/ondauno103.9\" \/>\n<meta property=\"article:published_time\" content=\"2020-04-25T18:20:37+00:00\" \/>\n<meta property=\"article:modified_time\" content=\"2020-04-25T18:20:39+00:00\" \/>\n<meta property=\"og:image\" content=\"https:\/\/ondauno.com.ar\/wp-content\/uploads\/2020\/04\/descarga-71.jpg\" \/>\n\t<meta property=\"og:image:width\" content=\"275\" \/>\n\t<meta property=\"og:image:height\" content=\"183\" \/>\n\t<meta property=\"og:image:type\" content=\"image\/jpeg\" \/>\n<meta name=\"author\" content=\"fernando garcia\" \/>\n<meta name=\"twitter:card\" content=\"summary_large_image\" \/>\n<meta name=\"twitter:label1\" content=\"Escrito por\" \/>\n\t<meta name=\"twitter:data1\" content=\"fernando garcia\" \/>\n\t<meta name=\"twitter:label2\" content=\"Tiempo de lectura\" \/>\n\t<meta name=\"twitter:data2\" content=\"1 minuto\" \/>\n<script type=\"application\/ld+json\" class=\"yoast-schema-graph\">{\"@context\":\"https:\/\/schema.org\",\"@graph\":[{\"@type\":\"WebPage\",\"@id\":\"https:\/\/ondauno.com.ar\/index.php\/2020\/04\/25\/tarjeta-alimenta-refuerzo-extraordinadio\/\",\"url\":\"https:\/\/ondauno.com.ar\/index.php\/2020\/04\/25\/tarjeta-alimenta-refuerzo-extraordinadio\/\",\"name\":\"TARJETA ALIMENTA: REFUERZO EXTRAORDINADIO - 103.9 fm\",\"isPartOf\":{\"@id\":\"https:\/\/ondauno.com.ar\/#website\"},\"datePublished\":\"2020-04-25T18:20:37+00:00\",\"dateModified\":\"2020-04-25T18:20:39+00:00\",\"author\":{\"@id\":\"https:\/\/ondauno.com.ar\/#\/schema\/person\/201d1b68e6c75e0fd396fe5f8af5d139\"},\"breadcrumb\":{\"@id\":\"https:\/\/ondauno.com.ar\/index.php\/2020\/04\/25\/tarjeta-alimenta-refuerzo-extraordinadio\/#breadcrumb\"},\"inLanguage\":\"es-AR\",\"potentialAction\":[{\"@type\":\"ReadAction\",\"target\":[\"https:\/\/ondauno.com.ar\/index.php\/2020\/04\/25\/tarjeta-alimenta-refuerzo-extraordinadio\/\"]}]},{\"@type\":\"BreadcrumbList\",\"@id\":\"https:\/\/ondauno.com.ar\/index.php\/2020\/04\/25\/tarjeta-alimenta-refuerzo-extraordinadio\/#breadcrumb\",\"itemListElement\":[{\"@type\":\"ListItem\",\"position\":1,\"name\":\"Inicio\",\"item\":\"https:\/\/ondauno.com.ar\/\"},{\"@type\":\"ListItem\",\"position\":2,\"name\":\"TARJETA ALIMENTA: REFUERZO EXTRAORDINADIO\"}]},{\"@type\":\"WebSite\",\"@id\":\"https:\/\/ondauno.com.ar\/#website\",\"url\":\"https:\/\/ondauno.com.ar\/\",\"name\":\"103.9 fm\",\"description\":\"LA PRIMERA RADIO MULTIMEDIA DE TRES ARROYOS\",\"potentialAction\":[{\"@type\":\"SearchAction\",\"target\":{\"@type\":\"EntryPoint\",\"urlTemplate\":\"https:\/\/ondauno.com.ar\/?s={search_term_string}\"},\"query-input\":\"required name=search_term_string\"}],\"inLanguage\":\"es-AR\"},{\"@type\":\"Person\",\"@id\":\"https:\/\/ondauno.com.ar\/#\/schema\/person\/201d1b68e6c75e0fd396fe5f8af5d139\",\"name\":\"fernando garcia\",\"image\":{\"@type\":\"ImageObject\",\"inLanguage\":\"es-AR\",\"@id\":\"https:\/\/ondauno.com.ar\/#\/schema\/person\/image\/\",\"url\":\"https:\/\/secure.gravatar.com\/avatar\/5f7254642ad81272e79a2e69653cfdfc?s=96&d=mm&r=g\",\"contentUrl\":\"https:\/\/secure.gravatar.com\/avatar\/5f7254642ad81272e79a2e69653cfdfc?s=96&d=mm&r=g\",\"caption\":\"fernando garcia\"},\"url\":\"https:\/\/ondauno.com.ar\/index.php\/author\/ondaunoeditor\/\"}]}<\/script>\n<!-- \/ Yoast SEO plugin. -->","yoast_head_json":{"title":"TARJETA ALIMENTA: REFUERZO EXTRAORDINADIO - 103.9 fm","robots":{"index":"index","follow":"follow","max-snippet":"max-snippet:-1","max-image-preview":"max-image-preview:large","max-video-preview":"max-video-preview:-1"},"canonical":"https:\/\/ondauno.com.ar\/index.php\/2020\/04\/25\/tarjeta-alimenta-refuerzo-extraordinadio\/","og_locale":"es_ES","og_type":"article","og_title":"TARJETA ALIMENTA: REFUERZO EXTRAORDINADIO - 103.9 fm","og_description":"\ud83d\udccc Refuerzo extraordinario para titulares de la Tarjeta Alimentar, que se acreditar\u00e1 el pr\u00f3ximo mi\u00e9rcoles 29 de abril. \ud83d\udcccLas familias con un\/a hija\/o percibir\u00e1n un plus de 4000 pesos. \ud83d\udcccLas familias con dos o m\u00e1s hijos recibir\u00e1n un refuerzo extraordinario de 6000 pesos. \ud83d\udccc Quienes son destinatarios de Alimentar, pero a\u00fan no cuentan con la [&hellip;]","og_url":"https:\/\/ondauno.com.ar\/index.php\/2020\/04\/25\/tarjeta-alimenta-refuerzo-extraordinadio\/","og_site_name":"103.9 fm","article_publisher":"https:\/\/www.facebook.com\/ondauno103.9","article_published_time":"2020-04-25T18:20:37+00:00","article_modified_time":"2020-04-25T18:20:39+00:00","og_image":[{"width":275,"height":183,"url":"https:\/\/ondauno.com.ar\/wp-content\/uploads\/2020\/04\/descarga-71.jpg","type":"image\/jpeg"}],"author":"fernando garcia","twitter_card":"summary_large_image","twitter_misc":{"Escrito por":"fernando garcia","Tiempo de lectura":"1 minuto"},"schema":{"@context":"https:\/\/schema.org","@graph":[{"@type":"WebPage","@id":"https:\/\/ondauno.com.ar\/index.php\/2020\/04\/25\/tarjeta-alimenta-refuerzo-extraordinadio\/","url":"https:\/\/ondauno.com.ar\/index.php\/2020\/04\/25\/tarjeta-alimenta-refuerzo-extraordinadio\/","name":"TARJETA ALIMENTA: REFUERZO EXTRAORDINADIO - 103.9 fm","isPartOf":{"@id":"https:\/\/ondauno.com.ar\/#website"},"datePublished":"2020-04-25T18:20:37+00:00","dateModified":"2020-04-25T18:20:39+00:00","author":{"@id":"https:\/\/ondauno.com.ar\/#\/schema\/person\/201d1b68e6c75e0fd396fe5f8af5d139"},"breadcrumb":{"@id":"https:\/\/ondauno.com.ar\/index.php\/2020\/04\/25\/tarjeta-alimenta-refuerzo-extraordinadio\/#breadcrumb"},"inLanguage":"es-AR","potentialAction":[{"@type":"ReadAction","target":["https:\/\/ondauno.com.ar\/index.php\/2020\/04\/25\/tarjeta-alimenta-refuerzo-extraordinadio\/"]}]},{"@type":"BreadcrumbList","@id":"https:\/\/ondauno.com.ar\/index.php\/2020\/04\/25\/tarjeta-alimenta-refuerzo-extraordinadio\/#breadcrumb","itemListElement":[{"@type":"ListItem","position":1,"name":"Inicio","item":"https:\/\/ondauno.com.ar\/"},{"@type":"ListItem","position":2,"name":"TARJETA ALIMENTA: REFUERZO EXTRAORDINADIO"}]},{"@type":"WebSite","@id":"https:\/\/ondauno.com.ar\/#website","url":"https:\/\/ondauno.com.ar\/","name":"103.9 fm","description":"LA PRIMERA RADIO MULTIMEDIA DE TRES ARROYOS","potentialAction":[{"@type":"SearchAction","target":{"@type":"EntryPoint","urlTemplate":"https:\/\/ondauno.com.ar\/?s={search_term_string}"},"query-input":"required name=search_term_string"}],"inLanguage":"es-AR"},{"@type":"Person","@id":"https:\/\/ondauno.com.ar\/#\/schema\/person\/201d1b68e6c75e0fd396fe5f8af5d139","name":"fernando garcia","image":{"@type":"ImageObject","inLanguage":"es-AR","@id":"https:\/\/ondauno.com.ar\/#\/schema\/person\/image\/","url":"https:\/\/secure.gravatar.com\/avatar\/5f7254642ad81272e79a2e69653cfdfc?s=96&d=mm&r=g","contentUrl":"https:\/\/secure.gravatar.com\/avatar\/5f7254642ad81272e79a2e69653cfdfc?s=96&d=mm&r=g","caption":"fernando garcia"},"url":"https:\/\/ondauno.com.ar\/index.php\/author\/ondaunoeditor\/"}]}},"jetpack_publicize_connections":[],"jetpack_featured_media_url":"","jetpack_sharing_enabled":true,"_links":{"self":[{"href":"https:\/\/ondauno.com.ar\/index.php\/wp-json\/wp\/v2\/posts\/9196","targetHints":{"allow":["GET"]}}],"collection":[{"href":"https:\/\/ondauno.com.ar\/index.php\/wp-json\/wp\/v2\/posts"}],"about":[{"href":"https:\/\/ondauno.com.ar\/index.php\/wp-json\/wp\/v2\/types\/post"}],"author":[{"embeddable":true,"href":"https:\/\/ondauno.com.ar\/index.php\/wp-json\/wp\/v2\/users\/2"}],"replies":[{"embeddable":true,"href":"https:\/\/ondauno.com.ar\/index.php\/wp-json\/wp\/v2\/comments?post=9196"}],"version-history":[{"count":0,"href":"https:\/\/ondauno.com.ar\/index.php\/wp-json\/wp\/v2\/posts\/9196\/revisions"}],"wp:attachment":[{"href":"https:\/\/ondauno.com.ar\/index.php\/wp-json\/wp\/v2\/media?parent=9196"}],"wp:term":[{"taxonomy":"category","embeddable":true,"href":"https:\/\/ondauno.com.ar\/index.php\/wp-json\/wp\/v2\/categories?post=9196"},{"taxonomy":"post_tag","embeddable":true,"href":"https:\/\/ondauno.com.ar\/index.php\/wp-json\/wp\/v2\/tags?post=9196"}],"curies":[{"name":"wp","href":"https:\/\/api.w.org\/{rel}","templated":true}]}}