{"id":801,"date":"2019-10-29T12:32:49","date_gmt":"2019-10-29T15:32:49","guid":{"rendered":"http:\/\/ondauno.com.ar\/?p=801"},"modified":"2019-10-29T12:32:56","modified_gmt":"2019-10-29T15:32:56","slug":"los-desafios-economicos-que-debera-afrontar-alberto-fernandez-desde-el-10-de-diciembre","status":"publish","type":"post","link":"https:\/\/ondauno.com.ar\/index.php\/2019\/10\/29\/los-desafios-economicos-que-debera-afrontar-alberto-fernandez-desde-el-10-de-diciembre\/","title":{"rendered":"Los desaf\u00edos econ\u00f3micos que deber\u00e1 afrontar Alberto Fern\u00e1ndez desde el 10 de diciembre"},"content":{"rendered":"<div class=\"ondau-before-content_3\" style=\"margin-top: -30px;\" id=\"ondau-3403418575\"><a href=\"https:\/\/www.lps.com.ar\/\" aria-label=\"la-perse2\"><img loading=\"lazy\" decoding=\"async\" src=\"https:\/\/ondauno.com.ar\/wp-content\/uploads\/2021\/10\/la-perse2.jpg\" alt=\"\"  srcset=\"https:\/\/ondauno.com.ar\/wp-content\/uploads\/2021\/10\/la-perse2.jpg 1353w, https:\/\/ondauno.com.ar\/wp-content\/uploads\/2021\/10\/la-perse2-300x43.jpg 300w, https:\/\/ondauno.com.ar\/wp-content\/uploads\/2021\/10\/la-perse2-1024x148.jpg 1024w, https:\/\/ondauno.com.ar\/wp-content\/uploads\/2021\/10\/la-perse2-768x111.jpg 768w, https:\/\/ondauno.com.ar\/wp-content\/uploads\/2021\/10\/la-perse2-696x100.jpg 696w, https:\/\/ondauno.com.ar\/wp-content\/uploads\/2021\/10\/la-perse2-1068x154.jpg 1068w\" sizes=\"(max-width: 1353px) 100vw, 1353px\" class=\"no-lazyload\" width=\"1353\" height=\"195\"  style=\"display: inline-block;\" \/><\/a><\/div>\n<p><strong><a rel=\"noreferrer noopener\" href=\"https:\/\/www.perfil.com\/noticias\/politica\/elecciones2019-cierran-comicios-tendencia-alberto-fernandez-primero-ganaria.phtml\" target=\"_blank\">Alberto Fern\u00e1ndez asumir\u00e1 la Presidencia el pr\u00f3ximo 10 de diciembre<\/a><\/strong>en un pa\u00eds que, si bien no est\u00e1 en su peor crisis, s\u00ed afronta desequilibrios macro que requerir\u00e1n un manejo quir\u00fargico y una serie de consensos para salir adelante.\u00a0 <\/p>\n\n\n\n<p><strong>PERFIL\u00a0<\/strong>consult\u00f3 a especialistas en econom\u00eda de diversas \u00e1reas, para conocer su visi\u00f3n respecto de cu\u00e1les son las cuestiones que m\u00e1s preocupan en cada rubro.\u00a0 <\/p>\n\n\n\n<ul class=\"wp-block-list\"><li><strong>La macroeconom\u00eda<\/strong><\/li><\/ul>\n\n\n\n<p>Ante la consulta de este portal, en relaci\u00f3n a cu\u00e1les son las cuestiones que primero deber\u00e1 resolver el pr\u00f3ximo candidato, la directora ejecutiva de la consultora Elypsis, Victoria Giarrizzo, se explay\u00f3: \u201cRenegociar la deuda para darle estabilidad al mercado financiero y cambiario, recuperar el crecimiento y reducir la pobreza. Esos son los tres problemas m\u00e1s importantes. Pero para lograr una buena renegociaci\u00f3n de la deuda, los acreedores van a exigir prudencia fiscal y el Gobierno tendr\u00e1 que lograr crecer dentro de esas restricciones\u201d.<\/p>\n\n\n\n<p>En cuanto a la problem\u00e1tica espec\u00edfica de la inflaci\u00f3n, Giarrizo destac\u00f3: \u201cSe necesita incrementar la capacidad de generar d\u00f3lares para reforzar las reservas y evitar subas bruscas en el tipo de cambio que autom\u00e1ticamente se trasladan a precios. Pero, simult\u00e1neamente, hay que crecer, para que las empresas vuelvan a invertir, aumenten la oferta de bienes de nuestra econom\u00eda y crezca el empleo privado descomprimiendo al Estado. La tercera pata es reducir el costo argentino, y eso se puede lograr mediante inversiones p\u00fablicas en infraestructura que ayuden a bajar el costo log\u00edstico, bajando las tasas de inter\u00e9s para reducir los costos financieros, y mejorando la eficiencia del sistema tributario para bajar la presi\u00f3n sobre los sectores productivos. Simult\u00e1neamente hay que continuar desburocratizando el Estado para bajar la cadena de m\u00faltiples mini costos que encarecen las cadenas productivas\u201d.<\/p>\n\n\n\n<p>En cuanto a la situaci\u00f3n de las reservas netas de libre disponibilidad con las que cuenta el Central, Giarrizzo tambi\u00e9n mostr\u00f3 su preocupaci\u00f3n: \u201cYa quedan muy pocas, apenas por encima de los US$ 7 mil millones. Por eso se hace necesario incrementar los controles cambiarios y estabilizar los mercados\u201d.<br><\/p>\n\n\n\n<p>En cuanto a las reservas brutas, las mismas se ubican en 43.503 millones, lo que equivale a casi 23 mil millones de d\u00f3lares menos que las que hab\u00eda antes de las PASO.<\/p>\n\n\n\n<p>En materia cambiaria, la clave pasar\u00e1 por lograr generar la credibilidad para no tener un nuevo impacto devaluatorio que acarree mayor inflaci\u00f3n.&nbsp;<\/p>\n\n\n\n<ul class=\"wp-block-list\"><li><strong>El d\u00e9ficit y la deuda<\/strong><\/li><\/ul>\n\n\n\n<p>Lo que tiene que ver con el resultado fiscal primario pareciera encaminarse a un equilibrio en 2020.. Si bien este a\u00f1o no se alcanzar\u00e1 el 0% de d\u00e9ficit primario acordado con el FMI, se va en camino a ello. Seg\u00fan estimaciones de Mat\u00edas Rajnerman, de Ecolatina, se espera que en 2019 el n\u00famero se ubique en torno 0,7% del producto.&nbsp;<\/p>\n\n\n\n<p>Adem\u00e1s, se redujo bastante el peso de los subsidios con los que cargaba el Estado. Seg\u00fan estimaciones de Rafael Skiadaressis, los subsidios corrientes -los que van directamente a la tarifa- a la electricidad se ubicar\u00e1n en 2019 cerca del 0,59% del PBI, mientras que en 2015 eran un 1,51%. En gas el porcentaje pas\u00f3 del 0,53% al 0,32%&nbsp; y en transporte automotor del 0,63 al 0,24%.<\/p>\n\n\n\n<p>Donde los n\u00fameros no cerrar\u00e1n en los pr\u00f3ximos a\u00f1os es en las planillas balance financiero, que es donde se incluye el peso de la los intereses de deuda. Cabe recordar que las obligaciones de la Argentina con sus acreedores significan (seg\u00fan las estimaciones de las consultoras) entre un 85% y un 91% del PBI.<\/p>\n\n\n\n<p>Por otra parte, en los pr\u00f3ximos a\u00f1os el FMI se convertir\u00e1 en un actor clave de la econom\u00eda argentina, en su rol de acreedor privilegiado.&nbsp;<\/p>\n\n\n\n<p>Asimismo, Argentina deber\u00e1 encarar una renegociaci\u00f3n con los bonistas privados, ya que el pago de la deuda, as\u00ed como est\u00e1 hoy, es imposible para las arcas nacionales. Resta ver si el camino a seguir es con quita o no, lo cual puede determinar el destino del pa\u00eds en el acceso a los mercados internacionales para los pr\u00f3ximos a\u00f1os.<\/p>\n\n\n\n<ul class=\"wp-block-list\"><li><strong>El frente externo<\/strong><\/li><\/ul>\n\n\n\n<p>En materia de balanza comercial la Argentina est\u00e1 comenzando el camino del super\u00e1vit aunque, aclaran los especialistas, esto no se dio por las buenas sino por las malas. No es que hayan mejorado las exportaciones sino que empeoraron las importaciones. El tipo de cambio ayud\u00f3 y la recesi\u00f3n m\u00e1s a\u00fan.&nbsp;<\/p>\n\n\n\n<ul class=\"wp-block-list\"><li><strong>Pobreza<\/strong><\/li><\/ul>\n\n\n\n<p>Entre las cuestiones m\u00e1s urgentes aparece la pobreza que, seg\u00fan la \u00faltima medici\u00f3n del Indec, se ubica en 35,4% de la poblaci\u00f3n y, seg\u00fan estimaciones de la Universidad Cat\u00f3lica Argentina, estar\u00e1 en torno al 40% para fin de a\u00f1o. Adem\u00e1s, la indigencia tampoco da respiro y trep\u00f3 al 7,7%.&nbsp;<\/p>\n\n\n\n<p>Por otra parte, preocupa la pobreza infantil. Se calcula que m\u00e1s del 50% de los chicos del pa\u00eds est\u00e1n bajo la l\u00ednea de pobreza.&nbsp;<\/p>\n\n\n\n<p>Eduardo Donza, investigador de la UCA, destac\u00f3 al respecto: \u201cVenimos marcando la pobreza estructural. Si vemos a largo plazo, desde 1983 que la pobreza no baja del 21% de la poblaci\u00f3n. Ah\u00ed es donde se acumula una tercera generaci\u00f3n de personas que est\u00e1n en la exclusi\u00f3n de diferentes personas, que no es solamente por ingresos nada m\u00e1s. Hay tambi\u00e9n una cuesti\u00f3n de estructura edilicia, de servicios que no se tienen y que afectan a la salud y la calidad de vida\u201d.&nbsp;<\/p>\n\n\n\n<p>Por otra parte, Donza agreg\u00f3: \u201cHay una importante cantidad de chicos que no trabajan ni estudian. Y una problem\u00e1tica espec\u00edfica de g\u00e9nero que afecta a mujeres en particular\u201d. Al respecto, sentenci\u00f3: \u201cHay una carencia de pol\u00edticas de Estado. Hay que sentar en una mesa al sistema pol\u00edtico; los empresarios, porque la inflaci\u00f3n genera m\u00e1s pobreza; la inversi\u00f3n, porque no hay hace a\u00f1os inversi\u00f3n en Argentina; los sindicatos; las universidades\u201d.&nbsp;<\/p>\n\n\n\n<p>Por \u00faltimo, Donza se\u00f1al\u00f3 que el pa\u00eds sufre de una estructura productiva \u201ctotalmente desigual\u201d.&nbsp;<\/p>\n\n\n\n<ul class=\"wp-block-list\"><li><strong>Desempleo<\/strong><\/li><\/ul>\n\n\n\n<p>La falta de trabajo es otra de las cuestiones que frenan un posible despegue. Seg\u00fan los \u00faltimos datos del Indec, la desocupaci\u00f3n afecta al 10,6% de los argentinos. Adem\u00e1s, la subocupaci\u00f3n alcanza al 13,1% de la poblaci\u00f3n. Y existen datos que marcan, encima, el trabajo que existe no conforma a quienes lo poseen: el 18,3% de los ocupados demanda un empleo nuevo.&nbsp;<\/p>\n\n\n\n<p>Al respecto, el economista especialista en mercado del trabajo Mart\u00edn Trombetta consider\u00f3: \u201cNo tiene caso discutir mercado de trabajo sin resultados macro: nadie va a salir a tomar trabajadores en blanco en una econom\u00eda en recesi\u00f3n y con un default por resolverse. Ahora, supongamos que la macro empieza a acomodarse: la situaci\u00f3n en el mercado de trabajo es complicada. Hay un desempleo alto y encima est\u00e1 subiendo. Y la informalidad en asalariados sigue clavada en un tercio y tenemos una gigantesca masa de cuentapropistas, que est\u00e1n formalizados por v\u00edas muy d\u00e9biles\u201d.<\/p>\n\n\n\n<p>En cuanto a las posibles soluciones, Trombetta puntualiz\u00f3: \u201cSoy de la idea de que tomar medidas hacia la reducci\u00f3n del costo laboral no salarial es una buena idea. Pero es algo que no se puede hacer el a\u00f1o que viene, porque en 2019 va a haber enormes necesidades fiscales\u201d.<\/p>\n\n\n\n<ul class=\"wp-block-list\"><li><strong>Industria<\/strong><\/li><\/ul>\n\n\n\n<p>En di\u00e1logo con&nbsp;<strong>PERFIL<\/strong>, director de Departamentos T\u00e9cnicos de la Uni\u00f3n Industrial Argentina (UIA), Gabriel Vienni, asegur\u00f3: \u201cLa prioridad es atender a las urgencias del cort\u00edsimo plazo: aliviar la carga financiera de las empresas, recomponer el capital de trabajo e intentar dinamizar el mercado interno. En eso juegan un papel importante tanto la AFIP, brindando alivio en lo relativo a las exigencias fiscales, como el sistema financiero, implementando programas especiales en este escenario en el que la tasa de inter\u00e9s resulta inaccesible por su rol como instrumento para sostener el tipo de cambio\u201d.<\/p>\n\n\n\n<p>Adem\u00e1s, el especialista agreg\u00f3: \u201cLa ca\u00edda es generalizada en la industria, y 2019 cerrar\u00e1 con una contracci\u00f3n que rondar\u00e1 el 8%. Los sectores con mayor incidencia de empresas peque\u00f1as y medianas, y m\u00e1s orientados al mercado interno son los que sienten con m\u00e1s intensidad esta delicada coyuntura: la producci\u00f3n textil, el calzado, la metalmec\u00e1nica y de muebles. Aunque con otro perfil, la industria automotriz tambi\u00e9n est\u00e1 sintiendo con fuerza el impacto de la devaluaci\u00f3n, el alto costo del financiamiento y su consiguiente ca\u00edda en las ventas\u201d.<\/p>\n\n\n\n<ul class=\"wp-block-list\"><li><strong>El agro<\/strong><\/li><\/ul>\n\n\n\n<p>El sector que genera la gran mayor\u00eda de las divisas de la Argentina tuvo un buen 2019 en t\u00e9rminos de cosecha, al menos en gran parte del pa\u00eds. Adem\u00e1s, las exportaciones de carne vacuna tuvieron un a\u00f1o por dem\u00e1s positivo. Sin embargo, en cuanto a las urgencia agroindustriales, el economista jefe de la Sociedad Rural, Ezequiel De Freijo, afirm\u00f3: \u201cMantener el camino de la institucionalidad. Previsibilidad de las reglas de juego, tipo de cambio unificado, tasa de inter\u00e9s que potencie la inversi\u00f3n y disponibilidad crediticia.&nbsp; Una pol\u00edtica integral (fiscal, monetaria y cambiaria) para bajar la inflaci\u00f3n. Alcanzar el grado de solvencia fiscal, imprescindible para contar con tasas de inter\u00e9s competitiva, sobre todo para seguir modernizando la econom\u00eda\u201d.<\/p>\n","protected":false},"excerpt":{"rendered":"<p>Alberto Fern\u00e1ndez asumir\u00e1 la Presidencia el pr\u00f3ximo 10 de diciembreen un pa\u00eds que, si bien no est\u00e1 en su peor crisis, s\u00ed afronta desequilibrios macro que requerir\u00e1n un manejo quir\u00fargico y una serie de consensos para salir adelante.\u00a0 PERFIL\u00a0consult\u00f3 a especialistas en econom\u00eda de diversas \u00e1reas, para conocer su visi\u00f3n respecto de cu\u00e1les son las [&hellip;]<\/p>\n","protected":false},"author":2,"featured_media":45248,"comment_status":"open","ping_status":"open","sticky":false,"template":"","format":"standard","meta":{"tdm_status":"","tdm_grid_status":"","_jetpack_memberships_contains_paid_content":false,"footnotes":"","jetpack_publicize_message":"","jetpack_publicize_feature_enabled":true,"jetpack_social_post_already_shared":false,"jetpack_social_options":{"image_generator_settings":{"template":"highway","default_image_id":0,"font":"","enabled":false},"version":2}},"categories":[26,30],"tags":[],"class_list":{"0":"post-801","1":"post","2":"type-post","3":"status-publish","4":"format-standard","5":"has-post-thumbnail","7":"category-destacada","8":"category-provinciales"},"yoast_head":"<!-- This site is optimized with the Yoast SEO plugin v22.7 - https:\/\/yoast.com\/wordpress\/plugins\/seo\/ -->\n<title>Los desaf\u00edos econ\u00f3micos que deber\u00e1 afrontar Alberto Fern\u00e1ndez desde el 10 de diciembre - 103.9 fm<\/title>\n<meta name=\"robots\" content=\"index, follow, max-snippet:-1, max-image-preview:large, max-video-preview:-1\" \/>\n<link rel=\"canonical\" href=\"https:\/\/ondauno.com.ar\/index.php\/2019\/10\/29\/los-desafios-economicos-que-debera-afrontar-alberto-fernandez-desde-el-10-de-diciembre\/\" \/>\n<meta property=\"og:locale\" content=\"es_ES\" \/>\n<meta property=\"og:type\" content=\"article\" \/>\n<meta property=\"og:title\" content=\"Los desaf\u00edos econ\u00f3micos que deber\u00e1 afrontar Alberto Fern\u00e1ndez desde el 10 de diciembre - 103.9 fm\" \/>\n<meta property=\"og:description\" content=\"Alberto Fern\u00e1ndez asumir\u00e1 la Presidencia el pr\u00f3ximo 10 de diciembreen un pa\u00eds que, si bien no est\u00e1 en su peor crisis, s\u00ed afronta desequilibrios macro que requerir\u00e1n un manejo quir\u00fargico y una serie de consensos para salir adelante.\u00a0 PERFIL\u00a0consult\u00f3 a especialistas en econom\u00eda de diversas \u00e1reas, para conocer su visi\u00f3n respecto de cu\u00e1les son las [&hellip;]\" \/>\n<meta property=\"og:url\" content=\"https:\/\/ondauno.com.ar\/index.php\/2019\/10\/29\/los-desafios-economicos-que-debera-afrontar-alberto-fernandez-desde-el-10-de-diciembre\/\" \/>\n<meta property=\"og:site_name\" content=\"103.9 fm\" \/>\n<meta property=\"article:publisher\" content=\"https:\/\/www.facebook.com\/ondauno103.9\" \/>\n<meta property=\"article:published_time\" content=\"2019-10-29T15:32:49+00:00\" \/>\n<meta property=\"article:modified_time\" content=\"2019-10-29T15:32:56+00:00\" \/>\n<meta property=\"og:image\" content=\"https:\/\/ondauno.com.ar\/wp-content\/uploads\/2024\/03\/logo-jpg.jpg\" \/>\n\t<meta property=\"og:image:width\" content=\"336\" \/>\n\t<meta property=\"og:image:height\" content=\"292\" \/>\n\t<meta property=\"og:image:type\" content=\"image\/jpeg\" \/>\n<meta name=\"author\" content=\"fernando garcia\" \/>\n<meta name=\"twitter:card\" content=\"summary_large_image\" \/>\n<meta name=\"twitter:label1\" content=\"Escrito por\" \/>\n\t<meta name=\"twitter:data1\" content=\"fernando garcia\" \/>\n\t<meta name=\"twitter:label2\" content=\"Tiempo de lectura\" \/>\n\t<meta name=\"twitter:data2\" content=\"8 minutos\" \/>\n<script type=\"application\/ld+json\" class=\"yoast-schema-graph\">{\"@context\":\"https:\/\/schema.org\",\"@graph\":[{\"@type\":\"WebPage\",\"@id\":\"https:\/\/ondauno.com.ar\/index.php\/2019\/10\/29\/los-desafios-economicos-que-debera-afrontar-alberto-fernandez-desde-el-10-de-diciembre\/\",\"url\":\"https:\/\/ondauno.com.ar\/index.php\/2019\/10\/29\/los-desafios-economicos-que-debera-afrontar-alberto-fernandez-desde-el-10-de-diciembre\/\",\"name\":\"Los desaf\u00edos econ\u00f3micos que deber\u00e1 afrontar Alberto Fern\u00e1ndez desde el 10 de diciembre - 103.9 fm\",\"isPartOf\":{\"@id\":\"https:\/\/ondauno.com.ar\/#website\"},\"primaryImageOfPage\":{\"@id\":\"https:\/\/ondauno.com.ar\/index.php\/2019\/10\/29\/los-desafios-economicos-que-debera-afrontar-alberto-fernandez-desde-el-10-de-diciembre\/#primaryimage\"},\"image\":{\"@id\":\"https:\/\/ondauno.com.ar\/index.php\/2019\/10\/29\/los-desafios-economicos-que-debera-afrontar-alberto-fernandez-desde-el-10-de-diciembre\/#primaryimage\"},\"thumbnailUrl\":\"https:\/\/ondauno.com.ar\/wp-content\/uploads\/2024\/03\/logo-jpg.jpg\",\"datePublished\":\"2019-10-29T15:32:49+00:00\",\"dateModified\":\"2019-10-29T15:32:56+00:00\",\"author\":{\"@id\":\"https:\/\/ondauno.com.ar\/#\/schema\/person\/201d1b68e6c75e0fd396fe5f8af5d139\"},\"breadcrumb\":{\"@id\":\"https:\/\/ondauno.com.ar\/index.php\/2019\/10\/29\/los-desafios-economicos-que-debera-afrontar-alberto-fernandez-desde-el-10-de-diciembre\/#breadcrumb\"},\"inLanguage\":\"es-AR\",\"potentialAction\":[{\"@type\":\"ReadAction\",\"target\":[\"https:\/\/ondauno.com.ar\/index.php\/2019\/10\/29\/los-desafios-economicos-que-debera-afrontar-alberto-fernandez-desde-el-10-de-diciembre\/\"]}]},{\"@type\":\"ImageObject\",\"inLanguage\":\"es-AR\",\"@id\":\"https:\/\/ondauno.com.ar\/index.php\/2019\/10\/29\/los-desafios-economicos-que-debera-afrontar-alberto-fernandez-desde-el-10-de-diciembre\/#primaryimage\",\"url\":\"https:\/\/ondauno.com.ar\/wp-content\/uploads\/2024\/03\/logo-jpg.jpg\",\"contentUrl\":\"https:\/\/ondauno.com.ar\/wp-content\/uploads\/2024\/03\/logo-jpg.jpg\",\"width\":336,\"height\":292},{\"@type\":\"BreadcrumbList\",\"@id\":\"https:\/\/ondauno.com.ar\/index.php\/2019\/10\/29\/los-desafios-economicos-que-debera-afrontar-alberto-fernandez-desde-el-10-de-diciembre\/#breadcrumb\",\"itemListElement\":[{\"@type\":\"ListItem\",\"position\":1,\"name\":\"Inicio\",\"item\":\"https:\/\/ondauno.com.ar\/\"},{\"@type\":\"ListItem\",\"position\":2,\"name\":\"Los desaf\u00edos econ\u00f3micos que deber\u00e1 afrontar Alberto Fern\u00e1ndez desde el 10 de diciembre\"}]},{\"@type\":\"WebSite\",\"@id\":\"https:\/\/ondauno.com.ar\/#website\",\"url\":\"https:\/\/ondauno.com.ar\/\",\"name\":\"103.9 fm\",\"description\":\"LA PRIMERA RADIO MULTIMEDIA DE TRES ARROYOS\",\"potentialAction\":[{\"@type\":\"SearchAction\",\"target\":{\"@type\":\"EntryPoint\",\"urlTemplate\":\"https:\/\/ondauno.com.ar\/?s={search_term_string}\"},\"query-input\":\"required name=search_term_string\"}],\"inLanguage\":\"es-AR\"},{\"@type\":\"Person\",\"@id\":\"https:\/\/ondauno.com.ar\/#\/schema\/person\/201d1b68e6c75e0fd396fe5f8af5d139\",\"name\":\"fernando garcia\",\"image\":{\"@type\":\"ImageObject\",\"inLanguage\":\"es-AR\",\"@id\":\"https:\/\/ondauno.com.ar\/#\/schema\/person\/image\/\",\"url\":\"https:\/\/secure.gravatar.com\/avatar\/5f7254642ad81272e79a2e69653cfdfc?s=96&d=mm&r=g\",\"contentUrl\":\"https:\/\/secure.gravatar.com\/avatar\/5f7254642ad81272e79a2e69653cfdfc?s=96&d=mm&r=g\",\"caption\":\"fernando garcia\"},\"url\":\"https:\/\/ondauno.com.ar\/index.php\/author\/ondaunoeditor\/\"}]}<\/script>\n<!-- \/ Yoast SEO plugin. -->","yoast_head_json":{"title":"Los desaf\u00edos econ\u00f3micos que deber\u00e1 afrontar Alberto Fern\u00e1ndez desde el 10 de diciembre - 103.9 fm","robots":{"index":"index","follow":"follow","max-snippet":"max-snippet:-1","max-image-preview":"max-image-preview:large","max-video-preview":"max-video-preview:-1"},"canonical":"https:\/\/ondauno.com.ar\/index.php\/2019\/10\/29\/los-desafios-economicos-que-debera-afrontar-alberto-fernandez-desde-el-10-de-diciembre\/","og_locale":"es_ES","og_type":"article","og_title":"Los desaf\u00edos econ\u00f3micos que deber\u00e1 afrontar Alberto Fern\u00e1ndez desde el 10 de diciembre - 103.9 fm","og_description":"Alberto Fern\u00e1ndez asumir\u00e1 la Presidencia el pr\u00f3ximo 10 de diciembreen un pa\u00eds que, si bien no est\u00e1 en su peor crisis, s\u00ed afronta desequilibrios macro que requerir\u00e1n un manejo quir\u00fargico y una serie de consensos para salir adelante.\u00a0 PERFIL\u00a0consult\u00f3 a especialistas en econom\u00eda de diversas \u00e1reas, para conocer su visi\u00f3n respecto de cu\u00e1les son las [&hellip;]","og_url":"https:\/\/ondauno.com.ar\/index.php\/2019\/10\/29\/los-desafios-economicos-que-debera-afrontar-alberto-fernandez-desde-el-10-de-diciembre\/","og_site_name":"103.9 fm","article_publisher":"https:\/\/www.facebook.com\/ondauno103.9","article_published_time":"2019-10-29T15:32:49+00:00","article_modified_time":"2019-10-29T15:32:56+00:00","og_image":[{"width":336,"height":292,"url":"https:\/\/ondauno.com.ar\/wp-content\/uploads\/2024\/03\/logo-jpg.jpg","type":"image\/jpeg"}],"author":"fernando garcia","twitter_card":"summary_large_image","twitter_misc":{"Escrito por":"fernando garcia","Tiempo de lectura":"8 minutos"},"schema":{"@context":"https:\/\/schema.org","@graph":[{"@type":"WebPage","@id":"https:\/\/ondauno.com.ar\/index.php\/2019\/10\/29\/los-desafios-economicos-que-debera-afrontar-alberto-fernandez-desde-el-10-de-diciembre\/","url":"https:\/\/ondauno.com.ar\/index.php\/2019\/10\/29\/los-desafios-economicos-que-debera-afrontar-alberto-fernandez-desde-el-10-de-diciembre\/","name":"Los desaf\u00edos econ\u00f3micos que deber\u00e1 afrontar Alberto Fern\u00e1ndez desde el 10 de diciembre - 103.9 fm","isPartOf":{"@id":"https:\/\/ondauno.com.ar\/#website"},"primaryImageOfPage":{"@id":"https:\/\/ondauno.com.ar\/index.php\/2019\/10\/29\/los-desafios-economicos-que-debera-afrontar-alberto-fernandez-desde-el-10-de-diciembre\/#primaryimage"},"image":{"@id":"https:\/\/ondauno.com.ar\/index.php\/2019\/10\/29\/los-desafios-economicos-que-debera-afrontar-alberto-fernandez-desde-el-10-de-diciembre\/#primaryimage"},"thumbnailUrl":"https:\/\/ondauno.com.ar\/wp-content\/uploads\/2024\/03\/logo-jpg.jpg","datePublished":"2019-10-29T15:32:49+00:00","dateModified":"2019-10-29T15:32:56+00:00","author":{"@id":"https:\/\/ondauno.com.ar\/#\/schema\/person\/201d1b68e6c75e0fd396fe5f8af5d139"},"breadcrumb":{"@id":"https:\/\/ondauno.com.ar\/index.php\/2019\/10\/29\/los-desafios-economicos-que-debera-afrontar-alberto-fernandez-desde-el-10-de-diciembre\/#breadcrumb"},"inLanguage":"es-AR","potentialAction":[{"@type":"ReadAction","target":["https:\/\/ondauno.com.ar\/index.php\/2019\/10\/29\/los-desafios-economicos-que-debera-afrontar-alberto-fernandez-desde-el-10-de-diciembre\/"]}]},{"@type":"ImageObject","inLanguage":"es-AR","@id":"https:\/\/ondauno.com.ar\/index.php\/2019\/10\/29\/los-desafios-economicos-que-debera-afrontar-alberto-fernandez-desde-el-10-de-diciembre\/#primaryimage","url":"https:\/\/ondauno.com.ar\/wp-content\/uploads\/2024\/03\/logo-jpg.jpg","contentUrl":"https:\/\/ondauno.com.ar\/wp-content\/uploads\/2024\/03\/logo-jpg.jpg","width":336,"height":292},{"@type":"BreadcrumbList","@id":"https:\/\/ondauno.com.ar\/index.php\/2019\/10\/29\/los-desafios-economicos-que-debera-afrontar-alberto-fernandez-desde-el-10-de-diciembre\/#breadcrumb","itemListElement":[{"@type":"ListItem","position":1,"name":"Inicio","item":"https:\/\/ondauno.com.ar\/"},{"@type":"ListItem","position":2,"name":"Los desaf\u00edos econ\u00f3micos que deber\u00e1 afrontar Alberto Fern\u00e1ndez desde el 10 de diciembre"}]},{"@type":"WebSite","@id":"https:\/\/ondauno.com.ar\/#website","url":"https:\/\/ondauno.com.ar\/","name":"103.9 fm","description":"LA PRIMERA RADIO MULTIMEDIA DE TRES ARROYOS","potentialAction":[{"@type":"SearchAction","target":{"@type":"EntryPoint","urlTemplate":"https:\/\/ondauno.com.ar\/?s={search_term_string}"},"query-input":"required name=search_term_string"}],"inLanguage":"es-AR"},{"@type":"Person","@id":"https:\/\/ondauno.com.ar\/#\/schema\/person\/201d1b68e6c75e0fd396fe5f8af5d139","name":"fernando garcia","image":{"@type":"ImageObject","inLanguage":"es-AR","@id":"https:\/\/ondauno.com.ar\/#\/schema\/person\/image\/","url":"https:\/\/secure.gravatar.com\/avatar\/5f7254642ad81272e79a2e69653cfdfc?s=96&d=mm&r=g","contentUrl":"https:\/\/secure.gravatar.com\/avatar\/5f7254642ad81272e79a2e69653cfdfc?s=96&d=mm&r=g","caption":"fernando garcia"},"url":"https:\/\/ondauno.com.ar\/index.php\/author\/ondaunoeditor\/"}]}},"jetpack_publicize_connections":[],"jetpack_featured_media_url":"https:\/\/ondauno.com.ar\/wp-content\/uploads\/2024\/03\/logo-jpg.jpg","jetpack_sharing_enabled":true,"_links":{"self":[{"href":"https:\/\/ondauno.com.ar\/index.php\/wp-json\/wp\/v2\/posts\/801","targetHints":{"allow":["GET"]}}],"collection":[{"href":"https:\/\/ondauno.com.ar\/index.php\/wp-json\/wp\/v2\/posts"}],"about":[{"href":"https:\/\/ondauno.com.ar\/index.php\/wp-json\/wp\/v2\/types\/post"}],"author":[{"embeddable":true,"href":"https:\/\/ondauno.com.ar\/index.php\/wp-json\/wp\/v2\/users\/2"}],"replies":[{"embeddable":true,"href":"https:\/\/ondauno.com.ar\/index.php\/wp-json\/wp\/v2\/comments?post=801"}],"version-history":[{"count":0,"href":"https:\/\/ondauno.com.ar\/index.php\/wp-json\/wp\/v2\/posts\/801\/revisions"}],"wp:featuredmedia":[{"embeddable":true,"href":"https:\/\/ondauno.com.ar\/index.php\/wp-json\/wp\/v2\/media\/45248"}],"wp:attachment":[{"href":"https:\/\/ondauno.com.ar\/index.php\/wp-json\/wp\/v2\/media?parent=801"}],"wp:term":[{"taxonomy":"category","embeddable":true,"href":"https:\/\/ondauno.com.ar\/index.php\/wp-json\/wp\/v2\/categories?post=801"},{"taxonomy":"post_tag","embeddable":true,"href":"https:\/\/ondauno.com.ar\/index.php\/wp-json\/wp\/v2\/tags?post=801"}],"curies":[{"name":"wp","href":"https:\/\/api.w.org\/{rel}","templated":true}]}}