{"id":798,"date":"2019-10-29T12:29:05","date_gmt":"2019-10-29T15:29:05","guid":{"rendered":"http:\/\/ondauno.com.ar\/?p=798"},"modified":"2019-10-29T12:29:12","modified_gmt":"2019-10-29T15:29:12","slug":"mauricio-macri-cuestiono-la-estrategia-electoral-que-maria-eugenia-vidal-desplego-en-buenos-aires","status":"publish","type":"post","link":"https:\/\/ondauno.com.ar\/index.php\/2019\/10\/29\/mauricio-macri-cuestiono-la-estrategia-electoral-que-maria-eugenia-vidal-desplego-en-buenos-aires\/","title":{"rendered":"Mauricio Macri cuestion\u00f3 la estrategia electoral que Mar\u00eda Eugenia Vidal despleg\u00f3 en Buenos Aires"},"content":{"rendered":"<div class=\"ondau-before-content_3\" style=\"margin-top: -30px;\" id=\"ondau-2383327981\"><a href=\"https:\/\/www.lps.com.ar\/\" aria-label=\"la-perse2\"><img loading=\"lazy\" decoding=\"async\" src=\"https:\/\/ondauno.com.ar\/wp-content\/uploads\/2021\/10\/la-perse2.jpg\" alt=\"\"  srcset=\"https:\/\/ondauno.com.ar\/wp-content\/uploads\/2021\/10\/la-perse2.jpg 1353w, https:\/\/ondauno.com.ar\/wp-content\/uploads\/2021\/10\/la-perse2-300x43.jpg 300w, https:\/\/ondauno.com.ar\/wp-content\/uploads\/2021\/10\/la-perse2-1024x148.jpg 1024w, https:\/\/ondauno.com.ar\/wp-content\/uploads\/2021\/10\/la-perse2-768x111.jpg 768w, https:\/\/ondauno.com.ar\/wp-content\/uploads\/2021\/10\/la-perse2-696x100.jpg 696w, https:\/\/ondauno.com.ar\/wp-content\/uploads\/2021\/10\/la-perse2-1068x154.jpg 1068w\" sizes=\"(max-width: 1353px) 100vw, 1353px\" class=\"no-lazyload\" width=\"1353\" height=\"195\"  style=\"display: inline-block;\" \/><\/a><\/div>\n<p>Mar\u00eda Eugenia Vidal reconoce el liderazgo institucional de Mauricio Macri, pero en los \u00faltimos meses profundiz\u00f3 sus diferencias pol\u00edticas con el Presidente. Vidal consideraba un error que Macri buscar\u00e1 su reelecci\u00f3n en medio de un fuerte plan de ajuste y en sucesivas ocasiones propuso planes alternativos para evitar una probable ca\u00edda electoral frente al peronismo bonaerense.&nbsp;<strong>El presidente y Marcos Pe\u00f1a rechazaron las sugerencias de Vidal, y con la derrota ante Axel Kicillof la relaci\u00f3n pol\u00edtica entre Macri y la gobernadora qued\u00f3 otra vez bajo fuego cruzado.<\/strong><\/p>\n\n\n\n<p>Macri sab\u00eda que Vidal hab\u00eda acordado con ciertos intendentes del conurbano -Tres de Febrero, Lan\u00fas y Quilmes, por ejemplo- una t\u00e1ctica electoral que pod\u00eda complicar sus posibilidades en Buenos Aires. Se trataba de&nbsp;<strong>esconder la imagen del Presidente en la campa\u00f1a<\/strong>&nbsp;y doblar las boletas para evitar que Macri apareciera sobre los pupitres que se usan en los cuartos oscuros. Esa t\u00e1ctica tuvo beneficios parciales: renovaron los intendentes de Lan\u00fas y Tres de Febrero y perdi\u00f3 su colega de Avellaneda.<\/p>\n\n\n\n<p>El Presidente asume que esa t\u00e1ctica fue equivocada y que Vidal no super\u00f3 personalmente la derrota en las PASO frente a Kicillof. Macri cuenta la diferencia de votos que existen entre la gobernadora derrotada y los obtenidos por el gobernador electo del Frente de Todos, y&nbsp;<strong>concluye que hubiera llegado al balotaje si hubiera sido distinta la estrategia proselitista en Buenos Aires.<\/strong><\/p>\n\n\n\n<p>La gobernadora tiene dos documentos internos que le permiten demostrar que hizo una profunda campa\u00f1a en toda la provincia y que su resultado electoral no fue un factor determinante para explicar por qu\u00e9 Macri no lleg\u00f3 al balotaje.&nbsp;<strong>\u201cLa lista encabezada por Mar\u00eda Eugenia Vidal y Daniel Salvador increment\u00f3, estimando resultados escrutados al 100 %, 633.785 votos entre las PASO y las elecciones generales\u201d,<\/strong>&nbsp;dice uno de los papers a los que accedi\u00f3&nbsp;<strong>Infobae.<\/strong><\/p>\n\n\n\n<p>Y remata: \u201cLa lista encabezada por Mar\u00eda Eugenia Vidal y Daniel Salvador increment\u00f3 para la categor\u00eda Presidente de la Naci\u00f3n, estimando resultados escrutados al 100%, 714.238 votos entre las PASO y las elecciones generales\u201d.<\/p>\n\n\n\n<p>En Gobierno aseguran que los n\u00fameros esgrimidos por Vidal son correctos,&nbsp;<strong>pero hacen otra lectura de los resultados en la provincia de Buenos Aires.<\/strong>&nbsp;En el primer piso de la Casa Rosada explican que la gobernadora&nbsp;<strong>\u201cno puso el \u00edmpetu necesario\u201d<\/strong>&nbsp;para enfrentar un resultado que no esperaba nadie.<\/p>\n","protected":false},"excerpt":{"rendered":"<p>Mar\u00eda Eugenia Vidal reconoce el liderazgo institucional de Mauricio Macri, pero en los \u00faltimos meses profundiz\u00f3 sus diferencias pol\u00edticas con el Presidente. Vidal consideraba un error que Macri buscar\u00e1 su reelecci\u00f3n en medio de un fuerte plan de ajuste y en sucesivas ocasiones propuso planes alternativos para evitar una probable ca\u00edda electoral frente al peronismo [&hellip;]<\/p>\n","protected":false},"author":2,"featured_media":45248,"comment_status":"open","ping_status":"open","sticky":false,"template":"","format":"standard","meta":{"tdm_status":"","tdm_grid_status":"","_jetpack_memberships_contains_paid_content":false,"footnotes":"","jetpack_publicize_message":"","jetpack_publicize_feature_enabled":true,"jetpack_social_post_already_shared":false,"jetpack_social_options":{"image_generator_settings":{"template":"highway","default_image_id":0,"font":"","enabled":false},"version":2}},"categories":[26,30],"tags":[],"class_list":{"0":"post-798","1":"post","2":"type-post","3":"status-publish","4":"format-standard","5":"has-post-thumbnail","7":"category-destacada","8":"category-provinciales"},"yoast_head":"<!-- This site is optimized with the Yoast SEO plugin v22.7 - https:\/\/yoast.com\/wordpress\/plugins\/seo\/ -->\n<title>Mauricio Macri cuestion\u00f3 la estrategia electoral que Mar\u00eda Eugenia Vidal despleg\u00f3 en Buenos Aires - 103.9 fm<\/title>\n<meta name=\"robots\" content=\"index, follow, max-snippet:-1, max-image-preview:large, max-video-preview:-1\" \/>\n<link rel=\"canonical\" href=\"https:\/\/ondauno.com.ar\/index.php\/2019\/10\/29\/mauricio-macri-cuestiono-la-estrategia-electoral-que-maria-eugenia-vidal-desplego-en-buenos-aires\/\" \/>\n<meta property=\"og:locale\" content=\"es_ES\" \/>\n<meta property=\"og:type\" content=\"article\" \/>\n<meta property=\"og:title\" content=\"Mauricio Macri cuestion\u00f3 la estrategia electoral que Mar\u00eda Eugenia Vidal despleg\u00f3 en Buenos Aires - 103.9 fm\" \/>\n<meta property=\"og:description\" content=\"Mar\u00eda Eugenia Vidal reconoce el liderazgo institucional de Mauricio Macri, pero en los \u00faltimos meses profundiz\u00f3 sus diferencias pol\u00edticas con el Presidente. Vidal consideraba un error que Macri buscar\u00e1 su reelecci\u00f3n en medio de un fuerte plan de ajuste y en sucesivas ocasiones propuso planes alternativos para evitar una probable ca\u00edda electoral frente al peronismo [&hellip;]\" \/>\n<meta property=\"og:url\" content=\"https:\/\/ondauno.com.ar\/index.php\/2019\/10\/29\/mauricio-macri-cuestiono-la-estrategia-electoral-que-maria-eugenia-vidal-desplego-en-buenos-aires\/\" \/>\n<meta property=\"og:site_name\" content=\"103.9 fm\" \/>\n<meta property=\"article:publisher\" content=\"https:\/\/www.facebook.com\/ondauno103.9\" \/>\n<meta property=\"article:published_time\" content=\"2019-10-29T15:29:05+00:00\" \/>\n<meta property=\"article:modified_time\" content=\"2019-10-29T15:29:12+00:00\" \/>\n<meta property=\"og:image\" content=\"https:\/\/ondauno.com.ar\/wp-content\/uploads\/2024\/03\/logo-jpg.jpg\" \/>\n\t<meta property=\"og:image:width\" content=\"336\" \/>\n\t<meta property=\"og:image:height\" content=\"292\" \/>\n\t<meta property=\"og:image:type\" content=\"image\/jpeg\" \/>\n<meta name=\"author\" content=\"fernando garcia\" \/>\n<meta name=\"twitter:card\" content=\"summary_large_image\" \/>\n<meta name=\"twitter:label1\" content=\"Escrito por\" \/>\n\t<meta name=\"twitter:data1\" content=\"fernando garcia\" \/>\n\t<meta name=\"twitter:label2\" content=\"Tiempo de lectura\" \/>\n\t<meta name=\"twitter:data2\" content=\"2 minutos\" \/>\n<script type=\"application\/ld+json\" class=\"yoast-schema-graph\">{\"@context\":\"https:\/\/schema.org\",\"@graph\":[{\"@type\":\"WebPage\",\"@id\":\"https:\/\/ondauno.com.ar\/index.php\/2019\/10\/29\/mauricio-macri-cuestiono-la-estrategia-electoral-que-maria-eugenia-vidal-desplego-en-buenos-aires\/\",\"url\":\"https:\/\/ondauno.com.ar\/index.php\/2019\/10\/29\/mauricio-macri-cuestiono-la-estrategia-electoral-que-maria-eugenia-vidal-desplego-en-buenos-aires\/\",\"name\":\"Mauricio Macri cuestion\u00f3 la estrategia electoral que Mar\u00eda Eugenia Vidal despleg\u00f3 en Buenos Aires - 103.9 fm\",\"isPartOf\":{\"@id\":\"https:\/\/ondauno.com.ar\/#website\"},\"primaryImageOfPage\":{\"@id\":\"https:\/\/ondauno.com.ar\/index.php\/2019\/10\/29\/mauricio-macri-cuestiono-la-estrategia-electoral-que-maria-eugenia-vidal-desplego-en-buenos-aires\/#primaryimage\"},\"image\":{\"@id\":\"https:\/\/ondauno.com.ar\/index.php\/2019\/10\/29\/mauricio-macri-cuestiono-la-estrategia-electoral-que-maria-eugenia-vidal-desplego-en-buenos-aires\/#primaryimage\"},\"thumbnailUrl\":\"https:\/\/ondauno.com.ar\/wp-content\/uploads\/2024\/03\/logo-jpg.jpg\",\"datePublished\":\"2019-10-29T15:29:05+00:00\",\"dateModified\":\"2019-10-29T15:29:12+00:00\",\"author\":{\"@id\":\"https:\/\/ondauno.com.ar\/#\/schema\/person\/201d1b68e6c75e0fd396fe5f8af5d139\"},\"breadcrumb\":{\"@id\":\"https:\/\/ondauno.com.ar\/index.php\/2019\/10\/29\/mauricio-macri-cuestiono-la-estrategia-electoral-que-maria-eugenia-vidal-desplego-en-buenos-aires\/#breadcrumb\"},\"inLanguage\":\"es-AR\",\"potentialAction\":[{\"@type\":\"ReadAction\",\"target\":[\"https:\/\/ondauno.com.ar\/index.php\/2019\/10\/29\/mauricio-macri-cuestiono-la-estrategia-electoral-que-maria-eugenia-vidal-desplego-en-buenos-aires\/\"]}]},{\"@type\":\"ImageObject\",\"inLanguage\":\"es-AR\",\"@id\":\"https:\/\/ondauno.com.ar\/index.php\/2019\/10\/29\/mauricio-macri-cuestiono-la-estrategia-electoral-que-maria-eugenia-vidal-desplego-en-buenos-aires\/#primaryimage\",\"url\":\"https:\/\/ondauno.com.ar\/wp-content\/uploads\/2024\/03\/logo-jpg.jpg\",\"contentUrl\":\"https:\/\/ondauno.com.ar\/wp-content\/uploads\/2024\/03\/logo-jpg.jpg\",\"width\":336,\"height\":292},{\"@type\":\"BreadcrumbList\",\"@id\":\"https:\/\/ondauno.com.ar\/index.php\/2019\/10\/29\/mauricio-macri-cuestiono-la-estrategia-electoral-que-maria-eugenia-vidal-desplego-en-buenos-aires\/#breadcrumb\",\"itemListElement\":[{\"@type\":\"ListItem\",\"position\":1,\"name\":\"Inicio\",\"item\":\"https:\/\/ondauno.com.ar\/\"},{\"@type\":\"ListItem\",\"position\":2,\"name\":\"Mauricio Macri cuestion\u00f3 la estrategia electoral que Mar\u00eda Eugenia Vidal despleg\u00f3 en Buenos Aires\"}]},{\"@type\":\"WebSite\",\"@id\":\"https:\/\/ondauno.com.ar\/#website\",\"url\":\"https:\/\/ondauno.com.ar\/\",\"name\":\"103.9 fm\",\"description\":\"LA PRIMERA RADIO MULTIMEDIA DE TRES ARROYOS\",\"potentialAction\":[{\"@type\":\"SearchAction\",\"target\":{\"@type\":\"EntryPoint\",\"urlTemplate\":\"https:\/\/ondauno.com.ar\/?s={search_term_string}\"},\"query-input\":\"required name=search_term_string\"}],\"inLanguage\":\"es-AR\"},{\"@type\":\"Person\",\"@id\":\"https:\/\/ondauno.com.ar\/#\/schema\/person\/201d1b68e6c75e0fd396fe5f8af5d139\",\"name\":\"fernando garcia\",\"image\":{\"@type\":\"ImageObject\",\"inLanguage\":\"es-AR\",\"@id\":\"https:\/\/ondauno.com.ar\/#\/schema\/person\/image\/\",\"url\":\"https:\/\/secure.gravatar.com\/avatar\/5f7254642ad81272e79a2e69653cfdfc?s=96&d=mm&r=g\",\"contentUrl\":\"https:\/\/secure.gravatar.com\/avatar\/5f7254642ad81272e79a2e69653cfdfc?s=96&d=mm&r=g\",\"caption\":\"fernando garcia\"},\"url\":\"https:\/\/ondauno.com.ar\/index.php\/author\/ondaunoeditor\/\"}]}<\/script>\n<!-- \/ Yoast SEO plugin. -->","yoast_head_json":{"title":"Mauricio Macri cuestion\u00f3 la estrategia electoral que Mar\u00eda Eugenia Vidal despleg\u00f3 en Buenos Aires - 103.9 fm","robots":{"index":"index","follow":"follow","max-snippet":"max-snippet:-1","max-image-preview":"max-image-preview:large","max-video-preview":"max-video-preview:-1"},"canonical":"https:\/\/ondauno.com.ar\/index.php\/2019\/10\/29\/mauricio-macri-cuestiono-la-estrategia-electoral-que-maria-eugenia-vidal-desplego-en-buenos-aires\/","og_locale":"es_ES","og_type":"article","og_title":"Mauricio Macri cuestion\u00f3 la estrategia electoral que Mar\u00eda Eugenia Vidal despleg\u00f3 en Buenos Aires - 103.9 fm","og_description":"Mar\u00eda Eugenia Vidal reconoce el liderazgo institucional de Mauricio Macri, pero en los \u00faltimos meses profundiz\u00f3 sus diferencias pol\u00edticas con el Presidente. Vidal consideraba un error que Macri buscar\u00e1 su reelecci\u00f3n en medio de un fuerte plan de ajuste y en sucesivas ocasiones propuso planes alternativos para evitar una probable ca\u00edda electoral frente al peronismo [&hellip;]","og_url":"https:\/\/ondauno.com.ar\/index.php\/2019\/10\/29\/mauricio-macri-cuestiono-la-estrategia-electoral-que-maria-eugenia-vidal-desplego-en-buenos-aires\/","og_site_name":"103.9 fm","article_publisher":"https:\/\/www.facebook.com\/ondauno103.9","article_published_time":"2019-10-29T15:29:05+00:00","article_modified_time":"2019-10-29T15:29:12+00:00","og_image":[{"width":336,"height":292,"url":"https:\/\/ondauno.com.ar\/wp-content\/uploads\/2024\/03\/logo-jpg.jpg","type":"image\/jpeg"}],"author":"fernando garcia","twitter_card":"summary_large_image","twitter_misc":{"Escrito por":"fernando garcia","Tiempo de lectura":"2 minutos"},"schema":{"@context":"https:\/\/schema.org","@graph":[{"@type":"WebPage","@id":"https:\/\/ondauno.com.ar\/index.php\/2019\/10\/29\/mauricio-macri-cuestiono-la-estrategia-electoral-que-maria-eugenia-vidal-desplego-en-buenos-aires\/","url":"https:\/\/ondauno.com.ar\/index.php\/2019\/10\/29\/mauricio-macri-cuestiono-la-estrategia-electoral-que-maria-eugenia-vidal-desplego-en-buenos-aires\/","name":"Mauricio Macri cuestion\u00f3 la estrategia electoral que Mar\u00eda Eugenia Vidal despleg\u00f3 en Buenos Aires - 103.9 fm","isPartOf":{"@id":"https:\/\/ondauno.com.ar\/#website"},"primaryImageOfPage":{"@id":"https:\/\/ondauno.com.ar\/index.php\/2019\/10\/29\/mauricio-macri-cuestiono-la-estrategia-electoral-que-maria-eugenia-vidal-desplego-en-buenos-aires\/#primaryimage"},"image":{"@id":"https:\/\/ondauno.com.ar\/index.php\/2019\/10\/29\/mauricio-macri-cuestiono-la-estrategia-electoral-que-maria-eugenia-vidal-desplego-en-buenos-aires\/#primaryimage"},"thumbnailUrl":"https:\/\/ondauno.com.ar\/wp-content\/uploads\/2024\/03\/logo-jpg.jpg","datePublished":"2019-10-29T15:29:05+00:00","dateModified":"2019-10-29T15:29:12+00:00","author":{"@id":"https:\/\/ondauno.com.ar\/#\/schema\/person\/201d1b68e6c75e0fd396fe5f8af5d139"},"breadcrumb":{"@id":"https:\/\/ondauno.com.ar\/index.php\/2019\/10\/29\/mauricio-macri-cuestiono-la-estrategia-electoral-que-maria-eugenia-vidal-desplego-en-buenos-aires\/#breadcrumb"},"inLanguage":"es-AR","potentialAction":[{"@type":"ReadAction","target":["https:\/\/ondauno.com.ar\/index.php\/2019\/10\/29\/mauricio-macri-cuestiono-la-estrategia-electoral-que-maria-eugenia-vidal-desplego-en-buenos-aires\/"]}]},{"@type":"ImageObject","inLanguage":"es-AR","@id":"https:\/\/ondauno.com.ar\/index.php\/2019\/10\/29\/mauricio-macri-cuestiono-la-estrategia-electoral-que-maria-eugenia-vidal-desplego-en-buenos-aires\/#primaryimage","url":"https:\/\/ondauno.com.ar\/wp-content\/uploads\/2024\/03\/logo-jpg.jpg","contentUrl":"https:\/\/ondauno.com.ar\/wp-content\/uploads\/2024\/03\/logo-jpg.jpg","width":336,"height":292},{"@type":"BreadcrumbList","@id":"https:\/\/ondauno.com.ar\/index.php\/2019\/10\/29\/mauricio-macri-cuestiono-la-estrategia-electoral-que-maria-eugenia-vidal-desplego-en-buenos-aires\/#breadcrumb","itemListElement":[{"@type":"ListItem","position":1,"name":"Inicio","item":"https:\/\/ondauno.com.ar\/"},{"@type":"ListItem","position":2,"name":"Mauricio Macri cuestion\u00f3 la estrategia electoral que Mar\u00eda Eugenia Vidal despleg\u00f3 en Buenos Aires"}]},{"@type":"WebSite","@id":"https:\/\/ondauno.com.ar\/#website","url":"https:\/\/ondauno.com.ar\/","name":"103.9 fm","description":"LA PRIMERA RADIO MULTIMEDIA DE TRES ARROYOS","potentialAction":[{"@type":"SearchAction","target":{"@type":"EntryPoint","urlTemplate":"https:\/\/ondauno.com.ar\/?s={search_term_string}"},"query-input":"required name=search_term_string"}],"inLanguage":"es-AR"},{"@type":"Person","@id":"https:\/\/ondauno.com.ar\/#\/schema\/person\/201d1b68e6c75e0fd396fe5f8af5d139","name":"fernando garcia","image":{"@type":"ImageObject","inLanguage":"es-AR","@id":"https:\/\/ondauno.com.ar\/#\/schema\/person\/image\/","url":"https:\/\/secure.gravatar.com\/avatar\/5f7254642ad81272e79a2e69653cfdfc?s=96&d=mm&r=g","contentUrl":"https:\/\/secure.gravatar.com\/avatar\/5f7254642ad81272e79a2e69653cfdfc?s=96&d=mm&r=g","caption":"fernando garcia"},"url":"https:\/\/ondauno.com.ar\/index.php\/author\/ondaunoeditor\/"}]}},"jetpack_publicize_connections":[],"jetpack_featured_media_url":"https:\/\/ondauno.com.ar\/wp-content\/uploads\/2024\/03\/logo-jpg.jpg","jetpack_sharing_enabled":true,"_links":{"self":[{"href":"https:\/\/ondauno.com.ar\/index.php\/wp-json\/wp\/v2\/posts\/798","targetHints":{"allow":["GET"]}}],"collection":[{"href":"https:\/\/ondauno.com.ar\/index.php\/wp-json\/wp\/v2\/posts"}],"about":[{"href":"https:\/\/ondauno.com.ar\/index.php\/wp-json\/wp\/v2\/types\/post"}],"author":[{"embeddable":true,"href":"https:\/\/ondauno.com.ar\/index.php\/wp-json\/wp\/v2\/users\/2"}],"replies":[{"embeddable":true,"href":"https:\/\/ondauno.com.ar\/index.php\/wp-json\/wp\/v2\/comments?post=798"}],"version-history":[{"count":0,"href":"https:\/\/ondauno.com.ar\/index.php\/wp-json\/wp\/v2\/posts\/798\/revisions"}],"wp:featuredmedia":[{"embeddable":true,"href":"https:\/\/ondauno.com.ar\/index.php\/wp-json\/wp\/v2\/media\/45248"}],"wp:attachment":[{"href":"https:\/\/ondauno.com.ar\/index.php\/wp-json\/wp\/v2\/media?parent=798"}],"wp:term":[{"taxonomy":"category","embeddable":true,"href":"https:\/\/ondauno.com.ar\/index.php\/wp-json\/wp\/v2\/categories?post=798"},{"taxonomy":"post_tag","embeddable":true,"href":"https:\/\/ondauno.com.ar\/index.php\/wp-json\/wp\/v2\/tags?post=798"}],"curies":[{"name":"wp","href":"https:\/\/api.w.org\/{rel}","templated":true}]}}