{"id":787,"date":"2019-10-28T22:48:07","date_gmt":"2019-10-29T01:48:07","guid":{"rendered":"http:\/\/ondauno.com.ar\/?p=787"},"modified":"2019-10-28T22:48:14","modified_gmt":"2019-10-29T01:48:14","slug":"apertura-noviembre-en-el-mulazzi-y-la-noche-de-los-museos","status":"publish","type":"post","link":"https:\/\/ondauno.com.ar\/index.php\/2019\/10\/28\/apertura-noviembre-en-el-mulazzi-y-la-noche-de-los-museos\/","title":{"rendered":"Apertura Noviembre en el Mulazzi y La Noche de los Museos"},"content":{"rendered":"<div class=\"ondau-before-content_3\" style=\"margin-top: -30px;\" id=\"ondau-2376623482\"><a href=\"https:\/\/www.lps.com.ar\/\" aria-label=\"la-perse2\"><img loading=\"lazy\" decoding=\"async\" src=\"https:\/\/ondauno.com.ar\/wp-content\/uploads\/2021\/10\/la-perse2.jpg\" alt=\"\"  srcset=\"https:\/\/ondauno.com.ar\/wp-content\/uploads\/2021\/10\/la-perse2.jpg 1353w, https:\/\/ondauno.com.ar\/wp-content\/uploads\/2021\/10\/la-perse2-300x43.jpg 300w, https:\/\/ondauno.com.ar\/wp-content\/uploads\/2021\/10\/la-perse2-1024x148.jpg 1024w, https:\/\/ondauno.com.ar\/wp-content\/uploads\/2021\/10\/la-perse2-768x111.jpg 768w, https:\/\/ondauno.com.ar\/wp-content\/uploads\/2021\/10\/la-perse2-696x100.jpg 696w, https:\/\/ondauno.com.ar\/wp-content\/uploads\/2021\/10\/la-perse2-1068x154.jpg 1068w\" sizes=\"(max-width: 1353px) 100vw, 1353px\" class=\"no-lazyload\" width=\"1353\" height=\"195\"  style=\"display: inline-block;\" \/><\/a><\/div>\n<p>Afianzando el v\u00ednculo con la comunidad y la educaci\u00f3n, el Museo Mulazzi brinda su espacio durante el mes de noviembre para cobijar propuestas educativas cuyos principales protagonistas son chicas y chicos de nuestra comunidad. Expresiones de arte y proyectos de construcci\u00f3n ciudadana, presente y futuro, creatividad, entusiasmo y perseverancia visibilizan las semillas de las cosechas que vendr\u00e1n.<\/p>\n\n\n\n<p>Sala Mayor<br>Sembrando futuro- Muestra fotogr\u00e1fica<\/p>\n\n\n\n<p>Las fotograf\u00edas que conforman esta muestra forman parte del registro del proyecto de huertas escolares &#8220;SEMBRANDO FUTURO&#8221;. Este proyecto es una iniciativa que cuenta con el apoyo de la Cooperativa Rural ALFA y la supervisi\u00f3n de la Ing. Agr\u00f3noma Ana Jensen. Se ha desarrollado durante los \u00faltimos tres a\u00f1os, de marzo a octubre, con la participaci\u00f3n de escuelas p\u00fablicas del partido de Tres Arroyos. El objetivo es concientizar a los chicos del valor de la tierra para producir sus propios alimentos, introduciendo las verduras en su dieta y generando conciencia para una alimentaci\u00f3n m\u00e1s saludable.<br>La propuesta ha sido registrada en todo su desarrollo por Esteban Batalla, responsable del \u00c1rea de Comunicaci\u00f3n de la Cooperativa Rural ALFA.<\/p>\n\n\n\n<p>Cierre del proyecto<br>El pr\u00f3ximo 22 de noviembre a las 8hs se realizar\u00e1 una jornada de cierre del proyecto junto a distintas instituciones participantes.<\/p>\n\n\n\n<p>Sala Jaka<br>Expo Arte- 2019- Jard\u00edn Semillitas- Colegio Holand\u00e9s<\/p>\n\n\n\n<p>Proyecto de educaci\u00f3n Art\u00edstica que estuvo centrado en conocer distintos pintores y realizar producciones al estilo de los mismos. Algunos de los pintores trabajados son Xul Solar (Maternal), Mir\u00f3, Paul klee, Aelita Andre (Sala de tres), Frida Kahlo, Milo Lockett, Agustina Ortiz (Sala de cuatro) Lucila Manchado, Andy Warhol y un trabajo con mascaras (sala de cinco).<br>La propuesta tuvo como objetivo vivenciar el arte como un objeto de conocimiento a partir de la interacci\u00f3n con producciones de los lenguajes art\u00edsticos, sus modos de hacer y la expresi\u00f3n creativa cargada de sentido, logrando de esta manera enriquecer la imaginaci\u00f3n y posibilitando el acrecentamiento y la ampliaci\u00f3n del universo social y cultural de los ni\u00f1os.<\/p>\n\n\n\n<p>Apertura<br>Viernes 1 de noviembre de 2019. 19 hs.<\/p>\n\n\n\n<p>\u00a1Los esperamos!<\/p>\n\n\n\n<p>\ud83d\udc47<br>NOCHE DE LOS MUSEOS 2019\/ s\u00e1bado 2 de nov.<\/p>\n\n\n\n<p>El pr\u00f3ximo s\u00e1bado 2 de noviembre se realizar\u00e1 en el partido de Tres Arroyos una nueva edici\u00f3n de La Noche de Los Museos. Esta iniciativa que se lleva a cabo en todo el pa\u00eds propone que museos y espacios culturales de diferentes geograf\u00edas abran sus puertas con actividades especiales para brindar propuestas y vincularse m\u00e1s estrechamente con la comunidad a la que pertenecen.<\/p>\n\n\n\n<p>PROGRAMA MUSEO MULAZZI<\/p>\n\n\n\n<p>16 a 18 hs. Visita Guiada en el Centro de Interpretaci\u00f3n del Sitio Arqueol\u00f3gico Arroyo Seco 2. (Se suspende por lluvia)<\/p>\n\n\n\n<p>18 a 19 hs. Expo abierta a la comunidad sobre trabajos realizados durante el a\u00f1o por l@s estudiantes de 2do a\u00f1o, inspirados en la visita realizada al Centro de Interpretaci\u00f3n del Sitio Arqueol\u00f3gico Arroyo Seco 2. La pareja pedag\u00f3gica surgida desde las materias Geograf\u00eda e Historia, incentiv\u00f3 nuevas modalidades de trabajo y de otorgarle sentidos al conocimiento sobre nuestro pasado.<br>SEDE DE LA ESCUELA SECUNDARIA N \u00b0 9- Falucho 661.<\/p>\n\n\n\n<p>18.30 a 19.30 hs TALLER Tres Arroyos antiguo. Proyecci\u00f3n de video y posterior intervenci\u00f3n de fotos antiguas.<br>Actividad en el Museo para adultos y ni\u00f1os a partir de los 6 a\u00f1os.<\/p>\n\n\n\n<p>19.30 hs. Proyecci\u00f3n en el Museo del video \u201cArroyo Seco 2: 40 a\u00f1os de alianza Municipalidad- Universidad\u201d.<\/p>\n\n\n\n<p>20 hs Visita guiada por la Muestra permanente de Arqueolog\u00eda.<br>Visita guiada por la Muestra permanente Historias de Tres Arroyos.<\/p>\n\n\n\n<p>22 hs. \u00a1\u00a1Tra\u00e9 tu linterna y Pint\u00e1 el Mulazzi!!<br>\u00a1LIGHTPAINTING EN EL MUSEO!<\/p>\n\n\n\n<p>Actividad en vivo guiada por &#8220;Los Cirujas de la Luz&#8221; junto a Santiago Di Lorenzo.<\/p>\n\n\n\n<p>La fotograf\u00eda Lightpainting o \u201cpintar con luz\u201d es una t\u00e9cnica que consiste en dibujar con luz, directamente en la fotograf\u00eda, l\u00edneas y formas utilizando el aire como bastidor y disparando a velocidades de obturaci\u00f3n exageradamente lentas. Los trazos de luz, son captados por el sensor de la c\u00e1mara y quedan \u201cdibujados\u201d directamente en la fotograf\u00eda final. Se pueden utilizar luces, linternas, flashes.<br>Los Cirujas de la Luz es un grupo de 5 amigos integrado por Diego Esquivel, Mariano de Arriba, Mart\u00edn Bordal\u00e1s, Hugo Andrade y V\u00edctor Verkuyl, quienes disfrutan aprender, experimentar y sobre todo divertirse por medio de la fotograf\u00eda.<\/p>\n\n\n\n<p>Actividades libres y gratuitas.<\/p>\n\n\n\n<figure class=\"wp-block-embed-facebook wp-block-embed is-type-video is-provider-facebook\"><div class=\"wp-block-embed__wrapper\">\n<div class=\"fb-video\" data-allowfullscreen=\"true\" data-href=\"https:\/\/www.facebook.com\/ondauno103.9\/videos\/2484551008329592\/\" style=\"background-color: #fff; display: inline-block;\"><\/div>\n<\/div><\/figure>\n\n\n\n<ul class=\"wp-block-gallery columns-3 is-cropped wp-block-gallery-1 is-layout-flex wp-block-gallery-is-layout-flex\"><li class=\"blocks-gallery-item\"><figure><img decoding=\"async\" data-src=\"http:\/\/ondauno.com.ar\/wp-content\/uploads\/2019\/10\/73370528_1529573613852521_6776010194540298240_n.jpg\" alt=\"\" data-id=\"789\" data-link=\"http:\/\/ondauno.com.ar\/?attachment_id=789\" class=\"wp-image-789 lazyload\" src=\"data:image\/gif;base64,R0lGODlhAQABAAAAACH5BAEKAAEALAAAAAABAAEAAAICTAEAOw==\" \/><noscript><img decoding=\"async\" src=\"http:\/\/ondauno.com.ar\/wp-content\/uploads\/2019\/10\/73370528_1529573613852521_6776010194540298240_n.jpg\" alt=\"\" data-id=\"789\" data-link=\"http:\/\/ondauno.com.ar\/?attachment_id=789\" class=\"wp-image-789\"\/><\/noscript><\/figure><\/li><li class=\"blocks-gallery-item\"><figure><img decoding=\"async\" data-src=\"http:\/\/ondauno.com.ar\/wp-content\/uploads\/2019\/10\/73399776_1529573543852528_7767379858677563392_n.jpg\" alt=\"\" data-id=\"792\" data-link=\"http:\/\/ondauno.com.ar\/?attachment_id=792\" class=\"wp-image-792 lazyload\" src=\"data:image\/gif;base64,R0lGODlhAQABAAAAACH5BAEKAAEALAAAAAABAAEAAAICTAEAOw==\" \/><noscript><img decoding=\"async\" src=\"http:\/\/ondauno.com.ar\/wp-content\/uploads\/2019\/10\/73399776_1529573543852528_7767379858677563392_n.jpg\" alt=\"\" data-id=\"792\" data-link=\"http:\/\/ondauno.com.ar\/?attachment_id=792\" class=\"wp-image-792\"\/><\/noscript><\/figure><\/li><li class=\"blocks-gallery-item\"><figure><img decoding=\"async\" data-src=\"http:\/\/ondauno.com.ar\/wp-content\/uploads\/2019\/10\/75649431_1529573580519191_5660693465072140288_n-1.jpg\" alt=\"\" data-id=\"793\" data-link=\"http:\/\/ondauno.com.ar\/?attachment_id=793\" class=\"wp-image-793 lazyload\" src=\"data:image\/gif;base64,R0lGODlhAQABAAAAACH5BAEKAAEALAAAAAABAAEAAAICTAEAOw==\" \/><noscript><img decoding=\"async\" src=\"http:\/\/ondauno.com.ar\/wp-content\/uploads\/2019\/10\/75649431_1529573580519191_5660693465072140288_n-1.jpg\" alt=\"\" data-id=\"793\" data-link=\"http:\/\/ondauno.com.ar\/?attachment_id=793\" class=\"wp-image-793\"\/><\/noscript><\/figure><\/li><\/ul>\n","protected":false},"excerpt":{"rendered":"<p>Afianzando el v\u00ednculo con la comunidad y la educaci\u00f3n, el Museo Mulazzi brinda su espacio durante el mes de noviembre para cobijar propuestas educativas cuyos principales protagonistas son chicas y chicos de nuestra comunidad. Expresiones de arte y proyectos de construcci\u00f3n ciudadana, presente y futuro, creatividad, entusiasmo y perseverancia visibilizan las semillas de las cosechas [&hellip;]<\/p>\n","protected":false},"author":2,"featured_media":45248,"comment_status":"open","ping_status":"open","sticky":false,"template":"","format":"standard","meta":{"tdm_status":"","tdm_grid_status":"","_jetpack_memberships_contains_paid_content":false,"footnotes":"","jetpack_publicize_message":"","jetpack_publicize_feature_enabled":true,"jetpack_social_post_already_shared":false,"jetpack_social_options":{"image_generator_settings":{"template":"highway","default_image_id":0,"font":"","enabled":false},"version":2}},"categories":[26,28],"tags":[],"class_list":{"0":"post-787","1":"post","2":"type-post","3":"status-publish","4":"format-standard","5":"has-post-thumbnail","7":"category-destacada","8":"category-interes-general"},"yoast_head":"<!-- This site is optimized with the Yoast SEO plugin v22.7 - https:\/\/yoast.com\/wordpress\/plugins\/seo\/ -->\n<title>Apertura Noviembre en el Mulazzi y La Noche de los Museos - 103.9 fm<\/title>\n<meta name=\"robots\" content=\"index, follow, max-snippet:-1, max-image-preview:large, max-video-preview:-1\" \/>\n<link rel=\"canonical\" href=\"https:\/\/ondauno.com.ar\/index.php\/2019\/10\/28\/apertura-noviembre-en-el-mulazzi-y-la-noche-de-los-museos\/\" \/>\n<meta property=\"og:locale\" content=\"es_ES\" \/>\n<meta property=\"og:type\" content=\"article\" \/>\n<meta property=\"og:title\" content=\"Apertura Noviembre en el Mulazzi y La Noche de los Museos - 103.9 fm\" \/>\n<meta property=\"og:description\" content=\"Afianzando el v\u00ednculo con la comunidad y la educaci\u00f3n, el Museo Mulazzi brinda su espacio durante el mes de noviembre para cobijar propuestas educativas cuyos principales protagonistas son chicas y chicos de nuestra comunidad. Expresiones de arte y proyectos de construcci\u00f3n ciudadana, presente y futuro, creatividad, entusiasmo y perseverancia visibilizan las semillas de las cosechas [&hellip;]\" \/>\n<meta property=\"og:url\" content=\"https:\/\/ondauno.com.ar\/index.php\/2019\/10\/28\/apertura-noviembre-en-el-mulazzi-y-la-noche-de-los-museos\/\" \/>\n<meta property=\"og:site_name\" content=\"103.9 fm\" \/>\n<meta property=\"article:publisher\" content=\"https:\/\/www.facebook.com\/ondauno103.9\" \/>\n<meta property=\"article:published_time\" content=\"2019-10-29T01:48:07+00:00\" \/>\n<meta property=\"article:modified_time\" content=\"2019-10-29T01:48:14+00:00\" \/>\n<meta property=\"og:image\" content=\"https:\/\/ondauno.com.ar\/wp-content\/uploads\/2024\/03\/logo-jpg.jpg\" \/>\n\t<meta property=\"og:image:width\" content=\"336\" \/>\n\t<meta property=\"og:image:height\" content=\"292\" \/>\n\t<meta property=\"og:image:type\" content=\"image\/jpeg\" \/>\n<meta name=\"author\" content=\"fernando garcia\" \/>\n<meta name=\"twitter:card\" content=\"summary_large_image\" \/>\n<meta name=\"twitter:label1\" content=\"Escrito por\" \/>\n\t<meta name=\"twitter:data1\" content=\"fernando garcia\" \/>\n\t<meta name=\"twitter:label2\" content=\"Tiempo de lectura\" \/>\n\t<meta name=\"twitter:data2\" content=\"4 minutos\" \/>\n<script type=\"application\/ld+json\" class=\"yoast-schema-graph\">{\"@context\":\"https:\/\/schema.org\",\"@graph\":[{\"@type\":\"WebPage\",\"@id\":\"https:\/\/ondauno.com.ar\/index.php\/2019\/10\/28\/apertura-noviembre-en-el-mulazzi-y-la-noche-de-los-museos\/\",\"url\":\"https:\/\/ondauno.com.ar\/index.php\/2019\/10\/28\/apertura-noviembre-en-el-mulazzi-y-la-noche-de-los-museos\/\",\"name\":\"Apertura Noviembre en el Mulazzi y La Noche de los Museos - 103.9 fm\",\"isPartOf\":{\"@id\":\"https:\/\/ondauno.com.ar\/#website\"},\"primaryImageOfPage\":{\"@id\":\"https:\/\/ondauno.com.ar\/index.php\/2019\/10\/28\/apertura-noviembre-en-el-mulazzi-y-la-noche-de-los-museos\/#primaryimage\"},\"image\":{\"@id\":\"https:\/\/ondauno.com.ar\/index.php\/2019\/10\/28\/apertura-noviembre-en-el-mulazzi-y-la-noche-de-los-museos\/#primaryimage\"},\"thumbnailUrl\":\"https:\/\/ondauno.com.ar\/wp-content\/uploads\/2024\/03\/logo-jpg.jpg\",\"datePublished\":\"2019-10-29T01:48:07+00:00\",\"dateModified\":\"2019-10-29T01:48:14+00:00\",\"author\":{\"@id\":\"https:\/\/ondauno.com.ar\/#\/schema\/person\/201d1b68e6c75e0fd396fe5f8af5d139\"},\"breadcrumb\":{\"@id\":\"https:\/\/ondauno.com.ar\/index.php\/2019\/10\/28\/apertura-noviembre-en-el-mulazzi-y-la-noche-de-los-museos\/#breadcrumb\"},\"inLanguage\":\"es-AR\",\"potentialAction\":[{\"@type\":\"ReadAction\",\"target\":[\"https:\/\/ondauno.com.ar\/index.php\/2019\/10\/28\/apertura-noviembre-en-el-mulazzi-y-la-noche-de-los-museos\/\"]}]},{\"@type\":\"ImageObject\",\"inLanguage\":\"es-AR\",\"@id\":\"https:\/\/ondauno.com.ar\/index.php\/2019\/10\/28\/apertura-noviembre-en-el-mulazzi-y-la-noche-de-los-museos\/#primaryimage\",\"url\":\"https:\/\/ondauno.com.ar\/wp-content\/uploads\/2024\/03\/logo-jpg.jpg\",\"contentUrl\":\"https:\/\/ondauno.com.ar\/wp-content\/uploads\/2024\/03\/logo-jpg.jpg\",\"width\":336,\"height\":292},{\"@type\":\"BreadcrumbList\",\"@id\":\"https:\/\/ondauno.com.ar\/index.php\/2019\/10\/28\/apertura-noviembre-en-el-mulazzi-y-la-noche-de-los-museos\/#breadcrumb\",\"itemListElement\":[{\"@type\":\"ListItem\",\"position\":1,\"name\":\"Inicio\",\"item\":\"https:\/\/ondauno.com.ar\/\"},{\"@type\":\"ListItem\",\"position\":2,\"name\":\"Apertura Noviembre en el Mulazzi y La Noche de los Museos\"}]},{\"@type\":\"WebSite\",\"@id\":\"https:\/\/ondauno.com.ar\/#website\",\"url\":\"https:\/\/ondauno.com.ar\/\",\"name\":\"103.9 fm\",\"description\":\"LA PRIMERA RADIO MULTIMEDIA DE TRES ARROYOS\",\"potentialAction\":[{\"@type\":\"SearchAction\",\"target\":{\"@type\":\"EntryPoint\",\"urlTemplate\":\"https:\/\/ondauno.com.ar\/?s={search_term_string}\"},\"query-input\":\"required name=search_term_string\"}],\"inLanguage\":\"es-AR\"},{\"@type\":\"Person\",\"@id\":\"https:\/\/ondauno.com.ar\/#\/schema\/person\/201d1b68e6c75e0fd396fe5f8af5d139\",\"name\":\"fernando garcia\",\"image\":{\"@type\":\"ImageObject\",\"inLanguage\":\"es-AR\",\"@id\":\"https:\/\/ondauno.com.ar\/#\/schema\/person\/image\/\",\"url\":\"https:\/\/secure.gravatar.com\/avatar\/5f7254642ad81272e79a2e69653cfdfc?s=96&d=mm&r=g\",\"contentUrl\":\"https:\/\/secure.gravatar.com\/avatar\/5f7254642ad81272e79a2e69653cfdfc?s=96&d=mm&r=g\",\"caption\":\"fernando garcia\"},\"url\":\"https:\/\/ondauno.com.ar\/index.php\/author\/ondaunoeditor\/\"}]}<\/script>\n<!-- \/ Yoast SEO plugin. -->","yoast_head_json":{"title":"Apertura Noviembre en el Mulazzi y La Noche de los Museos - 103.9 fm","robots":{"index":"index","follow":"follow","max-snippet":"max-snippet:-1","max-image-preview":"max-image-preview:large","max-video-preview":"max-video-preview:-1"},"canonical":"https:\/\/ondauno.com.ar\/index.php\/2019\/10\/28\/apertura-noviembre-en-el-mulazzi-y-la-noche-de-los-museos\/","og_locale":"es_ES","og_type":"article","og_title":"Apertura Noviembre en el Mulazzi y La Noche de los Museos - 103.9 fm","og_description":"Afianzando el v\u00ednculo con la comunidad y la educaci\u00f3n, el Museo Mulazzi brinda su espacio durante el mes de noviembre para cobijar propuestas educativas cuyos principales protagonistas son chicas y chicos de nuestra comunidad. Expresiones de arte y proyectos de construcci\u00f3n ciudadana, presente y futuro, creatividad, entusiasmo y perseverancia visibilizan las semillas de las cosechas [&hellip;]","og_url":"https:\/\/ondauno.com.ar\/index.php\/2019\/10\/28\/apertura-noviembre-en-el-mulazzi-y-la-noche-de-los-museos\/","og_site_name":"103.9 fm","article_publisher":"https:\/\/www.facebook.com\/ondauno103.9","article_published_time":"2019-10-29T01:48:07+00:00","article_modified_time":"2019-10-29T01:48:14+00:00","og_image":[{"width":336,"height":292,"url":"https:\/\/ondauno.com.ar\/wp-content\/uploads\/2024\/03\/logo-jpg.jpg","type":"image\/jpeg"}],"author":"fernando garcia","twitter_card":"summary_large_image","twitter_misc":{"Escrito por":"fernando garcia","Tiempo de lectura":"4 minutos"},"schema":{"@context":"https:\/\/schema.org","@graph":[{"@type":"WebPage","@id":"https:\/\/ondauno.com.ar\/index.php\/2019\/10\/28\/apertura-noviembre-en-el-mulazzi-y-la-noche-de-los-museos\/","url":"https:\/\/ondauno.com.ar\/index.php\/2019\/10\/28\/apertura-noviembre-en-el-mulazzi-y-la-noche-de-los-museos\/","name":"Apertura Noviembre en el Mulazzi y La Noche de los Museos - 103.9 fm","isPartOf":{"@id":"https:\/\/ondauno.com.ar\/#website"},"primaryImageOfPage":{"@id":"https:\/\/ondauno.com.ar\/index.php\/2019\/10\/28\/apertura-noviembre-en-el-mulazzi-y-la-noche-de-los-museos\/#primaryimage"},"image":{"@id":"https:\/\/ondauno.com.ar\/index.php\/2019\/10\/28\/apertura-noviembre-en-el-mulazzi-y-la-noche-de-los-museos\/#primaryimage"},"thumbnailUrl":"https:\/\/ondauno.com.ar\/wp-content\/uploads\/2024\/03\/logo-jpg.jpg","datePublished":"2019-10-29T01:48:07+00:00","dateModified":"2019-10-29T01:48:14+00:00","author":{"@id":"https:\/\/ondauno.com.ar\/#\/schema\/person\/201d1b68e6c75e0fd396fe5f8af5d139"},"breadcrumb":{"@id":"https:\/\/ondauno.com.ar\/index.php\/2019\/10\/28\/apertura-noviembre-en-el-mulazzi-y-la-noche-de-los-museos\/#breadcrumb"},"inLanguage":"es-AR","potentialAction":[{"@type":"ReadAction","target":["https:\/\/ondauno.com.ar\/index.php\/2019\/10\/28\/apertura-noviembre-en-el-mulazzi-y-la-noche-de-los-museos\/"]}]},{"@type":"ImageObject","inLanguage":"es-AR","@id":"https:\/\/ondauno.com.ar\/index.php\/2019\/10\/28\/apertura-noviembre-en-el-mulazzi-y-la-noche-de-los-museos\/#primaryimage","url":"https:\/\/ondauno.com.ar\/wp-content\/uploads\/2024\/03\/logo-jpg.jpg","contentUrl":"https:\/\/ondauno.com.ar\/wp-content\/uploads\/2024\/03\/logo-jpg.jpg","width":336,"height":292},{"@type":"BreadcrumbList","@id":"https:\/\/ondauno.com.ar\/index.php\/2019\/10\/28\/apertura-noviembre-en-el-mulazzi-y-la-noche-de-los-museos\/#breadcrumb","itemListElement":[{"@type":"ListItem","position":1,"name":"Inicio","item":"https:\/\/ondauno.com.ar\/"},{"@type":"ListItem","position":2,"name":"Apertura Noviembre en el Mulazzi y La Noche de los Museos"}]},{"@type":"WebSite","@id":"https:\/\/ondauno.com.ar\/#website","url":"https:\/\/ondauno.com.ar\/","name":"103.9 fm","description":"LA PRIMERA RADIO MULTIMEDIA DE TRES ARROYOS","potentialAction":[{"@type":"SearchAction","target":{"@type":"EntryPoint","urlTemplate":"https:\/\/ondauno.com.ar\/?s={search_term_string}"},"query-input":"required name=search_term_string"}],"inLanguage":"es-AR"},{"@type":"Person","@id":"https:\/\/ondauno.com.ar\/#\/schema\/person\/201d1b68e6c75e0fd396fe5f8af5d139","name":"fernando garcia","image":{"@type":"ImageObject","inLanguage":"es-AR","@id":"https:\/\/ondauno.com.ar\/#\/schema\/person\/image\/","url":"https:\/\/secure.gravatar.com\/avatar\/5f7254642ad81272e79a2e69653cfdfc?s=96&d=mm&r=g","contentUrl":"https:\/\/secure.gravatar.com\/avatar\/5f7254642ad81272e79a2e69653cfdfc?s=96&d=mm&r=g","caption":"fernando garcia"},"url":"https:\/\/ondauno.com.ar\/index.php\/author\/ondaunoeditor\/"}]}},"jetpack_publicize_connections":[],"jetpack_featured_media_url":"https:\/\/ondauno.com.ar\/wp-content\/uploads\/2024\/03\/logo-jpg.jpg","jetpack_sharing_enabled":true,"_links":{"self":[{"href":"https:\/\/ondauno.com.ar\/index.php\/wp-json\/wp\/v2\/posts\/787","targetHints":{"allow":["GET"]}}],"collection":[{"href":"https:\/\/ondauno.com.ar\/index.php\/wp-json\/wp\/v2\/posts"}],"about":[{"href":"https:\/\/ondauno.com.ar\/index.php\/wp-json\/wp\/v2\/types\/post"}],"author":[{"embeddable":true,"href":"https:\/\/ondauno.com.ar\/index.php\/wp-json\/wp\/v2\/users\/2"}],"replies":[{"embeddable":true,"href":"https:\/\/ondauno.com.ar\/index.php\/wp-json\/wp\/v2\/comments?post=787"}],"version-history":[{"count":0,"href":"https:\/\/ondauno.com.ar\/index.php\/wp-json\/wp\/v2\/posts\/787\/revisions"}],"wp:featuredmedia":[{"embeddable":true,"href":"https:\/\/ondauno.com.ar\/index.php\/wp-json\/wp\/v2\/media\/45248"}],"wp:attachment":[{"href":"https:\/\/ondauno.com.ar\/index.php\/wp-json\/wp\/v2\/media?parent=787"}],"wp:term":[{"taxonomy":"category","embeddable":true,"href":"https:\/\/ondauno.com.ar\/index.php\/wp-json\/wp\/v2\/categories?post=787"},{"taxonomy":"post_tag","embeddable":true,"href":"https:\/\/ondauno.com.ar\/index.php\/wp-json\/wp\/v2\/tags?post=787"}],"curies":[{"name":"wp","href":"https:\/\/api.w.org\/{rel}","templated":true}]}}