{"id":7729,"date":"2020-04-01T21:33:55","date_gmt":"2020-04-02T00:33:55","guid":{"rendered":"http:\/\/ondauno.com.ar\/?p=7729"},"modified":"2020-04-01T21:34:18","modified_gmt":"2020-04-02T00:34:18","slug":"por-videoconferencia-los-diputados-nacionales-se-reunieron-con-arroyo-y-gines-gonzalez-garcia","status":"publish","type":"post","link":"https:\/\/ondauno.com.ar\/index.php\/2020\/04\/01\/por-videoconferencia-los-diputados-nacionales-se-reunieron-con-arroyo-y-gines-gonzalez-garcia\/","title":{"rendered":"Por videoconferencia los diputados nacionales se reunieron con Arroyo y Gines Gonz\u00e1lez Garc\u00eda"},"content":{"rendered":"<div class=\"ondau-before-content_3\" style=\"margin-top: -30px;\" id=\"ondau-3292942238\"><a href=\"https:\/\/www.lps.com.ar\/\" aria-label=\"la-perse2\"><img loading=\"lazy\" decoding=\"async\" src=\"https:\/\/ondauno.com.ar\/wp-content\/uploads\/2021\/10\/la-perse2.jpg\" alt=\"\"  srcset=\"https:\/\/ondauno.com.ar\/wp-content\/uploads\/2021\/10\/la-perse2.jpg 1353w, https:\/\/ondauno.com.ar\/wp-content\/uploads\/2021\/10\/la-perse2-300x43.jpg 300w, https:\/\/ondauno.com.ar\/wp-content\/uploads\/2021\/10\/la-perse2-1024x148.jpg 1024w, https:\/\/ondauno.com.ar\/wp-content\/uploads\/2021\/10\/la-perse2-768x111.jpg 768w, https:\/\/ondauno.com.ar\/wp-content\/uploads\/2021\/10\/la-perse2-696x100.jpg 696w, https:\/\/ondauno.com.ar\/wp-content\/uploads\/2021\/10\/la-perse2-1068x154.jpg 1068w\" sizes=\"(max-width: 1353px) 100vw, 1353px\" class=\"no-lazyload\" width=\"1353\" height=\"195\"  style=\"display: inline-block;\" \/><\/a><\/div>\n<p> Social y Salud P\u00fablica realiz\u00f3 su primera reuni\u00f3n virtual. Cont\u00f3 con la presencia de los ministros de Desarrollo Social y de Salud para analizar la situaci\u00f3n frente a la pandemia de Coronavirus.<\/p>\n\n\n\n<p>La Comisi\u00f3n de Acci\u00f3n Social y Salud P\u00fablica realiz\u00f3 esta tarde una reuni\u00f3n de trabajo virtual con los ministros de Desarrollo Social de la Naci\u00f3n, Daniel Arroyo, y el ministro de Salud de la Naci\u00f3n, Gin\u00e9s Gonz\u00e1lez Garc\u00eda, quienes informaron acerca de las medidas adoptadas frente al coronavirus.<br \/>Se trat\u00f3 de la segunda reuni\u00f3n de Comisi\u00f3n realizada por videoconferencia, gracias a una plataforma digital que permite el trabajo parlamentario a distancia y en cumplimiento del aislamiento social, obligatorio y preventivo. Bajo este sistema, el lunes pasado la Comisi\u00f3n de Educaci\u00f3n se reuni\u00f3 con el ministro de Educaci\u00f3n de la Naci\u00f3n, Nicol\u00e1s Trotta.<br \/>En el inicio de la videoconferencia, estuvo presente el titular de Diputados, Sergio Massa, y el titular de la Comisi\u00f3n, Pablo Yedlin, agradeci\u00f3 la \u201cvoluntad de di\u00e1logo\u201d de los ministros.<br \/>El ministro Arroyo describi\u00f3 las pol\u00edticas previas a la pandemia y c\u00f3mo la emergencia sanitaria modific\u00f3 los planes de su cartera. En ese sentido, se refiri\u00f3 al Plan Argentina contra el Hambre, la tarjeta alimentaria, los planes sociales y los microcr\u00e9ditos.<br \/>\u201cHoy nos fijamos tres prioridades ante la pandemia: sostener el ingreso de las familias, reforzar la asistencia alimentaria y lograr el menor movimiento posible en los barrios donde predomina el hacinamiento\u201d, resumi\u00f3 el ministro de Desarrollo Social.<br \/>En el primer eje, destac\u00f3 el bono para jubilados, beneficiarios de la AUH y planes sociales, y el ingreso familiar de emergencia, destinado al sector informal que no est\u00e1 registrado.<br \/>En la segunda prioridad pol\u00edtica, mencion\u00f3 el mecanismo de viandas y m\u00f3dulos alimentarios, en reemplazo de los comedores comunitarios y escolares. \u201cPasamos de 8 millones a 11 millones de personas que demandan alimentos por la pandemia\u201d, dijo. Adem\u00e1s, mencion\u00f3 el incremento de las transferencias para los comedores de las provincias.<br \/>En cuanto al objetivo de asegurar el aislamiento social en los barrios, dijo que pusieron a disposici\u00f3n materiales de construcci\u00f3n para que los vecinos puedan realizar mejoras en sus viviendas. \u201cNo es lo mismo estar en cuarentena en un departamento, que estar en situaci\u00f3n de hacinamiento\u201d, ejemplific\u00f3.<br \/>Del mismo modo, relat\u00f3 la participaci\u00f3n del Ej\u00e9rcito y la Iglesia en la entrega de alimentos en distintos puntos del pa\u00eds.<br \/>A la hora de las consultas, la diputada Silvia Lospennato, del PRO, pidi\u00f3 informaci\u00f3n detallada sobre la tarjeta alimentaria en cada provincia, la entrega de material de limpieza en organizaciones de base y el cruce de datos entre la asistencia social y la poblaci\u00f3n necesitada. Tambi\u00e9n solicit\u00f3 \u201creforzar las medidas de seguridad e higiene para quienes tienen que cobrar por cajero\u201d.<br \/>La diputada Paola Vessvessian, del Frente de Todos, reconoci\u00f3 \u201cel esfuerzo del Ministerio y el rol del Estado en garantizar el acceso a los derechos\u201d y consult\u00f3 sobre el abordaje previo de las problem\u00e1ticas sociales.<br \/>Eduardo Bucca, titular del interbloque Federal, consider\u00f3 que \u201ces importante el cuidado de quienes est\u00e1n al frente de la asistencia social, muchos de ellos son voluntarios\u201d. Adem\u00e1s, Bucca pidi\u00f3 \u201cdebatir un programa urgente para el cuidado de los ni\u00f1os\u201d.<br \/>La diputada Claudia Najul, de la UCR, consult\u00f3 acerca de la aplicaci\u00f3n de la tarjeta alimentaria en Mendoza y reclam\u00f3 que \u201cla ayuda directa no nos est\u00e1 llegando al ministerio provincial\u201d.<br \/>En tanto, el diputado Rub\u00e9n Manzi, de la Coalici\u00f3n C\u00edvica, pregunt\u00f3 acerca de las localidades que est\u00e1n \u201cgeogr\u00e1ficamente aisladas\u201d y c\u00f3mo se est\u00e1 trabajando con las comunidades originarias.<br \/>Romina Del Pl\u00e1, del Frente de Izquierda, se refiri\u00f3 a \u201cla gravedad de la situaci\u00f3n porque la demanda de ingresos y alimentos excede a la oferta\u201d. \u201cHay que reforzar todos los recursos para el ministerio y dejar de pagar la deuda. La prioridad hoy est\u00e1 en asistir a la poblaci\u00f3n\u201d, dijo Del Pl\u00e1.<\/p>\n\n\n\n<p><em><strong>LA EXPOSICI\u00d3N DEL MINISTRO DE SALUD<\/strong><\/em><\/p>\n\n\n\n<p><br>El ministro de Salud de la Naci\u00f3n, Gin\u00e9s Gonz\u00e1lez Garc\u00eda, destac\u00f3 que \u201cla ventaja que ha tenido nuestro pa\u00eds es que el virus lleg\u00f3 m\u00e1s tarde y nos permiti\u00f3 aprender de las cosas que no hicieron bien otros pa\u00edses\u201d.<br>El titular de la cartera de Salud sostuvo que \u201choy tenemos muchos reactivos y estamos esperando que lleguen m\u00e1s\u201d. Adem\u00e1s, asegur\u00f3 que \u201cno faltan respiradores en la Argentina\u201d. En la misma l\u00ednea, indic\u00f3 que \u201cel pa\u00eds tiene capacidad suficiente con 8500 camas con respiradores\u201d y el objetivo es \u201campliar a 2500 adicionales\u201d.<br>Gin\u00e9s Gonz\u00e1lez Garc\u00eda enumer\u00f3 las medidas adoptadas desde el 22 de enero, cuando Argentina emiti\u00f3 la alerta epidemiol\u00f3gica, y afirm\u00f3 que \u201ctodas las medidas tomadas est\u00e1n basadas en la estrategia de ganar tiempo\u201d.<br>Adem\u00e1s, el titular del ministerio de Salud adelant\u00f3 que \u201cse declarar\u00e1n de inter\u00e9s p\u00fablico todos los recursos sanitarios p\u00fablicos y privados\u201d, a trav\u00e9s de un DNU.<br>En cuanto a las preguntas de los legisladores, la diputada Carmen Polledo, del PRO, consult\u00f3 acerca de \u201ccu\u00e1ntos tests se han realizado y por qu\u00e9 no se publica ese n\u00famero\u201d, tambi\u00e9n quiso saber sobre la capacidad operativa del Malbr\u00e1n y los laboratorios asociados. Adem\u00e1s, quiso saber \u201cla diferencia entre los casos registrados y los casos que se estiman en realidad\u201d y celebr\u00f3 la \u201carticulaci\u00f3n permanente\u201d entre los gobiernos de Ciudad, Provincia y Naci\u00f3n.<br>Juan Carlos Alderete, del Frente de Todos, se ocup\u00f3 del aislamiento social en los barrios, destac\u00f3 la presencia sanitaria en los territorios y el trabajo de las organizaciones sociales. \u201c\u00bfHay alguna medida para reforzar la atenci\u00f3n en las salas?\u201d, pregunt\u00f3.<br>El diputado Bucca pidi\u00f3 un \u201cprotocolo de implementaci\u00f3n de tests masivos y r\u00e1pidos, para blindar la propagaci\u00f3n del virus\u201d.<br>Nicol\u00e1s Del Ca\u00f1o, del Frente de Izquierda, tambi\u00e9n consult\u00f3 acerca del \u201cretraso de testeos en comparaci\u00f3n con la cantidad realizada en pa\u00edses como Corea y Alemania\u201d y reclam\u00f3 por el faltante de material de prevenci\u00f3n para los trabajadores de la salud.<br>En tanto, el diputado Jos\u00e9 Luis Ram\u00f3n (Unidad y Equidad Federal) se refiri\u00f3 a la situaci\u00f3n en la provincia de Mendoza y reclam\u00f3 \u201cabocarse a aquellos temas que van m\u00e1s all\u00e1 del conurbano bonaerense y la ciudad de Buenos Aires\u201d.<br>Asimismo, la diputada Mar\u00eda Leonor Mart\u00ednez Vellada (Coalici\u00f3n C\u00edvica) reclam\u00f3 la \u201cdescentralizaci\u00f3n de los insumos b\u00e1sicos, como barbijos y alcohol en gel, y respiradores para todas las localidades\u201d.<\/p>\n","protected":false},"excerpt":{"rendered":"<p>Social y Salud P\u00fablica realiz\u00f3 su primera reuni\u00f3n virtual. Cont\u00f3 con la presencia de los ministros de Desarrollo Social y de Salud para analizar la situaci\u00f3n frente a la pandemia de Coronavirus. La Comisi\u00f3n de Acci\u00f3n Social y Salud P\u00fablica realiz\u00f3 esta tarde una reuni\u00f3n de trabajo virtual con los ministros de Desarrollo Social de [&hellip;]<\/p>\n","protected":false},"author":2,"featured_media":0,"comment_status":"open","ping_status":"open","sticky":false,"template":"","format":"standard","meta":{"tdm_status":"","tdm_grid_status":"","_jetpack_memberships_contains_paid_content":false,"footnotes":"","jetpack_publicize_message":"","jetpack_publicize_feature_enabled":true,"jetpack_social_post_already_shared":false,"jetpack_social_options":{"image_generator_settings":{"template":"highway","default_image_id":0,"font":"","enabled":false},"version":2}},"categories":[3],"tags":[],"class_list":{"0":"post-7729","1":"post","2":"type-post","3":"status-publish","4":"format-standard","6":"category-nacionales"},"yoast_head":"<!-- This site is optimized with the Yoast SEO plugin v22.7 - https:\/\/yoast.com\/wordpress\/plugins\/seo\/ -->\n<title>Por videoconferencia los diputados nacionales se reunieron con Arroyo y Gines Gonz\u00e1lez Garc\u00eda - 103.9 fm<\/title>\n<meta name=\"robots\" content=\"index, follow, max-snippet:-1, max-image-preview:large, max-video-preview:-1\" \/>\n<link rel=\"canonical\" href=\"https:\/\/ondauno.com.ar\/index.php\/2020\/04\/01\/por-videoconferencia-los-diputados-nacionales-se-reunieron-con-arroyo-y-gines-gonzalez-garcia\/\" \/>\n<meta property=\"og:locale\" content=\"es_ES\" \/>\n<meta property=\"og:type\" content=\"article\" \/>\n<meta property=\"og:title\" content=\"Por videoconferencia los diputados nacionales se reunieron con Arroyo y Gines Gonz\u00e1lez Garc\u00eda - 103.9 fm\" \/>\n<meta property=\"og:description\" content=\"Social y Salud P\u00fablica realiz\u00f3 su primera reuni\u00f3n virtual. Cont\u00f3 con la presencia de los ministros de Desarrollo Social y de Salud para analizar la situaci\u00f3n frente a la pandemia de Coronavirus. La Comisi\u00f3n de Acci\u00f3n Social y Salud P\u00fablica realiz\u00f3 esta tarde una reuni\u00f3n de trabajo virtual con los ministros de Desarrollo Social de [&hellip;]\" \/>\n<meta property=\"og:url\" content=\"https:\/\/ondauno.com.ar\/index.php\/2020\/04\/01\/por-videoconferencia-los-diputados-nacionales-se-reunieron-con-arroyo-y-gines-gonzalez-garcia\/\" \/>\n<meta property=\"og:site_name\" content=\"103.9 fm\" \/>\n<meta property=\"article:publisher\" content=\"https:\/\/www.facebook.com\/ondauno103.9\" \/>\n<meta property=\"article:published_time\" content=\"2020-04-02T00:33:55+00:00\" \/>\n<meta property=\"article:modified_time\" content=\"2020-04-02T00:34:18+00:00\" \/>\n<meta property=\"og:image\" content=\"https:\/\/ondauno.com.ar\/wp-content\/uploads\/2020\/04\/IMG-20200401-WA0061.jpg\" \/>\n\t<meta property=\"og:image:width\" content=\"1280\" \/>\n\t<meta property=\"og:image:height\" content=\"804\" \/>\n\t<meta property=\"og:image:type\" content=\"image\/jpeg\" \/>\n<meta name=\"author\" content=\"fernando garcia\" \/>\n<meta name=\"twitter:card\" content=\"summary_large_image\" \/>\n<meta name=\"twitter:label1\" content=\"Escrito por\" \/>\n\t<meta name=\"twitter:data1\" content=\"fernando garcia\" \/>\n\t<meta name=\"twitter:label2\" content=\"Tiempo de lectura\" \/>\n\t<meta name=\"twitter:data2\" content=\"6 minutos\" \/>\n<script type=\"application\/ld+json\" class=\"yoast-schema-graph\">{\"@context\":\"https:\/\/schema.org\",\"@graph\":[{\"@type\":\"WebPage\",\"@id\":\"https:\/\/ondauno.com.ar\/index.php\/2020\/04\/01\/por-videoconferencia-los-diputados-nacionales-se-reunieron-con-arroyo-y-gines-gonzalez-garcia\/\",\"url\":\"https:\/\/ondauno.com.ar\/index.php\/2020\/04\/01\/por-videoconferencia-los-diputados-nacionales-se-reunieron-con-arroyo-y-gines-gonzalez-garcia\/\",\"name\":\"Por videoconferencia los diputados nacionales se reunieron con Arroyo y Gines Gonz\u00e1lez Garc\u00eda - 103.9 fm\",\"isPartOf\":{\"@id\":\"https:\/\/ondauno.com.ar\/#website\"},\"datePublished\":\"2020-04-02T00:33:55+00:00\",\"dateModified\":\"2020-04-02T00:34:18+00:00\",\"author\":{\"@id\":\"https:\/\/ondauno.com.ar\/#\/schema\/person\/201d1b68e6c75e0fd396fe5f8af5d139\"},\"breadcrumb\":{\"@id\":\"https:\/\/ondauno.com.ar\/index.php\/2020\/04\/01\/por-videoconferencia-los-diputados-nacionales-se-reunieron-con-arroyo-y-gines-gonzalez-garcia\/#breadcrumb\"},\"inLanguage\":\"es-AR\",\"potentialAction\":[{\"@type\":\"ReadAction\",\"target\":[\"https:\/\/ondauno.com.ar\/index.php\/2020\/04\/01\/por-videoconferencia-los-diputados-nacionales-se-reunieron-con-arroyo-y-gines-gonzalez-garcia\/\"]}]},{\"@type\":\"BreadcrumbList\",\"@id\":\"https:\/\/ondauno.com.ar\/index.php\/2020\/04\/01\/por-videoconferencia-los-diputados-nacionales-se-reunieron-con-arroyo-y-gines-gonzalez-garcia\/#breadcrumb\",\"itemListElement\":[{\"@type\":\"ListItem\",\"position\":1,\"name\":\"Inicio\",\"item\":\"https:\/\/ondauno.com.ar\/\"},{\"@type\":\"ListItem\",\"position\":2,\"name\":\"Por videoconferencia los diputados nacionales se reunieron con Arroyo y Gines Gonz\u00e1lez Garc\u00eda\"}]},{\"@type\":\"WebSite\",\"@id\":\"https:\/\/ondauno.com.ar\/#website\",\"url\":\"https:\/\/ondauno.com.ar\/\",\"name\":\"103.9 fm\",\"description\":\"LA PRIMERA RADIO MULTIMEDIA DE TRES ARROYOS\",\"potentialAction\":[{\"@type\":\"SearchAction\",\"target\":{\"@type\":\"EntryPoint\",\"urlTemplate\":\"https:\/\/ondauno.com.ar\/?s={search_term_string}\"},\"query-input\":\"required name=search_term_string\"}],\"inLanguage\":\"es-AR\"},{\"@type\":\"Person\",\"@id\":\"https:\/\/ondauno.com.ar\/#\/schema\/person\/201d1b68e6c75e0fd396fe5f8af5d139\",\"name\":\"fernando garcia\",\"image\":{\"@type\":\"ImageObject\",\"inLanguage\":\"es-AR\",\"@id\":\"https:\/\/ondauno.com.ar\/#\/schema\/person\/image\/\",\"url\":\"https:\/\/secure.gravatar.com\/avatar\/5f7254642ad81272e79a2e69653cfdfc?s=96&d=mm&r=g\",\"contentUrl\":\"https:\/\/secure.gravatar.com\/avatar\/5f7254642ad81272e79a2e69653cfdfc?s=96&d=mm&r=g\",\"caption\":\"fernando garcia\"},\"url\":\"https:\/\/ondauno.com.ar\/index.php\/author\/ondaunoeditor\/\"}]}<\/script>\n<!-- \/ Yoast SEO plugin. -->","yoast_head_json":{"title":"Por videoconferencia los diputados nacionales se reunieron con Arroyo y Gines Gonz\u00e1lez Garc\u00eda - 103.9 fm","robots":{"index":"index","follow":"follow","max-snippet":"max-snippet:-1","max-image-preview":"max-image-preview:large","max-video-preview":"max-video-preview:-1"},"canonical":"https:\/\/ondauno.com.ar\/index.php\/2020\/04\/01\/por-videoconferencia-los-diputados-nacionales-se-reunieron-con-arroyo-y-gines-gonzalez-garcia\/","og_locale":"es_ES","og_type":"article","og_title":"Por videoconferencia los diputados nacionales se reunieron con Arroyo y Gines Gonz\u00e1lez Garc\u00eda - 103.9 fm","og_description":"Social y Salud P\u00fablica realiz\u00f3 su primera reuni\u00f3n virtual. Cont\u00f3 con la presencia de los ministros de Desarrollo Social y de Salud para analizar la situaci\u00f3n frente a la pandemia de Coronavirus. La Comisi\u00f3n de Acci\u00f3n Social y Salud P\u00fablica realiz\u00f3 esta tarde una reuni\u00f3n de trabajo virtual con los ministros de Desarrollo Social de [&hellip;]","og_url":"https:\/\/ondauno.com.ar\/index.php\/2020\/04\/01\/por-videoconferencia-los-diputados-nacionales-se-reunieron-con-arroyo-y-gines-gonzalez-garcia\/","og_site_name":"103.9 fm","article_publisher":"https:\/\/www.facebook.com\/ondauno103.9","article_published_time":"2020-04-02T00:33:55+00:00","article_modified_time":"2020-04-02T00:34:18+00:00","og_image":[{"width":1280,"height":804,"url":"https:\/\/ondauno.com.ar\/wp-content\/uploads\/2020\/04\/IMG-20200401-WA0061.jpg","type":"image\/jpeg"}],"author":"fernando garcia","twitter_card":"summary_large_image","twitter_misc":{"Escrito por":"fernando garcia","Tiempo de lectura":"6 minutos"},"schema":{"@context":"https:\/\/schema.org","@graph":[{"@type":"WebPage","@id":"https:\/\/ondauno.com.ar\/index.php\/2020\/04\/01\/por-videoconferencia-los-diputados-nacionales-se-reunieron-con-arroyo-y-gines-gonzalez-garcia\/","url":"https:\/\/ondauno.com.ar\/index.php\/2020\/04\/01\/por-videoconferencia-los-diputados-nacionales-se-reunieron-con-arroyo-y-gines-gonzalez-garcia\/","name":"Por videoconferencia los diputados nacionales se reunieron con Arroyo y Gines Gonz\u00e1lez Garc\u00eda - 103.9 fm","isPartOf":{"@id":"https:\/\/ondauno.com.ar\/#website"},"datePublished":"2020-04-02T00:33:55+00:00","dateModified":"2020-04-02T00:34:18+00:00","author":{"@id":"https:\/\/ondauno.com.ar\/#\/schema\/person\/201d1b68e6c75e0fd396fe5f8af5d139"},"breadcrumb":{"@id":"https:\/\/ondauno.com.ar\/index.php\/2020\/04\/01\/por-videoconferencia-los-diputados-nacionales-se-reunieron-con-arroyo-y-gines-gonzalez-garcia\/#breadcrumb"},"inLanguage":"es-AR","potentialAction":[{"@type":"ReadAction","target":["https:\/\/ondauno.com.ar\/index.php\/2020\/04\/01\/por-videoconferencia-los-diputados-nacionales-se-reunieron-con-arroyo-y-gines-gonzalez-garcia\/"]}]},{"@type":"BreadcrumbList","@id":"https:\/\/ondauno.com.ar\/index.php\/2020\/04\/01\/por-videoconferencia-los-diputados-nacionales-se-reunieron-con-arroyo-y-gines-gonzalez-garcia\/#breadcrumb","itemListElement":[{"@type":"ListItem","position":1,"name":"Inicio","item":"https:\/\/ondauno.com.ar\/"},{"@type":"ListItem","position":2,"name":"Por videoconferencia los diputados nacionales se reunieron con Arroyo y Gines Gonz\u00e1lez Garc\u00eda"}]},{"@type":"WebSite","@id":"https:\/\/ondauno.com.ar\/#website","url":"https:\/\/ondauno.com.ar\/","name":"103.9 fm","description":"LA PRIMERA RADIO MULTIMEDIA DE TRES ARROYOS","potentialAction":[{"@type":"SearchAction","target":{"@type":"EntryPoint","urlTemplate":"https:\/\/ondauno.com.ar\/?s={search_term_string}"},"query-input":"required name=search_term_string"}],"inLanguage":"es-AR"},{"@type":"Person","@id":"https:\/\/ondauno.com.ar\/#\/schema\/person\/201d1b68e6c75e0fd396fe5f8af5d139","name":"fernando garcia","image":{"@type":"ImageObject","inLanguage":"es-AR","@id":"https:\/\/ondauno.com.ar\/#\/schema\/person\/image\/","url":"https:\/\/secure.gravatar.com\/avatar\/5f7254642ad81272e79a2e69653cfdfc?s=96&d=mm&r=g","contentUrl":"https:\/\/secure.gravatar.com\/avatar\/5f7254642ad81272e79a2e69653cfdfc?s=96&d=mm&r=g","caption":"fernando garcia"},"url":"https:\/\/ondauno.com.ar\/index.php\/author\/ondaunoeditor\/"}]}},"jetpack_publicize_connections":[],"jetpack_featured_media_url":"","jetpack_sharing_enabled":true,"_links":{"self":[{"href":"https:\/\/ondauno.com.ar\/index.php\/wp-json\/wp\/v2\/posts\/7729","targetHints":{"allow":["GET"]}}],"collection":[{"href":"https:\/\/ondauno.com.ar\/index.php\/wp-json\/wp\/v2\/posts"}],"about":[{"href":"https:\/\/ondauno.com.ar\/index.php\/wp-json\/wp\/v2\/types\/post"}],"author":[{"embeddable":true,"href":"https:\/\/ondauno.com.ar\/index.php\/wp-json\/wp\/v2\/users\/2"}],"replies":[{"embeddable":true,"href":"https:\/\/ondauno.com.ar\/index.php\/wp-json\/wp\/v2\/comments?post=7729"}],"version-history":[{"count":0,"href":"https:\/\/ondauno.com.ar\/index.php\/wp-json\/wp\/v2\/posts\/7729\/revisions"}],"wp:attachment":[{"href":"https:\/\/ondauno.com.ar\/index.php\/wp-json\/wp\/v2\/media?parent=7729"}],"wp:term":[{"taxonomy":"category","embeddable":true,"href":"https:\/\/ondauno.com.ar\/index.php\/wp-json\/wp\/v2\/categories?post=7729"},{"taxonomy":"post_tag","embeddable":true,"href":"https:\/\/ondauno.com.ar\/index.php\/wp-json\/wp\/v2\/tags?post=7729"}],"curies":[{"name":"wp","href":"https:\/\/api.w.org\/{rel}","templated":true}]}}