{"id":7725,"date":"2020-04-01T20:30:22","date_gmt":"2020-04-01T23:30:22","guid":{"rendered":"http:\/\/ondauno.com.ar\/?p=7725"},"modified":"2020-04-01T22:34:44","modified_gmt":"2020-04-02T01:34:44","slug":"suman-32-los-fallecidos-a-esta-hora-del-primer-dia-de-abril","status":"publish","type":"post","link":"https:\/\/ondauno.com.ar\/index.php\/2020\/04\/01\/suman-32-los-fallecidos-a-esta-hora-del-primer-dia-de-abril\/","title":{"rendered":"Suman 32 los fallecidos a esta hora del primer d\u00eda de abril"},"content":{"rendered":"<div class=\"ondau-before-content_3\" style=\"margin-top: -30px;\" id=\"ondau-1653844669\"><a href=\"https:\/\/www.lps.com.ar\/\" aria-label=\"la-perse2\"><img loading=\"lazy\" decoding=\"async\" src=\"https:\/\/ondauno.com.ar\/wp-content\/uploads\/2021\/10\/la-perse2.jpg\" alt=\"\"  srcset=\"https:\/\/ondauno.com.ar\/wp-content\/uploads\/2021\/10\/la-perse2.jpg 1353w, https:\/\/ondauno.com.ar\/wp-content\/uploads\/2021\/10\/la-perse2-300x43.jpg 300w, https:\/\/ondauno.com.ar\/wp-content\/uploads\/2021\/10\/la-perse2-1024x148.jpg 1024w, https:\/\/ondauno.com.ar\/wp-content\/uploads\/2021\/10\/la-perse2-768x111.jpg 768w, https:\/\/ondauno.com.ar\/wp-content\/uploads\/2021\/10\/la-perse2-696x100.jpg 696w, https:\/\/ondauno.com.ar\/wp-content\/uploads\/2021\/10\/la-perse2-1068x154.jpg 1068w\" sizes=\"(max-width: 1353px) 100vw, 1353px\" class=\"no-lazyload\" width=\"1353\" height=\"195\"  style=\"display: inline-block;\" \/><\/a><\/div>\n<p>\ud83d\udccc Al cierre del parte, se notific\u00f3 del fallecimiento de un hombre de 78 a\u00f1os, residente de Neuqu\u00e9n, que estaba internado en el Hospital de Ezeiza, provincia de Buenos Aires, con antecedente de viaje a Italia.<br>Los fallecidos suman un total de 32.<\/p>\n","protected":false},"excerpt":{"rendered":"<p>\ud83d\udccc Al cierre del parte, se notific\u00f3 del fallecimiento de un hombre de 78 a\u00f1os, residente de Neuqu\u00e9n, que estaba internado en el Hospital de Ezeiza, provincia de Buenos Aires, con antecedente de viaje a Italia.Los fallecidos suman un total de 32.<\/p>\n","protected":false},"author":2,"featured_media":0,"comment_status":"open","ping_status":"open","sticky":false,"template":"","format":"standard","meta":{"tdm_status":"","tdm_grid_status":"","_jetpack_memberships_contains_paid_content":false,"footnotes":"","jetpack_publicize_message":"","jetpack_publicize_feature_enabled":true,"jetpack_social_post_already_shared":false,"jetpack_social_options":{"image_generator_settings":{"template":"highway","default_image_id":0,"font":"","enabled":false},"version":2}},"categories":[3],"tags":[],"class_list":{"0":"post-7725","1":"post","2":"type-post","3":"status-publish","4":"format-standard","6":"category-nacionales"},"yoast_head":"<!-- This site is optimized with the Yoast SEO plugin v22.7 - https:\/\/yoast.com\/wordpress\/plugins\/seo\/ -->\n<title>Suman 32 los fallecidos a esta hora del primer d\u00eda de abril - 103.9 fm<\/title>\n<meta name=\"robots\" content=\"index, follow, max-snippet:-1, max-image-preview:large, max-video-preview:-1\" \/>\n<link rel=\"canonical\" href=\"https:\/\/ondauno.com.ar\/index.php\/2020\/04\/01\/suman-32-los-fallecidos-a-esta-hora-del-primer-dia-de-abril\/\" \/>\n<meta property=\"og:locale\" content=\"es_ES\" \/>\n<meta property=\"og:type\" content=\"article\" \/>\n<meta property=\"og:title\" content=\"Suman 32 los fallecidos a esta hora del primer d\u00eda de abril - 103.9 fm\" \/>\n<meta property=\"og:description\" content=\"\ud83d\udccc Al cierre del parte, se notific\u00f3 del fallecimiento de un hombre de 78 a\u00f1os, residente de Neuqu\u00e9n, que estaba internado en el Hospital de Ezeiza, provincia de Buenos Aires, con antecedente de viaje a Italia.Los fallecidos suman un total de 32.\" \/>\n<meta property=\"og:url\" content=\"https:\/\/ondauno.com.ar\/index.php\/2020\/04\/01\/suman-32-los-fallecidos-a-esta-hora-del-primer-dia-de-abril\/\" \/>\n<meta property=\"og:site_name\" content=\"103.9 fm\" \/>\n<meta property=\"article:publisher\" content=\"https:\/\/www.facebook.com\/ondauno103.9\" \/>\n<meta property=\"article:published_time\" content=\"2020-04-01T23:30:22+00:00\" \/>\n<meta property=\"article:modified_time\" content=\"2020-04-02T01:34:44+00:00\" \/>\n<meta property=\"og:image\" content=\"https:\/\/ondauno.com.ar\/wp-content\/uploads\/2020\/03\/coronavirus-web-info-actualizada-32-1532x1080.jpg\" \/>\n\t<meta property=\"og:image:width\" content=\"1532\" \/>\n\t<meta property=\"og:image:height\" content=\"1080\" \/>\n\t<meta property=\"og:image:type\" content=\"image\/jpeg\" \/>\n<meta name=\"author\" content=\"fernando garcia\" \/>\n<meta name=\"twitter:card\" content=\"summary_large_image\" \/>\n<meta name=\"twitter:label1\" content=\"Escrito por\" \/>\n\t<meta name=\"twitter:data1\" content=\"fernando garcia\" \/>\n<script type=\"application\/ld+json\" class=\"yoast-schema-graph\">{\"@context\":\"https:\/\/schema.org\",\"@graph\":[{\"@type\":\"WebPage\",\"@id\":\"https:\/\/ondauno.com.ar\/index.php\/2020\/04\/01\/suman-32-los-fallecidos-a-esta-hora-del-primer-dia-de-abril\/\",\"url\":\"https:\/\/ondauno.com.ar\/index.php\/2020\/04\/01\/suman-32-los-fallecidos-a-esta-hora-del-primer-dia-de-abril\/\",\"name\":\"Suman 32 los fallecidos a esta hora del primer d\u00eda de abril - 103.9 fm\",\"isPartOf\":{\"@id\":\"https:\/\/ondauno.com.ar\/#website\"},\"datePublished\":\"2020-04-01T23:30:22+00:00\",\"dateModified\":\"2020-04-02T01:34:44+00:00\",\"author\":{\"@id\":\"https:\/\/ondauno.com.ar\/#\/schema\/person\/201d1b68e6c75e0fd396fe5f8af5d139\"},\"breadcrumb\":{\"@id\":\"https:\/\/ondauno.com.ar\/index.php\/2020\/04\/01\/suman-32-los-fallecidos-a-esta-hora-del-primer-dia-de-abril\/#breadcrumb\"},\"inLanguage\":\"es-AR\",\"potentialAction\":[{\"@type\":\"ReadAction\",\"target\":[\"https:\/\/ondauno.com.ar\/index.php\/2020\/04\/01\/suman-32-los-fallecidos-a-esta-hora-del-primer-dia-de-abril\/\"]}]},{\"@type\":\"BreadcrumbList\",\"@id\":\"https:\/\/ondauno.com.ar\/index.php\/2020\/04\/01\/suman-32-los-fallecidos-a-esta-hora-del-primer-dia-de-abril\/#breadcrumb\",\"itemListElement\":[{\"@type\":\"ListItem\",\"position\":1,\"name\":\"Inicio\",\"item\":\"https:\/\/ondauno.com.ar\/\"},{\"@type\":\"ListItem\",\"position\":2,\"name\":\"Suman 32 los fallecidos a esta hora del primer d\u00eda de abril\"}]},{\"@type\":\"WebSite\",\"@id\":\"https:\/\/ondauno.com.ar\/#website\",\"url\":\"https:\/\/ondauno.com.ar\/\",\"name\":\"103.9 fm\",\"description\":\"LA PRIMERA RADIO MULTIMEDIA DE TRES ARROYOS\",\"potentialAction\":[{\"@type\":\"SearchAction\",\"target\":{\"@type\":\"EntryPoint\",\"urlTemplate\":\"https:\/\/ondauno.com.ar\/?s={search_term_string}\"},\"query-input\":\"required name=search_term_string\"}],\"inLanguage\":\"es-AR\"},{\"@type\":\"Person\",\"@id\":\"https:\/\/ondauno.com.ar\/#\/schema\/person\/201d1b68e6c75e0fd396fe5f8af5d139\",\"name\":\"fernando garcia\",\"image\":{\"@type\":\"ImageObject\",\"inLanguage\":\"es-AR\",\"@id\":\"https:\/\/ondauno.com.ar\/#\/schema\/person\/image\/\",\"url\":\"https:\/\/secure.gravatar.com\/avatar\/5f7254642ad81272e79a2e69653cfdfc?s=96&d=mm&r=g\",\"contentUrl\":\"https:\/\/secure.gravatar.com\/avatar\/5f7254642ad81272e79a2e69653cfdfc?s=96&d=mm&r=g\",\"caption\":\"fernando garcia\"},\"url\":\"https:\/\/ondauno.com.ar\/index.php\/author\/ondaunoeditor\/\"}]}<\/script>\n<!-- \/ Yoast SEO plugin. -->","yoast_head_json":{"title":"Suman 32 los fallecidos a esta hora del primer d\u00eda de abril - 103.9 fm","robots":{"index":"index","follow":"follow","max-snippet":"max-snippet:-1","max-image-preview":"max-image-preview:large","max-video-preview":"max-video-preview:-1"},"canonical":"https:\/\/ondauno.com.ar\/index.php\/2020\/04\/01\/suman-32-los-fallecidos-a-esta-hora-del-primer-dia-de-abril\/","og_locale":"es_ES","og_type":"article","og_title":"Suman 32 los fallecidos a esta hora del primer d\u00eda de abril - 103.9 fm","og_description":"\ud83d\udccc Al cierre del parte, se notific\u00f3 del fallecimiento de un hombre de 78 a\u00f1os, residente de Neuqu\u00e9n, que estaba internado en el Hospital de Ezeiza, provincia de Buenos Aires, con antecedente de viaje a Italia.Los fallecidos suman un total de 32.","og_url":"https:\/\/ondauno.com.ar\/index.php\/2020\/04\/01\/suman-32-los-fallecidos-a-esta-hora-del-primer-dia-de-abril\/","og_site_name":"103.9 fm","article_publisher":"https:\/\/www.facebook.com\/ondauno103.9","article_published_time":"2020-04-01T23:30:22+00:00","article_modified_time":"2020-04-02T01:34:44+00:00","og_image":[{"width":1532,"height":1080,"url":"https:\/\/ondauno.com.ar\/wp-content\/uploads\/2020\/03\/coronavirus-web-info-actualizada-32-1532x1080.jpg","type":"image\/jpeg"}],"author":"fernando garcia","twitter_card":"summary_large_image","twitter_misc":{"Escrito por":"fernando garcia"},"schema":{"@context":"https:\/\/schema.org","@graph":[{"@type":"WebPage","@id":"https:\/\/ondauno.com.ar\/index.php\/2020\/04\/01\/suman-32-los-fallecidos-a-esta-hora-del-primer-dia-de-abril\/","url":"https:\/\/ondauno.com.ar\/index.php\/2020\/04\/01\/suman-32-los-fallecidos-a-esta-hora-del-primer-dia-de-abril\/","name":"Suman 32 los fallecidos a esta hora del primer d\u00eda de abril - 103.9 fm","isPartOf":{"@id":"https:\/\/ondauno.com.ar\/#website"},"datePublished":"2020-04-01T23:30:22+00:00","dateModified":"2020-04-02T01:34:44+00:00","author":{"@id":"https:\/\/ondauno.com.ar\/#\/schema\/person\/201d1b68e6c75e0fd396fe5f8af5d139"},"breadcrumb":{"@id":"https:\/\/ondauno.com.ar\/index.php\/2020\/04\/01\/suman-32-los-fallecidos-a-esta-hora-del-primer-dia-de-abril\/#breadcrumb"},"inLanguage":"es-AR","potentialAction":[{"@type":"ReadAction","target":["https:\/\/ondauno.com.ar\/index.php\/2020\/04\/01\/suman-32-los-fallecidos-a-esta-hora-del-primer-dia-de-abril\/"]}]},{"@type":"BreadcrumbList","@id":"https:\/\/ondauno.com.ar\/index.php\/2020\/04\/01\/suman-32-los-fallecidos-a-esta-hora-del-primer-dia-de-abril\/#breadcrumb","itemListElement":[{"@type":"ListItem","position":1,"name":"Inicio","item":"https:\/\/ondauno.com.ar\/"},{"@type":"ListItem","position":2,"name":"Suman 32 los fallecidos a esta hora del primer d\u00eda de abril"}]},{"@type":"WebSite","@id":"https:\/\/ondauno.com.ar\/#website","url":"https:\/\/ondauno.com.ar\/","name":"103.9 fm","description":"LA PRIMERA RADIO MULTIMEDIA DE TRES ARROYOS","potentialAction":[{"@type":"SearchAction","target":{"@type":"EntryPoint","urlTemplate":"https:\/\/ondauno.com.ar\/?s={search_term_string}"},"query-input":"required name=search_term_string"}],"inLanguage":"es-AR"},{"@type":"Person","@id":"https:\/\/ondauno.com.ar\/#\/schema\/person\/201d1b68e6c75e0fd396fe5f8af5d139","name":"fernando garcia","image":{"@type":"ImageObject","inLanguage":"es-AR","@id":"https:\/\/ondauno.com.ar\/#\/schema\/person\/image\/","url":"https:\/\/secure.gravatar.com\/avatar\/5f7254642ad81272e79a2e69653cfdfc?s=96&d=mm&r=g","contentUrl":"https:\/\/secure.gravatar.com\/avatar\/5f7254642ad81272e79a2e69653cfdfc?s=96&d=mm&r=g","caption":"fernando garcia"},"url":"https:\/\/ondauno.com.ar\/index.php\/author\/ondaunoeditor\/"}]}},"jetpack_publicize_connections":[],"jetpack_featured_media_url":"","jetpack_sharing_enabled":true,"_links":{"self":[{"href":"https:\/\/ondauno.com.ar\/index.php\/wp-json\/wp\/v2\/posts\/7725","targetHints":{"allow":["GET"]}}],"collection":[{"href":"https:\/\/ondauno.com.ar\/index.php\/wp-json\/wp\/v2\/posts"}],"about":[{"href":"https:\/\/ondauno.com.ar\/index.php\/wp-json\/wp\/v2\/types\/post"}],"author":[{"embeddable":true,"href":"https:\/\/ondauno.com.ar\/index.php\/wp-json\/wp\/v2\/users\/2"}],"replies":[{"embeddable":true,"href":"https:\/\/ondauno.com.ar\/index.php\/wp-json\/wp\/v2\/comments?post=7725"}],"version-history":[{"count":0,"href":"https:\/\/ondauno.com.ar\/index.php\/wp-json\/wp\/v2\/posts\/7725\/revisions"}],"wp:attachment":[{"href":"https:\/\/ondauno.com.ar\/index.php\/wp-json\/wp\/v2\/media?parent=7725"}],"wp:term":[{"taxonomy":"category","embeddable":true,"href":"https:\/\/ondauno.com.ar\/index.php\/wp-json\/wp\/v2\/categories?post=7725"},{"taxonomy":"post_tag","embeddable":true,"href":"https:\/\/ondauno.com.ar\/index.php\/wp-json\/wp\/v2\/tags?post=7725"}],"curies":[{"name":"wp","href":"https:\/\/api.w.org\/{rel}","templated":true}]}}