{"id":7723,"date":"2020-04-01T20:20:33","date_gmt":"2020-04-01T23:20:33","guid":{"rendered":"http:\/\/ondauno.com.ar\/?p=7723"},"modified":"2020-04-01T20:20:53","modified_gmt":"2020-04-01T23:20:53","slug":"red-dibujeros-una-propuesta-para-dibujar-pintar-y-sembrar-conciencia","status":"publish","type":"post","link":"https:\/\/ondauno.com.ar\/index.php\/2020\/04\/01\/red-dibujeros-una-propuesta-para-dibujar-pintar-y-sembrar-conciencia\/","title":{"rendered":"Red Dibujeros: una propuesta para dibujar, pintar y sembrar conciencia"},"content":{"rendered":"<div class=\"ondau-before-content_3\" style=\"margin-top: -30px;\" id=\"ondau-1586286725\"><a href=\"https:\/\/www.lps.com.ar\/\" aria-label=\"la-perse2\"><img loading=\"lazy\" decoding=\"async\" src=\"https:\/\/ondauno.com.ar\/wp-content\/uploads\/2021\/10\/la-perse2.jpg\" alt=\"\"  srcset=\"https:\/\/ondauno.com.ar\/wp-content\/uploads\/2021\/10\/la-perse2.jpg 1353w, https:\/\/ondauno.com.ar\/wp-content\/uploads\/2021\/10\/la-perse2-300x43.jpg 300w, https:\/\/ondauno.com.ar\/wp-content\/uploads\/2021\/10\/la-perse2-1024x148.jpg 1024w, https:\/\/ondauno.com.ar\/wp-content\/uploads\/2021\/10\/la-perse2-768x111.jpg 768w, https:\/\/ondauno.com.ar\/wp-content\/uploads\/2021\/10\/la-perse2-696x100.jpg 696w, https:\/\/ondauno.com.ar\/wp-content\/uploads\/2021\/10\/la-perse2-1068x154.jpg 1068w\" sizes=\"(max-width: 1353px) 100vw, 1353px\" class=\"no-lazyload\" width=\"1353\" height=\"195\"  style=\"display: inline-block;\" \/><\/a><\/div>\n<p><\/p>\n\n\n\n<p>La Red Dibujeros propone enviar dibujos listos para colorear e intervenir por mail (puede haber alguna alternativa f\u00edsica para aquellos que no tienen acceso a la web pero siempre es mejor quedarse en casa) a todos los que est\u00e1n transitando el aislamiento preventivo, y de paso sembrar conciencia en este 2 de abril en torno al autismo.<\/p>\n\n\n\n<figure class=\"wp-block-image size-large\"><img decoding=\"async\" data-src=\"http:\/\/ondauno.com.ar\/wp-content\/uploads\/2020\/04\/img0084448087065863159853.jpg\" alt=\"\" class=\"wp-image-7720 lazyload\" src=\"data:image\/gif;base64,R0lGODlhAQABAAAAACH5BAEKAAEALAAAAAABAAEAAAICTAEAOw==\" \/><noscript><img decoding=\"async\" src=\"http:\/\/ondauno.com.ar\/wp-content\/uploads\/2020\/04\/img0084448087065863159853.jpg\" alt=\"\" class=\"wp-image-7720\"\/><\/noscript><\/figure>\n\n\n\n<p>La idea surgi\u00f3 de Santiago Ram\u00edrez, que comenz\u00f3 a preparar dibujos para que pinte Feli Elgart, un joven con Trastorno del Espectro Autista. Y mediante las redes, se sumaron m\u00e1s amigos de Santi, sobre todo los que toman con \u00e9l clases de dibujo; hijos de periodistas de Tres Arroyos y vecinos de Claromec\u00f3 que comparten profesi\u00f3n con familiares de Santiago y Feliciano.<\/p>\n\n\n\n<p><br>La propuesta es que todos los que quieran su dibujo para pintar o intervenir digitalmente, o con el material que quieran en soporte f\u00edsico, escriban a <a href=\"mailto:re*********@gm***.com\" data-original-string=\"+ZjBJ6bYHIy7HLIdiu3XDywFGIW4BXDVpVl5P0CCC2c=\" title=\"This contact has been encoded by Anti-Spam by CleanTalk. Click to decode. To finish the decoding make sure that JavaScript is enabled in your browser.\"><span \n                data-original-string=\"+ZjBJ6bYHIy7HLIdiu3XDywFGIW4BXDVpVl5P0CCC2c=\"\n                class=\"apbct-email-encoder\"\n                title=\"This contact has been encoded by Anti-Spam by CleanTalk. Click to decode. To finish the decoding make sure that JavaScript is enabled in your browser.\">re*********@gm***.com<\/span><\/a>. Y como ma\u00f1ana, 2 de abril, es el D\u00eda Mundial de Concientizaci\u00f3n sobre el Autismo, pueden mandar alguno de esos dibujos m\u00e1s una consigna sobre el tema a la p\u00e1gina de Facebook T\u00e9cnicas AT, que es la de las acompa\u00f1antes terap\u00e9uticas de Tres Arroyos que subir\u00e1n ilustraciones sobre la tem\u00e1tica.\u00a0<\/p>\n\n\n\n<figure class=\"wp-block-image size-large\"><img decoding=\"async\" data-src=\"http:\/\/ondauno.com.ar\/wp-content\/uploads\/2020\/04\/santi882263896467361423.jpg\" alt=\"\" class=\"wp-image-7721 lazyload\" src=\"data:image\/gif;base64,R0lGODlhAQABAAAAACH5BAEKAAEALAAAAAABAAEAAAICTAEAOw==\"><noscript><img decoding=\"async\" src=\"http:\/\/ondauno.com.ar\/wp-content\/uploads\/2020\/04\/santi882263896467361423.jpg\" alt=\"\" class=\"wp-image-7721\"><\/noscript><\/figure>\n","protected":false},"excerpt":{"rendered":"<p>La Red Dibujeros propone enviar dibujos listos para colorear e intervenir por mail (puede haber alguna alternativa f\u00edsica para aquellos que no tienen acceso a la web pero siempre es mejor quedarse en casa) a todos los que est\u00e1n transitando el aislamiento preventivo, y de paso sembrar conciencia en este 2 de abril en torno [&hellip;]<\/p>\n","protected":false},"author":2,"featured_media":0,"comment_status":"open","ping_status":"open","sticky":false,"template":"","format":"standard","meta":{"tdm_status":"","tdm_grid_status":"","_jetpack_memberships_contains_paid_content":false,"footnotes":"","jetpack_publicize_message":"","jetpack_publicize_feature_enabled":true,"jetpack_social_post_already_shared":false,"jetpack_social_options":{"image_generator_settings":{"template":"highway","default_image_id":0,"font":"","enabled":false},"version":2}},"categories":[2],"tags":[],"class_list":{"0":"post-7723","1":"post","2":"type-post","3":"status-publish","4":"format-standard","6":"category-locales"},"yoast_head":"<!-- This site is optimized with the Yoast SEO plugin v22.7 - https:\/\/yoast.com\/wordpress\/plugins\/seo\/ -->\n<title>Red Dibujeros: una propuesta para dibujar, pintar y sembrar conciencia - 103.9 fm<\/title>\n<meta name=\"robots\" content=\"index, follow, max-snippet:-1, max-image-preview:large, max-video-preview:-1\" \/>\n<link rel=\"canonical\" href=\"https:\/\/ondauno.com.ar\/index.php\/2020\/04\/01\/red-dibujeros-una-propuesta-para-dibujar-pintar-y-sembrar-conciencia\/\" \/>\n<meta property=\"og:locale\" content=\"es_ES\" \/>\n<meta property=\"og:type\" content=\"article\" \/>\n<meta property=\"og:title\" content=\"Red Dibujeros: una propuesta para dibujar, pintar y sembrar conciencia - 103.9 fm\" \/>\n<meta property=\"og:description\" content=\"La Red Dibujeros propone enviar dibujos listos para colorear e intervenir por mail (puede haber alguna alternativa f\u00edsica para aquellos que no tienen acceso a la web pero siempre es mejor quedarse en casa) a todos los que est\u00e1n transitando el aislamiento preventivo, y de paso sembrar conciencia en este 2 de abril en torno [&hellip;]\" \/>\n<meta property=\"og:url\" content=\"https:\/\/ondauno.com.ar\/index.php\/2020\/04\/01\/red-dibujeros-una-propuesta-para-dibujar-pintar-y-sembrar-conciencia\/\" \/>\n<meta property=\"og:site_name\" content=\"103.9 fm\" \/>\n<meta property=\"article:publisher\" content=\"https:\/\/www.facebook.com\/ondauno103.9\" \/>\n<meta property=\"article:published_time\" content=\"2020-04-01T23:20:33+00:00\" \/>\n<meta property=\"article:modified_time\" content=\"2020-04-01T23:20:53+00:00\" \/>\n<meta property=\"og:image\" content=\"https:\/\/ondauno.com.ar\/wp-content\/uploads\/2020\/04\/feli.jpg\" \/>\n\t<meta property=\"og:image:width\" content=\"960\" \/>\n\t<meta property=\"og:image:height\" content=\"720\" \/>\n\t<meta property=\"og:image:type\" content=\"image\/jpeg\" \/>\n<meta name=\"author\" content=\"fernando garcia\" \/>\n<meta name=\"twitter:card\" content=\"summary_large_image\" \/>\n<meta name=\"twitter:label1\" content=\"Escrito por\" \/>\n\t<meta name=\"twitter:data1\" content=\"fernando garcia\" \/>\n\t<meta name=\"twitter:label2\" content=\"Tiempo de lectura\" \/>\n\t<meta name=\"twitter:data2\" content=\"1 minuto\" \/>\n<script type=\"application\/ld+json\" class=\"yoast-schema-graph\">{\"@context\":\"https:\/\/schema.org\",\"@graph\":[{\"@type\":\"WebPage\",\"@id\":\"https:\/\/ondauno.com.ar\/index.php\/2020\/04\/01\/red-dibujeros-una-propuesta-para-dibujar-pintar-y-sembrar-conciencia\/\",\"url\":\"https:\/\/ondauno.com.ar\/index.php\/2020\/04\/01\/red-dibujeros-una-propuesta-para-dibujar-pintar-y-sembrar-conciencia\/\",\"name\":\"Red Dibujeros: una propuesta para dibujar, pintar y sembrar conciencia - 103.9 fm\",\"isPartOf\":{\"@id\":\"https:\/\/ondauno.com.ar\/#website\"},\"primaryImageOfPage\":{\"@id\":\"https:\/\/ondauno.com.ar\/index.php\/2020\/04\/01\/red-dibujeros-una-propuesta-para-dibujar-pintar-y-sembrar-conciencia\/#primaryimage\"},\"image\":{\"@id\":\"https:\/\/ondauno.com.ar\/index.php\/2020\/04\/01\/red-dibujeros-una-propuesta-para-dibujar-pintar-y-sembrar-conciencia\/#primaryimage\"},\"thumbnailUrl\":\"http:\/\/ondauno.com.ar\/wp-content\/uploads\/2020\/04\/img0084448087065863159853.jpg\",\"datePublished\":\"2020-04-01T23:20:33+00:00\",\"dateModified\":\"2020-04-01T23:20:53+00:00\",\"author\":{\"@id\":\"https:\/\/ondauno.com.ar\/#\/schema\/person\/201d1b68e6c75e0fd396fe5f8af5d139\"},\"breadcrumb\":{\"@id\":\"https:\/\/ondauno.com.ar\/index.php\/2020\/04\/01\/red-dibujeros-una-propuesta-para-dibujar-pintar-y-sembrar-conciencia\/#breadcrumb\"},\"inLanguage\":\"es-AR\",\"potentialAction\":[{\"@type\":\"ReadAction\",\"target\":[\"https:\/\/ondauno.com.ar\/index.php\/2020\/04\/01\/red-dibujeros-una-propuesta-para-dibujar-pintar-y-sembrar-conciencia\/\"]}]},{\"@type\":\"ImageObject\",\"inLanguage\":\"es-AR\",\"@id\":\"https:\/\/ondauno.com.ar\/index.php\/2020\/04\/01\/red-dibujeros-una-propuesta-para-dibujar-pintar-y-sembrar-conciencia\/#primaryimage\",\"url\":\"\",\"contentUrl\":\"\"},{\"@type\":\"BreadcrumbList\",\"@id\":\"https:\/\/ondauno.com.ar\/index.php\/2020\/04\/01\/red-dibujeros-una-propuesta-para-dibujar-pintar-y-sembrar-conciencia\/#breadcrumb\",\"itemListElement\":[{\"@type\":\"ListItem\",\"position\":1,\"name\":\"Inicio\",\"item\":\"https:\/\/ondauno.com.ar\/\"},{\"@type\":\"ListItem\",\"position\":2,\"name\":\"Red Dibujeros: una propuesta para dibujar, pintar y sembrar conciencia\"}]},{\"@type\":\"WebSite\",\"@id\":\"https:\/\/ondauno.com.ar\/#website\",\"url\":\"https:\/\/ondauno.com.ar\/\",\"name\":\"103.9 fm\",\"description\":\"LA PRIMERA RADIO MULTIMEDIA DE TRES ARROYOS\",\"potentialAction\":[{\"@type\":\"SearchAction\",\"target\":{\"@type\":\"EntryPoint\",\"urlTemplate\":\"https:\/\/ondauno.com.ar\/?s={search_term_string}\"},\"query-input\":\"required name=search_term_string\"}],\"inLanguage\":\"es-AR\"},{\"@type\":\"Person\",\"@id\":\"https:\/\/ondauno.com.ar\/#\/schema\/person\/201d1b68e6c75e0fd396fe5f8af5d139\",\"name\":\"fernando garcia\",\"image\":{\"@type\":\"ImageObject\",\"inLanguage\":\"es-AR\",\"@id\":\"https:\/\/ondauno.com.ar\/#\/schema\/person\/image\/\",\"url\":\"https:\/\/secure.gravatar.com\/avatar\/5f7254642ad81272e79a2e69653cfdfc?s=96&d=mm&r=g\",\"contentUrl\":\"https:\/\/secure.gravatar.com\/avatar\/5f7254642ad81272e79a2e69653cfdfc?s=96&d=mm&r=g\",\"caption\":\"fernando garcia\"},\"url\":\"https:\/\/ondauno.com.ar\/index.php\/author\/ondaunoeditor\/\"}]}<\/script>\n<!-- \/ Yoast SEO plugin. -->","yoast_head_json":{"title":"Red Dibujeros: una propuesta para dibujar, pintar y sembrar conciencia - 103.9 fm","robots":{"index":"index","follow":"follow","max-snippet":"max-snippet:-1","max-image-preview":"max-image-preview:large","max-video-preview":"max-video-preview:-1"},"canonical":"https:\/\/ondauno.com.ar\/index.php\/2020\/04\/01\/red-dibujeros-una-propuesta-para-dibujar-pintar-y-sembrar-conciencia\/","og_locale":"es_ES","og_type":"article","og_title":"Red Dibujeros: una propuesta para dibujar, pintar y sembrar conciencia - 103.9 fm","og_description":"La Red Dibujeros propone enviar dibujos listos para colorear e intervenir por mail (puede haber alguna alternativa f\u00edsica para aquellos que no tienen acceso a la web pero siempre es mejor quedarse en casa) a todos los que est\u00e1n transitando el aislamiento preventivo, y de paso sembrar conciencia en este 2 de abril en torno [&hellip;]","og_url":"https:\/\/ondauno.com.ar\/index.php\/2020\/04\/01\/red-dibujeros-una-propuesta-para-dibujar-pintar-y-sembrar-conciencia\/","og_site_name":"103.9 fm","article_publisher":"https:\/\/www.facebook.com\/ondauno103.9","article_published_time":"2020-04-01T23:20:33+00:00","article_modified_time":"2020-04-01T23:20:53+00:00","og_image":[{"width":960,"height":720,"url":"https:\/\/ondauno.com.ar\/wp-content\/uploads\/2020\/04\/feli.jpg","type":"image\/jpeg"}],"author":"fernando garcia","twitter_card":"summary_large_image","twitter_misc":{"Escrito por":"fernando garcia","Tiempo de lectura":"1 minuto"},"schema":{"@context":"https:\/\/schema.org","@graph":[{"@type":"WebPage","@id":"https:\/\/ondauno.com.ar\/index.php\/2020\/04\/01\/red-dibujeros-una-propuesta-para-dibujar-pintar-y-sembrar-conciencia\/","url":"https:\/\/ondauno.com.ar\/index.php\/2020\/04\/01\/red-dibujeros-una-propuesta-para-dibujar-pintar-y-sembrar-conciencia\/","name":"Red Dibujeros: una propuesta para dibujar, pintar y sembrar conciencia - 103.9 fm","isPartOf":{"@id":"https:\/\/ondauno.com.ar\/#website"},"primaryImageOfPage":{"@id":"https:\/\/ondauno.com.ar\/index.php\/2020\/04\/01\/red-dibujeros-una-propuesta-para-dibujar-pintar-y-sembrar-conciencia\/#primaryimage"},"image":{"@id":"https:\/\/ondauno.com.ar\/index.php\/2020\/04\/01\/red-dibujeros-una-propuesta-para-dibujar-pintar-y-sembrar-conciencia\/#primaryimage"},"thumbnailUrl":"http:\/\/ondauno.com.ar\/wp-content\/uploads\/2020\/04\/img0084448087065863159853.jpg","datePublished":"2020-04-01T23:20:33+00:00","dateModified":"2020-04-01T23:20:53+00:00","author":{"@id":"https:\/\/ondauno.com.ar\/#\/schema\/person\/201d1b68e6c75e0fd396fe5f8af5d139"},"breadcrumb":{"@id":"https:\/\/ondauno.com.ar\/index.php\/2020\/04\/01\/red-dibujeros-una-propuesta-para-dibujar-pintar-y-sembrar-conciencia\/#breadcrumb"},"inLanguage":"es-AR","potentialAction":[{"@type":"ReadAction","target":["https:\/\/ondauno.com.ar\/index.php\/2020\/04\/01\/red-dibujeros-una-propuesta-para-dibujar-pintar-y-sembrar-conciencia\/"]}]},{"@type":"ImageObject","inLanguage":"es-AR","@id":"https:\/\/ondauno.com.ar\/index.php\/2020\/04\/01\/red-dibujeros-una-propuesta-para-dibujar-pintar-y-sembrar-conciencia\/#primaryimage","url":"","contentUrl":""},{"@type":"BreadcrumbList","@id":"https:\/\/ondauno.com.ar\/index.php\/2020\/04\/01\/red-dibujeros-una-propuesta-para-dibujar-pintar-y-sembrar-conciencia\/#breadcrumb","itemListElement":[{"@type":"ListItem","position":1,"name":"Inicio","item":"https:\/\/ondauno.com.ar\/"},{"@type":"ListItem","position":2,"name":"Red Dibujeros: una propuesta para dibujar, pintar y sembrar conciencia"}]},{"@type":"WebSite","@id":"https:\/\/ondauno.com.ar\/#website","url":"https:\/\/ondauno.com.ar\/","name":"103.9 fm","description":"LA PRIMERA RADIO MULTIMEDIA DE TRES ARROYOS","potentialAction":[{"@type":"SearchAction","target":{"@type":"EntryPoint","urlTemplate":"https:\/\/ondauno.com.ar\/?s={search_term_string}"},"query-input":"required name=search_term_string"}],"inLanguage":"es-AR"},{"@type":"Person","@id":"https:\/\/ondauno.com.ar\/#\/schema\/person\/201d1b68e6c75e0fd396fe5f8af5d139","name":"fernando garcia","image":{"@type":"ImageObject","inLanguage":"es-AR","@id":"https:\/\/ondauno.com.ar\/#\/schema\/person\/image\/","url":"https:\/\/secure.gravatar.com\/avatar\/5f7254642ad81272e79a2e69653cfdfc?s=96&d=mm&r=g","contentUrl":"https:\/\/secure.gravatar.com\/avatar\/5f7254642ad81272e79a2e69653cfdfc?s=96&d=mm&r=g","caption":"fernando garcia"},"url":"https:\/\/ondauno.com.ar\/index.php\/author\/ondaunoeditor\/"}]}},"jetpack_publicize_connections":[],"jetpack_featured_media_url":"","jetpack_sharing_enabled":true,"_links":{"self":[{"href":"https:\/\/ondauno.com.ar\/index.php\/wp-json\/wp\/v2\/posts\/7723","targetHints":{"allow":["GET"]}}],"collection":[{"href":"https:\/\/ondauno.com.ar\/index.php\/wp-json\/wp\/v2\/posts"}],"about":[{"href":"https:\/\/ondauno.com.ar\/index.php\/wp-json\/wp\/v2\/types\/post"}],"author":[{"embeddable":true,"href":"https:\/\/ondauno.com.ar\/index.php\/wp-json\/wp\/v2\/users\/2"}],"replies":[{"embeddable":true,"href":"https:\/\/ondauno.com.ar\/index.php\/wp-json\/wp\/v2\/comments?post=7723"}],"version-history":[{"count":0,"href":"https:\/\/ondauno.com.ar\/index.php\/wp-json\/wp\/v2\/posts\/7723\/revisions"}],"wp:attachment":[{"href":"https:\/\/ondauno.com.ar\/index.php\/wp-json\/wp\/v2\/media?parent=7723"}],"wp:term":[{"taxonomy":"category","embeddable":true,"href":"https:\/\/ondauno.com.ar\/index.php\/wp-json\/wp\/v2\/categories?post=7723"},{"taxonomy":"post_tag","embeddable":true,"href":"https:\/\/ondauno.com.ar\/index.php\/wp-json\/wp\/v2\/tags?post=7723"}],"curies":[{"name":"wp","href":"https:\/\/api.w.org\/{rel}","templated":true}]}}