{"id":7718,"date":"2020-04-01T20:15:03","date_gmt":"2020-04-01T23:15:03","guid":{"rendered":"http:\/\/ondauno.com.ar\/?p=7718"},"modified":"2020-04-01T20:16:08","modified_gmt":"2020-04-01T23:16:08","slug":"hubo-79-nuevos-casos-de-coronavirus-10-de-ellos-en-la-provincia-y-31-fallecidos","status":"publish","type":"post","link":"https:\/\/ondauno.com.ar\/index.php\/2020\/04\/01\/hubo-79-nuevos-casos-de-coronavirus-10-de-ellos-en-la-provincia-y-31-fallecidos\/","title":{"rendered":"Hubo 79 nuevos casos de coronavirus, 10 de ellos en la Provincia y 31 fallecidos"},"content":{"rendered":"<div class=\"ondau-before-content_3\" style=\"margin-top: -30px;\" id=\"ondau-239652879\"><a href=\"https:\/\/www.lps.com.ar\/\" aria-label=\"la-perse2\"><img loading=\"lazy\" decoding=\"async\" src=\"https:\/\/ondauno.com.ar\/wp-content\/uploads\/2021\/10\/la-perse2.jpg\" alt=\"\"  srcset=\"https:\/\/ondauno.com.ar\/wp-content\/uploads\/2021\/10\/la-perse2.jpg 1353w, https:\/\/ondauno.com.ar\/wp-content\/uploads\/2021\/10\/la-perse2-300x43.jpg 300w, https:\/\/ondauno.com.ar\/wp-content\/uploads\/2021\/10\/la-perse2-1024x148.jpg 1024w, https:\/\/ondauno.com.ar\/wp-content\/uploads\/2021\/10\/la-perse2-768x111.jpg 768w, https:\/\/ondauno.com.ar\/wp-content\/uploads\/2021\/10\/la-perse2-696x100.jpg 696w, https:\/\/ondauno.com.ar\/wp-content\/uploads\/2021\/10\/la-perse2-1068x154.jpg 1068w\" sizes=\"(max-width: 1353px) 100vw, 1353px\" class=\"no-lazyload\" width=\"1353\" height=\"195\"  style=\"display: inline-block;\" \/><\/a><\/div>\n<p><\/p>\n\n\n\n<p><em> SITUACI\u00d3N DE COVID-19 EN ARGENTINA<\/em><\/p>\n\n\n\n<p>\ud83d\udccc<em>Hoy fueron confirmados 79 nuevos casos de COVID-19. Con estos registros, suman 1.133 positivos en el pa\u00eds.<\/em> Del total de esos casos, 580 (51,2%) son importados, 349 (30,8%) son contactos estrechos de casos confirmados, y el resto se encuentra en investigaci\u00f3n epidemiol\u00f3gica.<\/p>\n\n\n\n<p>\ud83d\udcccSe registraron 4 nuevas muertes. Son tres hombres, uno de 55 a\u00f1os, residente en la Ciudad de Buenos Aires; otro de 71 a\u00f1os, de la provincia de Buenos Aires; y otro de 66 a\u00f1os, de nacionalidad chilena con residencia transitoria en la provincia de Santa Fe; y una mujer de 63 a\u00f1os, residente en la provincia de Buenos Aires. Los fallecidos suman un total de 31.<\/p>\n\n\n\n<p>\ud83d\udccc<em>Detalle por provincia (N\u00ba de confirmados | N\u00ba de acumulados)<\/em>:*<br \/>Buenos Aires 10 | 280<br \/>Ciudad de Buenos Aires 10 | 321<br \/>Catamarca 0 | 0<br \/>Chaco 12 | 96<br \/>Chubut 0 | 0<br \/>C\u00f3rdoba 6 | 101<br \/>Corrientes 1 | 21<br \/>Entre R\u00edos 1 | 14<br \/>Formosa 0 | 0<br \/>Jujuy 0 | 3<br \/>La Pampa 0 | 3<br \/>La Rioja 0 | 1<br \/>Mendoza 10 | 25<br \/>Misiones 0 | 3<br \/>Neuqu\u00e9n 4 | 24<br \/>R\u00edo Negro 0 | 9<br \/>Salta 2 | 3<br \/>San Juan 0 | 1<br \/>San Luis 1 | 7<br \/>Santa Cruz 10 | 19<br \/>Santa Fe 11 | 144<br \/>Santiago del Estero 0 | 2<br \/>Tierra del Fuego 0 | 39<br \/>Tucum\u00e1n 1 | 17<\/p>\n\n\n\n<p>*Aquellos casos confirmados que no est\u00e1n notificados por residencia, fueron contabilizados por provincia de carga.<\/p>\n\n\n\n<p>Aclaraci\u00f3n: la notificaci\u00f3n de los casos por jurisdicci\u00f3n se realiza teniendo en cuenta la residencia seg\u00fan el Registro Nacional de las Personas y en caso de no estar notificado la provincia de residencia, se asigna la provincia de carga. Pudiendo variar en funci\u00f3n de la investigaci\u00f3n de la jurisdicci\u00f3n<\/p>\n\n\n\n<p>Las autoridades contin\u00faan con las medidas intensivas para reducir la circulaci\u00f2n del virus al pa\u00eds y disminuir su transmisi\u00f3n. En este sentido es clave la estrategia de mitigaci\u00f3n de la mortalidad destinada a personas mayores de 60 a\u00f1os y personas que integren los grupos de riesgo.<\/p>\n\n\n\n<p>Para m\u00e1s informaci\u00f3n sobre la situaci\u00f3n de COVID-19:<br \/>https:\/\/www.argentina.gob.ar\/salud\/coronavirus-COVID-19<br \/>https:\/\/www.who.int\/emergencies\/diseases\/novel-coronavirus-2019<\/p>\n","protected":false},"excerpt":{"rendered":"<p>SITUACI\u00d3N DE COVID-19 EN ARGENTINA \ud83d\udcccHoy fueron confirmados 79 nuevos casos de COVID-19. Con estos registros, suman 1.133 positivos en el pa\u00eds. Del total de esos casos, 580 (51,2%) son importados, 349 (30,8%) son contactos estrechos de casos confirmados, y el resto se encuentra en investigaci\u00f3n epidemiol\u00f3gica. \ud83d\udcccSe registraron 4 nuevas muertes. Son tres hombres, [&hellip;]<\/p>\n","protected":false},"author":2,"featured_media":0,"comment_status":"open","ping_status":"open","sticky":false,"template":"","format":"standard","meta":{"tdm_status":"","tdm_grid_status":"","_jetpack_memberships_contains_paid_content":false,"footnotes":"","jetpack_publicize_message":"","jetpack_publicize_feature_enabled":true,"jetpack_social_post_already_shared":false,"jetpack_social_options":{"image_generator_settings":{"template":"highway","default_image_id":0,"font":"","enabled":false},"version":2}},"categories":[3],"tags":[],"class_list":{"0":"post-7718","1":"post","2":"type-post","3":"status-publish","4":"format-standard","6":"category-nacionales"},"yoast_head":"<!-- This site is optimized with the Yoast SEO plugin v22.7 - https:\/\/yoast.com\/wordpress\/plugins\/seo\/ -->\n<title>Hubo 79 nuevos casos de coronavirus, 10 de ellos en la Provincia y 31 fallecidos - 103.9 fm<\/title>\n<meta name=\"robots\" content=\"index, follow, max-snippet:-1, max-image-preview:large, max-video-preview:-1\" \/>\n<link rel=\"canonical\" href=\"https:\/\/ondauno.com.ar\/index.php\/2020\/04\/01\/hubo-79-nuevos-casos-de-coronavirus-10-de-ellos-en-la-provincia-y-31-fallecidos\/\" \/>\n<meta property=\"og:locale\" content=\"es_ES\" \/>\n<meta property=\"og:type\" content=\"article\" \/>\n<meta property=\"og:title\" content=\"Hubo 79 nuevos casos de coronavirus, 10 de ellos en la Provincia y 31 fallecidos - 103.9 fm\" \/>\n<meta property=\"og:description\" content=\"SITUACI\u00d3N DE COVID-19 EN ARGENTINA \ud83d\udcccHoy fueron confirmados 79 nuevos casos de COVID-19. Con estos registros, suman 1.133 positivos en el pa\u00eds. Del total de esos casos, 580 (51,2%) son importados, 349 (30,8%) son contactos estrechos de casos confirmados, y el resto se encuentra en investigaci\u00f3n epidemiol\u00f3gica. \ud83d\udcccSe registraron 4 nuevas muertes. Son tres hombres, [&hellip;]\" \/>\n<meta property=\"og:url\" content=\"https:\/\/ondauno.com.ar\/index.php\/2020\/04\/01\/hubo-79-nuevos-casos-de-coronavirus-10-de-ellos-en-la-provincia-y-31-fallecidos\/\" \/>\n<meta property=\"og:site_name\" content=\"103.9 fm\" \/>\n<meta property=\"article:publisher\" content=\"https:\/\/www.facebook.com\/ondauno103.9\" \/>\n<meta property=\"article:published_time\" content=\"2020-04-01T23:15:03+00:00\" \/>\n<meta property=\"article:modified_time\" content=\"2020-04-01T23:16:08+00:00\" \/>\n<meta property=\"og:image\" content=\"https:\/\/ondauno.com.ar\/wp-content\/uploads\/2020\/03\/3219130w380.jpg\" \/>\n\t<meta property=\"og:image:width\" content=\"380\" \/>\n\t<meta property=\"og:image:height\" content=\"253\" \/>\n\t<meta property=\"og:image:type\" content=\"image\/jpeg\" \/>\n<meta name=\"author\" content=\"fernando garcia\" \/>\n<meta name=\"twitter:card\" content=\"summary_large_image\" \/>\n<meta name=\"twitter:label1\" content=\"Escrito por\" \/>\n\t<meta name=\"twitter:data1\" content=\"fernando garcia\" \/>\n\t<meta name=\"twitter:label2\" content=\"Tiempo de lectura\" \/>\n\t<meta name=\"twitter:data2\" content=\"2 minutos\" \/>\n<script type=\"application\/ld+json\" class=\"yoast-schema-graph\">{\"@context\":\"https:\/\/schema.org\",\"@graph\":[{\"@type\":\"WebPage\",\"@id\":\"https:\/\/ondauno.com.ar\/index.php\/2020\/04\/01\/hubo-79-nuevos-casos-de-coronavirus-10-de-ellos-en-la-provincia-y-31-fallecidos\/\",\"url\":\"https:\/\/ondauno.com.ar\/index.php\/2020\/04\/01\/hubo-79-nuevos-casos-de-coronavirus-10-de-ellos-en-la-provincia-y-31-fallecidos\/\",\"name\":\"Hubo 79 nuevos casos de coronavirus, 10 de ellos en la Provincia y 31 fallecidos - 103.9 fm\",\"isPartOf\":{\"@id\":\"https:\/\/ondauno.com.ar\/#website\"},\"datePublished\":\"2020-04-01T23:15:03+00:00\",\"dateModified\":\"2020-04-01T23:16:08+00:00\",\"author\":{\"@id\":\"https:\/\/ondauno.com.ar\/#\/schema\/person\/201d1b68e6c75e0fd396fe5f8af5d139\"},\"breadcrumb\":{\"@id\":\"https:\/\/ondauno.com.ar\/index.php\/2020\/04\/01\/hubo-79-nuevos-casos-de-coronavirus-10-de-ellos-en-la-provincia-y-31-fallecidos\/#breadcrumb\"},\"inLanguage\":\"es-AR\",\"potentialAction\":[{\"@type\":\"ReadAction\",\"target\":[\"https:\/\/ondauno.com.ar\/index.php\/2020\/04\/01\/hubo-79-nuevos-casos-de-coronavirus-10-de-ellos-en-la-provincia-y-31-fallecidos\/\"]}]},{\"@type\":\"BreadcrumbList\",\"@id\":\"https:\/\/ondauno.com.ar\/index.php\/2020\/04\/01\/hubo-79-nuevos-casos-de-coronavirus-10-de-ellos-en-la-provincia-y-31-fallecidos\/#breadcrumb\",\"itemListElement\":[{\"@type\":\"ListItem\",\"position\":1,\"name\":\"Inicio\",\"item\":\"https:\/\/ondauno.com.ar\/\"},{\"@type\":\"ListItem\",\"position\":2,\"name\":\"Hubo 79 nuevos casos de coronavirus, 10 de ellos en la Provincia y 31 fallecidos\"}]},{\"@type\":\"WebSite\",\"@id\":\"https:\/\/ondauno.com.ar\/#website\",\"url\":\"https:\/\/ondauno.com.ar\/\",\"name\":\"103.9 fm\",\"description\":\"LA PRIMERA RADIO MULTIMEDIA DE TRES ARROYOS\",\"potentialAction\":[{\"@type\":\"SearchAction\",\"target\":{\"@type\":\"EntryPoint\",\"urlTemplate\":\"https:\/\/ondauno.com.ar\/?s={search_term_string}\"},\"query-input\":\"required name=search_term_string\"}],\"inLanguage\":\"es-AR\"},{\"@type\":\"Person\",\"@id\":\"https:\/\/ondauno.com.ar\/#\/schema\/person\/201d1b68e6c75e0fd396fe5f8af5d139\",\"name\":\"fernando garcia\",\"image\":{\"@type\":\"ImageObject\",\"inLanguage\":\"es-AR\",\"@id\":\"https:\/\/ondauno.com.ar\/#\/schema\/person\/image\/\",\"url\":\"https:\/\/secure.gravatar.com\/avatar\/5f7254642ad81272e79a2e69653cfdfc?s=96&d=mm&r=g\",\"contentUrl\":\"https:\/\/secure.gravatar.com\/avatar\/5f7254642ad81272e79a2e69653cfdfc?s=96&d=mm&r=g\",\"caption\":\"fernando garcia\"},\"url\":\"https:\/\/ondauno.com.ar\/index.php\/author\/ondaunoeditor\/\"}]}<\/script>\n<!-- \/ Yoast SEO plugin. -->","yoast_head_json":{"title":"Hubo 79 nuevos casos de coronavirus, 10 de ellos en la Provincia y 31 fallecidos - 103.9 fm","robots":{"index":"index","follow":"follow","max-snippet":"max-snippet:-1","max-image-preview":"max-image-preview:large","max-video-preview":"max-video-preview:-1"},"canonical":"https:\/\/ondauno.com.ar\/index.php\/2020\/04\/01\/hubo-79-nuevos-casos-de-coronavirus-10-de-ellos-en-la-provincia-y-31-fallecidos\/","og_locale":"es_ES","og_type":"article","og_title":"Hubo 79 nuevos casos de coronavirus, 10 de ellos en la Provincia y 31 fallecidos - 103.9 fm","og_description":"SITUACI\u00d3N DE COVID-19 EN ARGENTINA \ud83d\udcccHoy fueron confirmados 79 nuevos casos de COVID-19. Con estos registros, suman 1.133 positivos en el pa\u00eds. Del total de esos casos, 580 (51,2%) son importados, 349 (30,8%) son contactos estrechos de casos confirmados, y el resto se encuentra en investigaci\u00f3n epidemiol\u00f3gica. \ud83d\udcccSe registraron 4 nuevas muertes. Son tres hombres, [&hellip;]","og_url":"https:\/\/ondauno.com.ar\/index.php\/2020\/04\/01\/hubo-79-nuevos-casos-de-coronavirus-10-de-ellos-en-la-provincia-y-31-fallecidos\/","og_site_name":"103.9 fm","article_publisher":"https:\/\/www.facebook.com\/ondauno103.9","article_published_time":"2020-04-01T23:15:03+00:00","article_modified_time":"2020-04-01T23:16:08+00:00","og_image":[{"width":380,"height":253,"url":"https:\/\/ondauno.com.ar\/wp-content\/uploads\/2020\/03\/3219130w380.jpg","type":"image\/jpeg"}],"author":"fernando garcia","twitter_card":"summary_large_image","twitter_misc":{"Escrito por":"fernando garcia","Tiempo de lectura":"2 minutos"},"schema":{"@context":"https:\/\/schema.org","@graph":[{"@type":"WebPage","@id":"https:\/\/ondauno.com.ar\/index.php\/2020\/04\/01\/hubo-79-nuevos-casos-de-coronavirus-10-de-ellos-en-la-provincia-y-31-fallecidos\/","url":"https:\/\/ondauno.com.ar\/index.php\/2020\/04\/01\/hubo-79-nuevos-casos-de-coronavirus-10-de-ellos-en-la-provincia-y-31-fallecidos\/","name":"Hubo 79 nuevos casos de coronavirus, 10 de ellos en la Provincia y 31 fallecidos - 103.9 fm","isPartOf":{"@id":"https:\/\/ondauno.com.ar\/#website"},"datePublished":"2020-04-01T23:15:03+00:00","dateModified":"2020-04-01T23:16:08+00:00","author":{"@id":"https:\/\/ondauno.com.ar\/#\/schema\/person\/201d1b68e6c75e0fd396fe5f8af5d139"},"breadcrumb":{"@id":"https:\/\/ondauno.com.ar\/index.php\/2020\/04\/01\/hubo-79-nuevos-casos-de-coronavirus-10-de-ellos-en-la-provincia-y-31-fallecidos\/#breadcrumb"},"inLanguage":"es-AR","potentialAction":[{"@type":"ReadAction","target":["https:\/\/ondauno.com.ar\/index.php\/2020\/04\/01\/hubo-79-nuevos-casos-de-coronavirus-10-de-ellos-en-la-provincia-y-31-fallecidos\/"]}]},{"@type":"BreadcrumbList","@id":"https:\/\/ondauno.com.ar\/index.php\/2020\/04\/01\/hubo-79-nuevos-casos-de-coronavirus-10-de-ellos-en-la-provincia-y-31-fallecidos\/#breadcrumb","itemListElement":[{"@type":"ListItem","position":1,"name":"Inicio","item":"https:\/\/ondauno.com.ar\/"},{"@type":"ListItem","position":2,"name":"Hubo 79 nuevos casos de coronavirus, 10 de ellos en la Provincia y 31 fallecidos"}]},{"@type":"WebSite","@id":"https:\/\/ondauno.com.ar\/#website","url":"https:\/\/ondauno.com.ar\/","name":"103.9 fm","description":"LA PRIMERA RADIO MULTIMEDIA DE TRES ARROYOS","potentialAction":[{"@type":"SearchAction","target":{"@type":"EntryPoint","urlTemplate":"https:\/\/ondauno.com.ar\/?s={search_term_string}"},"query-input":"required name=search_term_string"}],"inLanguage":"es-AR"},{"@type":"Person","@id":"https:\/\/ondauno.com.ar\/#\/schema\/person\/201d1b68e6c75e0fd396fe5f8af5d139","name":"fernando garcia","image":{"@type":"ImageObject","inLanguage":"es-AR","@id":"https:\/\/ondauno.com.ar\/#\/schema\/person\/image\/","url":"https:\/\/secure.gravatar.com\/avatar\/5f7254642ad81272e79a2e69653cfdfc?s=96&d=mm&r=g","contentUrl":"https:\/\/secure.gravatar.com\/avatar\/5f7254642ad81272e79a2e69653cfdfc?s=96&d=mm&r=g","caption":"fernando garcia"},"url":"https:\/\/ondauno.com.ar\/index.php\/author\/ondaunoeditor\/"}]}},"jetpack_publicize_connections":[],"jetpack_featured_media_url":"","jetpack_sharing_enabled":true,"_links":{"self":[{"href":"https:\/\/ondauno.com.ar\/index.php\/wp-json\/wp\/v2\/posts\/7718","targetHints":{"allow":["GET"]}}],"collection":[{"href":"https:\/\/ondauno.com.ar\/index.php\/wp-json\/wp\/v2\/posts"}],"about":[{"href":"https:\/\/ondauno.com.ar\/index.php\/wp-json\/wp\/v2\/types\/post"}],"author":[{"embeddable":true,"href":"https:\/\/ondauno.com.ar\/index.php\/wp-json\/wp\/v2\/users\/2"}],"replies":[{"embeddable":true,"href":"https:\/\/ondauno.com.ar\/index.php\/wp-json\/wp\/v2\/comments?post=7718"}],"version-history":[{"count":0,"href":"https:\/\/ondauno.com.ar\/index.php\/wp-json\/wp\/v2\/posts\/7718\/revisions"}],"wp:attachment":[{"href":"https:\/\/ondauno.com.ar\/index.php\/wp-json\/wp\/v2\/media?parent=7718"}],"wp:term":[{"taxonomy":"category","embeddable":true,"href":"https:\/\/ondauno.com.ar\/index.php\/wp-json\/wp\/v2\/categories?post=7718"},{"taxonomy":"post_tag","embeddable":true,"href":"https:\/\/ondauno.com.ar\/index.php\/wp-json\/wp\/v2\/tags?post=7718"}],"curies":[{"name":"wp","href":"https:\/\/api.w.org\/{rel}","templated":true}]}}