{"id":7631,"date":"2020-03-31T20:23:27","date_gmt":"2020-03-31T23:23:27","guid":{"rendered":"http:\/\/ondauno.com.ar\/?p=7631"},"modified":"2020-03-31T20:23:30","modified_gmt":"2020-03-31T23:23:30","slug":"coronavirus-el-presidente-mantuvo-una-videoconferencia-con-intendentes-bonaerenses","status":"publish","type":"post","link":"https:\/\/ondauno.com.ar\/index.php\/2020\/03\/31\/coronavirus-el-presidente-mantuvo-una-videoconferencia-con-intendentes-bonaerenses\/","title":{"rendered":"Coronavirus: El Presidente mantuvo una videoconferencia con intendentes bonaerenses"},"content":{"rendered":"<div class=\"ondau-before-content_3\" style=\"margin-top: -30px;\" id=\"ondau-4008255389\"><a href=\"https:\/\/www.lps.com.ar\/\" aria-label=\"la-perse2\"><img loading=\"lazy\" decoding=\"async\" src=\"https:\/\/ondauno.com.ar\/wp-content\/uploads\/2021\/10\/la-perse2.jpg\" alt=\"\"  srcset=\"https:\/\/ondauno.com.ar\/wp-content\/uploads\/2021\/10\/la-perse2.jpg 1353w, https:\/\/ondauno.com.ar\/wp-content\/uploads\/2021\/10\/la-perse2-300x43.jpg 300w, https:\/\/ondauno.com.ar\/wp-content\/uploads\/2021\/10\/la-perse2-1024x148.jpg 1024w, https:\/\/ondauno.com.ar\/wp-content\/uploads\/2021\/10\/la-perse2-768x111.jpg 768w, https:\/\/ondauno.com.ar\/wp-content\/uploads\/2021\/10\/la-perse2-696x100.jpg 696w, https:\/\/ondauno.com.ar\/wp-content\/uploads\/2021\/10\/la-perse2-1068x154.jpg 1068w\" sizes=\"(max-width: 1353px) 100vw, 1353px\" class=\"no-lazyload\" width=\"1353\" height=\"195\"  style=\"display: inline-block;\" \/><\/a><\/div>\n<p><\/p>\n\n\n\n<p>El presidente Alberto Fern\u00e1ndez mantuvo hoy desde la residencia de Olivos una videoconferencia con m\u00e1s de 30 intendentes de la provincia de Buenos Aires que se prolong\u00f3 durante m\u00e1s de dos horas y en la que analizaron la situaci\u00f3n de cada distrito en relaci\u00f3n a la emergencia generada por la pandemia de coronavirus COVID-19.<\/p>\n\n\n\n<p>El mandatario estuvo acompa\u00f1ado por el secretario General de la Presidencia, Julio Vitobello; el gobernador de la provincia de Buenos Aires, Axel Kicillof; los diputados nacionales M\u00e1ximo Kirchner y Sergio Massa, y el intendente de Hurlingham, Juan Zabaleta.<\/p>\n\n\n\n<p>Durante la comunicaci\u00f3n, que forma parte del ida y vuelta permanente que mantiene el Presidente con los intendentes, les adelant\u00f3 que el Gobierno va a implementar un paquete de medidas de m\u00e1s de 380 mil millones de pesos para auxiliar a las empresas y a las PyMEs, y que la tarjeta Alimentar se cargar\u00e1 de forma semanal.<\/p>\n\n\n\n<p>Adem\u00e1s, les pidi\u00f3 ayuda para fiscalizar en los distritos el cumplimiento de los precios m\u00e1ximos y hablaron sobre el env\u00edo de insumos, sobre la situaci\u00f3n econ\u00f3mica y social en cada una de las comunas y acerca de c\u00f3mo los municipios trabajan para controlar el acatamiento de la cuarentena.<\/p>\n\n\n\n<p><strong>El encuentro virtual cont\u00f3 con los intendentes de Avellaneda, Jorge Ferraresi; de La Matanza, Fernando Espinosa; de Lan\u00fas, N\u00e9stor Grindetti; de Lomas de Zamora, Mart\u00edn Insaurralde; de Mor\u00f3n, Lucas Ghi; de San Isidro, Gustavo Posse; de San Mart\u00edn, Fernando Moreira; de Tres de Febrero, Diego Valenzuela; de Vicente L\u00f3pez, Jorge Macri; de Almirante Brown, Mariano Cascallares; de Berazategui, Juan Mussi; de Esteban Echeverr\u00eda, Fernando Gray; de Ezeiza, Alejandro Granados, y de Florencio Varela, Andr\u00e9s Watson.<\/strong><\/p>\n\n\n\n<p>Tambi\u00e9n participaron <strong>los jefes comunales de Ituzaing\u00f3, Alberto Descalzo; de Jos\u00e9 C. Paz, Mario Ishii; de Malvinas Argentinas, Leonardo Nardini; de Merlo, Gustavo Men\u00e9ndez; de Moreno, Melina Fern\u00e1ndez; de Quilmes, Mayra Mendoza; de San Fernando, Juan Andreotti; de San Miguel, Jaime M\u00e9ndez; de Escobar, Ariel Sujarchuk; de La Plata, Julio Garro; de Ca\u00f1uelas, Marisa Fassi; de San Vicente, Nicol\u00e1s Mantegazza; de Ensenada, Mario Secco; de Tigre, Julio Zamora; de Punta Indio, Hern\u00e1n Yzurieta, y de Berisso, Fabi\u00e1n Cagliardi.<\/strong><\/p>\n","protected":false},"excerpt":{"rendered":"<p>El presidente Alberto Fern\u00e1ndez mantuvo hoy desde la residencia de Olivos una videoconferencia con m\u00e1s de 30 intendentes de la provincia de Buenos Aires que se prolong\u00f3 durante m\u00e1s de dos horas y en la que analizaron la situaci\u00f3n de cada distrito en relaci\u00f3n a la emergencia generada por la pandemia de coronavirus COVID-19. El [&hellip;]<\/p>\n","protected":false},"author":2,"featured_media":0,"comment_status":"open","ping_status":"open","sticky":false,"template":"","format":"standard","meta":{"tdm_status":"","tdm_grid_status":"","_jetpack_memberships_contains_paid_content":false,"footnotes":"","jetpack_publicize_message":"","jetpack_publicize_feature_enabled":true,"jetpack_social_post_already_shared":false,"jetpack_social_options":{"image_generator_settings":{"template":"highway","default_image_id":0,"font":"","enabled":false},"version":2}},"categories":[3],"tags":[],"class_list":{"0":"post-7631","1":"post","2":"type-post","3":"status-publish","4":"format-standard","6":"category-nacionales"},"yoast_head":"<!-- This site is optimized with the Yoast SEO plugin v22.7 - https:\/\/yoast.com\/wordpress\/plugins\/seo\/ -->\n<title>Coronavirus: El Presidente mantuvo una videoconferencia con intendentes bonaerenses - 103.9 fm<\/title>\n<meta name=\"robots\" content=\"index, follow, max-snippet:-1, max-image-preview:large, max-video-preview:-1\" \/>\n<link rel=\"canonical\" href=\"https:\/\/ondauno.com.ar\/index.php\/2020\/03\/31\/coronavirus-el-presidente-mantuvo-una-videoconferencia-con-intendentes-bonaerenses\/\" \/>\n<meta property=\"og:locale\" content=\"es_ES\" \/>\n<meta property=\"og:type\" content=\"article\" \/>\n<meta property=\"og:title\" content=\"Coronavirus: El Presidente mantuvo una videoconferencia con intendentes bonaerenses - 103.9 fm\" \/>\n<meta property=\"og:description\" content=\"El presidente Alberto Fern\u00e1ndez mantuvo hoy desde la residencia de Olivos una videoconferencia con m\u00e1s de 30 intendentes de la provincia de Buenos Aires que se prolong\u00f3 durante m\u00e1s de dos horas y en la que analizaron la situaci\u00f3n de cada distrito en relaci\u00f3n a la emergencia generada por la pandemia de coronavirus COVID-19. El [&hellip;]\" \/>\n<meta property=\"og:url\" content=\"https:\/\/ondauno.com.ar\/index.php\/2020\/03\/31\/coronavirus-el-presidente-mantuvo-una-videoconferencia-con-intendentes-bonaerenses\/\" \/>\n<meta property=\"og:site_name\" content=\"103.9 fm\" \/>\n<meta property=\"article:publisher\" content=\"https:\/\/www.facebook.com\/ondauno103.9\" \/>\n<meta property=\"article:published_time\" content=\"2020-03-31T23:23:27+00:00\" \/>\n<meta property=\"article:modified_time\" content=\"2020-03-31T23:23:30+00:00\" \/>\n<meta property=\"og:image\" content=\"https:\/\/ondauno.com.ar\/wp-content\/uploads\/2020\/03\/WhatsApp-Image-2020-03-31-at-19.41.29.jpeg\" \/>\n\t<meta property=\"og:image:width\" content=\"1280\" \/>\n\t<meta property=\"og:image:height\" content=\"853\" \/>\n\t<meta property=\"og:image:type\" content=\"image\/jpeg\" \/>\n<meta name=\"author\" content=\"fernando garcia\" \/>\n<meta name=\"twitter:card\" content=\"summary_large_image\" \/>\n<meta name=\"twitter:label1\" content=\"Escrito por\" \/>\n\t<meta name=\"twitter:data1\" content=\"fernando garcia\" \/>\n\t<meta name=\"twitter:label2\" content=\"Tiempo de lectura\" \/>\n\t<meta name=\"twitter:data2\" content=\"2 minutos\" \/>\n<script type=\"application\/ld+json\" class=\"yoast-schema-graph\">{\"@context\":\"https:\/\/schema.org\",\"@graph\":[{\"@type\":\"WebPage\",\"@id\":\"https:\/\/ondauno.com.ar\/index.php\/2020\/03\/31\/coronavirus-el-presidente-mantuvo-una-videoconferencia-con-intendentes-bonaerenses\/\",\"url\":\"https:\/\/ondauno.com.ar\/index.php\/2020\/03\/31\/coronavirus-el-presidente-mantuvo-una-videoconferencia-con-intendentes-bonaerenses\/\",\"name\":\"Coronavirus: El Presidente mantuvo una videoconferencia con intendentes bonaerenses - 103.9 fm\",\"isPartOf\":{\"@id\":\"https:\/\/ondauno.com.ar\/#website\"},\"datePublished\":\"2020-03-31T23:23:27+00:00\",\"dateModified\":\"2020-03-31T23:23:30+00:00\",\"author\":{\"@id\":\"https:\/\/ondauno.com.ar\/#\/schema\/person\/201d1b68e6c75e0fd396fe5f8af5d139\"},\"breadcrumb\":{\"@id\":\"https:\/\/ondauno.com.ar\/index.php\/2020\/03\/31\/coronavirus-el-presidente-mantuvo-una-videoconferencia-con-intendentes-bonaerenses\/#breadcrumb\"},\"inLanguage\":\"es-AR\",\"potentialAction\":[{\"@type\":\"ReadAction\",\"target\":[\"https:\/\/ondauno.com.ar\/index.php\/2020\/03\/31\/coronavirus-el-presidente-mantuvo-una-videoconferencia-con-intendentes-bonaerenses\/\"]}]},{\"@type\":\"BreadcrumbList\",\"@id\":\"https:\/\/ondauno.com.ar\/index.php\/2020\/03\/31\/coronavirus-el-presidente-mantuvo-una-videoconferencia-con-intendentes-bonaerenses\/#breadcrumb\",\"itemListElement\":[{\"@type\":\"ListItem\",\"position\":1,\"name\":\"Inicio\",\"item\":\"https:\/\/ondauno.com.ar\/\"},{\"@type\":\"ListItem\",\"position\":2,\"name\":\"Coronavirus: El Presidente mantuvo una videoconferencia con intendentes bonaerenses\"}]},{\"@type\":\"WebSite\",\"@id\":\"https:\/\/ondauno.com.ar\/#website\",\"url\":\"https:\/\/ondauno.com.ar\/\",\"name\":\"103.9 fm\",\"description\":\"LA PRIMERA RADIO MULTIMEDIA DE TRES ARROYOS\",\"potentialAction\":[{\"@type\":\"SearchAction\",\"target\":{\"@type\":\"EntryPoint\",\"urlTemplate\":\"https:\/\/ondauno.com.ar\/?s={search_term_string}\"},\"query-input\":\"required name=search_term_string\"}],\"inLanguage\":\"es-AR\"},{\"@type\":\"Person\",\"@id\":\"https:\/\/ondauno.com.ar\/#\/schema\/person\/201d1b68e6c75e0fd396fe5f8af5d139\",\"name\":\"fernando garcia\",\"image\":{\"@type\":\"ImageObject\",\"inLanguage\":\"es-AR\",\"@id\":\"https:\/\/ondauno.com.ar\/#\/schema\/person\/image\/\",\"url\":\"https:\/\/secure.gravatar.com\/avatar\/5f7254642ad81272e79a2e69653cfdfc?s=96&d=mm&r=g\",\"contentUrl\":\"https:\/\/secure.gravatar.com\/avatar\/5f7254642ad81272e79a2e69653cfdfc?s=96&d=mm&r=g\",\"caption\":\"fernando garcia\"},\"url\":\"https:\/\/ondauno.com.ar\/index.php\/author\/ondaunoeditor\/\"}]}<\/script>\n<!-- \/ Yoast SEO plugin. -->","yoast_head_json":{"title":"Coronavirus: El Presidente mantuvo una videoconferencia con intendentes bonaerenses - 103.9 fm","robots":{"index":"index","follow":"follow","max-snippet":"max-snippet:-1","max-image-preview":"max-image-preview:large","max-video-preview":"max-video-preview:-1"},"canonical":"https:\/\/ondauno.com.ar\/index.php\/2020\/03\/31\/coronavirus-el-presidente-mantuvo-una-videoconferencia-con-intendentes-bonaerenses\/","og_locale":"es_ES","og_type":"article","og_title":"Coronavirus: El Presidente mantuvo una videoconferencia con intendentes bonaerenses - 103.9 fm","og_description":"El presidente Alberto Fern\u00e1ndez mantuvo hoy desde la residencia de Olivos una videoconferencia con m\u00e1s de 30 intendentes de la provincia de Buenos Aires que se prolong\u00f3 durante m\u00e1s de dos horas y en la que analizaron la situaci\u00f3n de cada distrito en relaci\u00f3n a la emergencia generada por la pandemia de coronavirus COVID-19. El [&hellip;]","og_url":"https:\/\/ondauno.com.ar\/index.php\/2020\/03\/31\/coronavirus-el-presidente-mantuvo-una-videoconferencia-con-intendentes-bonaerenses\/","og_site_name":"103.9 fm","article_publisher":"https:\/\/www.facebook.com\/ondauno103.9","article_published_time":"2020-03-31T23:23:27+00:00","article_modified_time":"2020-03-31T23:23:30+00:00","og_image":[{"width":1280,"height":853,"url":"https:\/\/ondauno.com.ar\/wp-content\/uploads\/2020\/03\/WhatsApp-Image-2020-03-31-at-19.41.29.jpeg","type":"image\/jpeg"}],"author":"fernando garcia","twitter_card":"summary_large_image","twitter_misc":{"Escrito por":"fernando garcia","Tiempo de lectura":"2 minutos"},"schema":{"@context":"https:\/\/schema.org","@graph":[{"@type":"WebPage","@id":"https:\/\/ondauno.com.ar\/index.php\/2020\/03\/31\/coronavirus-el-presidente-mantuvo-una-videoconferencia-con-intendentes-bonaerenses\/","url":"https:\/\/ondauno.com.ar\/index.php\/2020\/03\/31\/coronavirus-el-presidente-mantuvo-una-videoconferencia-con-intendentes-bonaerenses\/","name":"Coronavirus: El Presidente mantuvo una videoconferencia con intendentes bonaerenses - 103.9 fm","isPartOf":{"@id":"https:\/\/ondauno.com.ar\/#website"},"datePublished":"2020-03-31T23:23:27+00:00","dateModified":"2020-03-31T23:23:30+00:00","author":{"@id":"https:\/\/ondauno.com.ar\/#\/schema\/person\/201d1b68e6c75e0fd396fe5f8af5d139"},"breadcrumb":{"@id":"https:\/\/ondauno.com.ar\/index.php\/2020\/03\/31\/coronavirus-el-presidente-mantuvo-una-videoconferencia-con-intendentes-bonaerenses\/#breadcrumb"},"inLanguage":"es-AR","potentialAction":[{"@type":"ReadAction","target":["https:\/\/ondauno.com.ar\/index.php\/2020\/03\/31\/coronavirus-el-presidente-mantuvo-una-videoconferencia-con-intendentes-bonaerenses\/"]}]},{"@type":"BreadcrumbList","@id":"https:\/\/ondauno.com.ar\/index.php\/2020\/03\/31\/coronavirus-el-presidente-mantuvo-una-videoconferencia-con-intendentes-bonaerenses\/#breadcrumb","itemListElement":[{"@type":"ListItem","position":1,"name":"Inicio","item":"https:\/\/ondauno.com.ar\/"},{"@type":"ListItem","position":2,"name":"Coronavirus: El Presidente mantuvo una videoconferencia con intendentes bonaerenses"}]},{"@type":"WebSite","@id":"https:\/\/ondauno.com.ar\/#website","url":"https:\/\/ondauno.com.ar\/","name":"103.9 fm","description":"LA PRIMERA RADIO MULTIMEDIA DE TRES ARROYOS","potentialAction":[{"@type":"SearchAction","target":{"@type":"EntryPoint","urlTemplate":"https:\/\/ondauno.com.ar\/?s={search_term_string}"},"query-input":"required name=search_term_string"}],"inLanguage":"es-AR"},{"@type":"Person","@id":"https:\/\/ondauno.com.ar\/#\/schema\/person\/201d1b68e6c75e0fd396fe5f8af5d139","name":"fernando garcia","image":{"@type":"ImageObject","inLanguage":"es-AR","@id":"https:\/\/ondauno.com.ar\/#\/schema\/person\/image\/","url":"https:\/\/secure.gravatar.com\/avatar\/5f7254642ad81272e79a2e69653cfdfc?s=96&d=mm&r=g","contentUrl":"https:\/\/secure.gravatar.com\/avatar\/5f7254642ad81272e79a2e69653cfdfc?s=96&d=mm&r=g","caption":"fernando garcia"},"url":"https:\/\/ondauno.com.ar\/index.php\/author\/ondaunoeditor\/"}]}},"jetpack_publicize_connections":[],"jetpack_featured_media_url":"","jetpack_sharing_enabled":true,"_links":{"self":[{"href":"https:\/\/ondauno.com.ar\/index.php\/wp-json\/wp\/v2\/posts\/7631","targetHints":{"allow":["GET"]}}],"collection":[{"href":"https:\/\/ondauno.com.ar\/index.php\/wp-json\/wp\/v2\/posts"}],"about":[{"href":"https:\/\/ondauno.com.ar\/index.php\/wp-json\/wp\/v2\/types\/post"}],"author":[{"embeddable":true,"href":"https:\/\/ondauno.com.ar\/index.php\/wp-json\/wp\/v2\/users\/2"}],"replies":[{"embeddable":true,"href":"https:\/\/ondauno.com.ar\/index.php\/wp-json\/wp\/v2\/comments?post=7631"}],"version-history":[{"count":0,"href":"https:\/\/ondauno.com.ar\/index.php\/wp-json\/wp\/v2\/posts\/7631\/revisions"}],"wp:attachment":[{"href":"https:\/\/ondauno.com.ar\/index.php\/wp-json\/wp\/v2\/media?parent=7631"}],"wp:term":[{"taxonomy":"category","embeddable":true,"href":"https:\/\/ondauno.com.ar\/index.php\/wp-json\/wp\/v2\/categories?post=7631"},{"taxonomy":"post_tag","embeddable":true,"href":"https:\/\/ondauno.com.ar\/index.php\/wp-json\/wp\/v2\/tags?post=7631"}],"curies":[{"name":"wp","href":"https:\/\/api.w.org\/{rel}","templated":true}]}}