{"id":7628,"date":"2020-03-31T20:20:48","date_gmt":"2020-03-31T23:20:48","guid":{"rendered":"http:\/\/ondauno.com.ar\/?p=7628"},"modified":"2020-03-31T20:20:52","modified_gmt":"2020-03-31T23:20:52","slug":"flicst-de-ziraldo-alves-pinto-en-cuentos-que-viajan","status":"publish","type":"post","link":"https:\/\/ondauno.com.ar\/index.php\/2020\/03\/31\/flicst-de-ziraldo-alves-pinto-en-cuentos-que-viajan\/","title":{"rendered":"\u201cFlicst\u201d de Ziraldo Alves Pinto en &#8220;Cuentos que Viajan&#8221;"},"content":{"rendered":"<div class=\"ondau-before-content_3\" style=\"margin-top: -30px;\" id=\"ondau-676943554\"><a href=\"https:\/\/www.lps.com.ar\/\" aria-label=\"la-perse2\"><img loading=\"lazy\" decoding=\"async\" src=\"https:\/\/ondauno.com.ar\/wp-content\/uploads\/2021\/10\/la-perse2.jpg\" alt=\"\"  srcset=\"https:\/\/ondauno.com.ar\/wp-content\/uploads\/2021\/10\/la-perse2.jpg 1353w, https:\/\/ondauno.com.ar\/wp-content\/uploads\/2021\/10\/la-perse2-300x43.jpg 300w, https:\/\/ondauno.com.ar\/wp-content\/uploads\/2021\/10\/la-perse2-1024x148.jpg 1024w, https:\/\/ondauno.com.ar\/wp-content\/uploads\/2021\/10\/la-perse2-768x111.jpg 768w, https:\/\/ondauno.com.ar\/wp-content\/uploads\/2021\/10\/la-perse2-696x100.jpg 696w, https:\/\/ondauno.com.ar\/wp-content\/uploads\/2021\/10\/la-perse2-1068x154.jpg 1068w\" sizes=\"(max-width: 1353px) 100vw, 1353px\" class=\"no-lazyload\" width=\"1353\" height=\"195\"  style=\"display: inline-block;\" \/><\/a><\/div>\n<p> Hoy en \u201cCuentos que viajan\u201d escuchamos \u201cFlicst\u201d de Ziraldo Alves Pinto. Este autor, dibujante y cronista Brasilero, publico en el a\u00f1o 1969 su primer libro infantil \u201cFlicst\u201d que cuenta la historia de un color que no pod\u00eda encontrar su lugar en el mundo. Esta obra logr\u00f3 convertirlo en un referente inevitable de la literatura latinoamericana para los m\u00e1s chicos.<br>La narradora es Chiqui Gonz\u00e1lez.<br>\u00a1Que suenen narraciones y poes\u00edas! <\/p>\n\n\n\n<figure class=\"wp-block-embed-facebook wp-block-embed is-type-video is-provider-facebook\"><div class=\"wp-block-embed__wrapper\">\n<div class=\"fb-video\" data-allowfullscreen=\"true\" data-href=\"https:\/\/www.facebook.com\/2444816778874623\/videos\/218402289400411\/\" style=\"background-color: #fff; display: inline-block;\"><\/div>\n<\/div><\/figure>\n","protected":false},"excerpt":{"rendered":"<p>Hoy en \u201cCuentos que viajan\u201d escuchamos \u201cFlicst\u201d de Ziraldo Alves Pinto. Este autor, dibujante y cronista Brasilero, publico en el a\u00f1o 1969 su primer libro infantil \u201cFlicst\u201d que cuenta la historia de un color que no pod\u00eda encontrar su lugar en el mundo. Esta obra logr\u00f3 convertirlo en un referente inevitable de la literatura latinoamericana [&hellip;]<\/p>\n","protected":false},"author":2,"featured_media":0,"comment_status":"open","ping_status":"open","sticky":false,"template":"","format":"standard","meta":{"tdm_status":"","tdm_grid_status":"","_jetpack_memberships_contains_paid_content":false,"footnotes":"","jetpack_publicize_message":"","jetpack_publicize_feature_enabled":true,"jetpack_social_post_already_shared":false,"jetpack_social_options":{"image_generator_settings":{"template":"highway","default_image_id":0,"font":"","enabled":false},"version":2}},"categories":[28],"tags":[],"class_list":{"0":"post-7628","1":"post","2":"type-post","3":"status-publish","4":"format-standard","6":"category-interes-general"},"yoast_head":"<!-- This site is optimized with the Yoast SEO plugin v22.7 - https:\/\/yoast.com\/wordpress\/plugins\/seo\/ -->\n<title>\u201cFlicst\u201d de Ziraldo Alves Pinto en &quot;Cuentos que Viajan&quot; - 103.9 fm<\/title>\n<meta name=\"robots\" content=\"index, follow, max-snippet:-1, max-image-preview:large, max-video-preview:-1\" \/>\n<link rel=\"canonical\" href=\"https:\/\/ondauno.com.ar\/index.php\/2020\/03\/31\/flicst-de-ziraldo-alves-pinto-en-cuentos-que-viajan\/\" \/>\n<meta property=\"og:locale\" content=\"es_ES\" \/>\n<meta property=\"og:type\" content=\"article\" \/>\n<meta property=\"og:title\" content=\"\u201cFlicst\u201d de Ziraldo Alves Pinto en &quot;Cuentos que Viajan&quot; - 103.9 fm\" \/>\n<meta property=\"og:description\" content=\"Hoy en \u201cCuentos que viajan\u201d escuchamos \u201cFlicst\u201d de Ziraldo Alves Pinto. Este autor, dibujante y cronista Brasilero, publico en el a\u00f1o 1969 su primer libro infantil \u201cFlicst\u201d que cuenta la historia de un color que no pod\u00eda encontrar su lugar en el mundo. Esta obra logr\u00f3 convertirlo en un referente inevitable de la literatura latinoamericana [&hellip;]\" \/>\n<meta property=\"og:url\" content=\"https:\/\/ondauno.com.ar\/index.php\/2020\/03\/31\/flicst-de-ziraldo-alves-pinto-en-cuentos-que-viajan\/\" \/>\n<meta property=\"og:site_name\" content=\"103.9 fm\" \/>\n<meta property=\"article:publisher\" content=\"https:\/\/www.facebook.com\/ondauno103.9\" \/>\n<meta property=\"article:published_time\" content=\"2020-03-31T23:20:48+00:00\" \/>\n<meta property=\"article:modified_time\" content=\"2020-03-31T23:20:52+00:00\" \/>\n<meta property=\"og:image\" content=\"https:\/\/ondauno.com.ar\/wp-content\/uploads\/2020\/03\/418E4NPGkmL.jpg\" \/>\n\t<meta property=\"og:image:width\" content=\"397\" \/>\n\t<meta property=\"og:image:height\" content=\"500\" \/>\n\t<meta property=\"og:image:type\" content=\"image\/jpeg\" \/>\n<meta name=\"author\" content=\"fernando garcia\" \/>\n<meta name=\"twitter:card\" content=\"summary_large_image\" \/>\n<meta name=\"twitter:label1\" content=\"Escrito por\" \/>\n\t<meta name=\"twitter:data1\" content=\"fernando garcia\" \/>\n<script type=\"application\/ld+json\" class=\"yoast-schema-graph\">{\"@context\":\"https:\/\/schema.org\",\"@graph\":[{\"@type\":\"WebPage\",\"@id\":\"https:\/\/ondauno.com.ar\/index.php\/2020\/03\/31\/flicst-de-ziraldo-alves-pinto-en-cuentos-que-viajan\/\",\"url\":\"https:\/\/ondauno.com.ar\/index.php\/2020\/03\/31\/flicst-de-ziraldo-alves-pinto-en-cuentos-que-viajan\/\",\"name\":\"\u201cFlicst\u201d de Ziraldo Alves Pinto en \\\"Cuentos que Viajan\\\" - 103.9 fm\",\"isPartOf\":{\"@id\":\"https:\/\/ondauno.com.ar\/#website\"},\"datePublished\":\"2020-03-31T23:20:48+00:00\",\"dateModified\":\"2020-03-31T23:20:52+00:00\",\"author\":{\"@id\":\"https:\/\/ondauno.com.ar\/#\/schema\/person\/201d1b68e6c75e0fd396fe5f8af5d139\"},\"breadcrumb\":{\"@id\":\"https:\/\/ondauno.com.ar\/index.php\/2020\/03\/31\/flicst-de-ziraldo-alves-pinto-en-cuentos-que-viajan\/#breadcrumb\"},\"inLanguage\":\"es-AR\",\"potentialAction\":[{\"@type\":\"ReadAction\",\"target\":[\"https:\/\/ondauno.com.ar\/index.php\/2020\/03\/31\/flicst-de-ziraldo-alves-pinto-en-cuentos-que-viajan\/\"]}]},{\"@type\":\"BreadcrumbList\",\"@id\":\"https:\/\/ondauno.com.ar\/index.php\/2020\/03\/31\/flicst-de-ziraldo-alves-pinto-en-cuentos-que-viajan\/#breadcrumb\",\"itemListElement\":[{\"@type\":\"ListItem\",\"position\":1,\"name\":\"Inicio\",\"item\":\"https:\/\/ondauno.com.ar\/\"},{\"@type\":\"ListItem\",\"position\":2,\"name\":\"\u201cFlicst\u201d de Ziraldo Alves Pinto en &#8220;Cuentos que Viajan&#8221;\"}]},{\"@type\":\"WebSite\",\"@id\":\"https:\/\/ondauno.com.ar\/#website\",\"url\":\"https:\/\/ondauno.com.ar\/\",\"name\":\"103.9 fm\",\"description\":\"LA PRIMERA RADIO MULTIMEDIA DE TRES ARROYOS\",\"potentialAction\":[{\"@type\":\"SearchAction\",\"target\":{\"@type\":\"EntryPoint\",\"urlTemplate\":\"https:\/\/ondauno.com.ar\/?s={search_term_string}\"},\"query-input\":\"required name=search_term_string\"}],\"inLanguage\":\"es-AR\"},{\"@type\":\"Person\",\"@id\":\"https:\/\/ondauno.com.ar\/#\/schema\/person\/201d1b68e6c75e0fd396fe5f8af5d139\",\"name\":\"fernando garcia\",\"image\":{\"@type\":\"ImageObject\",\"inLanguage\":\"es-AR\",\"@id\":\"https:\/\/ondauno.com.ar\/#\/schema\/person\/image\/\",\"url\":\"https:\/\/secure.gravatar.com\/avatar\/5f7254642ad81272e79a2e69653cfdfc?s=96&d=mm&r=g\",\"contentUrl\":\"https:\/\/secure.gravatar.com\/avatar\/5f7254642ad81272e79a2e69653cfdfc?s=96&d=mm&r=g\",\"caption\":\"fernando garcia\"},\"url\":\"https:\/\/ondauno.com.ar\/index.php\/author\/ondaunoeditor\/\"}]}<\/script>\n<!-- \/ Yoast SEO plugin. -->","yoast_head_json":{"title":"\u201cFlicst\u201d de Ziraldo Alves Pinto en \"Cuentos que Viajan\" - 103.9 fm","robots":{"index":"index","follow":"follow","max-snippet":"max-snippet:-1","max-image-preview":"max-image-preview:large","max-video-preview":"max-video-preview:-1"},"canonical":"https:\/\/ondauno.com.ar\/index.php\/2020\/03\/31\/flicst-de-ziraldo-alves-pinto-en-cuentos-que-viajan\/","og_locale":"es_ES","og_type":"article","og_title":"\u201cFlicst\u201d de Ziraldo Alves Pinto en \"Cuentos que Viajan\" - 103.9 fm","og_description":"Hoy en \u201cCuentos que viajan\u201d escuchamos \u201cFlicst\u201d de Ziraldo Alves Pinto. Este autor, dibujante y cronista Brasilero, publico en el a\u00f1o 1969 su primer libro infantil \u201cFlicst\u201d que cuenta la historia de un color que no pod\u00eda encontrar su lugar en el mundo. Esta obra logr\u00f3 convertirlo en un referente inevitable de la literatura latinoamericana [&hellip;]","og_url":"https:\/\/ondauno.com.ar\/index.php\/2020\/03\/31\/flicst-de-ziraldo-alves-pinto-en-cuentos-que-viajan\/","og_site_name":"103.9 fm","article_publisher":"https:\/\/www.facebook.com\/ondauno103.9","article_published_time":"2020-03-31T23:20:48+00:00","article_modified_time":"2020-03-31T23:20:52+00:00","og_image":[{"width":397,"height":500,"url":"https:\/\/ondauno.com.ar\/wp-content\/uploads\/2020\/03\/418E4NPGkmL.jpg","type":"image\/jpeg"}],"author":"fernando garcia","twitter_card":"summary_large_image","twitter_misc":{"Escrito por":"fernando garcia"},"schema":{"@context":"https:\/\/schema.org","@graph":[{"@type":"WebPage","@id":"https:\/\/ondauno.com.ar\/index.php\/2020\/03\/31\/flicst-de-ziraldo-alves-pinto-en-cuentos-que-viajan\/","url":"https:\/\/ondauno.com.ar\/index.php\/2020\/03\/31\/flicst-de-ziraldo-alves-pinto-en-cuentos-que-viajan\/","name":"\u201cFlicst\u201d de Ziraldo Alves Pinto en \"Cuentos que Viajan\" - 103.9 fm","isPartOf":{"@id":"https:\/\/ondauno.com.ar\/#website"},"datePublished":"2020-03-31T23:20:48+00:00","dateModified":"2020-03-31T23:20:52+00:00","author":{"@id":"https:\/\/ondauno.com.ar\/#\/schema\/person\/201d1b68e6c75e0fd396fe5f8af5d139"},"breadcrumb":{"@id":"https:\/\/ondauno.com.ar\/index.php\/2020\/03\/31\/flicst-de-ziraldo-alves-pinto-en-cuentos-que-viajan\/#breadcrumb"},"inLanguage":"es-AR","potentialAction":[{"@type":"ReadAction","target":["https:\/\/ondauno.com.ar\/index.php\/2020\/03\/31\/flicst-de-ziraldo-alves-pinto-en-cuentos-que-viajan\/"]}]},{"@type":"BreadcrumbList","@id":"https:\/\/ondauno.com.ar\/index.php\/2020\/03\/31\/flicst-de-ziraldo-alves-pinto-en-cuentos-que-viajan\/#breadcrumb","itemListElement":[{"@type":"ListItem","position":1,"name":"Inicio","item":"https:\/\/ondauno.com.ar\/"},{"@type":"ListItem","position":2,"name":"\u201cFlicst\u201d de Ziraldo Alves Pinto en &#8220;Cuentos que Viajan&#8221;"}]},{"@type":"WebSite","@id":"https:\/\/ondauno.com.ar\/#website","url":"https:\/\/ondauno.com.ar\/","name":"103.9 fm","description":"LA PRIMERA RADIO MULTIMEDIA DE TRES ARROYOS","potentialAction":[{"@type":"SearchAction","target":{"@type":"EntryPoint","urlTemplate":"https:\/\/ondauno.com.ar\/?s={search_term_string}"},"query-input":"required name=search_term_string"}],"inLanguage":"es-AR"},{"@type":"Person","@id":"https:\/\/ondauno.com.ar\/#\/schema\/person\/201d1b68e6c75e0fd396fe5f8af5d139","name":"fernando garcia","image":{"@type":"ImageObject","inLanguage":"es-AR","@id":"https:\/\/ondauno.com.ar\/#\/schema\/person\/image\/","url":"https:\/\/secure.gravatar.com\/avatar\/5f7254642ad81272e79a2e69653cfdfc?s=96&d=mm&r=g","contentUrl":"https:\/\/secure.gravatar.com\/avatar\/5f7254642ad81272e79a2e69653cfdfc?s=96&d=mm&r=g","caption":"fernando garcia"},"url":"https:\/\/ondauno.com.ar\/index.php\/author\/ondaunoeditor\/"}]}},"jetpack_publicize_connections":[],"jetpack_featured_media_url":"","jetpack_sharing_enabled":true,"_links":{"self":[{"href":"https:\/\/ondauno.com.ar\/index.php\/wp-json\/wp\/v2\/posts\/7628","targetHints":{"allow":["GET"]}}],"collection":[{"href":"https:\/\/ondauno.com.ar\/index.php\/wp-json\/wp\/v2\/posts"}],"about":[{"href":"https:\/\/ondauno.com.ar\/index.php\/wp-json\/wp\/v2\/types\/post"}],"author":[{"embeddable":true,"href":"https:\/\/ondauno.com.ar\/index.php\/wp-json\/wp\/v2\/users\/2"}],"replies":[{"embeddable":true,"href":"https:\/\/ondauno.com.ar\/index.php\/wp-json\/wp\/v2\/comments?post=7628"}],"version-history":[{"count":0,"href":"https:\/\/ondauno.com.ar\/index.php\/wp-json\/wp\/v2\/posts\/7628\/revisions"}],"wp:attachment":[{"href":"https:\/\/ondauno.com.ar\/index.php\/wp-json\/wp\/v2\/media?parent=7628"}],"wp:term":[{"taxonomy":"category","embeddable":true,"href":"https:\/\/ondauno.com.ar\/index.php\/wp-json\/wp\/v2\/categories?post=7628"},{"taxonomy":"post_tag","embeddable":true,"href":"https:\/\/ondauno.com.ar\/index.php\/wp-json\/wp\/v2\/tags?post=7628"}],"curies":[{"name":"wp","href":"https:\/\/api.w.org\/{rel}","templated":true}]}}