{"id":7626,"date":"2020-03-31T20:16:19","date_gmt":"2020-03-31T23:16:19","guid":{"rendered":"http:\/\/ondauno.com.ar\/?p=7626"},"modified":"2020-03-31T20:16:23","modified_gmt":"2020-03-31T23:16:23","slug":"hoy-fueron-confirmados-88-nuevos-casos-de-covid-19-los-fallecidos-suman-un-total-de-27","status":"publish","type":"post","link":"https:\/\/ondauno.com.ar\/index.php\/2020\/03\/31\/hoy-fueron-confirmados-88-nuevos-casos-de-covid-19-los-fallecidos-suman-un-total-de-27\/","title":{"rendered":"Hoy fueron confirmados 88 nuevos casos de COVID-19. Los fallecidos suman un total de 27"},"content":{"rendered":"<div class=\"ondau-before-content_3\" style=\"margin-top: -30px;\" id=\"ondau-3923677781\"><a href=\"https:\/\/www.lps.com.ar\/\" aria-label=\"la-perse2\"><img loading=\"lazy\" decoding=\"async\" src=\"https:\/\/ondauno.com.ar\/wp-content\/uploads\/2021\/10\/la-perse2.jpg\" alt=\"\"  srcset=\"https:\/\/ondauno.com.ar\/wp-content\/uploads\/2021\/10\/la-perse2.jpg 1353w, https:\/\/ondauno.com.ar\/wp-content\/uploads\/2021\/10\/la-perse2-300x43.jpg 300w, https:\/\/ondauno.com.ar\/wp-content\/uploads\/2021\/10\/la-perse2-1024x148.jpg 1024w, https:\/\/ondauno.com.ar\/wp-content\/uploads\/2021\/10\/la-perse2-768x111.jpg 768w, https:\/\/ondauno.com.ar\/wp-content\/uploads\/2021\/10\/la-perse2-696x100.jpg 696w, https:\/\/ondauno.com.ar\/wp-content\/uploads\/2021\/10\/la-perse2-1068x154.jpg 1068w\" sizes=\"(max-width: 1353px) 100vw, 1353px\" class=\"no-lazyload\" width=\"1353\" height=\"195\"  style=\"display: inline-block;\" \/><\/a><\/div>\n<p> <strong>SITUACI\u00d3N DE COVID-19 EN ARGENTINA<\/strong><\/p>\n\n\n\n<p>\ud83d\udcccHoy fueron confirmados 88 nuevos casos de COVID-19. Con estos registros, suman 1.054 positivos en el pa\u00eds.<\/p>\n\n\n\n<p>\ud83d\udcccDel total de esos casos, 529 (50.2%) son importados, 295 (28%) son contactos estrechos de casos confirmados, y el resto se encuentra en investigaci\u00f3n epidemiol\u00f3gica.<\/p>\n\n\n\n<p>\ud83d\udccc<strong>Se registraron 3 nuevas muertes<\/strong>. Son tres mujeres, una de 63 a\u00f1os, residente de la provincia Chaco; otra de 52 a\u00f1os, de la provincia de La Rioja; y otra de 89 a\u00f1os, residente la provincia de C\u00f3rdoba. Los fallecidos suman un total de 27. <\/p>\n\n\n\n<p>\ud83d\udcccDetalle por provincia (N\u00ba de confirmados | N\u00ba de acumulados)*:<br> <strong>Buenos Aires 17 | 270<\/strong><br> Ciudad de Buenos Aires 19 | 311<br> Catamarca 0 | 0<br> Chaco 3 | 84<br> Chubut 0 | 0<br> C\u00f3rdoba 14 | 95<br> Corrientes 1 | 20<br> Entre R\u00edos 0 | 13<br> Formosa 0 | 0<br> Jujuy 0 | 3<br> La Pampa 0 | 3<br> La Rioja 0 | 1<br> Mendoza 2 | 15<br> Misiones 1 | 3<br> Neuqu\u00e9n 0 | 20<br> R\u00edo Negro 1 | 9<br> Salta 0 | 1<br> San Juan 0 | 1<br> San Luis 0 | 6<br> Santa Cruz 0 | 9<br> Santa Fe 22 | 133<br> Santiago del Estero 0 | 2<br> Tierra del Fuego 7 | 39<br> Tucum\u00e1n 1 | 16<\/p>\n\n\n\n<p>*Aquellos casos confirmados que no est\u00e1n notificados por residencia, fueron contabilizados por provincia de carga.<\/p>\n\n\n\n<p>Aclaraci\u00f3n: la notificaci\u00f3n de los casos por jurisdicci\u00f3n se realiza teniendo en cuenta la residencia seg\u00fan el Registro Nacional de las Personas y en caso de no estar notificado la provincia de residencia, se asigna la provincia de carga. Pudiendo variar en funci\u00f3n de la investigaci\u00f3n de la jurisdicci\u00f3n<\/p>\n\n\n\n<p>Las autoridades contin\u00faan con las medidas intensivas para reducir la circulaci\u00f2n del virus al pa\u00eds y disminuir su transmisi\u00f3n. En este sentido es clave la estrategia de mitigaci\u00f3n de la mortalidad destinada a personas mayores de 60 a\u00f1os y personas que integren los grupos de riesgo.<\/p>\n\n\n\n<p>Zonas definidas por la Organizaci\u00f3n Mundial de la Salud como de transmisi\u00f3n local o comunitaria:<br>\nhttps:\/\/www.who.int\/emergencies\/diseases\/novel-coronavirus-2019\/situation-reports<\/p>\n","protected":false},"excerpt":{"rendered":"<p>SITUACI\u00d3N DE COVID-19 EN ARGENTINA \ud83d\udcccHoy fueron confirmados 88 nuevos casos de COVID-19. Con estos registros, suman 1.054 positivos en el pa\u00eds. \ud83d\udcccDel total de esos casos, 529 (50.2%) son importados, 295 (28%) son contactos estrechos de casos confirmados, y el resto se encuentra en investigaci\u00f3n epidemiol\u00f3gica. \ud83d\udcccSe registraron 3 nuevas muertes. Son tres mujeres, [&hellip;]<\/p>\n","protected":false},"author":2,"featured_media":0,"comment_status":"open","ping_status":"open","sticky":false,"template":"","format":"standard","meta":{"tdm_status":"","tdm_grid_status":"","_jetpack_memberships_contains_paid_content":false,"footnotes":"","jetpack_publicize_message":"","jetpack_publicize_feature_enabled":true,"jetpack_social_post_already_shared":false,"jetpack_social_options":{"image_generator_settings":{"template":"highway","default_image_id":0,"font":"","enabled":false},"version":2}},"categories":[3],"tags":[],"class_list":{"0":"post-7626","1":"post","2":"type-post","3":"status-publish","4":"format-standard","6":"category-nacionales"},"yoast_head":"<!-- This site is optimized with the Yoast SEO plugin v22.7 - https:\/\/yoast.com\/wordpress\/plugins\/seo\/ -->\n<title>Hoy fueron confirmados 88 nuevos casos de COVID-19. Los fallecidos suman un total de 27 - 103.9 fm<\/title>\n<meta name=\"robots\" content=\"index, follow, max-snippet:-1, max-image-preview:large, max-video-preview:-1\" \/>\n<link rel=\"canonical\" href=\"https:\/\/ondauno.com.ar\/index.php\/2020\/03\/31\/hoy-fueron-confirmados-88-nuevos-casos-de-covid-19-los-fallecidos-suman-un-total-de-27\/\" \/>\n<meta property=\"og:locale\" content=\"es_ES\" \/>\n<meta property=\"og:type\" content=\"article\" \/>\n<meta property=\"og:title\" content=\"Hoy fueron confirmados 88 nuevos casos de COVID-19. Los fallecidos suman un total de 27 - 103.9 fm\" \/>\n<meta property=\"og:description\" content=\"SITUACI\u00d3N DE COVID-19 EN ARGENTINA \ud83d\udcccHoy fueron confirmados 88 nuevos casos de COVID-19. Con estos registros, suman 1.054 positivos en el pa\u00eds. \ud83d\udcccDel total de esos casos, 529 (50.2%) son importados, 295 (28%) son contactos estrechos de casos confirmados, y el resto se encuentra en investigaci\u00f3n epidemiol\u00f3gica. \ud83d\udcccSe registraron 3 nuevas muertes. Son tres mujeres, [&hellip;]\" \/>\n<meta property=\"og:url\" content=\"https:\/\/ondauno.com.ar\/index.php\/2020\/03\/31\/hoy-fueron-confirmados-88-nuevos-casos-de-covid-19-los-fallecidos-suman-un-total-de-27\/\" \/>\n<meta property=\"og:site_name\" content=\"103.9 fm\" \/>\n<meta property=\"article:publisher\" content=\"https:\/\/www.facebook.com\/ondauno103.9\" \/>\n<meta property=\"article:published_time\" content=\"2020-03-31T23:16:19+00:00\" \/>\n<meta property=\"article:modified_time\" content=\"2020-03-31T23:16:23+00:00\" \/>\n<meta property=\"og:image\" content=\"https:\/\/ondauno.com.ar\/wp-content\/uploads\/2020\/03\/567ec8e1-6560-4cbe-8a7c-d10d68caaceb.jpeg\" \/>\n\t<meta property=\"og:image:width\" content=\"1280\" \/>\n\t<meta property=\"og:image:height\" content=\"960\" \/>\n\t<meta property=\"og:image:type\" content=\"image\/jpeg\" \/>\n<meta name=\"author\" content=\"fernando garcia\" \/>\n<meta name=\"twitter:card\" content=\"summary_large_image\" \/>\n<meta name=\"twitter:label1\" content=\"Escrito por\" \/>\n\t<meta name=\"twitter:data1\" content=\"fernando garcia\" \/>\n\t<meta name=\"twitter:label2\" content=\"Tiempo de lectura\" \/>\n\t<meta name=\"twitter:data2\" content=\"1 minuto\" \/>\n<script type=\"application\/ld+json\" class=\"yoast-schema-graph\">{\"@context\":\"https:\/\/schema.org\",\"@graph\":[{\"@type\":\"WebPage\",\"@id\":\"https:\/\/ondauno.com.ar\/index.php\/2020\/03\/31\/hoy-fueron-confirmados-88-nuevos-casos-de-covid-19-los-fallecidos-suman-un-total-de-27\/\",\"url\":\"https:\/\/ondauno.com.ar\/index.php\/2020\/03\/31\/hoy-fueron-confirmados-88-nuevos-casos-de-covid-19-los-fallecidos-suman-un-total-de-27\/\",\"name\":\"Hoy fueron confirmados 88 nuevos casos de COVID-19. Los fallecidos suman un total de 27 - 103.9 fm\",\"isPartOf\":{\"@id\":\"https:\/\/ondauno.com.ar\/#website\"},\"datePublished\":\"2020-03-31T23:16:19+00:00\",\"dateModified\":\"2020-03-31T23:16:23+00:00\",\"author\":{\"@id\":\"https:\/\/ondauno.com.ar\/#\/schema\/person\/201d1b68e6c75e0fd396fe5f8af5d139\"},\"breadcrumb\":{\"@id\":\"https:\/\/ondauno.com.ar\/index.php\/2020\/03\/31\/hoy-fueron-confirmados-88-nuevos-casos-de-covid-19-los-fallecidos-suman-un-total-de-27\/#breadcrumb\"},\"inLanguage\":\"es-AR\",\"potentialAction\":[{\"@type\":\"ReadAction\",\"target\":[\"https:\/\/ondauno.com.ar\/index.php\/2020\/03\/31\/hoy-fueron-confirmados-88-nuevos-casos-de-covid-19-los-fallecidos-suman-un-total-de-27\/\"]}]},{\"@type\":\"BreadcrumbList\",\"@id\":\"https:\/\/ondauno.com.ar\/index.php\/2020\/03\/31\/hoy-fueron-confirmados-88-nuevos-casos-de-covid-19-los-fallecidos-suman-un-total-de-27\/#breadcrumb\",\"itemListElement\":[{\"@type\":\"ListItem\",\"position\":1,\"name\":\"Inicio\",\"item\":\"https:\/\/ondauno.com.ar\/\"},{\"@type\":\"ListItem\",\"position\":2,\"name\":\"Hoy fueron confirmados 88 nuevos casos de COVID-19. Los fallecidos suman un total de 27\"}]},{\"@type\":\"WebSite\",\"@id\":\"https:\/\/ondauno.com.ar\/#website\",\"url\":\"https:\/\/ondauno.com.ar\/\",\"name\":\"103.9 fm\",\"description\":\"LA PRIMERA RADIO MULTIMEDIA DE TRES ARROYOS\",\"potentialAction\":[{\"@type\":\"SearchAction\",\"target\":{\"@type\":\"EntryPoint\",\"urlTemplate\":\"https:\/\/ondauno.com.ar\/?s={search_term_string}\"},\"query-input\":\"required name=search_term_string\"}],\"inLanguage\":\"es-AR\"},{\"@type\":\"Person\",\"@id\":\"https:\/\/ondauno.com.ar\/#\/schema\/person\/201d1b68e6c75e0fd396fe5f8af5d139\",\"name\":\"fernando garcia\",\"image\":{\"@type\":\"ImageObject\",\"inLanguage\":\"es-AR\",\"@id\":\"https:\/\/ondauno.com.ar\/#\/schema\/person\/image\/\",\"url\":\"https:\/\/secure.gravatar.com\/avatar\/5f7254642ad81272e79a2e69653cfdfc?s=96&d=mm&r=g\",\"contentUrl\":\"https:\/\/secure.gravatar.com\/avatar\/5f7254642ad81272e79a2e69653cfdfc?s=96&d=mm&r=g\",\"caption\":\"fernando garcia\"},\"url\":\"https:\/\/ondauno.com.ar\/index.php\/author\/ondaunoeditor\/\"}]}<\/script>\n<!-- \/ Yoast SEO plugin. -->","yoast_head_json":{"title":"Hoy fueron confirmados 88 nuevos casos de COVID-19. Los fallecidos suman un total de 27 - 103.9 fm","robots":{"index":"index","follow":"follow","max-snippet":"max-snippet:-1","max-image-preview":"max-image-preview:large","max-video-preview":"max-video-preview:-1"},"canonical":"https:\/\/ondauno.com.ar\/index.php\/2020\/03\/31\/hoy-fueron-confirmados-88-nuevos-casos-de-covid-19-los-fallecidos-suman-un-total-de-27\/","og_locale":"es_ES","og_type":"article","og_title":"Hoy fueron confirmados 88 nuevos casos de COVID-19. Los fallecidos suman un total de 27 - 103.9 fm","og_description":"SITUACI\u00d3N DE COVID-19 EN ARGENTINA \ud83d\udcccHoy fueron confirmados 88 nuevos casos de COVID-19. Con estos registros, suman 1.054 positivos en el pa\u00eds. \ud83d\udcccDel total de esos casos, 529 (50.2%) son importados, 295 (28%) son contactos estrechos de casos confirmados, y el resto se encuentra en investigaci\u00f3n epidemiol\u00f3gica. \ud83d\udcccSe registraron 3 nuevas muertes. Son tres mujeres, [&hellip;]","og_url":"https:\/\/ondauno.com.ar\/index.php\/2020\/03\/31\/hoy-fueron-confirmados-88-nuevos-casos-de-covid-19-los-fallecidos-suman-un-total-de-27\/","og_site_name":"103.9 fm","article_publisher":"https:\/\/www.facebook.com\/ondauno103.9","article_published_time":"2020-03-31T23:16:19+00:00","article_modified_time":"2020-03-31T23:16:23+00:00","og_image":[{"width":1280,"height":960,"url":"https:\/\/ondauno.com.ar\/wp-content\/uploads\/2020\/03\/567ec8e1-6560-4cbe-8a7c-d10d68caaceb.jpeg","type":"image\/jpeg"}],"author":"fernando garcia","twitter_card":"summary_large_image","twitter_misc":{"Escrito por":"fernando garcia","Tiempo de lectura":"1 minuto"},"schema":{"@context":"https:\/\/schema.org","@graph":[{"@type":"WebPage","@id":"https:\/\/ondauno.com.ar\/index.php\/2020\/03\/31\/hoy-fueron-confirmados-88-nuevos-casos-de-covid-19-los-fallecidos-suman-un-total-de-27\/","url":"https:\/\/ondauno.com.ar\/index.php\/2020\/03\/31\/hoy-fueron-confirmados-88-nuevos-casos-de-covid-19-los-fallecidos-suman-un-total-de-27\/","name":"Hoy fueron confirmados 88 nuevos casos de COVID-19. Los fallecidos suman un total de 27 - 103.9 fm","isPartOf":{"@id":"https:\/\/ondauno.com.ar\/#website"},"datePublished":"2020-03-31T23:16:19+00:00","dateModified":"2020-03-31T23:16:23+00:00","author":{"@id":"https:\/\/ondauno.com.ar\/#\/schema\/person\/201d1b68e6c75e0fd396fe5f8af5d139"},"breadcrumb":{"@id":"https:\/\/ondauno.com.ar\/index.php\/2020\/03\/31\/hoy-fueron-confirmados-88-nuevos-casos-de-covid-19-los-fallecidos-suman-un-total-de-27\/#breadcrumb"},"inLanguage":"es-AR","potentialAction":[{"@type":"ReadAction","target":["https:\/\/ondauno.com.ar\/index.php\/2020\/03\/31\/hoy-fueron-confirmados-88-nuevos-casos-de-covid-19-los-fallecidos-suman-un-total-de-27\/"]}]},{"@type":"BreadcrumbList","@id":"https:\/\/ondauno.com.ar\/index.php\/2020\/03\/31\/hoy-fueron-confirmados-88-nuevos-casos-de-covid-19-los-fallecidos-suman-un-total-de-27\/#breadcrumb","itemListElement":[{"@type":"ListItem","position":1,"name":"Inicio","item":"https:\/\/ondauno.com.ar\/"},{"@type":"ListItem","position":2,"name":"Hoy fueron confirmados 88 nuevos casos de COVID-19. Los fallecidos suman un total de 27"}]},{"@type":"WebSite","@id":"https:\/\/ondauno.com.ar\/#website","url":"https:\/\/ondauno.com.ar\/","name":"103.9 fm","description":"LA PRIMERA RADIO MULTIMEDIA DE TRES ARROYOS","potentialAction":[{"@type":"SearchAction","target":{"@type":"EntryPoint","urlTemplate":"https:\/\/ondauno.com.ar\/?s={search_term_string}"},"query-input":"required name=search_term_string"}],"inLanguage":"es-AR"},{"@type":"Person","@id":"https:\/\/ondauno.com.ar\/#\/schema\/person\/201d1b68e6c75e0fd396fe5f8af5d139","name":"fernando garcia","image":{"@type":"ImageObject","inLanguage":"es-AR","@id":"https:\/\/ondauno.com.ar\/#\/schema\/person\/image\/","url":"https:\/\/secure.gravatar.com\/avatar\/5f7254642ad81272e79a2e69653cfdfc?s=96&d=mm&r=g","contentUrl":"https:\/\/secure.gravatar.com\/avatar\/5f7254642ad81272e79a2e69653cfdfc?s=96&d=mm&r=g","caption":"fernando garcia"},"url":"https:\/\/ondauno.com.ar\/index.php\/author\/ondaunoeditor\/"}]}},"jetpack_publicize_connections":[],"jetpack_featured_media_url":"","jetpack_sharing_enabled":true,"_links":{"self":[{"href":"https:\/\/ondauno.com.ar\/index.php\/wp-json\/wp\/v2\/posts\/7626","targetHints":{"allow":["GET"]}}],"collection":[{"href":"https:\/\/ondauno.com.ar\/index.php\/wp-json\/wp\/v2\/posts"}],"about":[{"href":"https:\/\/ondauno.com.ar\/index.php\/wp-json\/wp\/v2\/types\/post"}],"author":[{"embeddable":true,"href":"https:\/\/ondauno.com.ar\/index.php\/wp-json\/wp\/v2\/users\/2"}],"replies":[{"embeddable":true,"href":"https:\/\/ondauno.com.ar\/index.php\/wp-json\/wp\/v2\/comments?post=7626"}],"version-history":[{"count":0,"href":"https:\/\/ondauno.com.ar\/index.php\/wp-json\/wp\/v2\/posts\/7626\/revisions"}],"wp:attachment":[{"href":"https:\/\/ondauno.com.ar\/index.php\/wp-json\/wp\/v2\/media?parent=7626"}],"wp:term":[{"taxonomy":"category","embeddable":true,"href":"https:\/\/ondauno.com.ar\/index.php\/wp-json\/wp\/v2\/categories?post=7626"},{"taxonomy":"post_tag","embeddable":true,"href":"https:\/\/ondauno.com.ar\/index.php\/wp-json\/wp\/v2\/tags?post=7626"}],"curies":[{"name":"wp","href":"https:\/\/api.w.org\/{rel}","templated":true}]}}