{"id":7600,"date":"2020-03-31T10:41:30","date_gmt":"2020-03-31T13:41:30","guid":{"rendered":"http:\/\/ondauno.com.ar\/?p=7600"},"modified":"2020-03-31T10:41:54","modified_gmt":"2020-03-31T13:41:54","slug":"simone-recorrrio-junto-a-kicillof-el-avance-de-las-obras-del-hospital-rossi","status":"publish","type":"post","link":"https:\/\/ondauno.com.ar\/index.php\/2020\/03\/31\/simone-recorrrio-junto-a-kicillof-el-avance-de-las-obras-del-hospital-rossi\/","title":{"rendered":"Simone recorrri\u00f3 junto a Kicillof el avance de las obras del Hospital Rossi"},"content":{"rendered":"<div class=\"ondau-before-content_3\" style=\"margin-top: -30px;\" id=\"ondau-2039421768\"><a href=\"https:\/\/www.lps.com.ar\/\" aria-label=\"la-perse2\"><img loading=\"lazy\" decoding=\"async\" src=\"https:\/\/ondauno.com.ar\/wp-content\/uploads\/2021\/10\/la-perse2.jpg\" alt=\"\"  srcset=\"https:\/\/ondauno.com.ar\/wp-content\/uploads\/2021\/10\/la-perse2.jpg 1353w, https:\/\/ondauno.com.ar\/wp-content\/uploads\/2021\/10\/la-perse2-300x43.jpg 300w, https:\/\/ondauno.com.ar\/wp-content\/uploads\/2021\/10\/la-perse2-1024x148.jpg 1024w, https:\/\/ondauno.com.ar\/wp-content\/uploads\/2021\/10\/la-perse2-768x111.jpg 768w, https:\/\/ondauno.com.ar\/wp-content\/uploads\/2021\/10\/la-perse2-696x100.jpg 696w, https:\/\/ondauno.com.ar\/wp-content\/uploads\/2021\/10\/la-perse2-1068x154.jpg 1068w\" sizes=\"(max-width: 1353px) 100vw, 1353px\" class=\"no-lazyload\" width=\"1353\" height=\"195\"  style=\"display: inline-block;\" \/><\/a><\/div>\n<p><\/p>\n\n\n\n<p>Observaron los trabajos que se realizan en la nueva guardia y el lugar que funcionar\u00e1 como centro de atenci\u00f3n del COVID-19.<\/p>\n\n\n\n<p>El ministro de Infraestructura y Servicios P\u00fablicos de la Provincia, Agust\u00edn Simone, recorri\u00f3 junto al gobernador Axel Kicillof las obras que se llevan adelante en la guardia del Hospital Rossi de La Plata.<\/p>\n\n\n\n<p>En las instalaciones fueron recibidos por la directora del nosocomio, Dra. Cecilia Jaschek, con quien visitaron la construcci\u00f3n de la nueva guardia, que ser\u00e1 dividida en dos sectores para atender, por un lado a personas enfermas de COVID-19, y por otro para atenci\u00f3n general. En ese sentido, se comprometieron a agilizar todo lo posible desde la Provincia para que la guardia descentralizada funcione en el lapso de los pr\u00f3ximos diez d\u00edas.<\/p>\n\n\n\n<p>En ese sentido, Simone expres\u00f3: \u201cAcompa\u00f1amos al Gobernador en una visita a una nueva obra de la guardia del Hospital Rossi, donde estuvimos recorriendo las nuevas instalaciones, las bocas de ox\u00edgeno, de respiraci\u00f3n asistida que van a ser muy importantes para esta crisis de Coronavirus que estamos atravesando\u201d.<\/p>\n\n\n\n<figure class=\"wp-block-image size-large\"><img decoding=\"async\" data-src=\"http:\/\/ondauno.com.ar\/wp-content\/uploads\/2020\/03\/img-20200331-wa00013073785990167827480.jpg\" alt=\"\" class=\"wp-image-7597 lazyload\" src=\"data:image\/gif;base64,R0lGODlhAQABAAAAACH5BAEKAAEALAAAAAABAAEAAAICTAEAOw==\" \/><noscript><img decoding=\"async\" src=\"http:\/\/ondauno.com.ar\/wp-content\/uploads\/2020\/03\/img-20200331-wa00013073785990167827480.jpg\" alt=\"\" class=\"wp-image-7597\"\/><\/noscript><\/figure>\n\n\n\n<p>Respecto al resto de los trabajos que se ejecutan en el hospital, contar\u00e1 con dos ingresos, siete nuevos consultorios totalmente equipados y conectados con el edificio hist\u00f3rico, un nuevo Shockroom y un buffet.<\/p>\n\n\n\n<p>De la recorrida tambi\u00e9n participaron el ministro de Salud bonaerense, Daniel Goll\u00e1n, con su viceministro, Nicol\u00e1s Kreplak; la ministra de Comunicaci\u00f3n, J\u00e9sica Rey; y el director provincial de Arquitectura, Rodolfo Macera.<\/p>\n\n\n\n<figure class=\"wp-block-image size-large\"><img decoding=\"async\" data-src=\"http:\/\/ondauno.com.ar\/wp-content\/uploads\/2020\/03\/img-20200331-wa00026512505047421104809.jpg\" alt=\"\" class=\"wp-image-7598 lazyload\" src=\"data:image\/gif;base64,R0lGODlhAQABAAAAACH5BAEKAAEALAAAAAABAAEAAAICTAEAOw==\" \/><noscript><img decoding=\"async\" src=\"http:\/\/ondauno.com.ar\/wp-content\/uploads\/2020\/03\/img-20200331-wa00026512505047421104809.jpg\" alt=\"\" class=\"wp-image-7598\"\/><\/noscript><\/figure>\n","protected":false},"excerpt":{"rendered":"<p>Observaron los trabajos que se realizan en la nueva guardia y el lugar que funcionar\u00e1 como centro de atenci\u00f3n del COVID-19. El ministro de Infraestructura y Servicios P\u00fablicos de la Provincia, Agust\u00edn Simone, recorri\u00f3 junto al gobernador Axel Kicillof las obras que se llevan adelante en la guardia del Hospital Rossi de La Plata. En [&hellip;]<\/p>\n","protected":false},"author":2,"featured_media":0,"comment_status":"open","ping_status":"open","sticky":false,"template":"","format":"standard","meta":{"tdm_status":"","tdm_grid_status":"","_jetpack_memberships_contains_paid_content":false,"footnotes":"","jetpack_publicize_message":"","jetpack_publicize_feature_enabled":true,"jetpack_social_post_already_shared":false,"jetpack_social_options":{"image_generator_settings":{"template":"highway","default_image_id":0,"font":"","enabled":false},"version":2}},"categories":[30],"tags":[],"class_list":{"0":"post-7600","1":"post","2":"type-post","3":"status-publish","4":"format-standard","6":"category-provinciales"},"yoast_head":"<!-- This site is optimized with the Yoast SEO plugin v22.7 - https:\/\/yoast.com\/wordpress\/plugins\/seo\/ -->\n<title>Simone recorrri\u00f3 junto a Kicillof el avance de las obras del Hospital Rossi - 103.9 fm<\/title>\n<meta name=\"robots\" content=\"index, follow, max-snippet:-1, max-image-preview:large, max-video-preview:-1\" \/>\n<link rel=\"canonical\" href=\"https:\/\/ondauno.com.ar\/index.php\/2020\/03\/31\/simone-recorrrio-junto-a-kicillof-el-avance-de-las-obras-del-hospital-rossi\/\" \/>\n<meta property=\"og:locale\" content=\"es_ES\" \/>\n<meta property=\"og:type\" content=\"article\" \/>\n<meta property=\"og:title\" content=\"Simone recorrri\u00f3 junto a Kicillof el avance de las obras del Hospital Rossi - 103.9 fm\" \/>\n<meta property=\"og:description\" content=\"Observaron los trabajos que se realizan en la nueva guardia y el lugar que funcionar\u00e1 como centro de atenci\u00f3n del COVID-19. El ministro de Infraestructura y Servicios P\u00fablicos de la Provincia, Agust\u00edn Simone, recorri\u00f3 junto al gobernador Axel Kicillof las obras que se llevan adelante en la guardia del Hospital Rossi de La Plata. En [&hellip;]\" \/>\n<meta property=\"og:url\" content=\"https:\/\/ondauno.com.ar\/index.php\/2020\/03\/31\/simone-recorrrio-junto-a-kicillof-el-avance-de-las-obras-del-hospital-rossi\/\" \/>\n<meta property=\"og:site_name\" content=\"103.9 fm\" \/>\n<meta property=\"article:publisher\" content=\"https:\/\/www.facebook.com\/ondauno103.9\" \/>\n<meta property=\"article:published_time\" content=\"2020-03-31T13:41:30+00:00\" \/>\n<meta property=\"article:modified_time\" content=\"2020-03-31T13:41:54+00:00\" \/>\n<meta property=\"og:image\" content=\"https:\/\/ondauno.com.ar\/wp-content\/uploads\/2020\/03\/IMG-20200331-WA0000.jpg\" \/>\n\t<meta property=\"og:image:width\" content=\"720\" \/>\n\t<meta property=\"og:image:height\" content=\"1280\" \/>\n\t<meta property=\"og:image:type\" content=\"image\/jpeg\" \/>\n<meta name=\"author\" content=\"fernando garcia\" \/>\n<meta name=\"twitter:card\" content=\"summary_large_image\" \/>\n<meta name=\"twitter:label1\" content=\"Escrito por\" \/>\n\t<meta name=\"twitter:data1\" content=\"fernando garcia\" \/>\n\t<meta name=\"twitter:label2\" content=\"Tiempo de lectura\" \/>\n\t<meta name=\"twitter:data2\" content=\"1 minuto\" \/>\n<script type=\"application\/ld+json\" class=\"yoast-schema-graph\">{\"@context\":\"https:\/\/schema.org\",\"@graph\":[{\"@type\":\"WebPage\",\"@id\":\"https:\/\/ondauno.com.ar\/index.php\/2020\/03\/31\/simone-recorrrio-junto-a-kicillof-el-avance-de-las-obras-del-hospital-rossi\/\",\"url\":\"https:\/\/ondauno.com.ar\/index.php\/2020\/03\/31\/simone-recorrrio-junto-a-kicillof-el-avance-de-las-obras-del-hospital-rossi\/\",\"name\":\"Simone recorrri\u00f3 junto a Kicillof el avance de las obras del Hospital Rossi - 103.9 fm\",\"isPartOf\":{\"@id\":\"https:\/\/ondauno.com.ar\/#website\"},\"primaryImageOfPage\":{\"@id\":\"https:\/\/ondauno.com.ar\/index.php\/2020\/03\/31\/simone-recorrrio-junto-a-kicillof-el-avance-de-las-obras-del-hospital-rossi\/#primaryimage\"},\"image\":{\"@id\":\"https:\/\/ondauno.com.ar\/index.php\/2020\/03\/31\/simone-recorrrio-junto-a-kicillof-el-avance-de-las-obras-del-hospital-rossi\/#primaryimage\"},\"thumbnailUrl\":\"http:\/\/ondauno.com.ar\/wp-content\/uploads\/2020\/03\/img-20200331-wa00013073785990167827480.jpg\",\"datePublished\":\"2020-03-31T13:41:30+00:00\",\"dateModified\":\"2020-03-31T13:41:54+00:00\",\"author\":{\"@id\":\"https:\/\/ondauno.com.ar\/#\/schema\/person\/201d1b68e6c75e0fd396fe5f8af5d139\"},\"breadcrumb\":{\"@id\":\"https:\/\/ondauno.com.ar\/index.php\/2020\/03\/31\/simone-recorrrio-junto-a-kicillof-el-avance-de-las-obras-del-hospital-rossi\/#breadcrumb\"},\"inLanguage\":\"es-AR\",\"potentialAction\":[{\"@type\":\"ReadAction\",\"target\":[\"https:\/\/ondauno.com.ar\/index.php\/2020\/03\/31\/simone-recorrrio-junto-a-kicillof-el-avance-de-las-obras-del-hospital-rossi\/\"]}]},{\"@type\":\"ImageObject\",\"inLanguage\":\"es-AR\",\"@id\":\"https:\/\/ondauno.com.ar\/index.php\/2020\/03\/31\/simone-recorrrio-junto-a-kicillof-el-avance-de-las-obras-del-hospital-rossi\/#primaryimage\",\"url\":\"\",\"contentUrl\":\"\"},{\"@type\":\"BreadcrumbList\",\"@id\":\"https:\/\/ondauno.com.ar\/index.php\/2020\/03\/31\/simone-recorrrio-junto-a-kicillof-el-avance-de-las-obras-del-hospital-rossi\/#breadcrumb\",\"itemListElement\":[{\"@type\":\"ListItem\",\"position\":1,\"name\":\"Inicio\",\"item\":\"https:\/\/ondauno.com.ar\/\"},{\"@type\":\"ListItem\",\"position\":2,\"name\":\"Simone recorrri\u00f3 junto a Kicillof el avance de las obras del Hospital Rossi\"}]},{\"@type\":\"WebSite\",\"@id\":\"https:\/\/ondauno.com.ar\/#website\",\"url\":\"https:\/\/ondauno.com.ar\/\",\"name\":\"103.9 fm\",\"description\":\"LA PRIMERA RADIO MULTIMEDIA DE TRES ARROYOS\",\"potentialAction\":[{\"@type\":\"SearchAction\",\"target\":{\"@type\":\"EntryPoint\",\"urlTemplate\":\"https:\/\/ondauno.com.ar\/?s={search_term_string}\"},\"query-input\":\"required name=search_term_string\"}],\"inLanguage\":\"es-AR\"},{\"@type\":\"Person\",\"@id\":\"https:\/\/ondauno.com.ar\/#\/schema\/person\/201d1b68e6c75e0fd396fe5f8af5d139\",\"name\":\"fernando garcia\",\"image\":{\"@type\":\"ImageObject\",\"inLanguage\":\"es-AR\",\"@id\":\"https:\/\/ondauno.com.ar\/#\/schema\/person\/image\/\",\"url\":\"https:\/\/secure.gravatar.com\/avatar\/5f7254642ad81272e79a2e69653cfdfc?s=96&d=mm&r=g\",\"contentUrl\":\"https:\/\/secure.gravatar.com\/avatar\/5f7254642ad81272e79a2e69653cfdfc?s=96&d=mm&r=g\",\"caption\":\"fernando garcia\"},\"url\":\"https:\/\/ondauno.com.ar\/index.php\/author\/ondaunoeditor\/\"}]}<\/script>\n<!-- \/ Yoast SEO plugin. -->","yoast_head_json":{"title":"Simone recorrri\u00f3 junto a Kicillof el avance de las obras del Hospital Rossi - 103.9 fm","robots":{"index":"index","follow":"follow","max-snippet":"max-snippet:-1","max-image-preview":"max-image-preview:large","max-video-preview":"max-video-preview:-1"},"canonical":"https:\/\/ondauno.com.ar\/index.php\/2020\/03\/31\/simone-recorrrio-junto-a-kicillof-el-avance-de-las-obras-del-hospital-rossi\/","og_locale":"es_ES","og_type":"article","og_title":"Simone recorrri\u00f3 junto a Kicillof el avance de las obras del Hospital Rossi - 103.9 fm","og_description":"Observaron los trabajos que se realizan en la nueva guardia y el lugar que funcionar\u00e1 como centro de atenci\u00f3n del COVID-19. El ministro de Infraestructura y Servicios P\u00fablicos de la Provincia, Agust\u00edn Simone, recorri\u00f3 junto al gobernador Axel Kicillof las obras que se llevan adelante en la guardia del Hospital Rossi de La Plata. En [&hellip;]","og_url":"https:\/\/ondauno.com.ar\/index.php\/2020\/03\/31\/simone-recorrrio-junto-a-kicillof-el-avance-de-las-obras-del-hospital-rossi\/","og_site_name":"103.9 fm","article_publisher":"https:\/\/www.facebook.com\/ondauno103.9","article_published_time":"2020-03-31T13:41:30+00:00","article_modified_time":"2020-03-31T13:41:54+00:00","og_image":[{"width":720,"height":1280,"url":"https:\/\/ondauno.com.ar\/wp-content\/uploads\/2020\/03\/IMG-20200331-WA0000.jpg","type":"image\/jpeg"}],"author":"fernando garcia","twitter_card":"summary_large_image","twitter_misc":{"Escrito por":"fernando garcia","Tiempo de lectura":"1 minuto"},"schema":{"@context":"https:\/\/schema.org","@graph":[{"@type":"WebPage","@id":"https:\/\/ondauno.com.ar\/index.php\/2020\/03\/31\/simone-recorrrio-junto-a-kicillof-el-avance-de-las-obras-del-hospital-rossi\/","url":"https:\/\/ondauno.com.ar\/index.php\/2020\/03\/31\/simone-recorrrio-junto-a-kicillof-el-avance-de-las-obras-del-hospital-rossi\/","name":"Simone recorrri\u00f3 junto a Kicillof el avance de las obras del Hospital Rossi - 103.9 fm","isPartOf":{"@id":"https:\/\/ondauno.com.ar\/#website"},"primaryImageOfPage":{"@id":"https:\/\/ondauno.com.ar\/index.php\/2020\/03\/31\/simone-recorrrio-junto-a-kicillof-el-avance-de-las-obras-del-hospital-rossi\/#primaryimage"},"image":{"@id":"https:\/\/ondauno.com.ar\/index.php\/2020\/03\/31\/simone-recorrrio-junto-a-kicillof-el-avance-de-las-obras-del-hospital-rossi\/#primaryimage"},"thumbnailUrl":"http:\/\/ondauno.com.ar\/wp-content\/uploads\/2020\/03\/img-20200331-wa00013073785990167827480.jpg","datePublished":"2020-03-31T13:41:30+00:00","dateModified":"2020-03-31T13:41:54+00:00","author":{"@id":"https:\/\/ondauno.com.ar\/#\/schema\/person\/201d1b68e6c75e0fd396fe5f8af5d139"},"breadcrumb":{"@id":"https:\/\/ondauno.com.ar\/index.php\/2020\/03\/31\/simone-recorrrio-junto-a-kicillof-el-avance-de-las-obras-del-hospital-rossi\/#breadcrumb"},"inLanguage":"es-AR","potentialAction":[{"@type":"ReadAction","target":["https:\/\/ondauno.com.ar\/index.php\/2020\/03\/31\/simone-recorrrio-junto-a-kicillof-el-avance-de-las-obras-del-hospital-rossi\/"]}]},{"@type":"ImageObject","inLanguage":"es-AR","@id":"https:\/\/ondauno.com.ar\/index.php\/2020\/03\/31\/simone-recorrrio-junto-a-kicillof-el-avance-de-las-obras-del-hospital-rossi\/#primaryimage","url":"","contentUrl":""},{"@type":"BreadcrumbList","@id":"https:\/\/ondauno.com.ar\/index.php\/2020\/03\/31\/simone-recorrrio-junto-a-kicillof-el-avance-de-las-obras-del-hospital-rossi\/#breadcrumb","itemListElement":[{"@type":"ListItem","position":1,"name":"Inicio","item":"https:\/\/ondauno.com.ar\/"},{"@type":"ListItem","position":2,"name":"Simone recorrri\u00f3 junto a Kicillof el avance de las obras del Hospital Rossi"}]},{"@type":"WebSite","@id":"https:\/\/ondauno.com.ar\/#website","url":"https:\/\/ondauno.com.ar\/","name":"103.9 fm","description":"LA PRIMERA RADIO MULTIMEDIA DE TRES ARROYOS","potentialAction":[{"@type":"SearchAction","target":{"@type":"EntryPoint","urlTemplate":"https:\/\/ondauno.com.ar\/?s={search_term_string}"},"query-input":"required name=search_term_string"}],"inLanguage":"es-AR"},{"@type":"Person","@id":"https:\/\/ondauno.com.ar\/#\/schema\/person\/201d1b68e6c75e0fd396fe5f8af5d139","name":"fernando garcia","image":{"@type":"ImageObject","inLanguage":"es-AR","@id":"https:\/\/ondauno.com.ar\/#\/schema\/person\/image\/","url":"https:\/\/secure.gravatar.com\/avatar\/5f7254642ad81272e79a2e69653cfdfc?s=96&d=mm&r=g","contentUrl":"https:\/\/secure.gravatar.com\/avatar\/5f7254642ad81272e79a2e69653cfdfc?s=96&d=mm&r=g","caption":"fernando garcia"},"url":"https:\/\/ondauno.com.ar\/index.php\/author\/ondaunoeditor\/"}]}},"jetpack_publicize_connections":[],"jetpack_featured_media_url":"","jetpack_sharing_enabled":true,"_links":{"self":[{"href":"https:\/\/ondauno.com.ar\/index.php\/wp-json\/wp\/v2\/posts\/7600","targetHints":{"allow":["GET"]}}],"collection":[{"href":"https:\/\/ondauno.com.ar\/index.php\/wp-json\/wp\/v2\/posts"}],"about":[{"href":"https:\/\/ondauno.com.ar\/index.php\/wp-json\/wp\/v2\/types\/post"}],"author":[{"embeddable":true,"href":"https:\/\/ondauno.com.ar\/index.php\/wp-json\/wp\/v2\/users\/2"}],"replies":[{"embeddable":true,"href":"https:\/\/ondauno.com.ar\/index.php\/wp-json\/wp\/v2\/comments?post=7600"}],"version-history":[{"count":0,"href":"https:\/\/ondauno.com.ar\/index.php\/wp-json\/wp\/v2\/posts\/7600\/revisions"}],"wp:attachment":[{"href":"https:\/\/ondauno.com.ar\/index.php\/wp-json\/wp\/v2\/media?parent=7600"}],"wp:term":[{"taxonomy":"category","embeddable":true,"href":"https:\/\/ondauno.com.ar\/index.php\/wp-json\/wp\/v2\/categories?post=7600"},{"taxonomy":"post_tag","embeddable":true,"href":"https:\/\/ondauno.com.ar\/index.php\/wp-json\/wp\/v2\/tags?post=7600"}],"curies":[{"name":"wp","href":"https:\/\/api.w.org\/{rel}","templated":true}]}}