{"id":7590,"date":"2020-03-30T21:47:22","date_gmt":"2020-03-31T00:47:22","guid":{"rendered":"http:\/\/ondauno.com.ar\/?p=7590"},"modified":"2020-03-30T21:48:31","modified_gmt":"2020-03-31T00:48:31","slug":"los-trabajadores-y-trabajadoras-alcanzados-por-el-aislamiento-social-preventivo-y-obligatorio-quedan-exceptuados-de-asistir-a-su-lugar-de-trabajo","status":"publish","type":"post","link":"https:\/\/ondauno.com.ar\/index.php\/2020\/03\/30\/los-trabajadores-y-trabajadoras-alcanzados-por-el-aislamiento-social-preventivo-y-obligatorio-quedan-exceptuados-de-asistir-a-su-lugar-de-trabajo\/","title":{"rendered":"Los trabajadores y trabajadoras alcanzados por el \u201caislamiento social preventivo y obligatorio\u201d quedan exceptuados de asistir a su lugar de trabajo"},"content":{"rendered":"<div class=\"ondau-before-content_3\" style=\"margin-top: -30px;\" id=\"ondau-1101158096\"><a href=\"https:\/\/www.lps.com.ar\/\" aria-label=\"la-perse2\"><img loading=\"lazy\" decoding=\"async\" src=\"https:\/\/ondauno.com.ar\/wp-content\/uploads\/2021\/10\/la-perse2.jpg\" alt=\"\"  srcset=\"https:\/\/ondauno.com.ar\/wp-content\/uploads\/2021\/10\/la-perse2.jpg 1353w, https:\/\/ondauno.com.ar\/wp-content\/uploads\/2021\/10\/la-perse2-300x43.jpg 300w, https:\/\/ondauno.com.ar\/wp-content\/uploads\/2021\/10\/la-perse2-1024x148.jpg 1024w, https:\/\/ondauno.com.ar\/wp-content\/uploads\/2021\/10\/la-perse2-768x111.jpg 768w, https:\/\/ondauno.com.ar\/wp-content\/uploads\/2021\/10\/la-perse2-696x100.jpg 696w, https:\/\/ondauno.com.ar\/wp-content\/uploads\/2021\/10\/la-perse2-1068x154.jpg 1068w\" sizes=\"(max-width: 1353px) 100vw, 1353px\" class=\"no-lazyload\" width=\"1353\" height=\"195\"  style=\"display: inline-block;\" \/><\/a><\/div>\n<p><em>RESOLUCI\u00d3N 279\/2020<\/em><\/p>\n\n\n\n<p><em> MINISTERIO DE TRABAJO, EMPLEO Y SEGURIDAD SOCIAL<\/em><\/p>\n\n\n\n<p>\ud83d\udcccLos trabajadores y trabajadoras alcanzados por el \u201caislamiento social preventivo y obligatorio\u201d quedan exceptuados de asistir a su lugar de trabajo.<\/p>\n\n\n\n<p><br>\ud83d\udcccCuando sus tareas puedan ser realizadas desde el lugar de aislamiento, deber\u00e1n establecer con su empleador las condiciones necesarias para trabajar de forma remota.<\/p>\n\n\n\n<p><br>\ud83d\udcccLas tareas del personal esencial continuar\u00e1n realiz\u00e1ndose de forma presencial, ya que constituyen una exigencia excepcional de la econom\u00eda nacional.<\/p>\n\n\n\n<p><br>\ud83d\udcccEst\u00e1n incluidos dentro del concepto de trabajadores y trabajadoras quienes presten servicios de forma continua bajo figuras no dependientes como las locaciones de servicio, aquellas otras que se desarrollen en forma an\u00e1loga dentro del sector privado, las prestaciones resultantes de becas en lugares de trabajo y las pasant\u00edas, como as\u00ed tambi\u00e9n las residencias m\u00e9dicas y los casos de pluriempleo o de m\u00faltiples receptores de servicios.<\/p>\n\n\n\n<p><br>\ud83d\udccc La necesidad de contrataci\u00f3n de personal mientras dure la vigencia del \u201caislamiento social preventivo y obligatorio\u201d, deber\u00e1 ser considerada extraordinaria y transitoria.<\/p>\n\n\n\n<p><br>\ud83d\udcccLa abstenci\u00f3n de concurrir al lugar de trabajo no se traduce en vacaciones, ni en d\u00edas festivos o de descanso, de tal modo que no podr\u00e1n aplicarse sobre las remuneraciones correspondientes a los d\u00edas comprendidos en esta prohibici\u00f3n suplementos o adicionales previstos para \u201casuetos\u201d, excepto en aquellos casos en que dicha prohibici\u00f3n coincida con un d\u00eda festivo o feriado previsto con anterioridad.<\/p>\n\n\n\n<p><br>\ud83d\udccc\u00c9ste documento deroga la Resoluci\u00f3n N\u00ba 219\/20 y toda otra disposici\u00f3n que se oponga.<\/p>\n","protected":false},"excerpt":{"rendered":"<p>RESOLUCI\u00d3N 279\/2020 MINISTERIO DE TRABAJO, EMPLEO Y SEGURIDAD SOCIAL \ud83d\udcccLos trabajadores y trabajadoras alcanzados por el \u201caislamiento social preventivo y obligatorio\u201d quedan exceptuados de asistir a su lugar de trabajo. \ud83d\udcccCuando sus tareas puedan ser realizadas desde el lugar de aislamiento, deber\u00e1n establecer con su empleador las condiciones necesarias para trabajar de forma remota. \ud83d\udcccLas [&hellip;]<\/p>\n","protected":false},"author":2,"featured_media":0,"comment_status":"open","ping_status":"open","sticky":false,"template":"","format":"standard","meta":{"tdm_status":"","tdm_grid_status":"","_jetpack_memberships_contains_paid_content":false,"footnotes":"","jetpack_publicize_message":"","jetpack_publicize_feature_enabled":true,"jetpack_social_post_already_shared":false,"jetpack_social_options":{"image_generator_settings":{"template":"highway","default_image_id":0,"font":"","enabled":false},"version":2}},"categories":[3],"tags":[],"class_list":{"0":"post-7590","1":"post","2":"type-post","3":"status-publish","4":"format-standard","6":"category-nacionales"},"yoast_head":"<!-- This site is optimized with the Yoast SEO plugin v22.7 - https:\/\/yoast.com\/wordpress\/plugins\/seo\/ -->\n<title>Los trabajadores y trabajadoras alcanzados por el \u201caislamiento social preventivo y obligatorio\u201d quedan exceptuados de asistir a su lugar de trabajo - 103.9 fm<\/title>\n<meta name=\"robots\" content=\"index, follow, max-snippet:-1, max-image-preview:large, max-video-preview:-1\" \/>\n<link rel=\"canonical\" href=\"https:\/\/ondauno.com.ar\/index.php\/2020\/03\/30\/los-trabajadores-y-trabajadoras-alcanzados-por-el-aislamiento-social-preventivo-y-obligatorio-quedan-exceptuados-de-asistir-a-su-lugar-de-trabajo\/\" \/>\n<meta property=\"og:locale\" content=\"es_ES\" \/>\n<meta property=\"og:type\" content=\"article\" \/>\n<meta property=\"og:title\" content=\"Los trabajadores y trabajadoras alcanzados por el \u201caislamiento social preventivo y obligatorio\u201d quedan exceptuados de asistir a su lugar de trabajo - 103.9 fm\" \/>\n<meta property=\"og:description\" content=\"RESOLUCI\u00d3N 279\/2020 MINISTERIO DE TRABAJO, EMPLEO Y SEGURIDAD SOCIAL \ud83d\udcccLos trabajadores y trabajadoras alcanzados por el \u201caislamiento social preventivo y obligatorio\u201d quedan exceptuados de asistir a su lugar de trabajo. \ud83d\udcccCuando sus tareas puedan ser realizadas desde el lugar de aislamiento, deber\u00e1n establecer con su empleador las condiciones necesarias para trabajar de forma remota. \ud83d\udcccLas [&hellip;]\" \/>\n<meta property=\"og:url\" content=\"https:\/\/ondauno.com.ar\/index.php\/2020\/03\/30\/los-trabajadores-y-trabajadoras-alcanzados-por-el-aislamiento-social-preventivo-y-obligatorio-quedan-exceptuados-de-asistir-a-su-lugar-de-trabajo\/\" \/>\n<meta property=\"og:site_name\" content=\"103.9 fm\" \/>\n<meta property=\"article:publisher\" content=\"https:\/\/www.facebook.com\/ondauno103.9\" \/>\n<meta property=\"article:published_time\" content=\"2020-03-31T00:47:22+00:00\" \/>\n<meta property=\"article:modified_time\" content=\"2020-03-31T00:48:31+00:00\" \/>\n<meta property=\"og:image\" content=\"https:\/\/ondauno.com.ar\/wp-content\/uploads\/2020\/03\/CORONAVIRUS-1.jpg\" \/>\n\t<meta property=\"og:image:width\" content=\"1600\" \/>\n\t<meta property=\"og:image:height\" content=\"900\" \/>\n\t<meta property=\"og:image:type\" content=\"image\/jpeg\" \/>\n<meta name=\"author\" content=\"fernando garcia\" \/>\n<meta name=\"twitter:card\" content=\"summary_large_image\" \/>\n<meta name=\"twitter:label1\" content=\"Escrito por\" \/>\n\t<meta name=\"twitter:data1\" content=\"fernando garcia\" \/>\n\t<meta name=\"twitter:label2\" content=\"Tiempo de lectura\" \/>\n\t<meta name=\"twitter:data2\" content=\"1 minuto\" \/>\n<script type=\"application\/ld+json\" class=\"yoast-schema-graph\">{\"@context\":\"https:\/\/schema.org\",\"@graph\":[{\"@type\":\"WebPage\",\"@id\":\"https:\/\/ondauno.com.ar\/index.php\/2020\/03\/30\/los-trabajadores-y-trabajadoras-alcanzados-por-el-aislamiento-social-preventivo-y-obligatorio-quedan-exceptuados-de-asistir-a-su-lugar-de-trabajo\/\",\"url\":\"https:\/\/ondauno.com.ar\/index.php\/2020\/03\/30\/los-trabajadores-y-trabajadoras-alcanzados-por-el-aislamiento-social-preventivo-y-obligatorio-quedan-exceptuados-de-asistir-a-su-lugar-de-trabajo\/\",\"name\":\"Los trabajadores y trabajadoras alcanzados por el \u201caislamiento social preventivo y obligatorio\u201d quedan exceptuados de asistir a su lugar de trabajo - 103.9 fm\",\"isPartOf\":{\"@id\":\"https:\/\/ondauno.com.ar\/#website\"},\"datePublished\":\"2020-03-31T00:47:22+00:00\",\"dateModified\":\"2020-03-31T00:48:31+00:00\",\"author\":{\"@id\":\"https:\/\/ondauno.com.ar\/#\/schema\/person\/201d1b68e6c75e0fd396fe5f8af5d139\"},\"breadcrumb\":{\"@id\":\"https:\/\/ondauno.com.ar\/index.php\/2020\/03\/30\/los-trabajadores-y-trabajadoras-alcanzados-por-el-aislamiento-social-preventivo-y-obligatorio-quedan-exceptuados-de-asistir-a-su-lugar-de-trabajo\/#breadcrumb\"},\"inLanguage\":\"es-AR\",\"potentialAction\":[{\"@type\":\"ReadAction\",\"target\":[\"https:\/\/ondauno.com.ar\/index.php\/2020\/03\/30\/los-trabajadores-y-trabajadoras-alcanzados-por-el-aislamiento-social-preventivo-y-obligatorio-quedan-exceptuados-de-asistir-a-su-lugar-de-trabajo\/\"]}]},{\"@type\":\"BreadcrumbList\",\"@id\":\"https:\/\/ondauno.com.ar\/index.php\/2020\/03\/30\/los-trabajadores-y-trabajadoras-alcanzados-por-el-aislamiento-social-preventivo-y-obligatorio-quedan-exceptuados-de-asistir-a-su-lugar-de-trabajo\/#breadcrumb\",\"itemListElement\":[{\"@type\":\"ListItem\",\"position\":1,\"name\":\"Inicio\",\"item\":\"https:\/\/ondauno.com.ar\/\"},{\"@type\":\"ListItem\",\"position\":2,\"name\":\"Los trabajadores y trabajadoras alcanzados por el \u201caislamiento social preventivo y obligatorio\u201d quedan exceptuados de asistir a su lugar de trabajo\"}]},{\"@type\":\"WebSite\",\"@id\":\"https:\/\/ondauno.com.ar\/#website\",\"url\":\"https:\/\/ondauno.com.ar\/\",\"name\":\"103.9 fm\",\"description\":\"LA PRIMERA RADIO MULTIMEDIA DE TRES ARROYOS\",\"potentialAction\":[{\"@type\":\"SearchAction\",\"target\":{\"@type\":\"EntryPoint\",\"urlTemplate\":\"https:\/\/ondauno.com.ar\/?s={search_term_string}\"},\"query-input\":\"required name=search_term_string\"}],\"inLanguage\":\"es-AR\"},{\"@type\":\"Person\",\"@id\":\"https:\/\/ondauno.com.ar\/#\/schema\/person\/201d1b68e6c75e0fd396fe5f8af5d139\",\"name\":\"fernando garcia\",\"image\":{\"@type\":\"ImageObject\",\"inLanguage\":\"es-AR\",\"@id\":\"https:\/\/ondauno.com.ar\/#\/schema\/person\/image\/\",\"url\":\"https:\/\/secure.gravatar.com\/avatar\/5f7254642ad81272e79a2e69653cfdfc?s=96&d=mm&r=g\",\"contentUrl\":\"https:\/\/secure.gravatar.com\/avatar\/5f7254642ad81272e79a2e69653cfdfc?s=96&d=mm&r=g\",\"caption\":\"fernando garcia\"},\"url\":\"https:\/\/ondauno.com.ar\/index.php\/author\/ondaunoeditor\/\"}]}<\/script>\n<!-- \/ Yoast SEO plugin. -->","yoast_head_json":{"title":"Los trabajadores y trabajadoras alcanzados por el \u201caislamiento social preventivo y obligatorio\u201d quedan exceptuados de asistir a su lugar de trabajo - 103.9 fm","robots":{"index":"index","follow":"follow","max-snippet":"max-snippet:-1","max-image-preview":"max-image-preview:large","max-video-preview":"max-video-preview:-1"},"canonical":"https:\/\/ondauno.com.ar\/index.php\/2020\/03\/30\/los-trabajadores-y-trabajadoras-alcanzados-por-el-aislamiento-social-preventivo-y-obligatorio-quedan-exceptuados-de-asistir-a-su-lugar-de-trabajo\/","og_locale":"es_ES","og_type":"article","og_title":"Los trabajadores y trabajadoras alcanzados por el \u201caislamiento social preventivo y obligatorio\u201d quedan exceptuados de asistir a su lugar de trabajo - 103.9 fm","og_description":"RESOLUCI\u00d3N 279\/2020 MINISTERIO DE TRABAJO, EMPLEO Y SEGURIDAD SOCIAL \ud83d\udcccLos trabajadores y trabajadoras alcanzados por el \u201caislamiento social preventivo y obligatorio\u201d quedan exceptuados de asistir a su lugar de trabajo. \ud83d\udcccCuando sus tareas puedan ser realizadas desde el lugar de aislamiento, deber\u00e1n establecer con su empleador las condiciones necesarias para trabajar de forma remota. \ud83d\udcccLas [&hellip;]","og_url":"https:\/\/ondauno.com.ar\/index.php\/2020\/03\/30\/los-trabajadores-y-trabajadoras-alcanzados-por-el-aislamiento-social-preventivo-y-obligatorio-quedan-exceptuados-de-asistir-a-su-lugar-de-trabajo\/","og_site_name":"103.9 fm","article_publisher":"https:\/\/www.facebook.com\/ondauno103.9","article_published_time":"2020-03-31T00:47:22+00:00","article_modified_time":"2020-03-31T00:48:31+00:00","og_image":[{"width":1600,"height":900,"url":"https:\/\/ondauno.com.ar\/wp-content\/uploads\/2020\/03\/CORONAVIRUS-1.jpg","type":"image\/jpeg"}],"author":"fernando garcia","twitter_card":"summary_large_image","twitter_misc":{"Escrito por":"fernando garcia","Tiempo de lectura":"1 minuto"},"schema":{"@context":"https:\/\/schema.org","@graph":[{"@type":"WebPage","@id":"https:\/\/ondauno.com.ar\/index.php\/2020\/03\/30\/los-trabajadores-y-trabajadoras-alcanzados-por-el-aislamiento-social-preventivo-y-obligatorio-quedan-exceptuados-de-asistir-a-su-lugar-de-trabajo\/","url":"https:\/\/ondauno.com.ar\/index.php\/2020\/03\/30\/los-trabajadores-y-trabajadoras-alcanzados-por-el-aislamiento-social-preventivo-y-obligatorio-quedan-exceptuados-de-asistir-a-su-lugar-de-trabajo\/","name":"Los trabajadores y trabajadoras alcanzados por el \u201caislamiento social preventivo y obligatorio\u201d quedan exceptuados de asistir a su lugar de trabajo - 103.9 fm","isPartOf":{"@id":"https:\/\/ondauno.com.ar\/#website"},"datePublished":"2020-03-31T00:47:22+00:00","dateModified":"2020-03-31T00:48:31+00:00","author":{"@id":"https:\/\/ondauno.com.ar\/#\/schema\/person\/201d1b68e6c75e0fd396fe5f8af5d139"},"breadcrumb":{"@id":"https:\/\/ondauno.com.ar\/index.php\/2020\/03\/30\/los-trabajadores-y-trabajadoras-alcanzados-por-el-aislamiento-social-preventivo-y-obligatorio-quedan-exceptuados-de-asistir-a-su-lugar-de-trabajo\/#breadcrumb"},"inLanguage":"es-AR","potentialAction":[{"@type":"ReadAction","target":["https:\/\/ondauno.com.ar\/index.php\/2020\/03\/30\/los-trabajadores-y-trabajadoras-alcanzados-por-el-aislamiento-social-preventivo-y-obligatorio-quedan-exceptuados-de-asistir-a-su-lugar-de-trabajo\/"]}]},{"@type":"BreadcrumbList","@id":"https:\/\/ondauno.com.ar\/index.php\/2020\/03\/30\/los-trabajadores-y-trabajadoras-alcanzados-por-el-aislamiento-social-preventivo-y-obligatorio-quedan-exceptuados-de-asistir-a-su-lugar-de-trabajo\/#breadcrumb","itemListElement":[{"@type":"ListItem","position":1,"name":"Inicio","item":"https:\/\/ondauno.com.ar\/"},{"@type":"ListItem","position":2,"name":"Los trabajadores y trabajadoras alcanzados por el \u201caislamiento social preventivo y obligatorio\u201d quedan exceptuados de asistir a su lugar de trabajo"}]},{"@type":"WebSite","@id":"https:\/\/ondauno.com.ar\/#website","url":"https:\/\/ondauno.com.ar\/","name":"103.9 fm","description":"LA PRIMERA RADIO MULTIMEDIA DE TRES ARROYOS","potentialAction":[{"@type":"SearchAction","target":{"@type":"EntryPoint","urlTemplate":"https:\/\/ondauno.com.ar\/?s={search_term_string}"},"query-input":"required name=search_term_string"}],"inLanguage":"es-AR"},{"@type":"Person","@id":"https:\/\/ondauno.com.ar\/#\/schema\/person\/201d1b68e6c75e0fd396fe5f8af5d139","name":"fernando garcia","image":{"@type":"ImageObject","inLanguage":"es-AR","@id":"https:\/\/ondauno.com.ar\/#\/schema\/person\/image\/","url":"https:\/\/secure.gravatar.com\/avatar\/5f7254642ad81272e79a2e69653cfdfc?s=96&d=mm&r=g","contentUrl":"https:\/\/secure.gravatar.com\/avatar\/5f7254642ad81272e79a2e69653cfdfc?s=96&d=mm&r=g","caption":"fernando garcia"},"url":"https:\/\/ondauno.com.ar\/index.php\/author\/ondaunoeditor\/"}]}},"jetpack_publicize_connections":[],"jetpack_featured_media_url":"","jetpack_sharing_enabled":true,"_links":{"self":[{"href":"https:\/\/ondauno.com.ar\/index.php\/wp-json\/wp\/v2\/posts\/7590","targetHints":{"allow":["GET"]}}],"collection":[{"href":"https:\/\/ondauno.com.ar\/index.php\/wp-json\/wp\/v2\/posts"}],"about":[{"href":"https:\/\/ondauno.com.ar\/index.php\/wp-json\/wp\/v2\/types\/post"}],"author":[{"embeddable":true,"href":"https:\/\/ondauno.com.ar\/index.php\/wp-json\/wp\/v2\/users\/2"}],"replies":[{"embeddable":true,"href":"https:\/\/ondauno.com.ar\/index.php\/wp-json\/wp\/v2\/comments?post=7590"}],"version-history":[{"count":0,"href":"https:\/\/ondauno.com.ar\/index.php\/wp-json\/wp\/v2\/posts\/7590\/revisions"}],"wp:attachment":[{"href":"https:\/\/ondauno.com.ar\/index.php\/wp-json\/wp\/v2\/media?parent=7590"}],"wp:term":[{"taxonomy":"category","embeddable":true,"href":"https:\/\/ondauno.com.ar\/index.php\/wp-json\/wp\/v2\/categories?post=7590"},{"taxonomy":"post_tag","embeddable":true,"href":"https:\/\/ondauno.com.ar\/index.php\/wp-json\/wp\/v2\/tags?post=7590"}],"curies":[{"name":"wp","href":"https:\/\/api.w.org\/{rel}","templated":true}]}}