{"id":7585,"date":"2020-03-30T21:28:09","date_gmt":"2020-03-31T00:28:09","guid":{"rendered":"http:\/\/ondauno.com.ar\/?p=7585"},"modified":"2020-03-30T21:29:25","modified_gmt":"2020-03-31T00:29:25","slug":"dos-hombres-de-la-provincia-de-buenos-aires-de-67-y-58-anos-murieron-de-coronavirus","status":"publish","type":"post","link":"https:\/\/ondauno.com.ar\/index.php\/2020\/03\/30\/dos-hombres-de-la-provincia-de-buenos-aires-de-67-y-58-anos-murieron-de-coronavirus\/","title":{"rendered":"Dos hombres de la provincia de Buenos Aires, de 67 y 58 a\u00f1os murieron de coronavirus"},"content":{"rendered":"<div class=\"ondau-before-content_3\" style=\"margin-top: -30px;\" id=\"ondau-1439216527\"><a href=\"https:\/\/www.lps.com.ar\/\" aria-label=\"la-perse2\"><img loading=\"lazy\" decoding=\"async\" src=\"https:\/\/ondauno.com.ar\/wp-content\/uploads\/2021\/10\/la-perse2.jpg\" alt=\"\"  srcset=\"https:\/\/ondauno.com.ar\/wp-content\/uploads\/2021\/10\/la-perse2.jpg 1353w, https:\/\/ondauno.com.ar\/wp-content\/uploads\/2021\/10\/la-perse2-300x43.jpg 300w, https:\/\/ondauno.com.ar\/wp-content\/uploads\/2021\/10\/la-perse2-1024x148.jpg 1024w, https:\/\/ondauno.com.ar\/wp-content\/uploads\/2021\/10\/la-perse2-768x111.jpg 768w, https:\/\/ondauno.com.ar\/wp-content\/uploads\/2021\/10\/la-perse2-696x100.jpg 696w, https:\/\/ondauno.com.ar\/wp-content\/uploads\/2021\/10\/la-perse2-1068x154.jpg 1068w\" sizes=\"(max-width: 1353px) 100vw, 1353px\" class=\"no-lazyload\" width=\"1353\" height=\"195\"  style=\"display: inline-block;\" \/><\/a><\/div>\n<p><\/p>\n\n\n\n<p><em> SITUACI\u00d3N DE COVID-19 EN ARGENTINA<\/em><\/p>\n\n\n\n<p>\ud83d\udccc<em>Hoy fueron confirmados 146 nuevos casos de COVID-19.<\/em> Con estos registros, suman 966 positivos en el pa\u00eds.<\/p>\n\n\n\n<p>\ud83d\udcccDel total de esos casos, 50,6% son importados.<\/p>\n\n\n\n<p>\ud83d\udccc<em>Se registraron 4 nuevas muertes.<\/em> Dos hombres de la provincia de Buenos Aires, de 67 y 58 a\u00f1os; una mujer de la provincia Tucum\u00e1n de 77 a\u00f1os; y otra mujer de 68 a\u00f1os de la provincia de Neuqu\u00e9n. Los fallecidos hasta el momento suman un total de 24.<\/p>\n\n\n\n<p>\ud83d\udcccLas autoridades contin\u00faan con las medidas intensivas para reducir la circulaci\u00f2n del virus al pa\u00eds y disminuir su transmisi\u00f3n. En este sentido es clave la estrategia de mitigaci\u00f3n de la mortalidad destinada a personas mayores de 60 a\u00f1os y personas que integren los grupos de riesgo.<\/p>\n\n\n\n<p>\ud83d\udcccDetalle por provincia (N\u00ba de confirmados | N\u00ba de acumulados):<br \/>Buenos Aires 36 | 253<br \/>Ciudad de Buenos Aires 34 | 292<br \/>Chaco 12 | 81<br \/>Santa Fe 21 | 111<br \/>C\u00f3rdoba 8 | 81<br \/>Tierra del Fuego 11 | 32<br \/>San Juan 0 | 1<br \/>Corrientes 10 | 19<br \/>Jujuy 0 | 3<br \/>La Pampa 0 | 3<br \/>Entre R\u00edos 3 | 13<br \/>La Rioja 0 | 1<br \/>Mendoza 3 | 13<br \/>Misiones 0 | 2<br \/>Neuqu\u00e9n 8 | 20<br \/>R\u00edo Negro 0 | 8<br \/>Salta 0 | 1<br \/>San Luis 0 | 6<br \/>Santa Cruz 0 | 9<br \/>Santiago del Estero 0 | 2<br \/>Tucum\u00e1n 0 | 15<br \/>Catamarca 0 | 0<br \/>Chubut 0 | 0<br \/>Formosa 0 | 0<\/p>\n\n\n\n<p><em>Aclaraci\u00f3n:<\/em> la notificaci\u00f3n de los casos por jurisdicci\u00f3n se realiza teniendo en cuenta la residencia seg\u00fan el Registro Nacional de las Personas y en caso de no estar notificado la provincia de residencia, se asigna la provincia de carga. Pudiendo variar en funci\u00f3n de la investigaci\u00f3n de la jurisdicci\u00f3n<\/p>\n\n\n\n<p>Zonas definidas por la Organizaci\u00f3n Mundial de la Salud como de transmisi\u00f3n local o comunitaria:<br \/>https:\/\/www.who.int\/emergencies\/diseases\/novel-coronavirus-2019\/situation-reports<\/p>\n","protected":false},"excerpt":{"rendered":"<p>SITUACI\u00d3N DE COVID-19 EN ARGENTINA \ud83d\udcccHoy fueron confirmados 146 nuevos casos de COVID-19. Con estos registros, suman 966 positivos en el pa\u00eds. \ud83d\udcccDel total de esos casos, 50,6% son importados. \ud83d\udcccSe registraron 4 nuevas muertes. Dos hombres de la provincia de Buenos Aires, de 67 y 58 a\u00f1os; una mujer de la provincia Tucum\u00e1n de [&hellip;]<\/p>\n","protected":false},"author":2,"featured_media":0,"comment_status":"open","ping_status":"open","sticky":false,"template":"","format":"standard","meta":{"tdm_status":"","tdm_grid_status":"","_jetpack_memberships_contains_paid_content":false,"footnotes":"","jetpack_publicize_message":"","jetpack_publicize_feature_enabled":true,"jetpack_social_post_already_shared":false,"jetpack_social_options":{"image_generator_settings":{"template":"highway","default_image_id":0,"font":"","enabled":false},"version":2}},"categories":[3],"tags":[],"class_list":{"0":"post-7585","1":"post","2":"type-post","3":"status-publish","4":"format-standard","6":"category-nacionales"},"yoast_head":"<!-- This site is optimized with the Yoast SEO plugin v22.7 - https:\/\/yoast.com\/wordpress\/plugins\/seo\/ -->\n<title>Dos hombres de la provincia de Buenos Aires, de 67 y 58 a\u00f1os murieron de coronavirus - 103.9 fm<\/title>\n<meta name=\"robots\" content=\"index, follow, max-snippet:-1, max-image-preview:large, max-video-preview:-1\" \/>\n<link rel=\"canonical\" href=\"https:\/\/ondauno.com.ar\/index.php\/2020\/03\/30\/dos-hombres-de-la-provincia-de-buenos-aires-de-67-y-58-anos-murieron-de-coronavirus\/\" \/>\n<meta property=\"og:locale\" content=\"es_ES\" \/>\n<meta property=\"og:type\" content=\"article\" \/>\n<meta property=\"og:title\" content=\"Dos hombres de la provincia de Buenos Aires, de 67 y 58 a\u00f1os murieron de coronavirus - 103.9 fm\" \/>\n<meta property=\"og:description\" content=\"SITUACI\u00d3N DE COVID-19 EN ARGENTINA \ud83d\udcccHoy fueron confirmados 146 nuevos casos de COVID-19. Con estos registros, suman 966 positivos en el pa\u00eds. \ud83d\udcccDel total de esos casos, 50,6% son importados. \ud83d\udcccSe registraron 4 nuevas muertes. Dos hombres de la provincia de Buenos Aires, de 67 y 58 a\u00f1os; una mujer de la provincia Tucum\u00e1n de [&hellip;]\" \/>\n<meta property=\"og:url\" content=\"https:\/\/ondauno.com.ar\/index.php\/2020\/03\/30\/dos-hombres-de-la-provincia-de-buenos-aires-de-67-y-58-anos-murieron-de-coronavirus\/\" \/>\n<meta property=\"og:site_name\" content=\"103.9 fm\" \/>\n<meta property=\"article:publisher\" content=\"https:\/\/www.facebook.com\/ondauno103.9\" \/>\n<meta property=\"article:published_time\" content=\"2020-03-31T00:28:09+00:00\" \/>\n<meta property=\"article:modified_time\" content=\"2020-03-31T00:29:25+00:00\" \/>\n<meta property=\"og:image\" content=\"https:\/\/ondauno.com.ar\/wp-content\/uploads\/2020\/03\/Centro-Pilar.jpeg\" \/>\n\t<meta property=\"og:image:width\" content=\"1280\" \/>\n\t<meta property=\"og:image:height\" content=\"853\" \/>\n\t<meta property=\"og:image:type\" content=\"image\/jpeg\" \/>\n<meta name=\"author\" content=\"fernando garcia\" \/>\n<meta name=\"twitter:card\" content=\"summary_large_image\" \/>\n<meta name=\"twitter:label1\" content=\"Escrito por\" \/>\n\t<meta name=\"twitter:data1\" content=\"fernando garcia\" \/>\n\t<meta name=\"twitter:label2\" content=\"Tiempo de lectura\" \/>\n\t<meta name=\"twitter:data2\" content=\"1 minuto\" \/>\n<script type=\"application\/ld+json\" class=\"yoast-schema-graph\">{\"@context\":\"https:\/\/schema.org\",\"@graph\":[{\"@type\":\"WebPage\",\"@id\":\"https:\/\/ondauno.com.ar\/index.php\/2020\/03\/30\/dos-hombres-de-la-provincia-de-buenos-aires-de-67-y-58-anos-murieron-de-coronavirus\/\",\"url\":\"https:\/\/ondauno.com.ar\/index.php\/2020\/03\/30\/dos-hombres-de-la-provincia-de-buenos-aires-de-67-y-58-anos-murieron-de-coronavirus\/\",\"name\":\"Dos hombres de la provincia de Buenos Aires, de 67 y 58 a\u00f1os murieron de coronavirus - 103.9 fm\",\"isPartOf\":{\"@id\":\"https:\/\/ondauno.com.ar\/#website\"},\"datePublished\":\"2020-03-31T00:28:09+00:00\",\"dateModified\":\"2020-03-31T00:29:25+00:00\",\"author\":{\"@id\":\"https:\/\/ondauno.com.ar\/#\/schema\/person\/201d1b68e6c75e0fd396fe5f8af5d139\"},\"breadcrumb\":{\"@id\":\"https:\/\/ondauno.com.ar\/index.php\/2020\/03\/30\/dos-hombres-de-la-provincia-de-buenos-aires-de-67-y-58-anos-murieron-de-coronavirus\/#breadcrumb\"},\"inLanguage\":\"es-AR\",\"potentialAction\":[{\"@type\":\"ReadAction\",\"target\":[\"https:\/\/ondauno.com.ar\/index.php\/2020\/03\/30\/dos-hombres-de-la-provincia-de-buenos-aires-de-67-y-58-anos-murieron-de-coronavirus\/\"]}]},{\"@type\":\"BreadcrumbList\",\"@id\":\"https:\/\/ondauno.com.ar\/index.php\/2020\/03\/30\/dos-hombres-de-la-provincia-de-buenos-aires-de-67-y-58-anos-murieron-de-coronavirus\/#breadcrumb\",\"itemListElement\":[{\"@type\":\"ListItem\",\"position\":1,\"name\":\"Inicio\",\"item\":\"https:\/\/ondauno.com.ar\/\"},{\"@type\":\"ListItem\",\"position\":2,\"name\":\"Dos hombres de la provincia de Buenos Aires, de 67 y 58 a\u00f1os murieron de coronavirus\"}]},{\"@type\":\"WebSite\",\"@id\":\"https:\/\/ondauno.com.ar\/#website\",\"url\":\"https:\/\/ondauno.com.ar\/\",\"name\":\"103.9 fm\",\"description\":\"LA PRIMERA RADIO MULTIMEDIA DE TRES ARROYOS\",\"potentialAction\":[{\"@type\":\"SearchAction\",\"target\":{\"@type\":\"EntryPoint\",\"urlTemplate\":\"https:\/\/ondauno.com.ar\/?s={search_term_string}\"},\"query-input\":\"required name=search_term_string\"}],\"inLanguage\":\"es-AR\"},{\"@type\":\"Person\",\"@id\":\"https:\/\/ondauno.com.ar\/#\/schema\/person\/201d1b68e6c75e0fd396fe5f8af5d139\",\"name\":\"fernando garcia\",\"image\":{\"@type\":\"ImageObject\",\"inLanguage\":\"es-AR\",\"@id\":\"https:\/\/ondauno.com.ar\/#\/schema\/person\/image\/\",\"url\":\"https:\/\/secure.gravatar.com\/avatar\/5f7254642ad81272e79a2e69653cfdfc?s=96&d=mm&r=g\",\"contentUrl\":\"https:\/\/secure.gravatar.com\/avatar\/5f7254642ad81272e79a2e69653cfdfc?s=96&d=mm&r=g\",\"caption\":\"fernando garcia\"},\"url\":\"https:\/\/ondauno.com.ar\/index.php\/author\/ondaunoeditor\/\"}]}<\/script>\n<!-- \/ Yoast SEO plugin. -->","yoast_head_json":{"title":"Dos hombres de la provincia de Buenos Aires, de 67 y 58 a\u00f1os murieron de coronavirus - 103.9 fm","robots":{"index":"index","follow":"follow","max-snippet":"max-snippet:-1","max-image-preview":"max-image-preview:large","max-video-preview":"max-video-preview:-1"},"canonical":"https:\/\/ondauno.com.ar\/index.php\/2020\/03\/30\/dos-hombres-de-la-provincia-de-buenos-aires-de-67-y-58-anos-murieron-de-coronavirus\/","og_locale":"es_ES","og_type":"article","og_title":"Dos hombres de la provincia de Buenos Aires, de 67 y 58 a\u00f1os murieron de coronavirus - 103.9 fm","og_description":"SITUACI\u00d3N DE COVID-19 EN ARGENTINA \ud83d\udcccHoy fueron confirmados 146 nuevos casos de COVID-19. Con estos registros, suman 966 positivos en el pa\u00eds. \ud83d\udcccDel total de esos casos, 50,6% son importados. \ud83d\udcccSe registraron 4 nuevas muertes. Dos hombres de la provincia de Buenos Aires, de 67 y 58 a\u00f1os; una mujer de la provincia Tucum\u00e1n de [&hellip;]","og_url":"https:\/\/ondauno.com.ar\/index.php\/2020\/03\/30\/dos-hombres-de-la-provincia-de-buenos-aires-de-67-y-58-anos-murieron-de-coronavirus\/","og_site_name":"103.9 fm","article_publisher":"https:\/\/www.facebook.com\/ondauno103.9","article_published_time":"2020-03-31T00:28:09+00:00","article_modified_time":"2020-03-31T00:29:25+00:00","og_image":[{"width":1280,"height":853,"url":"https:\/\/ondauno.com.ar\/wp-content\/uploads\/2020\/03\/Centro-Pilar.jpeg","type":"image\/jpeg"}],"author":"fernando garcia","twitter_card":"summary_large_image","twitter_misc":{"Escrito por":"fernando garcia","Tiempo de lectura":"1 minuto"},"schema":{"@context":"https:\/\/schema.org","@graph":[{"@type":"WebPage","@id":"https:\/\/ondauno.com.ar\/index.php\/2020\/03\/30\/dos-hombres-de-la-provincia-de-buenos-aires-de-67-y-58-anos-murieron-de-coronavirus\/","url":"https:\/\/ondauno.com.ar\/index.php\/2020\/03\/30\/dos-hombres-de-la-provincia-de-buenos-aires-de-67-y-58-anos-murieron-de-coronavirus\/","name":"Dos hombres de la provincia de Buenos Aires, de 67 y 58 a\u00f1os murieron de coronavirus - 103.9 fm","isPartOf":{"@id":"https:\/\/ondauno.com.ar\/#website"},"datePublished":"2020-03-31T00:28:09+00:00","dateModified":"2020-03-31T00:29:25+00:00","author":{"@id":"https:\/\/ondauno.com.ar\/#\/schema\/person\/201d1b68e6c75e0fd396fe5f8af5d139"},"breadcrumb":{"@id":"https:\/\/ondauno.com.ar\/index.php\/2020\/03\/30\/dos-hombres-de-la-provincia-de-buenos-aires-de-67-y-58-anos-murieron-de-coronavirus\/#breadcrumb"},"inLanguage":"es-AR","potentialAction":[{"@type":"ReadAction","target":["https:\/\/ondauno.com.ar\/index.php\/2020\/03\/30\/dos-hombres-de-la-provincia-de-buenos-aires-de-67-y-58-anos-murieron-de-coronavirus\/"]}]},{"@type":"BreadcrumbList","@id":"https:\/\/ondauno.com.ar\/index.php\/2020\/03\/30\/dos-hombres-de-la-provincia-de-buenos-aires-de-67-y-58-anos-murieron-de-coronavirus\/#breadcrumb","itemListElement":[{"@type":"ListItem","position":1,"name":"Inicio","item":"https:\/\/ondauno.com.ar\/"},{"@type":"ListItem","position":2,"name":"Dos hombres de la provincia de Buenos Aires, de 67 y 58 a\u00f1os murieron de coronavirus"}]},{"@type":"WebSite","@id":"https:\/\/ondauno.com.ar\/#website","url":"https:\/\/ondauno.com.ar\/","name":"103.9 fm","description":"LA PRIMERA RADIO MULTIMEDIA DE TRES ARROYOS","potentialAction":[{"@type":"SearchAction","target":{"@type":"EntryPoint","urlTemplate":"https:\/\/ondauno.com.ar\/?s={search_term_string}"},"query-input":"required name=search_term_string"}],"inLanguage":"es-AR"},{"@type":"Person","@id":"https:\/\/ondauno.com.ar\/#\/schema\/person\/201d1b68e6c75e0fd396fe5f8af5d139","name":"fernando garcia","image":{"@type":"ImageObject","inLanguage":"es-AR","@id":"https:\/\/ondauno.com.ar\/#\/schema\/person\/image\/","url":"https:\/\/secure.gravatar.com\/avatar\/5f7254642ad81272e79a2e69653cfdfc?s=96&d=mm&r=g","contentUrl":"https:\/\/secure.gravatar.com\/avatar\/5f7254642ad81272e79a2e69653cfdfc?s=96&d=mm&r=g","caption":"fernando garcia"},"url":"https:\/\/ondauno.com.ar\/index.php\/author\/ondaunoeditor\/"}]}},"jetpack_publicize_connections":[],"jetpack_featured_media_url":"","jetpack_sharing_enabled":true,"_links":{"self":[{"href":"https:\/\/ondauno.com.ar\/index.php\/wp-json\/wp\/v2\/posts\/7585","targetHints":{"allow":["GET"]}}],"collection":[{"href":"https:\/\/ondauno.com.ar\/index.php\/wp-json\/wp\/v2\/posts"}],"about":[{"href":"https:\/\/ondauno.com.ar\/index.php\/wp-json\/wp\/v2\/types\/post"}],"author":[{"embeddable":true,"href":"https:\/\/ondauno.com.ar\/index.php\/wp-json\/wp\/v2\/users\/2"}],"replies":[{"embeddable":true,"href":"https:\/\/ondauno.com.ar\/index.php\/wp-json\/wp\/v2\/comments?post=7585"}],"version-history":[{"count":0,"href":"https:\/\/ondauno.com.ar\/index.php\/wp-json\/wp\/v2\/posts\/7585\/revisions"}],"wp:attachment":[{"href":"https:\/\/ondauno.com.ar\/index.php\/wp-json\/wp\/v2\/media?parent=7585"}],"wp:term":[{"taxonomy":"category","embeddable":true,"href":"https:\/\/ondauno.com.ar\/index.php\/wp-json\/wp\/v2\/categories?post=7585"},{"taxonomy":"post_tag","embeddable":true,"href":"https:\/\/ondauno.com.ar\/index.php\/wp-json\/wp\/v2\/tags?post=7585"}],"curies":[{"name":"wp","href":"https:\/\/api.w.org\/{rel}","templated":true}]}}