{"id":7578,"date":"2020-03-30T19:17:47","date_gmt":"2020-03-30T22:17:47","guid":{"rendered":"http:\/\/ondauno.com.ar\/?p=7578"},"modified":"2020-03-30T19:17:49","modified_gmt":"2020-03-30T22:17:49","slug":"trotta-y-la-comision-de-educacion-de-diputados-inician-debate-virtual-sobre-el-abordaje-de-la-suspension-de-clases-presenciales","status":"publish","type":"post","link":"https:\/\/ondauno.com.ar\/index.php\/2020\/03\/30\/trotta-y-la-comision-de-educacion-de-diputados-inician-debate-virtual-sobre-el-abordaje-de-la-suspension-de-clases-presenciales\/","title":{"rendered":"Trotta y la Comisi\u00f3n de Educaci\u00f3n de Diputados inician debate virtual sobre el abordaje de la suspensi\u00f3n de clases presenciales"},"content":{"rendered":"<div class=\"ondau-before-content_3\" style=\"margin-top: -30px;\" id=\"ondau-2490004628\"><a href=\"https:\/\/www.lps.com.ar\/\" aria-label=\"la-perse2\"><img loading=\"lazy\" decoding=\"async\" src=\"https:\/\/ondauno.com.ar\/wp-content\/uploads\/2021\/10\/la-perse2.jpg\" alt=\"\"  srcset=\"https:\/\/ondauno.com.ar\/wp-content\/uploads\/2021\/10\/la-perse2.jpg 1353w, https:\/\/ondauno.com.ar\/wp-content\/uploads\/2021\/10\/la-perse2-300x43.jpg 300w, https:\/\/ondauno.com.ar\/wp-content\/uploads\/2021\/10\/la-perse2-1024x148.jpg 1024w, https:\/\/ondauno.com.ar\/wp-content\/uploads\/2021\/10\/la-perse2-768x111.jpg 768w, https:\/\/ondauno.com.ar\/wp-content\/uploads\/2021\/10\/la-perse2-696x100.jpg 696w, https:\/\/ondauno.com.ar\/wp-content\/uploads\/2021\/10\/la-perse2-1068x154.jpg 1068w\" sizes=\"(max-width: 1353px) 100vw, 1353px\" class=\"no-lazyload\" width=\"1353\" height=\"195\"  style=\"display: inline-block;\" \/><\/a><\/div>\n<p><\/p>\n\n\n\n<p>El Ministro de Educaci\u00f3n de la Naci\u00f3n, Nicol\u00e1s Trotta mantuvo esta tarde la primera videoconferencia con la Comisi\u00f3n de Educaci\u00f3n de la C\u00e1mara de Diputados de la Naci\u00f3n, que preside Sergio Massa, para debatir sobre la din\u00e1mica de las y los estudiantes en el marco de la suspensi\u00f3n de las clases presenciales y la continuidad del ciclo lectivo. A trav\u00e9s del encuentro virtual, se inici\u00f3 una modalidad que facilita el di\u00e1logo con los legisladores y habilita el debate en el marco de la pandemia.<\/p>\n\n\n\n<figure class=\"wp-block-image\"><img decoding=\"async\" data-src=\"http:\/\/ondauno.com.ar\/wp-content\/uploads\/2020\/03\/WhatsApp-Image-2020-03-30-at-19.13.02-1024x682.jpeg\" alt=\"\" class=\"wp-image-7579 lazyload\" src=\"data:image\/gif;base64,R0lGODlhAQABAAAAACH5BAEKAAEALAAAAAABAAEAAAICTAEAOw==\" style=\"--smush-placeholder-width: 1024px; --smush-placeholder-aspect-ratio: 1024\/682;\" \/><noscript><img decoding=\"async\" src=\"http:\/\/ondauno.com.ar\/wp-content\/uploads\/2020\/03\/WhatsApp-Image-2020-03-30-at-19.13.02-1024x682.jpeg\" alt=\"\" class=\"wp-image-7579\"\/><\/noscript><\/figure>\n\n\n\n<p>Sergio Massa agradeci\u00f3 &#8220;a cada una de las fuerzas pol\u00edticas por la responsabilidad, seriedad y buena fe con la que vienen trabajando junto con el Gobierno. Uno de los&nbsp; desaf\u00edos que tenemos como Parlamento es que la tecnolog\u00eda ingrese definitivamente a nuestra vida. Que estas acciones que hacemos producto de la pandemia, se transformen en un mecanismo de trabajo permanente que acorte tiempo y distancia y que ponga definitivamente al Parlamento en el siglo XXI.\u201d<\/p>\n\n\n\n<p>Por su parte,&nbsp; el titular de la cartera educativa, Nicol\u00e1s Trotta, manifest\u00f3: \u201cNuestra responsabilidad es que el Estado acompa\u00f1e a toda la ciudadan\u00eda en esta situaci\u00f3n particular que transitamos, dar la mayor cantidad de herramientas para fortalecer el v\u00ednculo entre las maestras, maestros, profesores y sus estudiantes, y tambi\u00e9n ayudar en la diversidad del capital educativo que tiene cada familia para que los adultos del hogar puedan acompa\u00f1ar a sus hijos&#8221;.&nbsp;<\/p>\n\n\n\n<p>Asimismo, Trotta destac\u00f3: &#8220;Es importante la continuidad pedag\u00f3gica pero m\u00e1s a\u00fan lo es poder acompa\u00f1ar a todos las ni\u00f1as, ni\u00f1os y adolescentes en este momento de profunda incertidumbre. Asumimos ese compromiso como Ministerio y es una dimensi\u00f3n que est\u00e1 presente en cada una de las herramientas que estamos poniendo en funcionamiento, tanto en la programaci\u00f3n de la televisi\u00f3n y de la radio como en los cuadernos impresos y en nuestro portal www.seguimoseducando.gob.ar\u201d.<\/p>\n\n\n\n<p>Consultado por las desiguales condiciones de acceso a la tecnolog\u00eda y conectividad en nuestro territorio, Trotta enfatiz\u00f3 que gracias al trabajo que &#8220;se est\u00e1 articulando con el ENACOM, toda la comunidad educativa puede acceder al portal digital de manera gratuita, sin consumir datos&#8221;, al mismo tiempo que se avanza para que la navegaci\u00f3n de las plataformas de las distintas jurisdicciones y de las universidades sea sin costo.&nbsp;<\/p>\n\n\n\n<p>Participaron de la teleconferencia la presidenta de la Comisi\u00f3n de Educaci\u00f3n, Blanca Osuna (Frente de Todos); las vicepresidentas Victoria Morales Gorleri (PRO) y Gisela Marziotta (Frente de Todos); Patricia Mounier (Frente de Todos), Romina Del Pla (Fte. Izquierda de los Trabajadores), Lidia Asc\u00e1rate (UCR) y Adriana Ruarte (PRO), entre otros miembros<\/p>\n","protected":false},"excerpt":{"rendered":"<p>El Ministro de Educaci\u00f3n de la Naci\u00f3n, Nicol\u00e1s Trotta mantuvo esta tarde la primera videoconferencia con la Comisi\u00f3n de Educaci\u00f3n de la C\u00e1mara de Diputados de la Naci\u00f3n, que preside Sergio Massa, para debatir sobre la din\u00e1mica de las y los estudiantes en el marco de la suspensi\u00f3n de las clases presenciales y la continuidad [&hellip;]<\/p>\n","protected":false},"author":2,"featured_media":0,"comment_status":"open","ping_status":"open","sticky":false,"template":"","format":"standard","meta":{"tdm_status":"","tdm_grid_status":"","_jetpack_memberships_contains_paid_content":false,"footnotes":"","jetpack_publicize_message":"","jetpack_publicize_feature_enabled":true,"jetpack_social_post_already_shared":false,"jetpack_social_options":{"image_generator_settings":{"template":"highway","default_image_id":0,"font":"","enabled":false},"version":2}},"categories":[3],"tags":[],"class_list":{"0":"post-7578","1":"post","2":"type-post","3":"status-publish","4":"format-standard","6":"category-nacionales"},"yoast_head":"<!-- This site is optimized with the Yoast SEO plugin v22.7 - https:\/\/yoast.com\/wordpress\/plugins\/seo\/ -->\n<title>Trotta y la Comisi\u00f3n de Educaci\u00f3n de Diputados inician debate virtual sobre el abordaje de la suspensi\u00f3n de clases presenciales - 103.9 fm<\/title>\n<meta name=\"robots\" content=\"index, follow, max-snippet:-1, max-image-preview:large, max-video-preview:-1\" \/>\n<link rel=\"canonical\" href=\"https:\/\/ondauno.com.ar\/index.php\/2020\/03\/30\/trotta-y-la-comision-de-educacion-de-diputados-inician-debate-virtual-sobre-el-abordaje-de-la-suspension-de-clases-presenciales\/\" \/>\n<meta property=\"og:locale\" content=\"es_ES\" \/>\n<meta property=\"og:type\" content=\"article\" \/>\n<meta property=\"og:title\" content=\"Trotta y la Comisi\u00f3n de Educaci\u00f3n de Diputados inician debate virtual sobre el abordaje de la suspensi\u00f3n de clases presenciales - 103.9 fm\" \/>\n<meta property=\"og:description\" content=\"El Ministro de Educaci\u00f3n de la Naci\u00f3n, Nicol\u00e1s Trotta mantuvo esta tarde la primera videoconferencia con la Comisi\u00f3n de Educaci\u00f3n de la C\u00e1mara de Diputados de la Naci\u00f3n, que preside Sergio Massa, para debatir sobre la din\u00e1mica de las y los estudiantes en el marco de la suspensi\u00f3n de las clases presenciales y la continuidad [&hellip;]\" \/>\n<meta property=\"og:url\" content=\"https:\/\/ondauno.com.ar\/index.php\/2020\/03\/30\/trotta-y-la-comision-de-educacion-de-diputados-inician-debate-virtual-sobre-el-abordaje-de-la-suspension-de-clases-presenciales\/\" \/>\n<meta property=\"og:site_name\" content=\"103.9 fm\" \/>\n<meta property=\"article:publisher\" content=\"https:\/\/www.facebook.com\/ondauno103.9\" \/>\n<meta property=\"article:published_time\" content=\"2020-03-30T22:17:47+00:00\" \/>\n<meta property=\"article:modified_time\" content=\"2020-03-30T22:17:49+00:00\" \/>\n<meta property=\"og:image\" content=\"https:\/\/ondauno.com.ar\/wp-content\/uploads\/2020\/03\/WhatsApp-Image-2020-03-30-at-19.13.01.jpeg\" \/>\n\t<meta property=\"og:image:width\" content=\"1280\" \/>\n\t<meta property=\"og:image:height\" content=\"853\" \/>\n\t<meta property=\"og:image:type\" content=\"image\/jpeg\" \/>\n<meta name=\"author\" content=\"fernando garcia\" \/>\n<meta name=\"twitter:card\" content=\"summary_large_image\" \/>\n<meta name=\"twitter:label1\" content=\"Escrito por\" \/>\n\t<meta name=\"twitter:data1\" content=\"fernando garcia\" \/>\n\t<meta name=\"twitter:label2\" content=\"Tiempo de lectura\" \/>\n\t<meta name=\"twitter:data2\" content=\"2 minutos\" \/>\n<script type=\"application\/ld+json\" class=\"yoast-schema-graph\">{\"@context\":\"https:\/\/schema.org\",\"@graph\":[{\"@type\":\"WebPage\",\"@id\":\"https:\/\/ondauno.com.ar\/index.php\/2020\/03\/30\/trotta-y-la-comision-de-educacion-de-diputados-inician-debate-virtual-sobre-el-abordaje-de-la-suspension-de-clases-presenciales\/\",\"url\":\"https:\/\/ondauno.com.ar\/index.php\/2020\/03\/30\/trotta-y-la-comision-de-educacion-de-diputados-inician-debate-virtual-sobre-el-abordaje-de-la-suspension-de-clases-presenciales\/\",\"name\":\"Trotta y la Comisi\u00f3n de Educaci\u00f3n de Diputados inician debate virtual sobre el abordaje de la suspensi\u00f3n de clases presenciales - 103.9 fm\",\"isPartOf\":{\"@id\":\"https:\/\/ondauno.com.ar\/#website\"},\"primaryImageOfPage\":{\"@id\":\"https:\/\/ondauno.com.ar\/index.php\/2020\/03\/30\/trotta-y-la-comision-de-educacion-de-diputados-inician-debate-virtual-sobre-el-abordaje-de-la-suspension-de-clases-presenciales\/#primaryimage\"},\"image\":{\"@id\":\"https:\/\/ondauno.com.ar\/index.php\/2020\/03\/30\/trotta-y-la-comision-de-educacion-de-diputados-inician-debate-virtual-sobre-el-abordaje-de-la-suspension-de-clases-presenciales\/#primaryimage\"},\"thumbnailUrl\":\"http:\/\/ondauno.com.ar\/wp-content\/uploads\/2020\/03\/WhatsApp-Image-2020-03-30-at-19.13.02-1024x682.jpeg\",\"datePublished\":\"2020-03-30T22:17:47+00:00\",\"dateModified\":\"2020-03-30T22:17:49+00:00\",\"author\":{\"@id\":\"https:\/\/ondauno.com.ar\/#\/schema\/person\/201d1b68e6c75e0fd396fe5f8af5d139\"},\"breadcrumb\":{\"@id\":\"https:\/\/ondauno.com.ar\/index.php\/2020\/03\/30\/trotta-y-la-comision-de-educacion-de-diputados-inician-debate-virtual-sobre-el-abordaje-de-la-suspension-de-clases-presenciales\/#breadcrumb\"},\"inLanguage\":\"es-AR\",\"potentialAction\":[{\"@type\":\"ReadAction\",\"target\":[\"https:\/\/ondauno.com.ar\/index.php\/2020\/03\/30\/trotta-y-la-comision-de-educacion-de-diputados-inician-debate-virtual-sobre-el-abordaje-de-la-suspension-de-clases-presenciales\/\"]}]},{\"@type\":\"ImageObject\",\"inLanguage\":\"es-AR\",\"@id\":\"https:\/\/ondauno.com.ar\/index.php\/2020\/03\/30\/trotta-y-la-comision-de-educacion-de-diputados-inician-debate-virtual-sobre-el-abordaje-de-la-suspension-de-clases-presenciales\/#primaryimage\",\"url\":\"\",\"contentUrl\":\"\"},{\"@type\":\"BreadcrumbList\",\"@id\":\"https:\/\/ondauno.com.ar\/index.php\/2020\/03\/30\/trotta-y-la-comision-de-educacion-de-diputados-inician-debate-virtual-sobre-el-abordaje-de-la-suspension-de-clases-presenciales\/#breadcrumb\",\"itemListElement\":[{\"@type\":\"ListItem\",\"position\":1,\"name\":\"Inicio\",\"item\":\"https:\/\/ondauno.com.ar\/\"},{\"@type\":\"ListItem\",\"position\":2,\"name\":\"Trotta y la Comisi\u00f3n de Educaci\u00f3n de Diputados inician debate virtual sobre el abordaje de la suspensi\u00f3n de clases presenciales\"}]},{\"@type\":\"WebSite\",\"@id\":\"https:\/\/ondauno.com.ar\/#website\",\"url\":\"https:\/\/ondauno.com.ar\/\",\"name\":\"103.9 fm\",\"description\":\"LA PRIMERA RADIO MULTIMEDIA DE TRES ARROYOS\",\"potentialAction\":[{\"@type\":\"SearchAction\",\"target\":{\"@type\":\"EntryPoint\",\"urlTemplate\":\"https:\/\/ondauno.com.ar\/?s={search_term_string}\"},\"query-input\":\"required name=search_term_string\"}],\"inLanguage\":\"es-AR\"},{\"@type\":\"Person\",\"@id\":\"https:\/\/ondauno.com.ar\/#\/schema\/person\/201d1b68e6c75e0fd396fe5f8af5d139\",\"name\":\"fernando garcia\",\"image\":{\"@type\":\"ImageObject\",\"inLanguage\":\"es-AR\",\"@id\":\"https:\/\/ondauno.com.ar\/#\/schema\/person\/image\/\",\"url\":\"https:\/\/secure.gravatar.com\/avatar\/5f7254642ad81272e79a2e69653cfdfc?s=96&d=mm&r=g\",\"contentUrl\":\"https:\/\/secure.gravatar.com\/avatar\/5f7254642ad81272e79a2e69653cfdfc?s=96&d=mm&r=g\",\"caption\":\"fernando garcia\"},\"url\":\"https:\/\/ondauno.com.ar\/index.php\/author\/ondaunoeditor\/\"}]}<\/script>\n<!-- \/ Yoast SEO plugin. -->","yoast_head_json":{"title":"Trotta y la Comisi\u00f3n de Educaci\u00f3n de Diputados inician debate virtual sobre el abordaje de la suspensi\u00f3n de clases presenciales - 103.9 fm","robots":{"index":"index","follow":"follow","max-snippet":"max-snippet:-1","max-image-preview":"max-image-preview:large","max-video-preview":"max-video-preview:-1"},"canonical":"https:\/\/ondauno.com.ar\/index.php\/2020\/03\/30\/trotta-y-la-comision-de-educacion-de-diputados-inician-debate-virtual-sobre-el-abordaje-de-la-suspension-de-clases-presenciales\/","og_locale":"es_ES","og_type":"article","og_title":"Trotta y la Comisi\u00f3n de Educaci\u00f3n de Diputados inician debate virtual sobre el abordaje de la suspensi\u00f3n de clases presenciales - 103.9 fm","og_description":"El Ministro de Educaci\u00f3n de la Naci\u00f3n, Nicol\u00e1s Trotta mantuvo esta tarde la primera videoconferencia con la Comisi\u00f3n de Educaci\u00f3n de la C\u00e1mara de Diputados de la Naci\u00f3n, que preside Sergio Massa, para debatir sobre la din\u00e1mica de las y los estudiantes en el marco de la suspensi\u00f3n de las clases presenciales y la continuidad [&hellip;]","og_url":"https:\/\/ondauno.com.ar\/index.php\/2020\/03\/30\/trotta-y-la-comision-de-educacion-de-diputados-inician-debate-virtual-sobre-el-abordaje-de-la-suspension-de-clases-presenciales\/","og_site_name":"103.9 fm","article_publisher":"https:\/\/www.facebook.com\/ondauno103.9","article_published_time":"2020-03-30T22:17:47+00:00","article_modified_time":"2020-03-30T22:17:49+00:00","og_image":[{"width":1280,"height":853,"url":"https:\/\/ondauno.com.ar\/wp-content\/uploads\/2020\/03\/WhatsApp-Image-2020-03-30-at-19.13.01.jpeg","type":"image\/jpeg"}],"author":"fernando garcia","twitter_card":"summary_large_image","twitter_misc":{"Escrito por":"fernando garcia","Tiempo de lectura":"2 minutos"},"schema":{"@context":"https:\/\/schema.org","@graph":[{"@type":"WebPage","@id":"https:\/\/ondauno.com.ar\/index.php\/2020\/03\/30\/trotta-y-la-comision-de-educacion-de-diputados-inician-debate-virtual-sobre-el-abordaje-de-la-suspension-de-clases-presenciales\/","url":"https:\/\/ondauno.com.ar\/index.php\/2020\/03\/30\/trotta-y-la-comision-de-educacion-de-diputados-inician-debate-virtual-sobre-el-abordaje-de-la-suspension-de-clases-presenciales\/","name":"Trotta y la Comisi\u00f3n de Educaci\u00f3n de Diputados inician debate virtual sobre el abordaje de la suspensi\u00f3n de clases presenciales - 103.9 fm","isPartOf":{"@id":"https:\/\/ondauno.com.ar\/#website"},"primaryImageOfPage":{"@id":"https:\/\/ondauno.com.ar\/index.php\/2020\/03\/30\/trotta-y-la-comision-de-educacion-de-diputados-inician-debate-virtual-sobre-el-abordaje-de-la-suspension-de-clases-presenciales\/#primaryimage"},"image":{"@id":"https:\/\/ondauno.com.ar\/index.php\/2020\/03\/30\/trotta-y-la-comision-de-educacion-de-diputados-inician-debate-virtual-sobre-el-abordaje-de-la-suspension-de-clases-presenciales\/#primaryimage"},"thumbnailUrl":"http:\/\/ondauno.com.ar\/wp-content\/uploads\/2020\/03\/WhatsApp-Image-2020-03-30-at-19.13.02-1024x682.jpeg","datePublished":"2020-03-30T22:17:47+00:00","dateModified":"2020-03-30T22:17:49+00:00","author":{"@id":"https:\/\/ondauno.com.ar\/#\/schema\/person\/201d1b68e6c75e0fd396fe5f8af5d139"},"breadcrumb":{"@id":"https:\/\/ondauno.com.ar\/index.php\/2020\/03\/30\/trotta-y-la-comision-de-educacion-de-diputados-inician-debate-virtual-sobre-el-abordaje-de-la-suspension-de-clases-presenciales\/#breadcrumb"},"inLanguage":"es-AR","potentialAction":[{"@type":"ReadAction","target":["https:\/\/ondauno.com.ar\/index.php\/2020\/03\/30\/trotta-y-la-comision-de-educacion-de-diputados-inician-debate-virtual-sobre-el-abordaje-de-la-suspension-de-clases-presenciales\/"]}]},{"@type":"ImageObject","inLanguage":"es-AR","@id":"https:\/\/ondauno.com.ar\/index.php\/2020\/03\/30\/trotta-y-la-comision-de-educacion-de-diputados-inician-debate-virtual-sobre-el-abordaje-de-la-suspension-de-clases-presenciales\/#primaryimage","url":"","contentUrl":""},{"@type":"BreadcrumbList","@id":"https:\/\/ondauno.com.ar\/index.php\/2020\/03\/30\/trotta-y-la-comision-de-educacion-de-diputados-inician-debate-virtual-sobre-el-abordaje-de-la-suspension-de-clases-presenciales\/#breadcrumb","itemListElement":[{"@type":"ListItem","position":1,"name":"Inicio","item":"https:\/\/ondauno.com.ar\/"},{"@type":"ListItem","position":2,"name":"Trotta y la Comisi\u00f3n de Educaci\u00f3n de Diputados inician debate virtual sobre el abordaje de la suspensi\u00f3n de clases presenciales"}]},{"@type":"WebSite","@id":"https:\/\/ondauno.com.ar\/#website","url":"https:\/\/ondauno.com.ar\/","name":"103.9 fm","description":"LA PRIMERA RADIO MULTIMEDIA DE TRES ARROYOS","potentialAction":[{"@type":"SearchAction","target":{"@type":"EntryPoint","urlTemplate":"https:\/\/ondauno.com.ar\/?s={search_term_string}"},"query-input":"required name=search_term_string"}],"inLanguage":"es-AR"},{"@type":"Person","@id":"https:\/\/ondauno.com.ar\/#\/schema\/person\/201d1b68e6c75e0fd396fe5f8af5d139","name":"fernando garcia","image":{"@type":"ImageObject","inLanguage":"es-AR","@id":"https:\/\/ondauno.com.ar\/#\/schema\/person\/image\/","url":"https:\/\/secure.gravatar.com\/avatar\/5f7254642ad81272e79a2e69653cfdfc?s=96&d=mm&r=g","contentUrl":"https:\/\/secure.gravatar.com\/avatar\/5f7254642ad81272e79a2e69653cfdfc?s=96&d=mm&r=g","caption":"fernando garcia"},"url":"https:\/\/ondauno.com.ar\/index.php\/author\/ondaunoeditor\/"}]}},"jetpack_publicize_connections":[],"jetpack_featured_media_url":"","jetpack_sharing_enabled":true,"_links":{"self":[{"href":"https:\/\/ondauno.com.ar\/index.php\/wp-json\/wp\/v2\/posts\/7578","targetHints":{"allow":["GET"]}}],"collection":[{"href":"https:\/\/ondauno.com.ar\/index.php\/wp-json\/wp\/v2\/posts"}],"about":[{"href":"https:\/\/ondauno.com.ar\/index.php\/wp-json\/wp\/v2\/types\/post"}],"author":[{"embeddable":true,"href":"https:\/\/ondauno.com.ar\/index.php\/wp-json\/wp\/v2\/users\/2"}],"replies":[{"embeddable":true,"href":"https:\/\/ondauno.com.ar\/index.php\/wp-json\/wp\/v2\/comments?post=7578"}],"version-history":[{"count":0,"href":"https:\/\/ondauno.com.ar\/index.php\/wp-json\/wp\/v2\/posts\/7578\/revisions"}],"wp:attachment":[{"href":"https:\/\/ondauno.com.ar\/index.php\/wp-json\/wp\/v2\/media?parent=7578"}],"wp:term":[{"taxonomy":"category","embeddable":true,"href":"https:\/\/ondauno.com.ar\/index.php\/wp-json\/wp\/v2\/categories?post=7578"},{"taxonomy":"post_tag","embeddable":true,"href":"https:\/\/ondauno.com.ar\/index.php\/wp-json\/wp\/v2\/tags?post=7578"}],"curies":[{"name":"wp","href":"https:\/\/api.w.org\/{rel}","templated":true}]}}