{"id":7555,"date":"2020-03-30T16:32:54","date_gmt":"2020-03-30T19:32:54","guid":{"rendered":"http:\/\/ondauno.com.ar\/?p=7555"},"modified":"2020-03-30T16:32:57","modified_gmt":"2020-03-30T19:32:57","slug":"para-evitar-la-propagacion-de-fake-news-la-provincia-crea-un-canal-unificado-de-informacion-sobre-el-coronavirus","status":"publish","type":"post","link":"https:\/\/ondauno.com.ar\/index.php\/2020\/03\/30\/para-evitar-la-propagacion-de-fake-news-la-provincia-crea-un-canal-unificado-de-informacion-sobre-el-coronavirus\/","title":{"rendered":"Para evitar la propagaci\u00f3n de fake news, la Provincia crea un canal unificado de informaci\u00f3n sobre el coronavirus."},"content":{"rendered":"<div class=\"ondau-before-content_3\" style=\"margin-top: -30px;\" id=\"ondau-342733433\"><a href=\"https:\/\/www.lps.com.ar\/\" aria-label=\"la-perse2\"><img loading=\"lazy\" decoding=\"async\" src=\"https:\/\/ondauno.com.ar\/wp-content\/uploads\/2021\/10\/la-perse2.jpg\" alt=\"\"  srcset=\"https:\/\/ondauno.com.ar\/wp-content\/uploads\/2021\/10\/la-perse2.jpg 1353w, https:\/\/ondauno.com.ar\/wp-content\/uploads\/2021\/10\/la-perse2-300x43.jpg 300w, https:\/\/ondauno.com.ar\/wp-content\/uploads\/2021\/10\/la-perse2-1024x148.jpg 1024w, https:\/\/ondauno.com.ar\/wp-content\/uploads\/2021\/10\/la-perse2-768x111.jpg 768w, https:\/\/ondauno.com.ar\/wp-content\/uploads\/2021\/10\/la-perse2-696x100.jpg 696w, https:\/\/ondauno.com.ar\/wp-content\/uploads\/2021\/10\/la-perse2-1068x154.jpg 1068w\" sizes=\"(max-width: 1353px) 100vw, 1353px\" class=\"no-lazyload\" width=\"1353\" height=\"195\"  style=\"display: inline-block;\" \/><\/a><\/div>\n<h2 class=\"wp-block-heading\">Con el fin de evitar la propagaci\u00f3n de fake news, la Provincia pone todo su esfuerzo en la creaci\u00f3n de un canal unificado de informaci\u00f3n sobre el coronavirus.<\/h2>\n\n\n\n<p> esde el gobierno de Axel Kicillof ya trabajan en un canal unificado de informaci\u00f3n sobre el coronavirus. En el mismo se puede consultar sobre los s\u00edntomas, las l\u00edneas de comunicaci\u00f3n para pedir asistencia en el caso de que se presente alguno de ellos, los permisos de tr\u00e1nsito, y hasta los voluntariados disponibles. <\/p>\n\n\n\n<p>Cabe destacar que en el portal se observa una informaci\u00f3n clara sobre lo relacionado al cuidado de la salud, siendo el mismo de f\u00e1cil navegaci\u00f3n, con el fin de que todos los usuarios puedan tener al alcance de un click la informaci\u00f3n necesaria para atravesar esta pandemia.<\/p>\n\n\n\n<p>Adem\u00e1s, cuenta con la posibilidad de realizar un autotest para conocer si tus s\u00edntomas son compatibles con los del coronavirus y as\u00ed poder detectar la enfermedad de manera temprana. All\u00ed se recuerda la importancia de la comunicaci\u00f3n con el 148 en el caso de que este test sea positivo.<\/p>\n\n\n\n<figure class=\"wp-block-image\"><a href=\"https:\/\/twitter.com\/BAProvincia\"><img decoding=\"async\" data-src=\"https:\/\/pbs.twimg.com\/profile_images\/1234434405298511872\/qn6IrRy__normal.jpg\" alt=\"\" src=\"data:image\/gif;base64,R0lGODlhAQABAAAAACH5BAEKAAEALAAAAAABAAEAAAICTAEAOw==\" class=\"lazyload\" \/><noscript><img decoding=\"async\" src=\"https:\/\/pbs.twimg.com\/profile_images\/1234434405298511872\/qn6IrRy__normal.jpg\" alt=\"\"\/><\/noscript><\/a><\/figure>\n\n\n\n<p><a href=\"https:\/\/twitter.com\/BAProvincia\"><strong>Gobierno PBA<\/strong><strong>\u2714<\/strong>@BAProvincia<\/a><a href=\"https:\/\/twitter.com\/BAProvincia\/status\/1244605385874509826\"><\/a><\/p>\n\n\n\n<p>Reunimos todo lo que ten\u00e9s que saber sobre el <a href=\"https:\/\/twitter.com\/hashtag\/Coronavirus?src=hash\">#Coronavirus<\/a> en un solo sitio para que puedas contar con toda la informaci\u00f3n que necesit\u00e1s.<br><br>Entr\u00e1 ac\u00e1 e informate<a rel=\"noreferrer noopener\" href=\"https:\/\/t.co\/3sdrLX5cch\" target=\"_blank\">https:\/\/portal-coronavirus.gba.gob.ar\/\u00a0<\/a><\/p>\n\n\n\n<p>Finalmente, en la solapa contacto, se puede observar las dos l\u00edneas de comunicaci\u00f3n que centralizan informaciones: el 148, por casos compatibles, y el 134 que es el destinado a recibir las denuncias contra quienes violan la cuarentena dispuesta por el gobierno nacional.<\/p>\n\n\n\n<p>El presidente Alberto Fern\u00e1ndez realiz\u00f3 una conferencia de prensa el pasado 29 de marzo en la que anunci\u00f3 que se extender\u00e1 hasta fines de semana santa la cuarentena obligatoria en todo el territorio argentino con el fin de continuar aplacando la curva de casos positivos para evitar el colapso del sistema de salud nacional.<\/p>\n\n\n\n<p><a href=\"https:\/\/twitter.com\/intent\/like?tweet_id=1244605385874509826\"><\/a><br><\/p>\n","protected":false},"excerpt":{"rendered":"<p>Con el fin de evitar la propagaci\u00f3n de fake news, la Provincia pone todo su esfuerzo en la creaci\u00f3n de un canal unificado de informaci\u00f3n sobre el coronavirus. esde el gobierno de Axel Kicillof ya trabajan en un canal unificado de informaci\u00f3n sobre el coronavirus. En el mismo se puede consultar sobre los s\u00edntomas, las [&hellip;]<\/p>\n","protected":false},"author":2,"featured_media":0,"comment_status":"open","ping_status":"open","sticky":false,"template":"","format":"standard","meta":{"tdm_status":"","tdm_grid_status":"","_jetpack_memberships_contains_paid_content":false,"footnotes":"","jetpack_publicize_message":"","jetpack_publicize_feature_enabled":true,"jetpack_social_post_already_shared":false,"jetpack_social_options":{"image_generator_settings":{"template":"highway","default_image_id":0,"font":"","enabled":false},"version":2}},"categories":[30],"tags":[],"class_list":{"0":"post-7555","1":"post","2":"type-post","3":"status-publish","4":"format-standard","6":"category-provinciales"},"yoast_head":"<!-- This site is optimized with the Yoast SEO plugin v22.7 - https:\/\/yoast.com\/wordpress\/plugins\/seo\/ -->\n<title>Para evitar la propagaci\u00f3n de fake news, la Provincia crea un canal unificado de informaci\u00f3n sobre el coronavirus. - 103.9 fm<\/title>\n<meta name=\"robots\" content=\"index, follow, max-snippet:-1, max-image-preview:large, max-video-preview:-1\" \/>\n<link rel=\"canonical\" href=\"https:\/\/ondauno.com.ar\/index.php\/2020\/03\/30\/para-evitar-la-propagacion-de-fake-news-la-provincia-crea-un-canal-unificado-de-informacion-sobre-el-coronavirus\/\" \/>\n<meta property=\"og:locale\" content=\"es_ES\" \/>\n<meta property=\"og:type\" content=\"article\" \/>\n<meta property=\"og:title\" content=\"Para evitar la propagaci\u00f3n de fake news, la Provincia crea un canal unificado de informaci\u00f3n sobre el coronavirus. - 103.9 fm\" \/>\n<meta property=\"og:description\" content=\"Con el fin de evitar la propagaci\u00f3n de fake news, la Provincia pone todo su esfuerzo en la creaci\u00f3n de un canal unificado de informaci\u00f3n sobre el coronavirus. esde el gobierno de Axel Kicillof ya trabajan en un canal unificado de informaci\u00f3n sobre el coronavirus. En el mismo se puede consultar sobre los s\u00edntomas, las [&hellip;]\" \/>\n<meta property=\"og:url\" content=\"https:\/\/ondauno.com.ar\/index.php\/2020\/03\/30\/para-evitar-la-propagacion-de-fake-news-la-provincia-crea-un-canal-unificado-de-informacion-sobre-el-coronavirus\/\" \/>\n<meta property=\"og:site_name\" content=\"103.9 fm\" \/>\n<meta property=\"article:publisher\" content=\"https:\/\/www.facebook.com\/ondauno103.9\" \/>\n<meta property=\"article:published_time\" content=\"2020-03-30T19:32:54+00:00\" \/>\n<meta property=\"article:modified_time\" content=\"2020-03-30T19:32:57+00:00\" \/>\n<meta property=\"og:image\" content=\"https:\/\/ondauno.com.ar\/wp-content\/uploads\/2020\/03\/descarga-31.jpg\" \/>\n\t<meta property=\"og:image:width\" content=\"300\" \/>\n\t<meta property=\"og:image:height\" content=\"168\" \/>\n\t<meta property=\"og:image:type\" content=\"image\/jpeg\" \/>\n<meta name=\"author\" content=\"fernando garcia\" \/>\n<meta name=\"twitter:card\" content=\"summary_large_image\" \/>\n<meta name=\"twitter:label1\" content=\"Escrito por\" \/>\n\t<meta name=\"twitter:data1\" content=\"fernando garcia\" \/>\n\t<meta name=\"twitter:label2\" content=\"Tiempo de lectura\" \/>\n\t<meta name=\"twitter:data2\" content=\"2 minutos\" \/>\n<script type=\"application\/ld+json\" class=\"yoast-schema-graph\">{\"@context\":\"https:\/\/schema.org\",\"@graph\":[{\"@type\":\"WebPage\",\"@id\":\"https:\/\/ondauno.com.ar\/index.php\/2020\/03\/30\/para-evitar-la-propagacion-de-fake-news-la-provincia-crea-un-canal-unificado-de-informacion-sobre-el-coronavirus\/\",\"url\":\"https:\/\/ondauno.com.ar\/index.php\/2020\/03\/30\/para-evitar-la-propagacion-de-fake-news-la-provincia-crea-un-canal-unificado-de-informacion-sobre-el-coronavirus\/\",\"name\":\"Para evitar la propagaci\u00f3n de fake news, la Provincia crea un canal unificado de informaci\u00f3n sobre el coronavirus. - 103.9 fm\",\"isPartOf\":{\"@id\":\"https:\/\/ondauno.com.ar\/#website\"},\"primaryImageOfPage\":{\"@id\":\"https:\/\/ondauno.com.ar\/index.php\/2020\/03\/30\/para-evitar-la-propagacion-de-fake-news-la-provincia-crea-un-canal-unificado-de-informacion-sobre-el-coronavirus\/#primaryimage\"},\"image\":{\"@id\":\"https:\/\/ondauno.com.ar\/index.php\/2020\/03\/30\/para-evitar-la-propagacion-de-fake-news-la-provincia-crea-un-canal-unificado-de-informacion-sobre-el-coronavirus\/#primaryimage\"},\"thumbnailUrl\":\"https:\/\/pbs.twimg.com\/profile_images\/1234434405298511872\/qn6IrRy__normal.jpg\",\"datePublished\":\"2020-03-30T19:32:54+00:00\",\"dateModified\":\"2020-03-30T19:32:57+00:00\",\"author\":{\"@id\":\"https:\/\/ondauno.com.ar\/#\/schema\/person\/201d1b68e6c75e0fd396fe5f8af5d139\"},\"breadcrumb\":{\"@id\":\"https:\/\/ondauno.com.ar\/index.php\/2020\/03\/30\/para-evitar-la-propagacion-de-fake-news-la-provincia-crea-un-canal-unificado-de-informacion-sobre-el-coronavirus\/#breadcrumb\"},\"inLanguage\":\"es-AR\",\"potentialAction\":[{\"@type\":\"ReadAction\",\"target\":[\"https:\/\/ondauno.com.ar\/index.php\/2020\/03\/30\/para-evitar-la-propagacion-de-fake-news-la-provincia-crea-un-canal-unificado-de-informacion-sobre-el-coronavirus\/\"]}]},{\"@type\":\"ImageObject\",\"inLanguage\":\"es-AR\",\"@id\":\"https:\/\/ondauno.com.ar\/index.php\/2020\/03\/30\/para-evitar-la-propagacion-de-fake-news-la-provincia-crea-un-canal-unificado-de-informacion-sobre-el-coronavirus\/#primaryimage\",\"url\":\"https:\/\/pbs.twimg.com\/profile_images\/1234434405298511872\/qn6IrRy__normal.jpg\",\"contentUrl\":\"https:\/\/pbs.twimg.com\/profile_images\/1234434405298511872\/qn6IrRy__normal.jpg\"},{\"@type\":\"BreadcrumbList\",\"@id\":\"https:\/\/ondauno.com.ar\/index.php\/2020\/03\/30\/para-evitar-la-propagacion-de-fake-news-la-provincia-crea-un-canal-unificado-de-informacion-sobre-el-coronavirus\/#breadcrumb\",\"itemListElement\":[{\"@type\":\"ListItem\",\"position\":1,\"name\":\"Inicio\",\"item\":\"https:\/\/ondauno.com.ar\/\"},{\"@type\":\"ListItem\",\"position\":2,\"name\":\"Para evitar la propagaci\u00f3n de fake news, la Provincia crea un canal unificado de informaci\u00f3n sobre el coronavirus.\"}]},{\"@type\":\"WebSite\",\"@id\":\"https:\/\/ondauno.com.ar\/#website\",\"url\":\"https:\/\/ondauno.com.ar\/\",\"name\":\"103.9 fm\",\"description\":\"LA PRIMERA RADIO MULTIMEDIA DE TRES ARROYOS\",\"potentialAction\":[{\"@type\":\"SearchAction\",\"target\":{\"@type\":\"EntryPoint\",\"urlTemplate\":\"https:\/\/ondauno.com.ar\/?s={search_term_string}\"},\"query-input\":\"required name=search_term_string\"}],\"inLanguage\":\"es-AR\"},{\"@type\":\"Person\",\"@id\":\"https:\/\/ondauno.com.ar\/#\/schema\/person\/201d1b68e6c75e0fd396fe5f8af5d139\",\"name\":\"fernando garcia\",\"image\":{\"@type\":\"ImageObject\",\"inLanguage\":\"es-AR\",\"@id\":\"https:\/\/ondauno.com.ar\/#\/schema\/person\/image\/\",\"url\":\"https:\/\/secure.gravatar.com\/avatar\/5f7254642ad81272e79a2e69653cfdfc?s=96&d=mm&r=g\",\"contentUrl\":\"https:\/\/secure.gravatar.com\/avatar\/5f7254642ad81272e79a2e69653cfdfc?s=96&d=mm&r=g\",\"caption\":\"fernando garcia\"},\"url\":\"https:\/\/ondauno.com.ar\/index.php\/author\/ondaunoeditor\/\"}]}<\/script>\n<!-- \/ Yoast SEO plugin. -->","yoast_head_json":{"title":"Para evitar la propagaci\u00f3n de fake news, la Provincia crea un canal unificado de informaci\u00f3n sobre el coronavirus. - 103.9 fm","robots":{"index":"index","follow":"follow","max-snippet":"max-snippet:-1","max-image-preview":"max-image-preview:large","max-video-preview":"max-video-preview:-1"},"canonical":"https:\/\/ondauno.com.ar\/index.php\/2020\/03\/30\/para-evitar-la-propagacion-de-fake-news-la-provincia-crea-un-canal-unificado-de-informacion-sobre-el-coronavirus\/","og_locale":"es_ES","og_type":"article","og_title":"Para evitar la propagaci\u00f3n de fake news, la Provincia crea un canal unificado de informaci\u00f3n sobre el coronavirus. - 103.9 fm","og_description":"Con el fin de evitar la propagaci\u00f3n de fake news, la Provincia pone todo su esfuerzo en la creaci\u00f3n de un canal unificado de informaci\u00f3n sobre el coronavirus. esde el gobierno de Axel Kicillof ya trabajan en un canal unificado de informaci\u00f3n sobre el coronavirus. En el mismo se puede consultar sobre los s\u00edntomas, las [&hellip;]","og_url":"https:\/\/ondauno.com.ar\/index.php\/2020\/03\/30\/para-evitar-la-propagacion-de-fake-news-la-provincia-crea-un-canal-unificado-de-informacion-sobre-el-coronavirus\/","og_site_name":"103.9 fm","article_publisher":"https:\/\/www.facebook.com\/ondauno103.9","article_published_time":"2020-03-30T19:32:54+00:00","article_modified_time":"2020-03-30T19:32:57+00:00","og_image":[{"width":300,"height":168,"url":"https:\/\/ondauno.com.ar\/wp-content\/uploads\/2020\/03\/descarga-31.jpg","type":"image\/jpeg"}],"author":"fernando garcia","twitter_card":"summary_large_image","twitter_misc":{"Escrito por":"fernando garcia","Tiempo de lectura":"2 minutos"},"schema":{"@context":"https:\/\/schema.org","@graph":[{"@type":"WebPage","@id":"https:\/\/ondauno.com.ar\/index.php\/2020\/03\/30\/para-evitar-la-propagacion-de-fake-news-la-provincia-crea-un-canal-unificado-de-informacion-sobre-el-coronavirus\/","url":"https:\/\/ondauno.com.ar\/index.php\/2020\/03\/30\/para-evitar-la-propagacion-de-fake-news-la-provincia-crea-un-canal-unificado-de-informacion-sobre-el-coronavirus\/","name":"Para evitar la propagaci\u00f3n de fake news, la Provincia crea un canal unificado de informaci\u00f3n sobre el coronavirus. - 103.9 fm","isPartOf":{"@id":"https:\/\/ondauno.com.ar\/#website"},"primaryImageOfPage":{"@id":"https:\/\/ondauno.com.ar\/index.php\/2020\/03\/30\/para-evitar-la-propagacion-de-fake-news-la-provincia-crea-un-canal-unificado-de-informacion-sobre-el-coronavirus\/#primaryimage"},"image":{"@id":"https:\/\/ondauno.com.ar\/index.php\/2020\/03\/30\/para-evitar-la-propagacion-de-fake-news-la-provincia-crea-un-canal-unificado-de-informacion-sobre-el-coronavirus\/#primaryimage"},"thumbnailUrl":"https:\/\/pbs.twimg.com\/profile_images\/1234434405298511872\/qn6IrRy__normal.jpg","datePublished":"2020-03-30T19:32:54+00:00","dateModified":"2020-03-30T19:32:57+00:00","author":{"@id":"https:\/\/ondauno.com.ar\/#\/schema\/person\/201d1b68e6c75e0fd396fe5f8af5d139"},"breadcrumb":{"@id":"https:\/\/ondauno.com.ar\/index.php\/2020\/03\/30\/para-evitar-la-propagacion-de-fake-news-la-provincia-crea-un-canal-unificado-de-informacion-sobre-el-coronavirus\/#breadcrumb"},"inLanguage":"es-AR","potentialAction":[{"@type":"ReadAction","target":["https:\/\/ondauno.com.ar\/index.php\/2020\/03\/30\/para-evitar-la-propagacion-de-fake-news-la-provincia-crea-un-canal-unificado-de-informacion-sobre-el-coronavirus\/"]}]},{"@type":"ImageObject","inLanguage":"es-AR","@id":"https:\/\/ondauno.com.ar\/index.php\/2020\/03\/30\/para-evitar-la-propagacion-de-fake-news-la-provincia-crea-un-canal-unificado-de-informacion-sobre-el-coronavirus\/#primaryimage","url":"https:\/\/pbs.twimg.com\/profile_images\/1234434405298511872\/qn6IrRy__normal.jpg","contentUrl":"https:\/\/pbs.twimg.com\/profile_images\/1234434405298511872\/qn6IrRy__normal.jpg"},{"@type":"BreadcrumbList","@id":"https:\/\/ondauno.com.ar\/index.php\/2020\/03\/30\/para-evitar-la-propagacion-de-fake-news-la-provincia-crea-un-canal-unificado-de-informacion-sobre-el-coronavirus\/#breadcrumb","itemListElement":[{"@type":"ListItem","position":1,"name":"Inicio","item":"https:\/\/ondauno.com.ar\/"},{"@type":"ListItem","position":2,"name":"Para evitar la propagaci\u00f3n de fake news, la Provincia crea un canal unificado de informaci\u00f3n sobre el coronavirus."}]},{"@type":"WebSite","@id":"https:\/\/ondauno.com.ar\/#website","url":"https:\/\/ondauno.com.ar\/","name":"103.9 fm","description":"LA PRIMERA RADIO MULTIMEDIA DE TRES ARROYOS","potentialAction":[{"@type":"SearchAction","target":{"@type":"EntryPoint","urlTemplate":"https:\/\/ondauno.com.ar\/?s={search_term_string}"},"query-input":"required name=search_term_string"}],"inLanguage":"es-AR"},{"@type":"Person","@id":"https:\/\/ondauno.com.ar\/#\/schema\/person\/201d1b68e6c75e0fd396fe5f8af5d139","name":"fernando garcia","image":{"@type":"ImageObject","inLanguage":"es-AR","@id":"https:\/\/ondauno.com.ar\/#\/schema\/person\/image\/","url":"https:\/\/secure.gravatar.com\/avatar\/5f7254642ad81272e79a2e69653cfdfc?s=96&d=mm&r=g","contentUrl":"https:\/\/secure.gravatar.com\/avatar\/5f7254642ad81272e79a2e69653cfdfc?s=96&d=mm&r=g","caption":"fernando garcia"},"url":"https:\/\/ondauno.com.ar\/index.php\/author\/ondaunoeditor\/"}]}},"jetpack_publicize_connections":[],"jetpack_featured_media_url":"","jetpack_sharing_enabled":true,"_links":{"self":[{"href":"https:\/\/ondauno.com.ar\/index.php\/wp-json\/wp\/v2\/posts\/7555","targetHints":{"allow":["GET"]}}],"collection":[{"href":"https:\/\/ondauno.com.ar\/index.php\/wp-json\/wp\/v2\/posts"}],"about":[{"href":"https:\/\/ondauno.com.ar\/index.php\/wp-json\/wp\/v2\/types\/post"}],"author":[{"embeddable":true,"href":"https:\/\/ondauno.com.ar\/index.php\/wp-json\/wp\/v2\/users\/2"}],"replies":[{"embeddable":true,"href":"https:\/\/ondauno.com.ar\/index.php\/wp-json\/wp\/v2\/comments?post=7555"}],"version-history":[{"count":0,"href":"https:\/\/ondauno.com.ar\/index.php\/wp-json\/wp\/v2\/posts\/7555\/revisions"}],"wp:attachment":[{"href":"https:\/\/ondauno.com.ar\/index.php\/wp-json\/wp\/v2\/media?parent=7555"}],"wp:term":[{"taxonomy":"category","embeddable":true,"href":"https:\/\/ondauno.com.ar\/index.php\/wp-json\/wp\/v2\/categories?post=7555"},{"taxonomy":"post_tag","embeddable":true,"href":"https:\/\/ondauno.com.ar\/index.php\/wp-json\/wp\/v2\/tags?post=7555"}],"curies":[{"name":"wp","href":"https:\/\/api.w.org\/{rel}","templated":true}]}}