{"id":7549,"date":"2020-03-30T15:22:44","date_gmt":"2020-03-30T18:22:44","guid":{"rendered":"http:\/\/ondauno.com.ar\/?p=7549"},"modified":"2020-03-30T15:22:47","modified_gmt":"2020-03-30T18:22:47","slug":"camuzzi-informa-sobre-el-decreto-que-suspende-cortes-de-suministro-en-caso-de-mora","status":"publish","type":"post","link":"https:\/\/ondauno.com.ar\/index.php\/2020\/03\/30\/camuzzi-informa-sobre-el-decreto-que-suspende-cortes-de-suministro-en-caso-de-mora\/","title":{"rendered":"Camuzzi informa sobre el decreto que suspende cortes de suministro en caso de mora"},"content":{"rendered":"<div class=\"ondau-before-content_3\" style=\"margin-top: -30px;\" id=\"ondau-2739351889\"><a href=\"https:\/\/www.lps.com.ar\/\" aria-label=\"la-perse2\"><img loading=\"lazy\" decoding=\"async\" src=\"https:\/\/ondauno.com.ar\/wp-content\/uploads\/2021\/10\/la-perse2.jpg\" alt=\"\"  srcset=\"https:\/\/ondauno.com.ar\/wp-content\/uploads\/2021\/10\/la-perse2.jpg 1353w, https:\/\/ondauno.com.ar\/wp-content\/uploads\/2021\/10\/la-perse2-300x43.jpg 300w, https:\/\/ondauno.com.ar\/wp-content\/uploads\/2021\/10\/la-perse2-1024x148.jpg 1024w, https:\/\/ondauno.com.ar\/wp-content\/uploads\/2021\/10\/la-perse2-768x111.jpg 768w, https:\/\/ondauno.com.ar\/wp-content\/uploads\/2021\/10\/la-perse2-696x100.jpg 696w, https:\/\/ondauno.com.ar\/wp-content\/uploads\/2021\/10\/la-perse2-1068x154.jpg 1068w\" sizes=\"(max-width: 1353px) 100vw, 1353px\" class=\"no-lazyload\" width=\"1353\" height=\"195\"  style=\"display: inline-block;\" \/><\/a><\/div>\n<p> En el marco del Decreto de Necesidad y Urgencia N\u00b0311\/2020  dispuesto por el Poder Ejecutivo Nacional relacionado con los cortes de suministro en caso de mora  o falta de pago, Camuzzi informa a la comunidad los alcances de la medida sancionada.<\/p>\n\n\n\n<p><br> En primer lugar, es oportuno destacar que la compa\u00f1\u00eda cumplir\u00e1 con todas las disposiciones  vigentes, tal como lo ha hecho y sigue haciendo en sus casi 30 a\u00f1os de trayectoria en el pa\u00eds. Esta  medida tiene como finalidad mitigar el impacto que la Pandemia del Coronavirus pudiera generar  en los usuarios m\u00e1s vulnerables del servicio.<\/p>\n\n\n\n<p><br> En este marco, se ha dispuesto la suspensi\u00f3n temporaria del corte de suministro a este grupo de  usuarios que, durante el plazo de 180 d\u00edas, adeuden un total de 3 facturas consecutivas o alternas,  incluyendo aquellas con vencimientos desde el 1\u00b0 de marzo de 2020.<\/p>\n\n\n\n<p><br> Los USUARIOS ALCANZADOS por el Decreto de Necesidad y Urgencia son los siguientes:<\/p>\n\n\n\n<p><br> \uf0b7 Beneficiarios de la Asignaci\u00f3n Universal por Hijo (AUH) y la Asignaci\u00f3n por Embarazo.<br> \uf0b7 Beneficiarios de Pensiones no Contributivas que perciban ingresos mensuales brutos no<br> superiores a DOS (2) veces el Salario M\u00ednimo Vital y M\u00f3vil.<br> \uf0b7 Inscriptos en el R\u00e9gimen de Monotributo Social.<br> \uf0b7 Jubilados; pensionados; y trabajadores en relaci\u00f3n de dependencia que perciban una<br> remuneraci\u00f3n bruta menor o igual a DOS (2) Salarios M\u00ednimos Vitales y M\u00f3viles.<br> \uf0b7 Trabajadores monotributistas inscriptos en una categor\u00eda cuyo ingreso anual mensualizado  no supere en DOS (2) veces el Salario M\u00ednimo Vital y M\u00f3vil.<br> \uf0b7 Usuarios que perciben un seguro de desempleo.<br> \uf0b7 Electrodependientes, beneficiarios de la Ley N\u00b0 27.351.<br> \uf0b7 Usuarios incorporados en el R\u00e9gimen Especial de Seguridad Social para Empleados de<br> Casas Particulares (Ley N\u00b0 26.844).<br> \uf0b7 Aquellos que est\u00e9n exentos del pago de ABL o tributos locales de igual naturaleza.<br> \uf0b7 Micro, Peque\u00f1as y Medianas Empresas (MiPyMES), conforme lo dispuesto por la Ley N\u00b0<br> 25.300 afectadas en la emergencia.<\/p>\n\n\n\n<p>\uf0b7 Cooperativas de Trabajo o Empresas Recuperadas inscriptas en el INSTITUTO NACIONAL DE  ASOCIATIVISMO Y ECONOM\u00cdA SOCIAL (INAES).<br> \uf0b7 Instituciones de salud, p\u00fablicas y privadas afectadas en la emergencia.<br> \uf0b7 Entidades de Bien P\u00fablico que contribuyan a la elaboraci\u00f3n y distribuci\u00f3n de alimentos en  el marco de la emergencia alimentaria.<br> <\/p>\n\n\n\n<p>En los pr\u00f3ximos d\u00edas, los usuarios contar\u00e1n con una herramienta en la p\u00e1gina web de Camuzzi  www.camuzzigas.com.ar que les permitir\u00e1 informar a qu\u00e9 grupo de los anteriormente<br> mencionados pertenecen.<br> <\/p>\n\n\n\n<p>Para el resto de usuarios NO ALCANZADOS por esta medida, y en el marco del cierre temporario de  las oficinas de atenci\u00f3n al p\u00fablico para prevenir la expansi\u00f3n del Coronavirus, Camuzzi les recuerda  que en la <strong>OFICINA VIRTUAL<\/strong> podr\u00e1n consultar sobre el estado del suministro; ver, descargar y  cancelar facturas (en curso o vencidas); conocer otros medios de pago; solicitar el cambio de  titularidad; consultar sobre la tarifa social; conocer las tarifas vigentes; adherirse al d\u00e9bito  autom\u00e1tico o la factura digital y otros tr\u00e1mites de rigor, todos los d\u00edas del a\u00f1o, las 24 horas.<\/p>\n\n\n\n<p><br> Los usuarios pueden acceder a la OFICINA VIRTUAL de manera totalmente gratuita a trav\u00e9s de la<br> p\u00e1gina https:\/\/oficinavirtual.camuzzigas.com.ar\/ o descargando la aplicaci\u00f3n \u201cCAMUZZI GAS\u201d &#8211;<br> disponible para tablets y smartphones.<br> Tambi\u00e9n podr\u00e1n comunicarse telef\u00f3nicamente al 0810-555-3698 (de lunes a viernes de 8 a 18hs.) o<br> por correo electr\u00f3nico a <span \n                data-original-string=\"JMKFk63+D+Y\/C0xmhmoqVMvjRIHl7fNv0OgmcdZfuBU946xcXAoGrL33q1+JfJIK\"\n                class=\"apbct-email-encoder\"\n                title=\"This contact has been encoded by Anti-Spam by CleanTalk. Click to decode. To finish the decoding make sure that JavaScript is enabled in your browser.\">co****************@ca********.ar<\/span><br> o\u00a0<span \n                data-original-string=\"uJwnDDu+gUorfEPmdCJ\/UfqFpa1+MktRpUi5Uibjsd0=\"\n                class=\"apbct-email-encoder\"\n                title=\"This contact has been encoded by Anti-Spam by CleanTalk. Click to decode. To finish the decoding make sure that JavaScript is enabled in your browser.\">co***********@ca********.ar<\/span><\/p>\n\n\n\n<p><strong>Acerca de la compa\u00f1\u00eda<\/strong><br> Camuzzi Gas es la mayor distribuidora de gas natural de la Argentina en t\u00e9rminos de volumen, cubriendo el 45% del<br> territorio nacional en dos regiones contiguas. Bajo un complejo sistema de gasoductos de transporte, ramales y<br> redes de distribuci\u00f3n que supera los 50.000 km lineales de extensi\u00f3n, la compa\u00f1\u00eda abastece a m\u00e1s de 2.000.000 de<br> usuarios de siete provincias del pa\u00eds: Buenos Aires, La Pampa, Neuqu\u00e9n, Chubut, R\u00edo Negro, Santa Cruz y Tierra del<br> Fuego.<\/p>\n","protected":false},"excerpt":{"rendered":"<p>En el marco del Decreto de Necesidad y Urgencia N\u00b0311\/2020 dispuesto por el Poder Ejecutivo Nacional relacionado con los cortes de suministro en caso de mora o falta de pago, Camuzzi informa a la comunidad los alcances de la medida sancionada. En primer lugar, es oportuno destacar que la compa\u00f1\u00eda cumplir\u00e1 con todas las disposiciones [&hellip;]<\/p>\n","protected":false},"author":2,"featured_media":0,"comment_status":"open","ping_status":"open","sticky":false,"template":"","format":"standard","meta":{"tdm_status":"","tdm_grid_status":"","_jetpack_memberships_contains_paid_content":false,"footnotes":"","jetpack_publicize_message":"","jetpack_publicize_feature_enabled":true,"jetpack_social_post_already_shared":false,"jetpack_social_options":{"image_generator_settings":{"template":"highway","default_image_id":0,"font":"","enabled":false},"version":2}},"categories":[3],"tags":[],"class_list":{"0":"post-7549","1":"post","2":"type-post","3":"status-publish","4":"format-standard","6":"category-nacionales"},"yoast_head":"<!-- This site is optimized with the Yoast SEO plugin v22.7 - https:\/\/yoast.com\/wordpress\/plugins\/seo\/ -->\n<title>Camuzzi informa sobre el decreto que suspende cortes de suministro en caso de mora - 103.9 fm<\/title>\n<meta name=\"robots\" content=\"index, follow, max-snippet:-1, max-image-preview:large, max-video-preview:-1\" \/>\n<link rel=\"canonical\" href=\"https:\/\/ondauno.com.ar\/index.php\/2020\/03\/30\/camuzzi-informa-sobre-el-decreto-que-suspende-cortes-de-suministro-en-caso-de-mora\/\" \/>\n<meta property=\"og:locale\" content=\"es_ES\" \/>\n<meta property=\"og:type\" content=\"article\" \/>\n<meta property=\"og:title\" content=\"Camuzzi informa sobre el decreto que suspende cortes de suministro en caso de mora - 103.9 fm\" \/>\n<meta property=\"og:description\" content=\"En el marco del Decreto de Necesidad y Urgencia N\u00b0311\/2020 dispuesto por el Poder Ejecutivo Nacional relacionado con los cortes de suministro en caso de mora o falta de pago, Camuzzi informa a la comunidad los alcances de la medida sancionada. En primer lugar, es oportuno destacar que la compa\u00f1\u00eda cumplir\u00e1 con todas las disposiciones [&hellip;]\" \/>\n<meta property=\"og:url\" content=\"https:\/\/ondauno.com.ar\/index.php\/2020\/03\/30\/camuzzi-informa-sobre-el-decreto-que-suspende-cortes-de-suministro-en-caso-de-mora\/\" \/>\n<meta property=\"og:site_name\" content=\"103.9 fm\" \/>\n<meta property=\"article:publisher\" content=\"https:\/\/www.facebook.com\/ondauno103.9\" \/>\n<meta property=\"article:published_time\" content=\"2020-03-30T18:22:44+00:00\" \/>\n<meta property=\"article:modified_time\" content=\"2020-03-30T18:22:47+00:00\" \/>\n<meta property=\"og:image\" content=\"https:\/\/ondauno.com.ar\/wp-content\/uploads\/2020\/03\/Camuzzi-Gas-Factura-e1562183218614-760x509.jpg\" \/>\n\t<meta property=\"og:image:width\" content=\"760\" \/>\n\t<meta property=\"og:image:height\" content=\"509\" \/>\n\t<meta property=\"og:image:type\" content=\"image\/jpeg\" \/>\n<meta name=\"author\" content=\"fernando garcia\" \/>\n<meta name=\"twitter:card\" content=\"summary_large_image\" \/>\n<meta name=\"twitter:label1\" content=\"Escrito por\" \/>\n\t<meta name=\"twitter:data1\" content=\"fernando garcia\" \/>\n\t<meta name=\"twitter:label2\" content=\"Tiempo de lectura\" \/>\n\t<meta name=\"twitter:data2\" content=\"3 minutos\" \/>\n<script type=\"application\/ld+json\" class=\"yoast-schema-graph\">{\"@context\":\"https:\/\/schema.org\",\"@graph\":[{\"@type\":\"WebPage\",\"@id\":\"https:\/\/ondauno.com.ar\/index.php\/2020\/03\/30\/camuzzi-informa-sobre-el-decreto-que-suspende-cortes-de-suministro-en-caso-de-mora\/\",\"url\":\"https:\/\/ondauno.com.ar\/index.php\/2020\/03\/30\/camuzzi-informa-sobre-el-decreto-que-suspende-cortes-de-suministro-en-caso-de-mora\/\",\"name\":\"Camuzzi informa sobre el decreto que suspende cortes de suministro en caso de mora - 103.9 fm\",\"isPartOf\":{\"@id\":\"https:\/\/ondauno.com.ar\/#website\"},\"datePublished\":\"2020-03-30T18:22:44+00:00\",\"dateModified\":\"2020-03-30T18:22:47+00:00\",\"author\":{\"@id\":\"https:\/\/ondauno.com.ar\/#\/schema\/person\/201d1b68e6c75e0fd396fe5f8af5d139\"},\"breadcrumb\":{\"@id\":\"https:\/\/ondauno.com.ar\/index.php\/2020\/03\/30\/camuzzi-informa-sobre-el-decreto-que-suspende-cortes-de-suministro-en-caso-de-mora\/#breadcrumb\"},\"inLanguage\":\"es-AR\",\"potentialAction\":[{\"@type\":\"ReadAction\",\"target\":[\"https:\/\/ondauno.com.ar\/index.php\/2020\/03\/30\/camuzzi-informa-sobre-el-decreto-que-suspende-cortes-de-suministro-en-caso-de-mora\/\"]}]},{\"@type\":\"BreadcrumbList\",\"@id\":\"https:\/\/ondauno.com.ar\/index.php\/2020\/03\/30\/camuzzi-informa-sobre-el-decreto-que-suspende-cortes-de-suministro-en-caso-de-mora\/#breadcrumb\",\"itemListElement\":[{\"@type\":\"ListItem\",\"position\":1,\"name\":\"Inicio\",\"item\":\"https:\/\/ondauno.com.ar\/\"},{\"@type\":\"ListItem\",\"position\":2,\"name\":\"Camuzzi informa sobre el decreto que suspende cortes de suministro en caso de mora\"}]},{\"@type\":\"WebSite\",\"@id\":\"https:\/\/ondauno.com.ar\/#website\",\"url\":\"https:\/\/ondauno.com.ar\/\",\"name\":\"103.9 fm\",\"description\":\"LA PRIMERA RADIO MULTIMEDIA DE TRES ARROYOS\",\"potentialAction\":[{\"@type\":\"SearchAction\",\"target\":{\"@type\":\"EntryPoint\",\"urlTemplate\":\"https:\/\/ondauno.com.ar\/?s={search_term_string}\"},\"query-input\":\"required name=search_term_string\"}],\"inLanguage\":\"es-AR\"},{\"@type\":\"Person\",\"@id\":\"https:\/\/ondauno.com.ar\/#\/schema\/person\/201d1b68e6c75e0fd396fe5f8af5d139\",\"name\":\"fernando garcia\",\"image\":{\"@type\":\"ImageObject\",\"inLanguage\":\"es-AR\",\"@id\":\"https:\/\/ondauno.com.ar\/#\/schema\/person\/image\/\",\"url\":\"https:\/\/secure.gravatar.com\/avatar\/5f7254642ad81272e79a2e69653cfdfc?s=96&d=mm&r=g\",\"contentUrl\":\"https:\/\/secure.gravatar.com\/avatar\/5f7254642ad81272e79a2e69653cfdfc?s=96&d=mm&r=g\",\"caption\":\"fernando garcia\"},\"url\":\"https:\/\/ondauno.com.ar\/index.php\/author\/ondaunoeditor\/\"}]}<\/script>\n<!-- \/ Yoast SEO plugin. -->","yoast_head_json":{"title":"Camuzzi informa sobre el decreto que suspende cortes de suministro en caso de mora - 103.9 fm","robots":{"index":"index","follow":"follow","max-snippet":"max-snippet:-1","max-image-preview":"max-image-preview:large","max-video-preview":"max-video-preview:-1"},"canonical":"https:\/\/ondauno.com.ar\/index.php\/2020\/03\/30\/camuzzi-informa-sobre-el-decreto-que-suspende-cortes-de-suministro-en-caso-de-mora\/","og_locale":"es_ES","og_type":"article","og_title":"Camuzzi informa sobre el decreto que suspende cortes de suministro en caso de mora - 103.9 fm","og_description":"En el marco del Decreto de Necesidad y Urgencia N\u00b0311\/2020 dispuesto por el Poder Ejecutivo Nacional relacionado con los cortes de suministro en caso de mora o falta de pago, Camuzzi informa a la comunidad los alcances de la medida sancionada. En primer lugar, es oportuno destacar que la compa\u00f1\u00eda cumplir\u00e1 con todas las disposiciones [&hellip;]","og_url":"https:\/\/ondauno.com.ar\/index.php\/2020\/03\/30\/camuzzi-informa-sobre-el-decreto-que-suspende-cortes-de-suministro-en-caso-de-mora\/","og_site_name":"103.9 fm","article_publisher":"https:\/\/www.facebook.com\/ondauno103.9","article_published_time":"2020-03-30T18:22:44+00:00","article_modified_time":"2020-03-30T18:22:47+00:00","og_image":[{"width":760,"height":509,"url":"https:\/\/ondauno.com.ar\/wp-content\/uploads\/2020\/03\/Camuzzi-Gas-Factura-e1562183218614-760x509.jpg","type":"image\/jpeg"}],"author":"fernando garcia","twitter_card":"summary_large_image","twitter_misc":{"Escrito por":"fernando garcia","Tiempo de lectura":"3 minutos"},"schema":{"@context":"https:\/\/schema.org","@graph":[{"@type":"WebPage","@id":"https:\/\/ondauno.com.ar\/index.php\/2020\/03\/30\/camuzzi-informa-sobre-el-decreto-que-suspende-cortes-de-suministro-en-caso-de-mora\/","url":"https:\/\/ondauno.com.ar\/index.php\/2020\/03\/30\/camuzzi-informa-sobre-el-decreto-que-suspende-cortes-de-suministro-en-caso-de-mora\/","name":"Camuzzi informa sobre el decreto que suspende cortes de suministro en caso de mora - 103.9 fm","isPartOf":{"@id":"https:\/\/ondauno.com.ar\/#website"},"datePublished":"2020-03-30T18:22:44+00:00","dateModified":"2020-03-30T18:22:47+00:00","author":{"@id":"https:\/\/ondauno.com.ar\/#\/schema\/person\/201d1b68e6c75e0fd396fe5f8af5d139"},"breadcrumb":{"@id":"https:\/\/ondauno.com.ar\/index.php\/2020\/03\/30\/camuzzi-informa-sobre-el-decreto-que-suspende-cortes-de-suministro-en-caso-de-mora\/#breadcrumb"},"inLanguage":"es-AR","potentialAction":[{"@type":"ReadAction","target":["https:\/\/ondauno.com.ar\/index.php\/2020\/03\/30\/camuzzi-informa-sobre-el-decreto-que-suspende-cortes-de-suministro-en-caso-de-mora\/"]}]},{"@type":"BreadcrumbList","@id":"https:\/\/ondauno.com.ar\/index.php\/2020\/03\/30\/camuzzi-informa-sobre-el-decreto-que-suspende-cortes-de-suministro-en-caso-de-mora\/#breadcrumb","itemListElement":[{"@type":"ListItem","position":1,"name":"Inicio","item":"https:\/\/ondauno.com.ar\/"},{"@type":"ListItem","position":2,"name":"Camuzzi informa sobre el decreto que suspende cortes de suministro en caso de mora"}]},{"@type":"WebSite","@id":"https:\/\/ondauno.com.ar\/#website","url":"https:\/\/ondauno.com.ar\/","name":"103.9 fm","description":"LA PRIMERA RADIO MULTIMEDIA DE TRES ARROYOS","potentialAction":[{"@type":"SearchAction","target":{"@type":"EntryPoint","urlTemplate":"https:\/\/ondauno.com.ar\/?s={search_term_string}"},"query-input":"required name=search_term_string"}],"inLanguage":"es-AR"},{"@type":"Person","@id":"https:\/\/ondauno.com.ar\/#\/schema\/person\/201d1b68e6c75e0fd396fe5f8af5d139","name":"fernando garcia","image":{"@type":"ImageObject","inLanguage":"es-AR","@id":"https:\/\/ondauno.com.ar\/#\/schema\/person\/image\/","url":"https:\/\/secure.gravatar.com\/avatar\/5f7254642ad81272e79a2e69653cfdfc?s=96&d=mm&r=g","contentUrl":"https:\/\/secure.gravatar.com\/avatar\/5f7254642ad81272e79a2e69653cfdfc?s=96&d=mm&r=g","caption":"fernando garcia"},"url":"https:\/\/ondauno.com.ar\/index.php\/author\/ondaunoeditor\/"}]}},"jetpack_publicize_connections":[],"jetpack_featured_media_url":"","jetpack_sharing_enabled":true,"_links":{"self":[{"href":"https:\/\/ondauno.com.ar\/index.php\/wp-json\/wp\/v2\/posts\/7549","targetHints":{"allow":["GET"]}}],"collection":[{"href":"https:\/\/ondauno.com.ar\/index.php\/wp-json\/wp\/v2\/posts"}],"about":[{"href":"https:\/\/ondauno.com.ar\/index.php\/wp-json\/wp\/v2\/types\/post"}],"author":[{"embeddable":true,"href":"https:\/\/ondauno.com.ar\/index.php\/wp-json\/wp\/v2\/users\/2"}],"replies":[{"embeddable":true,"href":"https:\/\/ondauno.com.ar\/index.php\/wp-json\/wp\/v2\/comments?post=7549"}],"version-history":[{"count":0,"href":"https:\/\/ondauno.com.ar\/index.php\/wp-json\/wp\/v2\/posts\/7549\/revisions"}],"wp:attachment":[{"href":"https:\/\/ondauno.com.ar\/index.php\/wp-json\/wp\/v2\/media?parent=7549"}],"wp:term":[{"taxonomy":"category","embeddable":true,"href":"https:\/\/ondauno.com.ar\/index.php\/wp-json\/wp\/v2\/categories?post=7549"},{"taxonomy":"post_tag","embeddable":true,"href":"https:\/\/ondauno.com.ar\/index.php\/wp-json\/wp\/v2\/tags?post=7549"}],"curies":[{"name":"wp","href":"https:\/\/api.w.org\/{rel}","templated":true}]}}