{"id":7546,"date":"2020-03-30T15:13:40","date_gmt":"2020-03-30T18:13:40","guid":{"rendered":"http:\/\/ondauno.com.ar\/?p=7546"},"modified":"2020-03-30T15:13:43","modified_gmt":"2020-03-30T18:13:43","slug":"desde-el-frente-de-todos-piden-prorroga-de-tasas-municipales","status":"publish","type":"post","link":"https:\/\/ondauno.com.ar\/index.php\/2020\/03\/30\/desde-el-frente-de-todos-piden-prorroga-de-tasas-municipales\/","title":{"rendered":"Desde el Frente de Todos piden pr\u00f3rroga de tasas municipales"},"content":{"rendered":"<div class=\"ondau-before-content_3\" style=\"margin-top: -30px;\" id=\"ondau-1718158628\"><a href=\"https:\/\/www.lps.com.ar\/\" aria-label=\"la-perse2\"><img loading=\"lazy\" decoding=\"async\" src=\"https:\/\/ondauno.com.ar\/wp-content\/uploads\/2021\/10\/la-perse2.jpg\" alt=\"\"  srcset=\"https:\/\/ondauno.com.ar\/wp-content\/uploads\/2021\/10\/la-perse2.jpg 1353w, https:\/\/ondauno.com.ar\/wp-content\/uploads\/2021\/10\/la-perse2-300x43.jpg 300w, https:\/\/ondauno.com.ar\/wp-content\/uploads\/2021\/10\/la-perse2-1024x148.jpg 1024w, https:\/\/ondauno.com.ar\/wp-content\/uploads\/2021\/10\/la-perse2-768x111.jpg 768w, https:\/\/ondauno.com.ar\/wp-content\/uploads\/2021\/10\/la-perse2-696x100.jpg 696w, https:\/\/ondauno.com.ar\/wp-content\/uploads\/2021\/10\/la-perse2-1068x154.jpg 1068w\" sizes=\"(max-width: 1353px) 100vw, 1353px\" class=\"no-lazyload\" width=\"1353\" height=\"195\"  style=\"display: inline-block;\" \/><\/a><\/div>\n<p><br> El Diputado Pablo Garate junto a los Concejales del Frente de Todos y el Secretario del HCD le solicitaron al Intendente Carlos S\u00e1nchez una pr\u00f3rroga en el vencimiento de Tasas Municipales.<br> Teniendo en cuenta la situaci\u00f3n generada por el aislamiento preventivo para prevenir el contagio del COVID-19, y la dificultad de nuestros vecinos para afrontar los vencimientos, se solicit\u00f3 una pr\u00f3rroga de 90 d\u00edas en tasas domiciliarias como as\u00ed tambi\u00e9n en la Tasa Unificada para comercios de nuestro Distrito.<\/p>\n\n\n\n<p><strong>La Nota presentada<\/strong><br> <\/p>\n\n\n\n<p><br> Tres Arroyos, 30 de Marzo de 2020.-<br> Sr Intendente Municipal<br> Carlos S\u00e1nchez <br> S__\/__D<br>                                                                     Nos dirigimos a Usted, a fin de solicitarle, nuevamente, una pr\u00f3rroga en el vencimiento de las Tasas municipales, tanto domiciliarias como Tasa Unificada para los comercios.<br>                                                                     Motiva esta solicitud la dif\u00edcil situaci\u00f3n econ\u00f3mica que afrontan nuestros vecinos debido a la cuarentena obligatoria dictada para prevenir la pandemia COVID-19. Muchos tresarroyenses no pueden cumplir con sus labores y por ende los ingresos bajan y est\u00e1 claro que se les dificultar\u00e1 hacer frente a sus obligaciones para con el municipio. Situaci\u00f3n similar vive el comercio local, y muchos permanecen cerrados durante este per\u00edodo. Es por eso, que solicitaos se prorroguen los vencimientos por un plazo de 90 d\u00edas con el fin de evitar acumulaci\u00f3n de intereses por deuda y colaborar con la econom\u00eda dom\u00e9stica de los tresarroyenses. <br>                                                              Sin m\u00e1s, y poni\u00e9ndonos a disposici\u00f3n, lo saludamos cordialmente.<br><\/p>\n","protected":false},"excerpt":{"rendered":"<p>El Diputado Pablo Garate junto a los Concejales del Frente de Todos y el Secretario del HCD le solicitaron al Intendente Carlos S\u00e1nchez una pr\u00f3rroga en el vencimiento de Tasas Municipales. Teniendo en cuenta la situaci\u00f3n generada por el aislamiento preventivo para prevenir el contagio del COVID-19, y la dificultad de nuestros vecinos para afrontar [&hellip;]<\/p>\n","protected":false},"author":2,"featured_media":0,"comment_status":"open","ping_status":"open","sticky":false,"template":"","format":"standard","meta":{"tdm_status":"","tdm_grid_status":"","_jetpack_memberships_contains_paid_content":false,"footnotes":"","jetpack_publicize_message":"","jetpack_publicize_feature_enabled":true,"jetpack_social_post_already_shared":false,"jetpack_social_options":{"image_generator_settings":{"template":"highway","default_image_id":0,"font":"","enabled":false},"version":2}},"categories":[2],"tags":[],"class_list":{"0":"post-7546","1":"post","2":"type-post","3":"status-publish","4":"format-standard","6":"category-locales"},"yoast_head":"<!-- This site is optimized with the Yoast SEO plugin v22.7 - https:\/\/yoast.com\/wordpress\/plugins\/seo\/ -->\n<title>Desde el Frente de Todos piden pr\u00f3rroga de tasas municipales - 103.9 fm<\/title>\n<meta name=\"robots\" content=\"index, follow, max-snippet:-1, max-image-preview:large, max-video-preview:-1\" \/>\n<link rel=\"canonical\" href=\"https:\/\/ondauno.com.ar\/index.php\/2020\/03\/30\/desde-el-frente-de-todos-piden-prorroga-de-tasas-municipales\/\" \/>\n<meta property=\"og:locale\" content=\"es_ES\" \/>\n<meta property=\"og:type\" content=\"article\" \/>\n<meta property=\"og:title\" content=\"Desde el Frente de Todos piden pr\u00f3rroga de tasas municipales - 103.9 fm\" \/>\n<meta property=\"og:description\" content=\"El Diputado Pablo Garate junto a los Concejales del Frente de Todos y el Secretario del HCD le solicitaron al Intendente Carlos S\u00e1nchez una pr\u00f3rroga en el vencimiento de Tasas Municipales. Teniendo en cuenta la situaci\u00f3n generada por el aislamiento preventivo para prevenir el contagio del COVID-19, y la dificultad de nuestros vecinos para afrontar [&hellip;]\" \/>\n<meta property=\"og:url\" content=\"https:\/\/ondauno.com.ar\/index.php\/2020\/03\/30\/desde-el-frente-de-todos-piden-prorroga-de-tasas-municipales\/\" \/>\n<meta property=\"og:site_name\" content=\"103.9 fm\" \/>\n<meta property=\"article:publisher\" content=\"https:\/\/www.facebook.com\/ondauno103.9\" \/>\n<meta property=\"article:published_time\" content=\"2020-03-30T18:13:40+00:00\" \/>\n<meta property=\"article:modified_time\" content=\"2020-03-30T18:13:43+00:00\" \/>\n<meta property=\"og:image\" content=\"https:\/\/ondauno.com.ar\/wp-content\/uploads\/2020\/03\/lvp.bloque-todos.jpeg\" \/>\n\t<meta property=\"og:image:width\" content=\"960\" \/>\n\t<meta property=\"og:image:height\" content=\"536\" \/>\n\t<meta property=\"og:image:type\" content=\"image\/jpeg\" \/>\n<meta name=\"author\" content=\"fernando garcia\" \/>\n<meta name=\"twitter:card\" content=\"summary_large_image\" \/>\n<meta name=\"twitter:label1\" content=\"Escrito por\" \/>\n\t<meta name=\"twitter:data1\" content=\"fernando garcia\" \/>\n\t<meta name=\"twitter:label2\" content=\"Tiempo de lectura\" \/>\n\t<meta name=\"twitter:data2\" content=\"1 minuto\" \/>\n<script type=\"application\/ld+json\" class=\"yoast-schema-graph\">{\"@context\":\"https:\/\/schema.org\",\"@graph\":[{\"@type\":\"WebPage\",\"@id\":\"https:\/\/ondauno.com.ar\/index.php\/2020\/03\/30\/desde-el-frente-de-todos-piden-prorroga-de-tasas-municipales\/\",\"url\":\"https:\/\/ondauno.com.ar\/index.php\/2020\/03\/30\/desde-el-frente-de-todos-piden-prorroga-de-tasas-municipales\/\",\"name\":\"Desde el Frente de Todos piden pr\u00f3rroga de tasas municipales - 103.9 fm\",\"isPartOf\":{\"@id\":\"https:\/\/ondauno.com.ar\/#website\"},\"datePublished\":\"2020-03-30T18:13:40+00:00\",\"dateModified\":\"2020-03-30T18:13:43+00:00\",\"author\":{\"@id\":\"https:\/\/ondauno.com.ar\/#\/schema\/person\/201d1b68e6c75e0fd396fe5f8af5d139\"},\"breadcrumb\":{\"@id\":\"https:\/\/ondauno.com.ar\/index.php\/2020\/03\/30\/desde-el-frente-de-todos-piden-prorroga-de-tasas-municipales\/#breadcrumb\"},\"inLanguage\":\"es-AR\",\"potentialAction\":[{\"@type\":\"ReadAction\",\"target\":[\"https:\/\/ondauno.com.ar\/index.php\/2020\/03\/30\/desde-el-frente-de-todos-piden-prorroga-de-tasas-municipales\/\"]}]},{\"@type\":\"BreadcrumbList\",\"@id\":\"https:\/\/ondauno.com.ar\/index.php\/2020\/03\/30\/desde-el-frente-de-todos-piden-prorroga-de-tasas-municipales\/#breadcrumb\",\"itemListElement\":[{\"@type\":\"ListItem\",\"position\":1,\"name\":\"Inicio\",\"item\":\"https:\/\/ondauno.com.ar\/\"},{\"@type\":\"ListItem\",\"position\":2,\"name\":\"Desde el Frente de Todos piden pr\u00f3rroga de tasas municipales\"}]},{\"@type\":\"WebSite\",\"@id\":\"https:\/\/ondauno.com.ar\/#website\",\"url\":\"https:\/\/ondauno.com.ar\/\",\"name\":\"103.9 fm\",\"description\":\"LA PRIMERA RADIO MULTIMEDIA DE TRES ARROYOS\",\"potentialAction\":[{\"@type\":\"SearchAction\",\"target\":{\"@type\":\"EntryPoint\",\"urlTemplate\":\"https:\/\/ondauno.com.ar\/?s={search_term_string}\"},\"query-input\":\"required name=search_term_string\"}],\"inLanguage\":\"es-AR\"},{\"@type\":\"Person\",\"@id\":\"https:\/\/ondauno.com.ar\/#\/schema\/person\/201d1b68e6c75e0fd396fe5f8af5d139\",\"name\":\"fernando garcia\",\"image\":{\"@type\":\"ImageObject\",\"inLanguage\":\"es-AR\",\"@id\":\"https:\/\/ondauno.com.ar\/#\/schema\/person\/image\/\",\"url\":\"https:\/\/secure.gravatar.com\/avatar\/5f7254642ad81272e79a2e69653cfdfc?s=96&d=mm&r=g\",\"contentUrl\":\"https:\/\/secure.gravatar.com\/avatar\/5f7254642ad81272e79a2e69653cfdfc?s=96&d=mm&r=g\",\"caption\":\"fernando garcia\"},\"url\":\"https:\/\/ondauno.com.ar\/index.php\/author\/ondaunoeditor\/\"}]}<\/script>\n<!-- \/ Yoast SEO plugin. -->","yoast_head_json":{"title":"Desde el Frente de Todos piden pr\u00f3rroga de tasas municipales - 103.9 fm","robots":{"index":"index","follow":"follow","max-snippet":"max-snippet:-1","max-image-preview":"max-image-preview:large","max-video-preview":"max-video-preview:-1"},"canonical":"https:\/\/ondauno.com.ar\/index.php\/2020\/03\/30\/desde-el-frente-de-todos-piden-prorroga-de-tasas-municipales\/","og_locale":"es_ES","og_type":"article","og_title":"Desde el Frente de Todos piden pr\u00f3rroga de tasas municipales - 103.9 fm","og_description":"El Diputado Pablo Garate junto a los Concejales del Frente de Todos y el Secretario del HCD le solicitaron al Intendente Carlos S\u00e1nchez una pr\u00f3rroga en el vencimiento de Tasas Municipales. Teniendo en cuenta la situaci\u00f3n generada por el aislamiento preventivo para prevenir el contagio del COVID-19, y la dificultad de nuestros vecinos para afrontar [&hellip;]","og_url":"https:\/\/ondauno.com.ar\/index.php\/2020\/03\/30\/desde-el-frente-de-todos-piden-prorroga-de-tasas-municipales\/","og_site_name":"103.9 fm","article_publisher":"https:\/\/www.facebook.com\/ondauno103.9","article_published_time":"2020-03-30T18:13:40+00:00","article_modified_time":"2020-03-30T18:13:43+00:00","og_image":[{"width":960,"height":536,"url":"https:\/\/ondauno.com.ar\/wp-content\/uploads\/2020\/03\/lvp.bloque-todos.jpeg","type":"image\/jpeg"}],"author":"fernando garcia","twitter_card":"summary_large_image","twitter_misc":{"Escrito por":"fernando garcia","Tiempo de lectura":"1 minuto"},"schema":{"@context":"https:\/\/schema.org","@graph":[{"@type":"WebPage","@id":"https:\/\/ondauno.com.ar\/index.php\/2020\/03\/30\/desde-el-frente-de-todos-piden-prorroga-de-tasas-municipales\/","url":"https:\/\/ondauno.com.ar\/index.php\/2020\/03\/30\/desde-el-frente-de-todos-piden-prorroga-de-tasas-municipales\/","name":"Desde el Frente de Todos piden pr\u00f3rroga de tasas municipales - 103.9 fm","isPartOf":{"@id":"https:\/\/ondauno.com.ar\/#website"},"datePublished":"2020-03-30T18:13:40+00:00","dateModified":"2020-03-30T18:13:43+00:00","author":{"@id":"https:\/\/ondauno.com.ar\/#\/schema\/person\/201d1b68e6c75e0fd396fe5f8af5d139"},"breadcrumb":{"@id":"https:\/\/ondauno.com.ar\/index.php\/2020\/03\/30\/desde-el-frente-de-todos-piden-prorroga-de-tasas-municipales\/#breadcrumb"},"inLanguage":"es-AR","potentialAction":[{"@type":"ReadAction","target":["https:\/\/ondauno.com.ar\/index.php\/2020\/03\/30\/desde-el-frente-de-todos-piden-prorroga-de-tasas-municipales\/"]}]},{"@type":"BreadcrumbList","@id":"https:\/\/ondauno.com.ar\/index.php\/2020\/03\/30\/desde-el-frente-de-todos-piden-prorroga-de-tasas-municipales\/#breadcrumb","itemListElement":[{"@type":"ListItem","position":1,"name":"Inicio","item":"https:\/\/ondauno.com.ar\/"},{"@type":"ListItem","position":2,"name":"Desde el Frente de Todos piden pr\u00f3rroga de tasas municipales"}]},{"@type":"WebSite","@id":"https:\/\/ondauno.com.ar\/#website","url":"https:\/\/ondauno.com.ar\/","name":"103.9 fm","description":"LA PRIMERA RADIO MULTIMEDIA DE TRES ARROYOS","potentialAction":[{"@type":"SearchAction","target":{"@type":"EntryPoint","urlTemplate":"https:\/\/ondauno.com.ar\/?s={search_term_string}"},"query-input":"required name=search_term_string"}],"inLanguage":"es-AR"},{"@type":"Person","@id":"https:\/\/ondauno.com.ar\/#\/schema\/person\/201d1b68e6c75e0fd396fe5f8af5d139","name":"fernando garcia","image":{"@type":"ImageObject","inLanguage":"es-AR","@id":"https:\/\/ondauno.com.ar\/#\/schema\/person\/image\/","url":"https:\/\/secure.gravatar.com\/avatar\/5f7254642ad81272e79a2e69653cfdfc?s=96&d=mm&r=g","contentUrl":"https:\/\/secure.gravatar.com\/avatar\/5f7254642ad81272e79a2e69653cfdfc?s=96&d=mm&r=g","caption":"fernando garcia"},"url":"https:\/\/ondauno.com.ar\/index.php\/author\/ondaunoeditor\/"}]}},"jetpack_publicize_connections":[],"jetpack_featured_media_url":"","jetpack_sharing_enabled":true,"_links":{"self":[{"href":"https:\/\/ondauno.com.ar\/index.php\/wp-json\/wp\/v2\/posts\/7546","targetHints":{"allow":["GET"]}}],"collection":[{"href":"https:\/\/ondauno.com.ar\/index.php\/wp-json\/wp\/v2\/posts"}],"about":[{"href":"https:\/\/ondauno.com.ar\/index.php\/wp-json\/wp\/v2\/types\/post"}],"author":[{"embeddable":true,"href":"https:\/\/ondauno.com.ar\/index.php\/wp-json\/wp\/v2\/users\/2"}],"replies":[{"embeddable":true,"href":"https:\/\/ondauno.com.ar\/index.php\/wp-json\/wp\/v2\/comments?post=7546"}],"version-history":[{"count":0,"href":"https:\/\/ondauno.com.ar\/index.php\/wp-json\/wp\/v2\/posts\/7546\/revisions"}],"wp:attachment":[{"href":"https:\/\/ondauno.com.ar\/index.php\/wp-json\/wp\/v2\/media?parent=7546"}],"wp:term":[{"taxonomy":"category","embeddable":true,"href":"https:\/\/ondauno.com.ar\/index.php\/wp-json\/wp\/v2\/categories?post=7546"},{"taxonomy":"post_tag","embeddable":true,"href":"https:\/\/ondauno.com.ar\/index.php\/wp-json\/wp\/v2\/tags?post=7546"}],"curies":[{"name":"wp","href":"https:\/\/api.w.org\/{rel}","templated":true}]}}