{"id":7533,"date":"2020-03-30T14:44:41","date_gmt":"2020-03-30T17:44:41","guid":{"rendered":"http:\/\/ondauno.com.ar\/?p=7533"},"modified":"2020-03-30T14:44:43","modified_gmt":"2020-03-30T17:44:43","slug":"chaves-nuevas-medidas-de-circulacion-para-personas-y-vehiculos","status":"publish","type":"post","link":"https:\/\/ondauno.com.ar\/index.php\/2020\/03\/30\/chaves-nuevas-medidas-de-circulacion-para-personas-y-vehiculos\/","title":{"rendered":"CHAVES: Nuevas medidas de circulaci\u00f3n para personas y veh\u00edculos"},"content":{"rendered":"<div class=\"ondau-before-content_3\" style=\"margin-top: -30px;\" id=\"ondau-4147176968\"><a href=\"https:\/\/www.lps.com.ar\/\" aria-label=\"la-perse2\"><img loading=\"lazy\" decoding=\"async\" src=\"https:\/\/ondauno.com.ar\/wp-content\/uploads\/2021\/10\/la-perse2.jpg\" alt=\"\"  srcset=\"https:\/\/ondauno.com.ar\/wp-content\/uploads\/2021\/10\/la-perse2.jpg 1353w, https:\/\/ondauno.com.ar\/wp-content\/uploads\/2021\/10\/la-perse2-300x43.jpg 300w, https:\/\/ondauno.com.ar\/wp-content\/uploads\/2021\/10\/la-perse2-1024x148.jpg 1024w, https:\/\/ondauno.com.ar\/wp-content\/uploads\/2021\/10\/la-perse2-768x111.jpg 768w, https:\/\/ondauno.com.ar\/wp-content\/uploads\/2021\/10\/la-perse2-696x100.jpg 696w, https:\/\/ondauno.com.ar\/wp-content\/uploads\/2021\/10\/la-perse2-1068x154.jpg 1068w\" sizes=\"(max-width: 1353px) 100vw, 1353px\" class=\"no-lazyload\" width=\"1353\" height=\"195\"  style=\"display: inline-block;\" \/><\/a><\/div>\n<p>La secretaria de Seguridad de&nbsp; Gonzales Chaves informa que a partir de este lunes 30 de marzo y mientras dure la cuarentena dispuesta por el Gobierno Nacional por la emergencia de coronavirus, los ciudadanos del distrito deber\u00e1n tener en cuenta las siguientes recomendaciones.<\/p>\n\n\n\n<p>&#8211; Personas y veh\u00edculos deber\u00e1n transitar en el horario de 8&nbsp; a 15 horas (desplazamientos m\u00ednimos para aprovisionarse de art\u00edculos de limpieza, medicamentos y alimentos).<\/p>\n\n\n\n<p>&#8211; Respetar las distancias de un metro entre personas.<\/p>\n\n\n\n<p>&#8211; No realizar ni recibir visitas, ni reuniones sociales de ning\u00fan tipo. En las viviendas permanecer solamente el grupo familiar. Se efectuar\u00e1n controles, y de comprobarse incumplimiento se dar\u00e1 intervenci\u00f3n a la Justicia Federal. Se solicita la colaboraci\u00f3n de los vecinos que tomen conocimiento de este tipo de irregularidades comunicarse con la Polic\u00eda Comunal a los tel\u00e9fonos 481297 o 481360.<\/p>\n\n\n\n<p>-Las personas que circulen fuera de esos horarios deber\u00e1n indefectiblemente hacerlo con el Certificado \u00danico Habilitante para Circulaci\u00f3n (CUHC) con car\u00e1cter de declaraci\u00f3n jurada que otorga el Gobierno Nacional, caso contrario se iniciar\u00e1n actuaciones con intervenci\u00f3n de la Justicia Federal de Necochea. Aunque el nuevo certificado entrar\u00e1 en vigencia el pr\u00f3ximo mi\u00e9rcoles 1, en tanto podr\u00e1n hacerlo con la constancia de inscripci\u00f3n que se ven\u00eda utilizando.<\/p>\n\n\n\n<p>-Las personas que deban trasladarse a la zona rural podr\u00e1n hasta el mi\u00e9rcoles 1 de abril hacerlo con la constancia de inscripci\u00f3n, y desde esa fecha deber\u00e1n poseer el CUHC.<\/p>\n\n\n\n<p>-Se solicitar\u00e1, tambi\u00e9n, las respectivas constancias extendidas por los productores agropecuarios cuando se trasladen empleados y otras personas a realizar trabajos rurales quienes deber\u00e1n hacerlo con el CUHC, al igual que los transportistas.<\/p>\n\n\n\n<p>-Tambi\u00e9n deber\u00e1n circular con dicho certificado las personas que tienen a cargo el cuidado de adultos mayores, discapacitados, o ni\u00f1as, ni\u00f1os y adolescentes, as\u00ed como todas las personas que est\u00e9n afectadas a servicios esenciales.<\/p>\n\n\n\n<p>-Adem\u00e1s de la Declaraci\u00f3n Jurada que se confecciona en los ingresos, se registrar\u00e1 la entrada y salida de todas las personas que pasen por los controles solicit\u00e1ndoles las documentaciones respectivas para transitar.<\/p>\n\n\n\n<p>Importante: Se solicita la colaboraci\u00f3n de las personas que por razones laborales deban salir de la ciudad, que unan los esfuerzos para organizar las salidas, ya que se ha constatado que varias personas&nbsp; entran y salen varias veces de la ciudad.<\/p>\n","protected":false},"excerpt":{"rendered":"<p>La secretaria de Seguridad de&nbsp; Gonzales Chaves informa que a partir de este lunes 30 de marzo y mientras dure la cuarentena dispuesta por el Gobierno Nacional por la emergencia de coronavirus, los ciudadanos del distrito deber\u00e1n tener en cuenta las siguientes recomendaciones. &#8211; Personas y veh\u00edculos deber\u00e1n transitar en el horario de 8&nbsp; a [&hellip;]<\/p>\n","protected":false},"author":2,"featured_media":0,"comment_status":"open","ping_status":"open","sticky":false,"template":"","format":"standard","meta":{"tdm_status":"","tdm_grid_status":"","_jetpack_memberships_contains_paid_content":false,"footnotes":"","jetpack_publicize_message":"","jetpack_publicize_feature_enabled":true,"jetpack_social_post_already_shared":false,"jetpack_social_options":{"image_generator_settings":{"template":"highway","default_image_id":0,"font":"","enabled":false},"version":2}},"categories":[35],"tags":[],"class_list":{"0":"post-7533","1":"post","2":"type-post","3":"status-publish","4":"format-standard","6":"category-regionales"},"yoast_head":"<!-- This site is optimized with the Yoast SEO plugin v22.7 - https:\/\/yoast.com\/wordpress\/plugins\/seo\/ -->\n<title>CHAVES: Nuevas medidas de circulaci\u00f3n para personas y veh\u00edculos - 103.9 fm<\/title>\n<meta name=\"robots\" content=\"index, follow, max-snippet:-1, max-image-preview:large, max-video-preview:-1\" \/>\n<link rel=\"canonical\" href=\"https:\/\/ondauno.com.ar\/index.php\/2020\/03\/30\/chaves-nuevas-medidas-de-circulacion-para-personas-y-vehiculos\/\" \/>\n<meta property=\"og:locale\" content=\"es_ES\" \/>\n<meta property=\"og:type\" content=\"article\" \/>\n<meta property=\"og:title\" content=\"CHAVES: Nuevas medidas de circulaci\u00f3n para personas y veh\u00edculos - 103.9 fm\" \/>\n<meta property=\"og:description\" content=\"La secretaria de Seguridad de&nbsp; Gonzales Chaves informa que a partir de este lunes 30 de marzo y mientras dure la cuarentena dispuesta por el Gobierno Nacional por la emergencia de coronavirus, los ciudadanos del distrito deber\u00e1n tener en cuenta las siguientes recomendaciones. &#8211; Personas y veh\u00edculos deber\u00e1n transitar en el horario de 8&nbsp; a [&hellip;]\" \/>\n<meta property=\"og:url\" content=\"https:\/\/ondauno.com.ar\/index.php\/2020\/03\/30\/chaves-nuevas-medidas-de-circulacion-para-personas-y-vehiculos\/\" \/>\n<meta property=\"og:site_name\" content=\"103.9 fm\" \/>\n<meta property=\"article:publisher\" content=\"https:\/\/www.facebook.com\/ondauno103.9\" \/>\n<meta property=\"article:published_time\" content=\"2020-03-30T17:44:41+00:00\" \/>\n<meta property=\"article:modified_time\" content=\"2020-03-30T17:44:43+00:00\" \/>\n<meta property=\"og:image\" content=\"https:\/\/ondauno.com.ar\/wp-content\/uploads\/2020\/03\/Corte-Circunvalacion-camiones-jueves-26-de-marzo.jpg\" \/>\n\t<meta property=\"og:image:width\" content=\"1265\" \/>\n\t<meta property=\"og:image:height\" content=\"621\" \/>\n\t<meta property=\"og:image:type\" content=\"image\/jpeg\" \/>\n<meta name=\"author\" content=\"fernando garcia\" \/>\n<meta name=\"twitter:card\" content=\"summary_large_image\" \/>\n<meta name=\"twitter:label1\" content=\"Escrito por\" \/>\n\t<meta name=\"twitter:data1\" content=\"fernando garcia\" \/>\n\t<meta name=\"twitter:label2\" content=\"Tiempo de lectura\" \/>\n\t<meta name=\"twitter:data2\" content=\"2 minutos\" \/>\n<script type=\"application\/ld+json\" class=\"yoast-schema-graph\">{\"@context\":\"https:\/\/schema.org\",\"@graph\":[{\"@type\":\"WebPage\",\"@id\":\"https:\/\/ondauno.com.ar\/index.php\/2020\/03\/30\/chaves-nuevas-medidas-de-circulacion-para-personas-y-vehiculos\/\",\"url\":\"https:\/\/ondauno.com.ar\/index.php\/2020\/03\/30\/chaves-nuevas-medidas-de-circulacion-para-personas-y-vehiculos\/\",\"name\":\"CHAVES: Nuevas medidas de circulaci\u00f3n para personas y veh\u00edculos - 103.9 fm\",\"isPartOf\":{\"@id\":\"https:\/\/ondauno.com.ar\/#website\"},\"datePublished\":\"2020-03-30T17:44:41+00:00\",\"dateModified\":\"2020-03-30T17:44:43+00:00\",\"author\":{\"@id\":\"https:\/\/ondauno.com.ar\/#\/schema\/person\/201d1b68e6c75e0fd396fe5f8af5d139\"},\"breadcrumb\":{\"@id\":\"https:\/\/ondauno.com.ar\/index.php\/2020\/03\/30\/chaves-nuevas-medidas-de-circulacion-para-personas-y-vehiculos\/#breadcrumb\"},\"inLanguage\":\"es-AR\",\"potentialAction\":[{\"@type\":\"ReadAction\",\"target\":[\"https:\/\/ondauno.com.ar\/index.php\/2020\/03\/30\/chaves-nuevas-medidas-de-circulacion-para-personas-y-vehiculos\/\"]}]},{\"@type\":\"BreadcrumbList\",\"@id\":\"https:\/\/ondauno.com.ar\/index.php\/2020\/03\/30\/chaves-nuevas-medidas-de-circulacion-para-personas-y-vehiculos\/#breadcrumb\",\"itemListElement\":[{\"@type\":\"ListItem\",\"position\":1,\"name\":\"Inicio\",\"item\":\"https:\/\/ondauno.com.ar\/\"},{\"@type\":\"ListItem\",\"position\":2,\"name\":\"CHAVES: Nuevas medidas de circulaci\u00f3n para personas y veh\u00edculos\"}]},{\"@type\":\"WebSite\",\"@id\":\"https:\/\/ondauno.com.ar\/#website\",\"url\":\"https:\/\/ondauno.com.ar\/\",\"name\":\"103.9 fm\",\"description\":\"LA PRIMERA RADIO MULTIMEDIA DE TRES ARROYOS\",\"potentialAction\":[{\"@type\":\"SearchAction\",\"target\":{\"@type\":\"EntryPoint\",\"urlTemplate\":\"https:\/\/ondauno.com.ar\/?s={search_term_string}\"},\"query-input\":\"required name=search_term_string\"}],\"inLanguage\":\"es-AR\"},{\"@type\":\"Person\",\"@id\":\"https:\/\/ondauno.com.ar\/#\/schema\/person\/201d1b68e6c75e0fd396fe5f8af5d139\",\"name\":\"fernando garcia\",\"image\":{\"@type\":\"ImageObject\",\"inLanguage\":\"es-AR\",\"@id\":\"https:\/\/ondauno.com.ar\/#\/schema\/person\/image\/\",\"url\":\"https:\/\/secure.gravatar.com\/avatar\/5f7254642ad81272e79a2e69653cfdfc?s=96&d=mm&r=g\",\"contentUrl\":\"https:\/\/secure.gravatar.com\/avatar\/5f7254642ad81272e79a2e69653cfdfc?s=96&d=mm&r=g\",\"caption\":\"fernando garcia\"},\"url\":\"https:\/\/ondauno.com.ar\/index.php\/author\/ondaunoeditor\/\"}]}<\/script>\n<!-- \/ Yoast SEO plugin. -->","yoast_head_json":{"title":"CHAVES: Nuevas medidas de circulaci\u00f3n para personas y veh\u00edculos - 103.9 fm","robots":{"index":"index","follow":"follow","max-snippet":"max-snippet:-1","max-image-preview":"max-image-preview:large","max-video-preview":"max-video-preview:-1"},"canonical":"https:\/\/ondauno.com.ar\/index.php\/2020\/03\/30\/chaves-nuevas-medidas-de-circulacion-para-personas-y-vehiculos\/","og_locale":"es_ES","og_type":"article","og_title":"CHAVES: Nuevas medidas de circulaci\u00f3n para personas y veh\u00edculos - 103.9 fm","og_description":"La secretaria de Seguridad de&nbsp; Gonzales Chaves informa que a partir de este lunes 30 de marzo y mientras dure la cuarentena dispuesta por el Gobierno Nacional por la emergencia de coronavirus, los ciudadanos del distrito deber\u00e1n tener en cuenta las siguientes recomendaciones. &#8211; Personas y veh\u00edculos deber\u00e1n transitar en el horario de 8&nbsp; a [&hellip;]","og_url":"https:\/\/ondauno.com.ar\/index.php\/2020\/03\/30\/chaves-nuevas-medidas-de-circulacion-para-personas-y-vehiculos\/","og_site_name":"103.9 fm","article_publisher":"https:\/\/www.facebook.com\/ondauno103.9","article_published_time":"2020-03-30T17:44:41+00:00","article_modified_time":"2020-03-30T17:44:43+00:00","og_image":[{"width":1265,"height":621,"url":"https:\/\/ondauno.com.ar\/wp-content\/uploads\/2020\/03\/Corte-Circunvalacion-camiones-jueves-26-de-marzo.jpg","type":"image\/jpeg"}],"author":"fernando garcia","twitter_card":"summary_large_image","twitter_misc":{"Escrito por":"fernando garcia","Tiempo de lectura":"2 minutos"},"schema":{"@context":"https:\/\/schema.org","@graph":[{"@type":"WebPage","@id":"https:\/\/ondauno.com.ar\/index.php\/2020\/03\/30\/chaves-nuevas-medidas-de-circulacion-para-personas-y-vehiculos\/","url":"https:\/\/ondauno.com.ar\/index.php\/2020\/03\/30\/chaves-nuevas-medidas-de-circulacion-para-personas-y-vehiculos\/","name":"CHAVES: Nuevas medidas de circulaci\u00f3n para personas y veh\u00edculos - 103.9 fm","isPartOf":{"@id":"https:\/\/ondauno.com.ar\/#website"},"datePublished":"2020-03-30T17:44:41+00:00","dateModified":"2020-03-30T17:44:43+00:00","author":{"@id":"https:\/\/ondauno.com.ar\/#\/schema\/person\/201d1b68e6c75e0fd396fe5f8af5d139"},"breadcrumb":{"@id":"https:\/\/ondauno.com.ar\/index.php\/2020\/03\/30\/chaves-nuevas-medidas-de-circulacion-para-personas-y-vehiculos\/#breadcrumb"},"inLanguage":"es-AR","potentialAction":[{"@type":"ReadAction","target":["https:\/\/ondauno.com.ar\/index.php\/2020\/03\/30\/chaves-nuevas-medidas-de-circulacion-para-personas-y-vehiculos\/"]}]},{"@type":"BreadcrumbList","@id":"https:\/\/ondauno.com.ar\/index.php\/2020\/03\/30\/chaves-nuevas-medidas-de-circulacion-para-personas-y-vehiculos\/#breadcrumb","itemListElement":[{"@type":"ListItem","position":1,"name":"Inicio","item":"https:\/\/ondauno.com.ar\/"},{"@type":"ListItem","position":2,"name":"CHAVES: Nuevas medidas de circulaci\u00f3n para personas y veh\u00edculos"}]},{"@type":"WebSite","@id":"https:\/\/ondauno.com.ar\/#website","url":"https:\/\/ondauno.com.ar\/","name":"103.9 fm","description":"LA PRIMERA RADIO MULTIMEDIA DE TRES ARROYOS","potentialAction":[{"@type":"SearchAction","target":{"@type":"EntryPoint","urlTemplate":"https:\/\/ondauno.com.ar\/?s={search_term_string}"},"query-input":"required name=search_term_string"}],"inLanguage":"es-AR"},{"@type":"Person","@id":"https:\/\/ondauno.com.ar\/#\/schema\/person\/201d1b68e6c75e0fd396fe5f8af5d139","name":"fernando garcia","image":{"@type":"ImageObject","inLanguage":"es-AR","@id":"https:\/\/ondauno.com.ar\/#\/schema\/person\/image\/","url":"https:\/\/secure.gravatar.com\/avatar\/5f7254642ad81272e79a2e69653cfdfc?s=96&d=mm&r=g","contentUrl":"https:\/\/secure.gravatar.com\/avatar\/5f7254642ad81272e79a2e69653cfdfc?s=96&d=mm&r=g","caption":"fernando garcia"},"url":"https:\/\/ondauno.com.ar\/index.php\/author\/ondaunoeditor\/"}]}},"jetpack_publicize_connections":[],"jetpack_featured_media_url":"","jetpack_sharing_enabled":true,"_links":{"self":[{"href":"https:\/\/ondauno.com.ar\/index.php\/wp-json\/wp\/v2\/posts\/7533","targetHints":{"allow":["GET"]}}],"collection":[{"href":"https:\/\/ondauno.com.ar\/index.php\/wp-json\/wp\/v2\/posts"}],"about":[{"href":"https:\/\/ondauno.com.ar\/index.php\/wp-json\/wp\/v2\/types\/post"}],"author":[{"embeddable":true,"href":"https:\/\/ondauno.com.ar\/index.php\/wp-json\/wp\/v2\/users\/2"}],"replies":[{"embeddable":true,"href":"https:\/\/ondauno.com.ar\/index.php\/wp-json\/wp\/v2\/comments?post=7533"}],"version-history":[{"count":0,"href":"https:\/\/ondauno.com.ar\/index.php\/wp-json\/wp\/v2\/posts\/7533\/revisions"}],"wp:attachment":[{"href":"https:\/\/ondauno.com.ar\/index.php\/wp-json\/wp\/v2\/media?parent=7533"}],"wp:term":[{"taxonomy":"category","embeddable":true,"href":"https:\/\/ondauno.com.ar\/index.php\/wp-json\/wp\/v2\/categories?post=7533"},{"taxonomy":"post_tag","embeddable":true,"href":"https:\/\/ondauno.com.ar\/index.php\/wp-json\/wp\/v2\/tags?post=7533"}],"curies":[{"name":"wp","href":"https:\/\/api.w.org\/{rel}","templated":true}]}}