{"id":7525,"date":"2020-03-30T14:40:07","date_gmt":"2020-03-30T17:40:07","guid":{"rendered":"http:\/\/ondauno.com.ar\/?p=7525"},"modified":"2020-03-30T14:40:12","modified_gmt":"2020-03-30T17:40:12","slug":"entrega-de-semillas-de-pro-huerta","status":"publish","type":"post","link":"https:\/\/ondauno.com.ar\/index.php\/2020\/03\/30\/entrega-de-semillas-de-pro-huerta\/","title":{"rendered":"Entrega de semillas de Pro Huerta"},"content":{"rendered":"<div class=\"ondau-before-content_3\" style=\"margin-top: -30px;\" id=\"ondau-3086455776\"><a href=\"https:\/\/www.lps.com.ar\/\" aria-label=\"la-perse2\"><img loading=\"lazy\" decoding=\"async\" src=\"https:\/\/ondauno.com.ar\/wp-content\/uploads\/2021\/10\/la-perse2.jpg\" alt=\"\"  srcset=\"https:\/\/ondauno.com.ar\/wp-content\/uploads\/2021\/10\/la-perse2.jpg 1353w, https:\/\/ondauno.com.ar\/wp-content\/uploads\/2021\/10\/la-perse2-300x43.jpg 300w, https:\/\/ondauno.com.ar\/wp-content\/uploads\/2021\/10\/la-perse2-1024x148.jpg 1024w, https:\/\/ondauno.com.ar\/wp-content\/uploads\/2021\/10\/la-perse2-768x111.jpg 768w, https:\/\/ondauno.com.ar\/wp-content\/uploads\/2021\/10\/la-perse2-696x100.jpg 696w, https:\/\/ondauno.com.ar\/wp-content\/uploads\/2021\/10\/la-perse2-1068x154.jpg 1068w\" sizes=\"(max-width: 1353px) 100vw, 1353px\" class=\"no-lazyload\" width=\"1353\" height=\"195\"  style=\"display: inline-block;\" \/><\/a><\/div>\n<p>\n\nEl \u00e1rea de Pro Huerta (Ministerio de Desarrollo Social de la Naci\u00f3n &#8211; INTA) de la Chacra Experimental Integrada Barrow comunica&nbsp;la nueva modalidad de entrega de semillas de la temporada oto\u00f1o &#8211; invierno en el marco de contingencia por la pandemia de Coronavirus.<br>Con el objetivo de promover el aislamiento&nbsp;social y en l\u00ednea con las medidas adoptadas por el Estado Nacional, se resolvi\u00f3 que la entrega no ser\u00e1 tal como ven\u00eda desarroll\u00e1ndose en los \u00faltimos a\u00f1os, a trav\u00e9s de jornadas en CIC, CAPS e instituciones del partido de Tres Arroyos, sino que se realizar\u00e1 mediante las v\u00edas que utiliza la Secretar\u00eda de Desarrollo Social del municipio local para el reparto de los bolsones de alimentos.<br>Previo a esto, se consultar\u00e1 a todas aquellas familias que reciben el bols\u00f3n si desean hacer lo propio con las semillas del Pro Huerta para asegurar el acceso a verduras frescas y a partir de este relevamiento se har\u00e1 la entrega conjuntamente con los bolsones.<br>Para mayor informaci\u00f3n dirigirse por mensaje al 15448761 o mediante los correos electr\u00f3nicos&nbsp;<a href=\"mailto:ca**************@in**.ar\" data-original-string=\"CI0WM\/qIYqZPoqWRw\/lbG2ekjIFMb7omu+LmPds4oHk=\" title=\"This contact has been encoded by Anti-Spam by CleanTalk. Click to decode. To finish the decoding make sure that JavaScript is enabled in your browser.\" target=\"_blank\" rel=\"noreferrer noopener\"><span \n                data-original-string=\"CI0WM\/qIYqZPoqWRw\/lbG2ekjIFMb7omu+LmPds4oHk=\"\n                class=\"apbct-email-encoder\"\n                title=\"This contact has been encoded by Anti-Spam by CleanTalk. Click to decode. To finish the decoding make sure that JavaScript is enabled in your browser.\">ca**************@in**.ar<\/span><\/a>&nbsp;o&nbsp;<a href=\"mailto:ga************@in**.ar\" data-original-string=\"jRuQJANZ3E0aGLS2tDX1rheE5dmHujYnu2wBz7cWBuY=\" title=\"This contact has been encoded by Anti-Spam by CleanTalk. Click to decode. To finish the decoding make sure that JavaScript is enabled in your browser.\" target=\"_blank\" rel=\"noreferrer noopener\"><span \n                data-original-string=\"jRuQJANZ3E0aGLS2tDX1rheE5dmHujYnu2wBz7cWBuY=\"\n                class=\"apbct-email-encoder\"\n                title=\"This contact has been encoded by Anti-Spam by CleanTalk. Click to decode. To finish the decoding make sure that JavaScript is enabled in your browser.\">ga************@in**.ar<\/span><\/a><\/p>\n","protected":false},"excerpt":{"rendered":"<p>El \u00e1rea de Pro Huerta (Ministerio de Desarrollo Social de la Naci\u00f3n &#8211; INTA) de la Chacra Experimental Integrada Barrow comunica&nbsp;la nueva modalidad de entrega de semillas de la temporada oto\u00f1o &#8211; invierno en el marco de contingencia por la pandemia de Coronavirus.Con el objetivo de promover el aislamiento&nbsp;social y en l\u00ednea con las medidas [&hellip;]<\/p>\n","protected":false},"author":2,"featured_media":0,"comment_status":"open","ping_status":"open","sticky":false,"template":"","format":"standard","meta":{"tdm_status":"","tdm_grid_status":"","_jetpack_memberships_contains_paid_content":false,"footnotes":"","jetpack_publicize_message":"","jetpack_publicize_feature_enabled":true,"jetpack_social_post_already_shared":false,"jetpack_social_options":{"image_generator_settings":{"template":"highway","default_image_id":0,"font":"","enabled":false},"version":2}},"categories":[2],"tags":[],"class_list":{"0":"post-7525","1":"post","2":"type-post","3":"status-publish","4":"format-standard","6":"category-locales"},"yoast_head":"<!-- This site is optimized with the Yoast SEO plugin v22.7 - https:\/\/yoast.com\/wordpress\/plugins\/seo\/ -->\n<title>Entrega de semillas de Pro Huerta - 103.9 fm<\/title>\n<meta name=\"robots\" content=\"index, follow, max-snippet:-1, max-image-preview:large, max-video-preview:-1\" \/>\n<link rel=\"canonical\" href=\"https:\/\/ondauno.com.ar\/index.php\/2020\/03\/30\/entrega-de-semillas-de-pro-huerta\/\" \/>\n<meta property=\"og:locale\" content=\"es_ES\" \/>\n<meta property=\"og:type\" content=\"article\" \/>\n<meta property=\"og:title\" content=\"Entrega de semillas de Pro Huerta - 103.9 fm\" \/>\n<meta property=\"og:description\" content=\"El \u00e1rea de Pro Huerta (Ministerio de Desarrollo Social de la Naci\u00f3n &#8211; INTA) de la Chacra Experimental Integrada Barrow comunica&nbsp;la nueva modalidad de entrega de semillas de la temporada oto\u00f1o &#8211; invierno en el marco de contingencia por la pandemia de Coronavirus.Con el objetivo de promover el aislamiento&nbsp;social y en l\u00ednea con las medidas [&hellip;]\" \/>\n<meta property=\"og:url\" content=\"https:\/\/ondauno.com.ar\/index.php\/2020\/03\/30\/entrega-de-semillas-de-pro-huerta\/\" \/>\n<meta property=\"og:site_name\" content=\"103.9 fm\" \/>\n<meta property=\"article:publisher\" content=\"https:\/\/www.facebook.com\/ondauno103.9\" \/>\n<meta property=\"article:published_time\" content=\"2020-03-30T17:40:07+00:00\" \/>\n<meta property=\"article:modified_time\" content=\"2020-03-30T17:40:12+00:00\" \/>\n<meta property=\"og:image\" content=\"https:\/\/ondauno.com.ar\/wp-content\/uploads\/2020\/03\/Curso-huerta.jpg\" \/>\n\t<meta property=\"og:image:width\" content=\"1280\" \/>\n\t<meta property=\"og:image:height\" content=\"721\" \/>\n\t<meta property=\"og:image:type\" content=\"image\/jpeg\" \/>\n<meta name=\"author\" content=\"fernando garcia\" \/>\n<meta name=\"twitter:card\" content=\"summary_large_image\" \/>\n<meta name=\"twitter:label1\" content=\"Escrito por\" \/>\n\t<meta name=\"twitter:data1\" content=\"fernando garcia\" \/>\n\t<meta name=\"twitter:label2\" content=\"Tiempo de lectura\" \/>\n\t<meta name=\"twitter:data2\" content=\"1 minuto\" \/>\n<script type=\"application\/ld+json\" class=\"yoast-schema-graph\">{\"@context\":\"https:\/\/schema.org\",\"@graph\":[{\"@type\":\"WebPage\",\"@id\":\"https:\/\/ondauno.com.ar\/index.php\/2020\/03\/30\/entrega-de-semillas-de-pro-huerta\/\",\"url\":\"https:\/\/ondauno.com.ar\/index.php\/2020\/03\/30\/entrega-de-semillas-de-pro-huerta\/\",\"name\":\"Entrega de semillas de Pro Huerta - 103.9 fm\",\"isPartOf\":{\"@id\":\"https:\/\/ondauno.com.ar\/#website\"},\"datePublished\":\"2020-03-30T17:40:07+00:00\",\"dateModified\":\"2020-03-30T17:40:12+00:00\",\"author\":{\"@id\":\"https:\/\/ondauno.com.ar\/#\/schema\/person\/201d1b68e6c75e0fd396fe5f8af5d139\"},\"breadcrumb\":{\"@id\":\"https:\/\/ondauno.com.ar\/index.php\/2020\/03\/30\/entrega-de-semillas-de-pro-huerta\/#breadcrumb\"},\"inLanguage\":\"es-AR\",\"potentialAction\":[{\"@type\":\"ReadAction\",\"target\":[\"https:\/\/ondauno.com.ar\/index.php\/2020\/03\/30\/entrega-de-semillas-de-pro-huerta\/\"]}]},{\"@type\":\"BreadcrumbList\",\"@id\":\"https:\/\/ondauno.com.ar\/index.php\/2020\/03\/30\/entrega-de-semillas-de-pro-huerta\/#breadcrumb\",\"itemListElement\":[{\"@type\":\"ListItem\",\"position\":1,\"name\":\"Inicio\",\"item\":\"https:\/\/ondauno.com.ar\/\"},{\"@type\":\"ListItem\",\"position\":2,\"name\":\"Entrega de semillas de Pro Huerta\"}]},{\"@type\":\"WebSite\",\"@id\":\"https:\/\/ondauno.com.ar\/#website\",\"url\":\"https:\/\/ondauno.com.ar\/\",\"name\":\"103.9 fm\",\"description\":\"LA PRIMERA RADIO MULTIMEDIA DE TRES ARROYOS\",\"potentialAction\":[{\"@type\":\"SearchAction\",\"target\":{\"@type\":\"EntryPoint\",\"urlTemplate\":\"https:\/\/ondauno.com.ar\/?s={search_term_string}\"},\"query-input\":\"required name=search_term_string\"}],\"inLanguage\":\"es-AR\"},{\"@type\":\"Person\",\"@id\":\"https:\/\/ondauno.com.ar\/#\/schema\/person\/201d1b68e6c75e0fd396fe5f8af5d139\",\"name\":\"fernando garcia\",\"image\":{\"@type\":\"ImageObject\",\"inLanguage\":\"es-AR\",\"@id\":\"https:\/\/ondauno.com.ar\/#\/schema\/person\/image\/\",\"url\":\"https:\/\/secure.gravatar.com\/avatar\/5f7254642ad81272e79a2e69653cfdfc?s=96&d=mm&r=g\",\"contentUrl\":\"https:\/\/secure.gravatar.com\/avatar\/5f7254642ad81272e79a2e69653cfdfc?s=96&d=mm&r=g\",\"caption\":\"fernando garcia\"},\"url\":\"https:\/\/ondauno.com.ar\/index.php\/author\/ondaunoeditor\/\"}]}<\/script>\n<!-- \/ Yoast SEO plugin. -->","yoast_head_json":{"title":"Entrega de semillas de Pro Huerta - 103.9 fm","robots":{"index":"index","follow":"follow","max-snippet":"max-snippet:-1","max-image-preview":"max-image-preview:large","max-video-preview":"max-video-preview:-1"},"canonical":"https:\/\/ondauno.com.ar\/index.php\/2020\/03\/30\/entrega-de-semillas-de-pro-huerta\/","og_locale":"es_ES","og_type":"article","og_title":"Entrega de semillas de Pro Huerta - 103.9 fm","og_description":"El \u00e1rea de Pro Huerta (Ministerio de Desarrollo Social de la Naci\u00f3n &#8211; INTA) de la Chacra Experimental Integrada Barrow comunica&nbsp;la nueva modalidad de entrega de semillas de la temporada oto\u00f1o &#8211; invierno en el marco de contingencia por la pandemia de Coronavirus.Con el objetivo de promover el aislamiento&nbsp;social y en l\u00ednea con las medidas [&hellip;]","og_url":"https:\/\/ondauno.com.ar\/index.php\/2020\/03\/30\/entrega-de-semillas-de-pro-huerta\/","og_site_name":"103.9 fm","article_publisher":"https:\/\/www.facebook.com\/ondauno103.9","article_published_time":"2020-03-30T17:40:07+00:00","article_modified_time":"2020-03-30T17:40:12+00:00","og_image":[{"width":1280,"height":721,"url":"https:\/\/ondauno.com.ar\/wp-content\/uploads\/2020\/03\/Curso-huerta.jpg","type":"image\/jpeg"}],"author":"fernando garcia","twitter_card":"summary_large_image","twitter_misc":{"Escrito por":"fernando garcia","Tiempo de lectura":"1 minuto"},"schema":{"@context":"https:\/\/schema.org","@graph":[{"@type":"WebPage","@id":"https:\/\/ondauno.com.ar\/index.php\/2020\/03\/30\/entrega-de-semillas-de-pro-huerta\/","url":"https:\/\/ondauno.com.ar\/index.php\/2020\/03\/30\/entrega-de-semillas-de-pro-huerta\/","name":"Entrega de semillas de Pro Huerta - 103.9 fm","isPartOf":{"@id":"https:\/\/ondauno.com.ar\/#website"},"datePublished":"2020-03-30T17:40:07+00:00","dateModified":"2020-03-30T17:40:12+00:00","author":{"@id":"https:\/\/ondauno.com.ar\/#\/schema\/person\/201d1b68e6c75e0fd396fe5f8af5d139"},"breadcrumb":{"@id":"https:\/\/ondauno.com.ar\/index.php\/2020\/03\/30\/entrega-de-semillas-de-pro-huerta\/#breadcrumb"},"inLanguage":"es-AR","potentialAction":[{"@type":"ReadAction","target":["https:\/\/ondauno.com.ar\/index.php\/2020\/03\/30\/entrega-de-semillas-de-pro-huerta\/"]}]},{"@type":"BreadcrumbList","@id":"https:\/\/ondauno.com.ar\/index.php\/2020\/03\/30\/entrega-de-semillas-de-pro-huerta\/#breadcrumb","itemListElement":[{"@type":"ListItem","position":1,"name":"Inicio","item":"https:\/\/ondauno.com.ar\/"},{"@type":"ListItem","position":2,"name":"Entrega de semillas de Pro Huerta"}]},{"@type":"WebSite","@id":"https:\/\/ondauno.com.ar\/#website","url":"https:\/\/ondauno.com.ar\/","name":"103.9 fm","description":"LA PRIMERA RADIO MULTIMEDIA DE TRES ARROYOS","potentialAction":[{"@type":"SearchAction","target":{"@type":"EntryPoint","urlTemplate":"https:\/\/ondauno.com.ar\/?s={search_term_string}"},"query-input":"required name=search_term_string"}],"inLanguage":"es-AR"},{"@type":"Person","@id":"https:\/\/ondauno.com.ar\/#\/schema\/person\/201d1b68e6c75e0fd396fe5f8af5d139","name":"fernando garcia","image":{"@type":"ImageObject","inLanguage":"es-AR","@id":"https:\/\/ondauno.com.ar\/#\/schema\/person\/image\/","url":"https:\/\/secure.gravatar.com\/avatar\/5f7254642ad81272e79a2e69653cfdfc?s=96&d=mm&r=g","contentUrl":"https:\/\/secure.gravatar.com\/avatar\/5f7254642ad81272e79a2e69653cfdfc?s=96&d=mm&r=g","caption":"fernando garcia"},"url":"https:\/\/ondauno.com.ar\/index.php\/author\/ondaunoeditor\/"}]}},"jetpack_publicize_connections":[],"jetpack_featured_media_url":"","jetpack_sharing_enabled":true,"_links":{"self":[{"href":"https:\/\/ondauno.com.ar\/index.php\/wp-json\/wp\/v2\/posts\/7525","targetHints":{"allow":["GET"]}}],"collection":[{"href":"https:\/\/ondauno.com.ar\/index.php\/wp-json\/wp\/v2\/posts"}],"about":[{"href":"https:\/\/ondauno.com.ar\/index.php\/wp-json\/wp\/v2\/types\/post"}],"author":[{"embeddable":true,"href":"https:\/\/ondauno.com.ar\/index.php\/wp-json\/wp\/v2\/users\/2"}],"replies":[{"embeddable":true,"href":"https:\/\/ondauno.com.ar\/index.php\/wp-json\/wp\/v2\/comments?post=7525"}],"version-history":[{"count":0,"href":"https:\/\/ondauno.com.ar\/index.php\/wp-json\/wp\/v2\/posts\/7525\/revisions"}],"wp:attachment":[{"href":"https:\/\/ondauno.com.ar\/index.php\/wp-json\/wp\/v2\/media?parent=7525"}],"wp:term":[{"taxonomy":"category","embeddable":true,"href":"https:\/\/ondauno.com.ar\/index.php\/wp-json\/wp\/v2\/categories?post=7525"},{"taxonomy":"post_tag","embeddable":true,"href":"https:\/\/ondauno.com.ar\/index.php\/wp-json\/wp\/v2\/tags?post=7525"}],"curies":[{"name":"wp","href":"https:\/\/api.w.org\/{rel}","templated":true}]}}