{"id":7503,"date":"2020-03-30T14:13:40","date_gmt":"2020-03-30T17:13:40","guid":{"rendered":"http:\/\/ondauno.com.ar\/?p=7503"},"modified":"2020-03-30T14:33:43","modified_gmt":"2020-03-30T17:33:43","slug":"los-detalles-de-como-tramitar-este-nuevo-permiso-de-circulacion","status":"publish","type":"post","link":"https:\/\/ondauno.com.ar\/index.php\/2020\/03\/30\/los-detalles-de-como-tramitar-este-nuevo-permiso-de-circulacion\/","title":{"rendered":"Los detalles de c\u00f3mo tramitar este nuevo permiso de circulaci\u00f3n."},"content":{"rendered":"<div class=\"ondau-before-content_3\" style=\"margin-top: -30px;\" id=\"ondau-3659259124\"><a href=\"https:\/\/www.lps.com.ar\/\" aria-label=\"la-perse2\"><img loading=\"lazy\" decoding=\"async\" src=\"https:\/\/ondauno.com.ar\/wp-content\/uploads\/2021\/10\/la-perse2.jpg\" alt=\"\"  srcset=\"https:\/\/ondauno.com.ar\/wp-content\/uploads\/2021\/10\/la-perse2.jpg 1353w, https:\/\/ondauno.com.ar\/wp-content\/uploads\/2021\/10\/la-perse2-300x43.jpg 300w, https:\/\/ondauno.com.ar\/wp-content\/uploads\/2021\/10\/la-perse2-1024x148.jpg 1024w, https:\/\/ondauno.com.ar\/wp-content\/uploads\/2021\/10\/la-perse2-768x111.jpg 768w, https:\/\/ondauno.com.ar\/wp-content\/uploads\/2021\/10\/la-perse2-696x100.jpg 696w, https:\/\/ondauno.com.ar\/wp-content\/uploads\/2021\/10\/la-perse2-1068x154.jpg 1068w\" sizes=\"(max-width: 1353px) 100vw, 1353px\" class=\"no-lazyload\" width=\"1353\" height=\"195\"  style=\"display: inline-block;\" \/><\/a><\/div>\n<p>En el marco de la extensi\u00f3n de la cuarentena obligatoria hasta despu\u00e9s de Semana Santa dispuesta por el presidente Alberto Fern\u00e1ndez, el gobierno nacional pondr\u00e1 en marcha un nuevo Certificado \u00danico de Circulaci\u00f3n, que deber\u00e1 ser tramitado por aquellos argentinos que est\u00e9n exceptuados por sus labores a cumplir la cuarentena obligatoria. <\/p>\n\n\n\n<p>Cabe recordar que los permisos otorgados en la primera parte de la cuarentena vencer\u00e1n una vez culminada la misma, es decir el 31 de marzo, fecha en la que comenzar\u00e1 a regir este nuevo certificado que podr\u00e1 tramitarse a trav\u00e9s de la pagina&nbsp;https:\/\/tramitesadistancia.gob.ar\/.<\/p>\n\n\n\n<p>All\u00ed, los exceptuados para circular deber\u00e1n ingresar con su n\u00famero de DNI, el n\u00famero de tr\u00e1mite (que se encuentra en la parte delantera del DNI, en la parte inferior del mismo), y el sexo para que la p\u00e1gina los habilite al inicio de sesi\u00f3n. All\u00ed habr\u00e1 un listado de tr\u00e1mites que pueden realizarse desde esa plataforma, y all\u00ed deber\u00e1 elegirse la opci\u00f3n tr\u00e1mite \u00fanico de circulaci\u00f3n.<\/p>\n\n\n\n<p>Por debajo del nombre aparecer\u00e1 la opci\u00f3n para iniciar el tr\u00e1mite, y luego aparecer\u00e1 una pantalla en la que se podr\u00e1 verificar los datos del solicitante. Cabe recordar que el mismo tiene el valor, al igual que en la primera parte de la cuarentena, de declaraci\u00f3n jurada.<\/p>\n\n\n\n<p>Cabe destacar que luego de completar los campos necesarios, en la pantalla formulario&nbsp;\u201cPermiso de Circulaci\u00f3n\u201d, el sistema dar\u00e1 la opci\u00f3n de &#8220;confirmar tr\u00e1mite&#8221;, para dar inicio al chequeo de parte del Estado de la informaci\u00f3n suministrada, con un n\u00famero de tr\u00e1mite.<\/p>\n\n\n\n<p>Una vez culminados estos pasos, el solicitante podr\u00e1 descargar para la impresi\u00f3n del mismo desde la solapa &#8220;mis tr\u00e1mites&#8221;, donde habr\u00e1 un listado de expedientes, que con el n\u00famero de tr\u00e1mite podr\u00e1 saber cu\u00e1l es el que corresponde al del certificado \u00fanico de circulaci\u00f3n. All\u00ed, ya estar\u00e1 disponible el documento que deber\u00e1 adjuntar con su DNI para poder circular desde el hogar hasta el lugar de trabajo y viceversa, de una manera segura, por cualquier requerimiento de control.<\/p>\n\n\n\n<h2 class=\"wp-block-heading\">El decreto completo<\/h2>\n\n\n\n<p><strong>ART\u00cdCULO 1\u00b0<\/strong>.- Implem\u00e9ntase el \u201cCertificado \u00danico Habilitante para Circulaci\u00f3n \u2013 Emergencia COVID-19\u201d para toda persona que encuadre en los supuestos previstos en el art\u00edculo 6\u00b0 del Decreto N\u00b0 297\/20 y en los art\u00edculos 1\u00b0 y 2\u00b0 de la Decisi\u00f3n Administrativa N\u00b0 429\/20, as\u00ed como en aquellas excepciones al \u201caislamiento social, preventivo y obligatorio\u201d que en el futuro se establezcan.<\/p>\n\n\n\n<p>El \u201cCertificado \u00danico Habilitante para Circulaci\u00f3n \u2013 Emergencia COVID-19\u201d ser\u00e1 personal e intransferible y deber\u00e1 tramitarse a trav\u00e9s de la plataforma \u201cTr\u00e1mites a Distancia\u201d (TAD), ingresando a https:\/\/tramitesadistancia.gob.ar\/, a efectos de su presentaci\u00f3n a requerimiento de la autoridad competente al momento de circular por la v\u00eda p\u00fablica, junto con el Documento Nacional de Identidad.<\/p>\n\n\n\n<figure class=\"wp-block-image\"><a href=\"https:\/\/www.clarin.com\/politica\/efecto-coronavirus-inedito-apoyo-votantes-macristas-alberto-fernandez_0_TlmRYh373.html\"><img decoding=\"async\" data-src=\"https:\/\/images.clarin.com\/2020\/03\/21\/alberto-fernandez-durante-un-vuelo___aNkRRCWok_290x290__1.jpg\" alt=\"Efecto coronavirus: in\u00e9dito apoyo de votantes macristas a Alberto Fern\u00e1ndez\" src=\"data:image\/gif;base64,R0lGODlhAQABAAAAACH5BAEKAAEALAAAAAABAAEAAAICTAEAOw==\" class=\"lazyload\" \/><noscript><img decoding=\"async\" src=\"https:\/\/images.clarin.com\/2020\/03\/21\/alberto-fernandez-durante-un-vuelo___aNkRRCWok_290x290__1.jpg\" alt=\"Efecto coronavirus: in\u00e9dito apoyo de votantes macristas a Alberto Fern\u00e1ndez\"\/><\/noscript><\/a><\/figure>\n\n\n\n<p><strong>ART\u00cdCULO 2\u00b0<\/strong>.- Except\u00faase de la obligaci\u00f3n de tramitar y portar el \u201cCertificado \u00danico Habilitante para Circulaci\u00f3n \u2013 Emergencia COVID-19\u201d a aquellas personas que deban desplazarse por supuestos de fuerza mayor, de acuerdo a lo establecido por el art\u00edculo 6\u00b0, inciso 6\u00b0, del Decreto N\u00b0 297\/20. En estos casos, deber\u00e1 acreditarse la excepci\u00f3n al \u201caislamiento social, preventivo y obligatorio\u201d mediante documentaci\u00f3n fehaciente que d\u00e9 cuenta del suceso acaecido.<\/p>\n\n\n\n<p><strong>ART\u00cdCULO 3\u00b0<\/strong>.- El MINISTERIO DEL INTERIOR efectuar\u00e1 los intercambios de informaci\u00f3n que resulten necesarios con organismos y entidades p\u00fablicas y privadas para corroborar la veracidad de los datos consignados al momento de tramitar el \u201cCertificado \u00danico Habilitante para Circulaci\u00f3n \u2013 Emergencia COVID-19\u201d, requiriendo el consentimiento del solicitante cuando fuera pertinente en el marco de lo previsto por la Ley N\u00b0 25.326 y modificatorias.<\/p>\n\n\n\n<p>Una vez validados los datos, se emitir\u00e1 el \u201cCertificado \u00danico Habilitante para Circulaci\u00f3n \u2013 Emergencia COVID19\u201d, que tendr\u00e1 vigencia por el plazo de SIETE (7) d\u00edas corridos, renovable.<\/p>\n\n\n\n<figure class=\"wp-block-image\"><a href=\"https:\/\/www.clarin.com\/politica\/pandemia_0_Ld84gMEWC.html\"><img decoding=\"async\" data-src=\"https:\/\/images.clarin.com\/2020\/03\/11\/alberto-fernandez-junto-al-ministro___UENqEysR_290x290__1.jpg\" alt=\"Alberto Fern\u00e1ndez extiende la cuarentena y el virus marca el ritmo de su gesti\u00f3n\" src=\"data:image\/gif;base64,R0lGODlhAQABAAAAACH5BAEKAAEALAAAAAABAAEAAAICTAEAOw==\" class=\"lazyload\" \/><noscript><img decoding=\"async\" src=\"https:\/\/images.clarin.com\/2020\/03\/11\/alberto-fernandez-junto-al-ministro___UENqEysR_290x290__1.jpg\" alt=\"Alberto Fern\u00e1ndez extiende la cuarentena y el virus marca el ritmo de su gesti\u00f3n\"\/><\/noscript><\/a><\/figure>\n\n\n\n<p>El falseamiento de datos en la tramitaci\u00f3n del \u201cCertificado \u00danico Habilitante para Circulaci\u00f3n \u2013 Emergencia COVID-19\u201d dar\u00e1 lugar a la aplicaci\u00f3n de las sanciones que resulten pertinentes seg\u00fan la normativa vigente.<\/p>\n\n\n\n<p><strong>ART\u00cdCULO 4\u00b0<\/strong>.- La presente norma entrar\u00e1 en vigencia el d\u00eda de su publicaci\u00f3n en el BOLET\u00cdN OFICIAL.<\/p>\n\n\n\n<p><strong>ART\u00cdCULO 5\u00b0<\/strong>.- Comun\u00edquese, publ\u00edquese, d\u00e9se a la DIRECCI\u00d3N NACIONAL DEL REGISTRO OFICIAL y arch\u00edvese<\/p>\n\n\n\n<p><strong>Pasos para iniciar el permiso:<\/strong><\/p>\n\n\n\n<p>1- Acceder a la web de Tr\u00e1mites a Distancia:<br>\n2- Ingresar y registrarse con DNI.<br>\n3- N\u00famero de tr\u00e1mite (el N\u00b0 de tr\u00e1mite se encuentra en la parte frontal del DNI), sexo y luego de ingresar los datos presiona el bot\u00f3n de INICI\u00c1 SESI\u00d3N.<\/p>\n\n\n\n<p>Luego el sistema mostrar\u00e1 el listado de tr\u00e1mites disponibles en la plataforma. Ingresando el nombre del tr\u00e1mite o alguna palabra clave en la barra de b\u00fasquedas podr\u00e1s localizarlo para darle inicio. Debajo del nombre del tr\u00e1mite, vas a observar dos botones:<\/p>\n\n\n\n<ul class=\"wp-block-list\"><li>DETALLES (podr\u00e1s consultarlo para eliminar cualquier duda respecto al alcance del permiso y las excepciones contempladas para poder circular.<\/li><li>INICIAR TR\u00c1MITE (dar\u00e1s comienzo al tr\u00e1mite).<\/li><\/ul>\n\n\n\n<p>Al oprimir INICIAR TR\u00c1MITE, el sistema mostrar\u00e1 una primera pantalla con tus datos Personales, all\u00ed presionar el bot\u00f3n CONTINUAR. En la pantalla siguiente y proceder a completar el formulario \u201cPermiso de Circulaci\u00f3n\u201dcon la informaci\u00f3n solicitada (todos los campos son obligatorios).<\/p>\n\n\n\n<p>Completados los requisitos, al hacer click en CONFIRMAR TR\u00c1MITE, el sistema confirmar\u00e1 la recepci\u00f3n de la documentaci\u00f3n e inicio exitoso del tr\u00e1mite con un n\u00famero de expediente.<\/p>\n\n\n\n<p>Una vez registrada la Solicitud de Permiso de Circulaci\u00f3n el solicitante ser\u00e1 comunicado en la plataforma Tr\u00e1mites a Distancia. Se podr\u00e1 tomar conocimiento de tal comunicaci\u00f3n en la solapa NOTIFICACIONES. Para descargar el permiso de libre circulaci\u00f3n, ir la solapa MIS TR\u00c1MITES, FINALIZADOS. Luego, hacer doble click sobre el expediente en cuesti\u00f3n, o bien, oprimir el bot\u00f3n \u201cConsultar expediente\u201d. Se mostrar\u00e1n todos los documentos del tr\u00e1mite y all\u00ed descargar el denominado \u201cPERMISO DE CIRCULACI\u00d3N\u201d.<\/p>\n","protected":false},"excerpt":{"rendered":"<p>En el marco de la extensi\u00f3n de la cuarentena obligatoria hasta despu\u00e9s de Semana Santa dispuesta por el presidente Alberto Fern\u00e1ndez, el gobierno nacional pondr\u00e1 en marcha un nuevo Certificado \u00danico de Circulaci\u00f3n, que deber\u00e1 ser tramitado por aquellos argentinos que est\u00e9n exceptuados por sus labores a cumplir la cuarentena obligatoria. Cabe recordar que los [&hellip;]<\/p>\n","protected":false},"author":2,"featured_media":0,"comment_status":"open","ping_status":"open","sticky":false,"template":"","format":"standard","meta":{"tdm_status":"","tdm_grid_status":"","_jetpack_memberships_contains_paid_content":false,"footnotes":"","jetpack_publicize_message":"","jetpack_publicize_feature_enabled":true,"jetpack_social_post_already_shared":false,"jetpack_social_options":{"image_generator_settings":{"template":"highway","default_image_id":0,"font":"","enabled":false},"version":2}},"categories":[3],"tags":[],"class_list":{"0":"post-7503","1":"post","2":"type-post","3":"status-publish","4":"format-standard","6":"category-nacionales"},"yoast_head":"<!-- This site is optimized with the Yoast SEO plugin v22.7 - https:\/\/yoast.com\/wordpress\/plugins\/seo\/ -->\n<title>Los detalles de c\u00f3mo tramitar este nuevo permiso de circulaci\u00f3n. - 103.9 fm<\/title>\n<meta name=\"robots\" content=\"index, follow, max-snippet:-1, max-image-preview:large, max-video-preview:-1\" \/>\n<link rel=\"canonical\" href=\"https:\/\/ondauno.com.ar\/index.php\/2020\/03\/30\/los-detalles-de-como-tramitar-este-nuevo-permiso-de-circulacion\/\" \/>\n<meta property=\"og:locale\" content=\"es_ES\" \/>\n<meta property=\"og:type\" content=\"article\" \/>\n<meta property=\"og:title\" content=\"Los detalles de c\u00f3mo tramitar este nuevo permiso de circulaci\u00f3n. - 103.9 fm\" \/>\n<meta property=\"og:description\" content=\"En el marco de la extensi\u00f3n de la cuarentena obligatoria hasta despu\u00e9s de Semana Santa dispuesta por el presidente Alberto Fern\u00e1ndez, el gobierno nacional pondr\u00e1 en marcha un nuevo Certificado \u00danico de Circulaci\u00f3n, que deber\u00e1 ser tramitado por aquellos argentinos que est\u00e9n exceptuados por sus labores a cumplir la cuarentena obligatoria. Cabe recordar que los [&hellip;]\" \/>\n<meta property=\"og:url\" content=\"https:\/\/ondauno.com.ar\/index.php\/2020\/03\/30\/los-detalles-de-como-tramitar-este-nuevo-permiso-de-circulacion\/\" \/>\n<meta property=\"og:site_name\" content=\"103.9 fm\" \/>\n<meta property=\"article:publisher\" content=\"https:\/\/www.facebook.com\/ondauno103.9\" \/>\n<meta property=\"article:published_time\" content=\"2020-03-30T17:13:40+00:00\" \/>\n<meta property=\"article:modified_time\" content=\"2020-03-30T17:33:43+00:00\" \/>\n<meta property=\"og:image\" content=\"https:\/\/ondauno.com.ar\/wp-content\/uploads\/2020\/03\/Untitled-3-12.jpg\" \/>\n\t<meta property=\"og:image:width\" content=\"1000\" \/>\n\t<meta property=\"og:image:height\" content=\"600\" \/>\n\t<meta property=\"og:image:type\" content=\"image\/jpeg\" \/>\n<meta name=\"author\" content=\"fernando garcia\" \/>\n<meta name=\"twitter:card\" content=\"summary_large_image\" \/>\n<meta name=\"twitter:label1\" content=\"Escrito por\" \/>\n\t<meta name=\"twitter:data1\" content=\"fernando garcia\" \/>\n\t<meta name=\"twitter:label2\" content=\"Tiempo de lectura\" \/>\n\t<meta name=\"twitter:data2\" content=\"5 minutos\" \/>\n<script type=\"application\/ld+json\" class=\"yoast-schema-graph\">{\"@context\":\"https:\/\/schema.org\",\"@graph\":[{\"@type\":\"WebPage\",\"@id\":\"https:\/\/ondauno.com.ar\/index.php\/2020\/03\/30\/los-detalles-de-como-tramitar-este-nuevo-permiso-de-circulacion\/\",\"url\":\"https:\/\/ondauno.com.ar\/index.php\/2020\/03\/30\/los-detalles-de-como-tramitar-este-nuevo-permiso-de-circulacion\/\",\"name\":\"Los detalles de c\u00f3mo tramitar este nuevo permiso de circulaci\u00f3n. - 103.9 fm\",\"isPartOf\":{\"@id\":\"https:\/\/ondauno.com.ar\/#website\"},\"primaryImageOfPage\":{\"@id\":\"https:\/\/ondauno.com.ar\/index.php\/2020\/03\/30\/los-detalles-de-como-tramitar-este-nuevo-permiso-de-circulacion\/#primaryimage\"},\"image\":{\"@id\":\"https:\/\/ondauno.com.ar\/index.php\/2020\/03\/30\/los-detalles-de-como-tramitar-este-nuevo-permiso-de-circulacion\/#primaryimage\"},\"thumbnailUrl\":\"https:\/\/images.clarin.com\/2020\/03\/21\/alberto-fernandez-durante-un-vuelo___aNkRRCWok_290x290__1.jpg\",\"datePublished\":\"2020-03-30T17:13:40+00:00\",\"dateModified\":\"2020-03-30T17:33:43+00:00\",\"author\":{\"@id\":\"https:\/\/ondauno.com.ar\/#\/schema\/person\/201d1b68e6c75e0fd396fe5f8af5d139\"},\"breadcrumb\":{\"@id\":\"https:\/\/ondauno.com.ar\/index.php\/2020\/03\/30\/los-detalles-de-como-tramitar-este-nuevo-permiso-de-circulacion\/#breadcrumb\"},\"inLanguage\":\"es-AR\",\"potentialAction\":[{\"@type\":\"ReadAction\",\"target\":[\"https:\/\/ondauno.com.ar\/index.php\/2020\/03\/30\/los-detalles-de-como-tramitar-este-nuevo-permiso-de-circulacion\/\"]}]},{\"@type\":\"ImageObject\",\"inLanguage\":\"es-AR\",\"@id\":\"https:\/\/ondauno.com.ar\/index.php\/2020\/03\/30\/los-detalles-de-como-tramitar-este-nuevo-permiso-de-circulacion\/#primaryimage\",\"url\":\"https:\/\/images.clarin.com\/2020\/03\/21\/alberto-fernandez-durante-un-vuelo___aNkRRCWok_290x290__1.jpg\",\"contentUrl\":\"https:\/\/images.clarin.com\/2020\/03\/21\/alberto-fernandez-durante-un-vuelo___aNkRRCWok_290x290__1.jpg\"},{\"@type\":\"BreadcrumbList\",\"@id\":\"https:\/\/ondauno.com.ar\/index.php\/2020\/03\/30\/los-detalles-de-como-tramitar-este-nuevo-permiso-de-circulacion\/#breadcrumb\",\"itemListElement\":[{\"@type\":\"ListItem\",\"position\":1,\"name\":\"Inicio\",\"item\":\"https:\/\/ondauno.com.ar\/\"},{\"@type\":\"ListItem\",\"position\":2,\"name\":\"Los detalles de c\u00f3mo tramitar este nuevo permiso de circulaci\u00f3n.\"}]},{\"@type\":\"WebSite\",\"@id\":\"https:\/\/ondauno.com.ar\/#website\",\"url\":\"https:\/\/ondauno.com.ar\/\",\"name\":\"103.9 fm\",\"description\":\"LA PRIMERA RADIO MULTIMEDIA DE TRES ARROYOS\",\"potentialAction\":[{\"@type\":\"SearchAction\",\"target\":{\"@type\":\"EntryPoint\",\"urlTemplate\":\"https:\/\/ondauno.com.ar\/?s={search_term_string}\"},\"query-input\":\"required name=search_term_string\"}],\"inLanguage\":\"es-AR\"},{\"@type\":\"Person\",\"@id\":\"https:\/\/ondauno.com.ar\/#\/schema\/person\/201d1b68e6c75e0fd396fe5f8af5d139\",\"name\":\"fernando garcia\",\"image\":{\"@type\":\"ImageObject\",\"inLanguage\":\"es-AR\",\"@id\":\"https:\/\/ondauno.com.ar\/#\/schema\/person\/image\/\",\"url\":\"https:\/\/secure.gravatar.com\/avatar\/5f7254642ad81272e79a2e69653cfdfc?s=96&d=mm&r=g\",\"contentUrl\":\"https:\/\/secure.gravatar.com\/avatar\/5f7254642ad81272e79a2e69653cfdfc?s=96&d=mm&r=g\",\"caption\":\"fernando garcia\"},\"url\":\"https:\/\/ondauno.com.ar\/index.php\/author\/ondaunoeditor\/\"}]}<\/script>\n<!-- \/ Yoast SEO plugin. -->","yoast_head_json":{"title":"Los detalles de c\u00f3mo tramitar este nuevo permiso de circulaci\u00f3n. - 103.9 fm","robots":{"index":"index","follow":"follow","max-snippet":"max-snippet:-1","max-image-preview":"max-image-preview:large","max-video-preview":"max-video-preview:-1"},"canonical":"https:\/\/ondauno.com.ar\/index.php\/2020\/03\/30\/los-detalles-de-como-tramitar-este-nuevo-permiso-de-circulacion\/","og_locale":"es_ES","og_type":"article","og_title":"Los detalles de c\u00f3mo tramitar este nuevo permiso de circulaci\u00f3n. - 103.9 fm","og_description":"En el marco de la extensi\u00f3n de la cuarentena obligatoria hasta despu\u00e9s de Semana Santa dispuesta por el presidente Alberto Fern\u00e1ndez, el gobierno nacional pondr\u00e1 en marcha un nuevo Certificado \u00danico de Circulaci\u00f3n, que deber\u00e1 ser tramitado por aquellos argentinos que est\u00e9n exceptuados por sus labores a cumplir la cuarentena obligatoria. Cabe recordar que los [&hellip;]","og_url":"https:\/\/ondauno.com.ar\/index.php\/2020\/03\/30\/los-detalles-de-como-tramitar-este-nuevo-permiso-de-circulacion\/","og_site_name":"103.9 fm","article_publisher":"https:\/\/www.facebook.com\/ondauno103.9","article_published_time":"2020-03-30T17:13:40+00:00","article_modified_time":"2020-03-30T17:33:43+00:00","og_image":[{"width":1000,"height":600,"url":"https:\/\/ondauno.com.ar\/wp-content\/uploads\/2020\/03\/Untitled-3-12.jpg","type":"image\/jpeg"}],"author":"fernando garcia","twitter_card":"summary_large_image","twitter_misc":{"Escrito por":"fernando garcia","Tiempo de lectura":"5 minutos"},"schema":{"@context":"https:\/\/schema.org","@graph":[{"@type":"WebPage","@id":"https:\/\/ondauno.com.ar\/index.php\/2020\/03\/30\/los-detalles-de-como-tramitar-este-nuevo-permiso-de-circulacion\/","url":"https:\/\/ondauno.com.ar\/index.php\/2020\/03\/30\/los-detalles-de-como-tramitar-este-nuevo-permiso-de-circulacion\/","name":"Los detalles de c\u00f3mo tramitar este nuevo permiso de circulaci\u00f3n. - 103.9 fm","isPartOf":{"@id":"https:\/\/ondauno.com.ar\/#website"},"primaryImageOfPage":{"@id":"https:\/\/ondauno.com.ar\/index.php\/2020\/03\/30\/los-detalles-de-como-tramitar-este-nuevo-permiso-de-circulacion\/#primaryimage"},"image":{"@id":"https:\/\/ondauno.com.ar\/index.php\/2020\/03\/30\/los-detalles-de-como-tramitar-este-nuevo-permiso-de-circulacion\/#primaryimage"},"thumbnailUrl":"https:\/\/images.clarin.com\/2020\/03\/21\/alberto-fernandez-durante-un-vuelo___aNkRRCWok_290x290__1.jpg","datePublished":"2020-03-30T17:13:40+00:00","dateModified":"2020-03-30T17:33:43+00:00","author":{"@id":"https:\/\/ondauno.com.ar\/#\/schema\/person\/201d1b68e6c75e0fd396fe5f8af5d139"},"breadcrumb":{"@id":"https:\/\/ondauno.com.ar\/index.php\/2020\/03\/30\/los-detalles-de-como-tramitar-este-nuevo-permiso-de-circulacion\/#breadcrumb"},"inLanguage":"es-AR","potentialAction":[{"@type":"ReadAction","target":["https:\/\/ondauno.com.ar\/index.php\/2020\/03\/30\/los-detalles-de-como-tramitar-este-nuevo-permiso-de-circulacion\/"]}]},{"@type":"ImageObject","inLanguage":"es-AR","@id":"https:\/\/ondauno.com.ar\/index.php\/2020\/03\/30\/los-detalles-de-como-tramitar-este-nuevo-permiso-de-circulacion\/#primaryimage","url":"https:\/\/images.clarin.com\/2020\/03\/21\/alberto-fernandez-durante-un-vuelo___aNkRRCWok_290x290__1.jpg","contentUrl":"https:\/\/images.clarin.com\/2020\/03\/21\/alberto-fernandez-durante-un-vuelo___aNkRRCWok_290x290__1.jpg"},{"@type":"BreadcrumbList","@id":"https:\/\/ondauno.com.ar\/index.php\/2020\/03\/30\/los-detalles-de-como-tramitar-este-nuevo-permiso-de-circulacion\/#breadcrumb","itemListElement":[{"@type":"ListItem","position":1,"name":"Inicio","item":"https:\/\/ondauno.com.ar\/"},{"@type":"ListItem","position":2,"name":"Los detalles de c\u00f3mo tramitar este nuevo permiso de circulaci\u00f3n."}]},{"@type":"WebSite","@id":"https:\/\/ondauno.com.ar\/#website","url":"https:\/\/ondauno.com.ar\/","name":"103.9 fm","description":"LA PRIMERA RADIO MULTIMEDIA DE TRES ARROYOS","potentialAction":[{"@type":"SearchAction","target":{"@type":"EntryPoint","urlTemplate":"https:\/\/ondauno.com.ar\/?s={search_term_string}"},"query-input":"required name=search_term_string"}],"inLanguage":"es-AR"},{"@type":"Person","@id":"https:\/\/ondauno.com.ar\/#\/schema\/person\/201d1b68e6c75e0fd396fe5f8af5d139","name":"fernando garcia","image":{"@type":"ImageObject","inLanguage":"es-AR","@id":"https:\/\/ondauno.com.ar\/#\/schema\/person\/image\/","url":"https:\/\/secure.gravatar.com\/avatar\/5f7254642ad81272e79a2e69653cfdfc?s=96&d=mm&r=g","contentUrl":"https:\/\/secure.gravatar.com\/avatar\/5f7254642ad81272e79a2e69653cfdfc?s=96&d=mm&r=g","caption":"fernando garcia"},"url":"https:\/\/ondauno.com.ar\/index.php\/author\/ondaunoeditor\/"}]}},"jetpack_publicize_connections":[],"jetpack_featured_media_url":"","jetpack_sharing_enabled":true,"_links":{"self":[{"href":"https:\/\/ondauno.com.ar\/index.php\/wp-json\/wp\/v2\/posts\/7503","targetHints":{"allow":["GET"]}}],"collection":[{"href":"https:\/\/ondauno.com.ar\/index.php\/wp-json\/wp\/v2\/posts"}],"about":[{"href":"https:\/\/ondauno.com.ar\/index.php\/wp-json\/wp\/v2\/types\/post"}],"author":[{"embeddable":true,"href":"https:\/\/ondauno.com.ar\/index.php\/wp-json\/wp\/v2\/users\/2"}],"replies":[{"embeddable":true,"href":"https:\/\/ondauno.com.ar\/index.php\/wp-json\/wp\/v2\/comments?post=7503"}],"version-history":[{"count":0,"href":"https:\/\/ondauno.com.ar\/index.php\/wp-json\/wp\/v2\/posts\/7503\/revisions"}],"wp:attachment":[{"href":"https:\/\/ondauno.com.ar\/index.php\/wp-json\/wp\/v2\/media?parent=7503"}],"wp:term":[{"taxonomy":"category","embeddable":true,"href":"https:\/\/ondauno.com.ar\/index.php\/wp-json\/wp\/v2\/categories?post=7503"},{"taxonomy":"post_tag","embeddable":true,"href":"https:\/\/ondauno.com.ar\/index.php\/wp-json\/wp\/v2\/tags?post=7503"}],"curies":[{"name":"wp","href":"https:\/\/api.w.org\/{rel}","templated":true}]}}