{"id":7495,"date":"2020-03-30T13:52:18","date_gmt":"2020-03-30T16:52:18","guid":{"rendered":"http:\/\/ondauno.com.ar\/?p=7495"},"modified":"2020-03-30T14:22:45","modified_gmt":"2020-03-30T17:22:45","slug":"prorrogan-las-cautelares-que-se-vencen-durante-la-cuarentena","status":"publish","type":"post","link":"https:\/\/ondauno.com.ar\/index.php\/2020\/03\/30\/prorrogan-las-cautelares-que-se-vencen-durante-la-cuarentena\/","title":{"rendered":"Prorrogan las cautelares que se vencen durante la cuarentena"},"content":{"rendered":"<div class=\"ondau-before-content_3\" style=\"margin-top: -30px;\" id=\"ondau-473503945\"><a href=\"https:\/\/www.lps.com.ar\/\" aria-label=\"la-perse2\"><img loading=\"lazy\" decoding=\"async\" src=\"https:\/\/ondauno.com.ar\/wp-content\/uploads\/2021\/10\/la-perse2.jpg\" alt=\"\"  srcset=\"https:\/\/ondauno.com.ar\/wp-content\/uploads\/2021\/10\/la-perse2.jpg 1353w, https:\/\/ondauno.com.ar\/wp-content\/uploads\/2021\/10\/la-perse2-300x43.jpg 300w, https:\/\/ondauno.com.ar\/wp-content\/uploads\/2021\/10\/la-perse2-1024x148.jpg 1024w, https:\/\/ondauno.com.ar\/wp-content\/uploads\/2021\/10\/la-perse2-768x111.jpg 768w, https:\/\/ondauno.com.ar\/wp-content\/uploads\/2021\/10\/la-perse2-696x100.jpg 696w, https:\/\/ondauno.com.ar\/wp-content\/uploads\/2021\/10\/la-perse2-1068x154.jpg 1068w\" sizes=\"(max-width: 1353px) 100vw, 1353px\" class=\"no-lazyload\" width=\"1353\" height=\"195\"  style=\"display: inline-block;\" \/><\/a><\/div>\n<ul class=\"wp-block-gallery columns-3 is-cropped wp-block-gallery-1 is-layout-flex wp-block-gallery-is-layout-flex\"><li class=\"blocks-gallery-item\"><figure><img decoding=\"async\" data-src=\"http:\/\/ondauno.com.ar\/wp-content\/uploads\/2020\/03\/Ver-resoluci\u00c3\u00b3n-12-20-1-724x1024.jpg\" alt=\"\" data-id=\"7508\" data-link=\"http:\/\/ondauno.com.ar\/index.php\/2020\/03\/30\/prorrogan-las-cautelares-que-se-vencen-durante-la-cuarentena\/ver-resolucia%c2%b3n-12-20-1\/\" class=\"wp-image-7508 lazyload\" src=\"data:image\/gif;base64,R0lGODlhAQABAAAAACH5BAEKAAEALAAAAAABAAEAAAICTAEAOw==\" style=\"--smush-placeholder-width: 724px; --smush-placeholder-aspect-ratio: 724\/1024;\" \/><noscript><img decoding=\"async\" src=\"http:\/\/ondauno.com.ar\/wp-content\/uploads\/2020\/03\/Ver-resoluci\u00c3\u00b3n-12-20-1-724x1024.jpg\" alt=\"\" data-id=\"7508\" data-link=\"http:\/\/ondauno.com.ar\/index.php\/2020\/03\/30\/prorrogan-las-cautelares-que-se-vencen-durante-la-cuarentena\/ver-resolucia%c2%b3n-12-20-1\/\" class=\"wp-image-7508\"\/><\/noscript><\/figure><\/li><li class=\"blocks-gallery-item\"><figure><img decoding=\"async\" data-src=\"http:\/\/ondauno.com.ar\/wp-content\/uploads\/2020\/03\/Ver-resoluci\u00c3\u00b3n-12-20-2-724x1024.jpg\" alt=\"\" data-id=\"7509\" data-link=\"http:\/\/ondauno.com.ar\/index.php\/2020\/03\/30\/prorrogan-las-cautelares-que-se-vencen-durante-la-cuarentena\/ver-resolucia%c2%b3n-12-20-2\/\" class=\"wp-image-7509 lazyload\" src=\"data:image\/gif;base64,R0lGODlhAQABAAAAACH5BAEKAAEALAAAAAABAAEAAAICTAEAOw==\" style=\"--smush-placeholder-width: 724px; --smush-placeholder-aspect-ratio: 724\/1024;\" \/><noscript><img decoding=\"async\" src=\"http:\/\/ondauno.com.ar\/wp-content\/uploads\/2020\/03\/Ver-resoluci\u00c3\u00b3n-12-20-2-724x1024.jpg\" alt=\"\" data-id=\"7509\" data-link=\"http:\/\/ondauno.com.ar\/index.php\/2020\/03\/30\/prorrogan-las-cautelares-que-se-vencen-durante-la-cuarentena\/ver-resolucia%c2%b3n-12-20-2\/\" class=\"wp-image-7509\"\/><\/noscript><\/figure><\/li><li class=\"blocks-gallery-item\"><figure><img decoding=\"async\" data-src=\"http:\/\/ondauno.com.ar\/wp-content\/uploads\/2020\/03\/Ver-resoluci\u00c3\u00b3n-12-20-3-724x1024.jpg\" alt=\"\" data-id=\"7510\" data-link=\"http:\/\/ondauno.com.ar\/index.php\/2020\/03\/30\/prorrogan-las-cautelares-que-se-vencen-durante-la-cuarentena\/ver-resolucia%c2%b3n-12-20-3\/\" class=\"wp-image-7510 lazyload\" src=\"data:image\/gif;base64,R0lGODlhAQABAAAAACH5BAEKAAEALAAAAAABAAEAAAICTAEAOw==\" style=\"--smush-placeholder-width: 724px; --smush-placeholder-aspect-ratio: 724\/1024;\" \/><noscript><img decoding=\"async\" src=\"http:\/\/ondauno.com.ar\/wp-content\/uploads\/2020\/03\/Ver-resoluci\u00c3\u00b3n-12-20-3-724x1024.jpg\" alt=\"\" data-id=\"7510\" data-link=\"http:\/\/ondauno.com.ar\/index.php\/2020\/03\/30\/prorrogan-las-cautelares-que-se-vencen-durante-la-cuarentena\/ver-resolucia%c2%b3n-12-20-3\/\" class=\"wp-image-7510\"\/><\/noscript><\/figure><\/li><li class=\"blocks-gallery-item\"><figure><img decoding=\"async\" data-src=\"http:\/\/ondauno.com.ar\/wp-content\/uploads\/2020\/03\/Ver-resoluci\u00c3\u00b3n-12-20-4-724x1024.jpg\" alt=\"\" data-id=\"7511\" data-link=\"http:\/\/ondauno.com.ar\/index.php\/2020\/03\/30\/prorrogan-las-cautelares-que-se-vencen-durante-la-cuarentena\/ver-resolucia%c2%b3n-12-20-4\/\" class=\"wp-image-7511 lazyload\" src=\"data:image\/gif;base64,R0lGODlhAQABAAAAACH5BAEKAAEALAAAAAABAAEAAAICTAEAOw==\" style=\"--smush-placeholder-width: 724px; --smush-placeholder-aspect-ratio: 724\/1024;\" \/><noscript><img decoding=\"async\" src=\"http:\/\/ondauno.com.ar\/wp-content\/uploads\/2020\/03\/Ver-resoluci\u00c3\u00b3n-12-20-4-724x1024.jpg\" alt=\"\" data-id=\"7511\" data-link=\"http:\/\/ondauno.com.ar\/index.php\/2020\/03\/30\/prorrogan-las-cautelares-que-se-vencen-durante-la-cuarentena\/ver-resolucia%c2%b3n-12-20-4\/\" class=\"wp-image-7511\"\/><\/noscript><\/figure><\/li><\/ul>\n\n\n\n<p>Una Resoluci\u00f3n que lleva la firma de Eduardo N\u00e9stor De Lazzari, presidente de la Suprema Corte de Justicia Provincial  indica que las medidas cautelares que se venzan en cuarentena se prorrogan autom\u00e1ticamente sin que las mujeres tengan que hacer ning\u00fan tr\u00e1mite.<\/p>\n\n\n\n<p>Quienes tengan cautelares que se vencen ahora tienen que saber que sin que env\u00eden escritos o realicen  otro tr\u00e1mite, las medidas dispuestas se prorrogan en forma autom\u00e1tica. <\/p>\n","protected":false},"excerpt":{"rendered":"<p>Una Resoluci\u00f3n que lleva la firma de Eduardo N\u00e9stor De Lazzari, presidente de la Suprema Corte de Justicia Provincial indica que las medidas cautelares que se venzan en cuarentena se prorrogan autom\u00e1ticamente sin que las mujeres tengan que hacer ning\u00fan tr\u00e1mite. Quienes tengan cautelares que se vencen ahora tienen que saber que sin que env\u00eden [&hellip;]<\/p>\n","protected":false},"author":2,"featured_media":0,"comment_status":"open","ping_status":"open","sticky":false,"template":"","format":"standard","meta":{"tdm_status":"","tdm_grid_status":"","_jetpack_memberships_contains_paid_content":false,"footnotes":"","jetpack_publicize_message":"","jetpack_publicize_feature_enabled":true,"jetpack_social_post_already_shared":false,"jetpack_social_options":{"image_generator_settings":{"template":"highway","default_image_id":0,"font":"","enabled":false},"version":2}},"categories":[30,1],"tags":[],"class_list":{"0":"post-7495","1":"post","2":"type-post","3":"status-publish","4":"format-standard","6":"category-provinciales","7":"category-sin-categoria"},"yoast_head":"<!-- This site is optimized with the Yoast SEO plugin v22.7 - https:\/\/yoast.com\/wordpress\/plugins\/seo\/ -->\n<title>Prorrogan las cautelares que se vencen durante la cuarentena - 103.9 fm<\/title>\n<meta name=\"robots\" content=\"index, follow, max-snippet:-1, max-image-preview:large, max-video-preview:-1\" \/>\n<link rel=\"canonical\" href=\"https:\/\/ondauno.com.ar\/index.php\/2020\/03\/30\/prorrogan-las-cautelares-que-se-vencen-durante-la-cuarentena\/\" \/>\n<meta property=\"og:locale\" content=\"es_ES\" \/>\n<meta property=\"og:type\" content=\"article\" \/>\n<meta property=\"og:title\" content=\"Prorrogan las cautelares que se vencen durante la cuarentena - 103.9 fm\" \/>\n<meta property=\"og:description\" content=\"Una Resoluci\u00f3n que lleva la firma de Eduardo N\u00e9stor De Lazzari, presidente de la Suprema Corte de Justicia Provincial indica que las medidas cautelares que se venzan en cuarentena se prorrogan autom\u00e1ticamente sin que las mujeres tengan que hacer ning\u00fan tr\u00e1mite. Quienes tengan cautelares que se vencen ahora tienen que saber que sin que env\u00eden [&hellip;]\" \/>\n<meta property=\"og:url\" content=\"https:\/\/ondauno.com.ar\/index.php\/2020\/03\/30\/prorrogan-las-cautelares-que-se-vencen-durante-la-cuarentena\/\" \/>\n<meta property=\"og:site_name\" content=\"103.9 fm\" \/>\n<meta property=\"article:publisher\" content=\"https:\/\/www.facebook.com\/ondauno103.9\" \/>\n<meta property=\"article:published_time\" content=\"2020-03-30T16:52:18+00:00\" \/>\n<meta property=\"article:modified_time\" content=\"2020-03-30T17:22:45+00:00\" \/>\n<meta property=\"og:image\" content=\"https:\/\/ondauno.com.ar\/wp-content\/uploads\/2020\/03\/delazzariDSC08570.jpg\" \/>\n\t<meta property=\"og:image:width\" content=\"512\" \/>\n\t<meta property=\"og:image:height\" content=\"359\" \/>\n\t<meta property=\"og:image:type\" content=\"image\/jpeg\" \/>\n<meta name=\"author\" content=\"fernando garcia\" \/>\n<meta name=\"twitter:card\" content=\"summary_large_image\" \/>\n<meta name=\"twitter:label1\" content=\"Escrito por\" \/>\n\t<meta name=\"twitter:data1\" content=\"fernando garcia\" \/>\n<script type=\"application\/ld+json\" class=\"yoast-schema-graph\">{\"@context\":\"https:\/\/schema.org\",\"@graph\":[{\"@type\":\"WebPage\",\"@id\":\"https:\/\/ondauno.com.ar\/index.php\/2020\/03\/30\/prorrogan-las-cautelares-que-se-vencen-durante-la-cuarentena\/\",\"url\":\"https:\/\/ondauno.com.ar\/index.php\/2020\/03\/30\/prorrogan-las-cautelares-que-se-vencen-durante-la-cuarentena\/\",\"name\":\"Prorrogan las cautelares que se vencen durante la cuarentena - 103.9 fm\",\"isPartOf\":{\"@id\":\"https:\/\/ondauno.com.ar\/#website\"},\"datePublished\":\"2020-03-30T16:52:18+00:00\",\"dateModified\":\"2020-03-30T17:22:45+00:00\",\"author\":{\"@id\":\"https:\/\/ondauno.com.ar\/#\/schema\/person\/201d1b68e6c75e0fd396fe5f8af5d139\"},\"breadcrumb\":{\"@id\":\"https:\/\/ondauno.com.ar\/index.php\/2020\/03\/30\/prorrogan-las-cautelares-que-se-vencen-durante-la-cuarentena\/#breadcrumb\"},\"inLanguage\":\"es-AR\",\"potentialAction\":[{\"@type\":\"ReadAction\",\"target\":[\"https:\/\/ondauno.com.ar\/index.php\/2020\/03\/30\/prorrogan-las-cautelares-que-se-vencen-durante-la-cuarentena\/\"]}]},{\"@type\":\"BreadcrumbList\",\"@id\":\"https:\/\/ondauno.com.ar\/index.php\/2020\/03\/30\/prorrogan-las-cautelares-que-se-vencen-durante-la-cuarentena\/#breadcrumb\",\"itemListElement\":[{\"@type\":\"ListItem\",\"position\":1,\"name\":\"Inicio\",\"item\":\"https:\/\/ondauno.com.ar\/\"},{\"@type\":\"ListItem\",\"position\":2,\"name\":\"Prorrogan las cautelares que se vencen durante la cuarentena\"}]},{\"@type\":\"WebSite\",\"@id\":\"https:\/\/ondauno.com.ar\/#website\",\"url\":\"https:\/\/ondauno.com.ar\/\",\"name\":\"103.9 fm\",\"description\":\"LA PRIMERA RADIO MULTIMEDIA DE TRES ARROYOS\",\"potentialAction\":[{\"@type\":\"SearchAction\",\"target\":{\"@type\":\"EntryPoint\",\"urlTemplate\":\"https:\/\/ondauno.com.ar\/?s={search_term_string}\"},\"query-input\":\"required name=search_term_string\"}],\"inLanguage\":\"es-AR\"},{\"@type\":\"Person\",\"@id\":\"https:\/\/ondauno.com.ar\/#\/schema\/person\/201d1b68e6c75e0fd396fe5f8af5d139\",\"name\":\"fernando garcia\",\"image\":{\"@type\":\"ImageObject\",\"inLanguage\":\"es-AR\",\"@id\":\"https:\/\/ondauno.com.ar\/#\/schema\/person\/image\/\",\"url\":\"https:\/\/secure.gravatar.com\/avatar\/5f7254642ad81272e79a2e69653cfdfc?s=96&d=mm&r=g\",\"contentUrl\":\"https:\/\/secure.gravatar.com\/avatar\/5f7254642ad81272e79a2e69653cfdfc?s=96&d=mm&r=g\",\"caption\":\"fernando garcia\"},\"url\":\"https:\/\/ondauno.com.ar\/index.php\/author\/ondaunoeditor\/\"}]}<\/script>\n<!-- \/ Yoast SEO plugin. -->","yoast_head_json":{"title":"Prorrogan las cautelares que se vencen durante la cuarentena - 103.9 fm","robots":{"index":"index","follow":"follow","max-snippet":"max-snippet:-1","max-image-preview":"max-image-preview:large","max-video-preview":"max-video-preview:-1"},"canonical":"https:\/\/ondauno.com.ar\/index.php\/2020\/03\/30\/prorrogan-las-cautelares-que-se-vencen-durante-la-cuarentena\/","og_locale":"es_ES","og_type":"article","og_title":"Prorrogan las cautelares que se vencen durante la cuarentena - 103.9 fm","og_description":"Una Resoluci\u00f3n que lleva la firma de Eduardo N\u00e9stor De Lazzari, presidente de la Suprema Corte de Justicia Provincial indica que las medidas cautelares que se venzan en cuarentena se prorrogan autom\u00e1ticamente sin que las mujeres tengan que hacer ning\u00fan tr\u00e1mite. Quienes tengan cautelares que se vencen ahora tienen que saber que sin que env\u00eden [&hellip;]","og_url":"https:\/\/ondauno.com.ar\/index.php\/2020\/03\/30\/prorrogan-las-cautelares-que-se-vencen-durante-la-cuarentena\/","og_site_name":"103.9 fm","article_publisher":"https:\/\/www.facebook.com\/ondauno103.9","article_published_time":"2020-03-30T16:52:18+00:00","article_modified_time":"2020-03-30T17:22:45+00:00","og_image":[{"width":512,"height":359,"url":"https:\/\/ondauno.com.ar\/wp-content\/uploads\/2020\/03\/delazzariDSC08570.jpg","type":"image\/jpeg"}],"author":"fernando garcia","twitter_card":"summary_large_image","twitter_misc":{"Escrito por":"fernando garcia"},"schema":{"@context":"https:\/\/schema.org","@graph":[{"@type":"WebPage","@id":"https:\/\/ondauno.com.ar\/index.php\/2020\/03\/30\/prorrogan-las-cautelares-que-se-vencen-durante-la-cuarentena\/","url":"https:\/\/ondauno.com.ar\/index.php\/2020\/03\/30\/prorrogan-las-cautelares-que-se-vencen-durante-la-cuarentena\/","name":"Prorrogan las cautelares que se vencen durante la cuarentena - 103.9 fm","isPartOf":{"@id":"https:\/\/ondauno.com.ar\/#website"},"datePublished":"2020-03-30T16:52:18+00:00","dateModified":"2020-03-30T17:22:45+00:00","author":{"@id":"https:\/\/ondauno.com.ar\/#\/schema\/person\/201d1b68e6c75e0fd396fe5f8af5d139"},"breadcrumb":{"@id":"https:\/\/ondauno.com.ar\/index.php\/2020\/03\/30\/prorrogan-las-cautelares-que-se-vencen-durante-la-cuarentena\/#breadcrumb"},"inLanguage":"es-AR","potentialAction":[{"@type":"ReadAction","target":["https:\/\/ondauno.com.ar\/index.php\/2020\/03\/30\/prorrogan-las-cautelares-que-se-vencen-durante-la-cuarentena\/"]}]},{"@type":"BreadcrumbList","@id":"https:\/\/ondauno.com.ar\/index.php\/2020\/03\/30\/prorrogan-las-cautelares-que-se-vencen-durante-la-cuarentena\/#breadcrumb","itemListElement":[{"@type":"ListItem","position":1,"name":"Inicio","item":"https:\/\/ondauno.com.ar\/"},{"@type":"ListItem","position":2,"name":"Prorrogan las cautelares que se vencen durante la cuarentena"}]},{"@type":"WebSite","@id":"https:\/\/ondauno.com.ar\/#website","url":"https:\/\/ondauno.com.ar\/","name":"103.9 fm","description":"LA PRIMERA RADIO MULTIMEDIA DE TRES ARROYOS","potentialAction":[{"@type":"SearchAction","target":{"@type":"EntryPoint","urlTemplate":"https:\/\/ondauno.com.ar\/?s={search_term_string}"},"query-input":"required name=search_term_string"}],"inLanguage":"es-AR"},{"@type":"Person","@id":"https:\/\/ondauno.com.ar\/#\/schema\/person\/201d1b68e6c75e0fd396fe5f8af5d139","name":"fernando garcia","image":{"@type":"ImageObject","inLanguage":"es-AR","@id":"https:\/\/ondauno.com.ar\/#\/schema\/person\/image\/","url":"https:\/\/secure.gravatar.com\/avatar\/5f7254642ad81272e79a2e69653cfdfc?s=96&d=mm&r=g","contentUrl":"https:\/\/secure.gravatar.com\/avatar\/5f7254642ad81272e79a2e69653cfdfc?s=96&d=mm&r=g","caption":"fernando garcia"},"url":"https:\/\/ondauno.com.ar\/index.php\/author\/ondaunoeditor\/"}]}},"jetpack_publicize_connections":[],"jetpack_featured_media_url":"","jetpack_sharing_enabled":true,"_links":{"self":[{"href":"https:\/\/ondauno.com.ar\/index.php\/wp-json\/wp\/v2\/posts\/7495","targetHints":{"allow":["GET"]}}],"collection":[{"href":"https:\/\/ondauno.com.ar\/index.php\/wp-json\/wp\/v2\/posts"}],"about":[{"href":"https:\/\/ondauno.com.ar\/index.php\/wp-json\/wp\/v2\/types\/post"}],"author":[{"embeddable":true,"href":"https:\/\/ondauno.com.ar\/index.php\/wp-json\/wp\/v2\/users\/2"}],"replies":[{"embeddable":true,"href":"https:\/\/ondauno.com.ar\/index.php\/wp-json\/wp\/v2\/comments?post=7495"}],"version-history":[{"count":0,"href":"https:\/\/ondauno.com.ar\/index.php\/wp-json\/wp\/v2\/posts\/7495\/revisions"}],"wp:attachment":[{"href":"https:\/\/ondauno.com.ar\/index.php\/wp-json\/wp\/v2\/media?parent=7495"}],"wp:term":[{"taxonomy":"category","embeddable":true,"href":"https:\/\/ondauno.com.ar\/index.php\/wp-json\/wp\/v2\/categories?post=7495"},{"taxonomy":"post_tag","embeddable":true,"href":"https:\/\/ondauno.com.ar\/index.php\/wp-json\/wp\/v2\/tags?post=7495"}],"curies":[{"name":"wp","href":"https:\/\/api.w.org\/{rel}","templated":true}]}}