{"id":7483,"date":"2020-03-29T22:03:24","date_gmt":"2020-03-30T01:03:24","guid":{"rendered":"http:\/\/ondauno.com.ar\/?p=7483"},"modified":"2020-03-29T22:03:27","modified_gmt":"2020-03-30T01:03:27","slug":"se-confirmo-el-primer-caso-de-coronavirus-en-tandil","status":"publish","type":"post","link":"https:\/\/ondauno.com.ar\/index.php\/2020\/03\/29\/se-confirmo-el-primer-caso-de-coronavirus-en-tandil\/","title":{"rendered":"Se confirm\u00f3 el primer caso de coronavirus en Tandil"},"content":{"rendered":"<div class=\"ondau-before-content_3\" style=\"margin-top: -30px;\" id=\"ondau-3638455664\"><a href=\"https:\/\/www.lps.com.ar\/\" aria-label=\"la-perse2\"><img loading=\"lazy\" decoding=\"async\" src=\"https:\/\/ondauno.com.ar\/wp-content\/uploads\/2021\/10\/la-perse2.jpg\" alt=\"\"  srcset=\"https:\/\/ondauno.com.ar\/wp-content\/uploads\/2021\/10\/la-perse2.jpg 1353w, https:\/\/ondauno.com.ar\/wp-content\/uploads\/2021\/10\/la-perse2-300x43.jpg 300w, https:\/\/ondauno.com.ar\/wp-content\/uploads\/2021\/10\/la-perse2-1024x148.jpg 1024w, https:\/\/ondauno.com.ar\/wp-content\/uploads\/2021\/10\/la-perse2-768x111.jpg 768w, https:\/\/ondauno.com.ar\/wp-content\/uploads\/2021\/10\/la-perse2-696x100.jpg 696w, https:\/\/ondauno.com.ar\/wp-content\/uploads\/2021\/10\/la-perse2-1068x154.jpg 1068w\" sizes=\"(max-width: 1353px) 100vw, 1353px\" class=\"no-lazyload\" width=\"1353\" height=\"195\"  style=\"display: inline-block;\" \/><\/a><\/div>\n<p>El primer caso de coronavirus en Tandil acaba de ser confirmado por las autoridades del \u00e1rea de Salud del Municipio. <\/p>\n\n\n\n<p>Se trata de una mujer de 57 a\u00f1os que estuvo en Ushuaia, junto a su marido, y tras haber sido la muestra procesada en el Instituto de Epidemiolog\u00eda \u201cDr. Jara\u201d se confirm\u00f3 el primer positivo a Covid-19 en Tandil. En el caso de su marido, quien hab\u00eda estado aislado en el Hospital, el resultado fue negativo.<\/p>\n\n\n\n<p>La mujer se encuentra en muy buen estado general, sin requerimiento de tratamiento, cumpliendo aislamiento domiciliario.<\/p>\n\n\n\n<p>Se indic\u00f3 aislamiento a las \u00faltimas personas que vio.<\/p>\n\n\n\n<p>Fuente:  <a href=\"https:\/\/www.eleco.com.ar\/\">https:\/\/www.eleco.com.ar\/<\/a> <\/p>\n","protected":false},"excerpt":{"rendered":"<p>El primer caso de coronavirus en Tandil acaba de ser confirmado por las autoridades del \u00e1rea de Salud del Municipio. Se trata de una mujer de 57 a\u00f1os que estuvo en Ushuaia, junto a su marido, y tras haber sido la muestra procesada en el Instituto de Epidemiolog\u00eda \u201cDr. Jara\u201d se confirm\u00f3 el primer positivo [&hellip;]<\/p>\n","protected":false},"author":2,"featured_media":0,"comment_status":"open","ping_status":"open","sticky":false,"template":"","format":"standard","meta":{"tdm_status":"","tdm_grid_status":"","_jetpack_memberships_contains_paid_content":false,"footnotes":"","jetpack_publicize_message":"","jetpack_publicize_feature_enabled":true,"jetpack_social_post_already_shared":false,"jetpack_social_options":{"image_generator_settings":{"template":"highway","default_image_id":0,"font":"","enabled":false},"version":2}},"categories":[30],"tags":[],"class_list":{"0":"post-7483","1":"post","2":"type-post","3":"status-publish","4":"format-standard","6":"category-provinciales"},"yoast_head":"<!-- This site is optimized with the Yoast SEO plugin v22.7 - https:\/\/yoast.com\/wordpress\/plugins\/seo\/ -->\n<title>Se confirm\u00f3 el primer caso de coronavirus en Tandil - 103.9 fm<\/title>\n<meta name=\"robots\" content=\"index, follow, max-snippet:-1, max-image-preview:large, max-video-preview:-1\" \/>\n<link rel=\"canonical\" href=\"https:\/\/ondauno.com.ar\/index.php\/2020\/03\/29\/se-confirmo-el-primer-caso-de-coronavirus-en-tandil\/\" \/>\n<meta property=\"og:locale\" content=\"es_ES\" \/>\n<meta property=\"og:type\" content=\"article\" \/>\n<meta property=\"og:title\" content=\"Se confirm\u00f3 el primer caso de coronavirus en Tandil - 103.9 fm\" \/>\n<meta property=\"og:description\" content=\"El primer caso de coronavirus en Tandil acaba de ser confirmado por las autoridades del \u00e1rea de Salud del Municipio. Se trata de una mujer de 57 a\u00f1os que estuvo en Ushuaia, junto a su marido, y tras haber sido la muestra procesada en el Instituto de Epidemiolog\u00eda \u201cDr. Jara\u201d se confirm\u00f3 el primer positivo [&hellip;]\" \/>\n<meta property=\"og:url\" content=\"https:\/\/ondauno.com.ar\/index.php\/2020\/03\/29\/se-confirmo-el-primer-caso-de-coronavirus-en-tandil\/\" \/>\n<meta property=\"og:site_name\" content=\"103.9 fm\" \/>\n<meta property=\"article:publisher\" content=\"https:\/\/www.facebook.com\/ondauno103.9\" \/>\n<meta property=\"article:published_time\" content=\"2020-03-30T01:03:24+00:00\" \/>\n<meta property=\"article:modified_time\" content=\"2020-03-30T01:03:27+00:00\" \/>\n<meta property=\"og:image\" content=\"https:\/\/ondauno.com.ar\/wp-content\/uploads\/2020\/03\/1584406079.jpeg\" \/>\n\t<meta property=\"og:image:width\" content=\"848\" \/>\n\t<meta property=\"og:image:height\" content=\"477\" \/>\n\t<meta property=\"og:image:type\" content=\"image\/jpeg\" \/>\n<meta name=\"author\" content=\"fernando garcia\" \/>\n<meta name=\"twitter:card\" content=\"summary_large_image\" \/>\n<meta name=\"twitter:label1\" content=\"Escrito por\" \/>\n\t<meta name=\"twitter:data1\" content=\"fernando garcia\" \/>\n\t<meta name=\"twitter:label2\" content=\"Tiempo de lectura\" \/>\n\t<meta name=\"twitter:data2\" content=\"1 minuto\" \/>\n<script type=\"application\/ld+json\" class=\"yoast-schema-graph\">{\"@context\":\"https:\/\/schema.org\",\"@graph\":[{\"@type\":\"WebPage\",\"@id\":\"https:\/\/ondauno.com.ar\/index.php\/2020\/03\/29\/se-confirmo-el-primer-caso-de-coronavirus-en-tandil\/\",\"url\":\"https:\/\/ondauno.com.ar\/index.php\/2020\/03\/29\/se-confirmo-el-primer-caso-de-coronavirus-en-tandil\/\",\"name\":\"Se confirm\u00f3 el primer caso de coronavirus en Tandil - 103.9 fm\",\"isPartOf\":{\"@id\":\"https:\/\/ondauno.com.ar\/#website\"},\"datePublished\":\"2020-03-30T01:03:24+00:00\",\"dateModified\":\"2020-03-30T01:03:27+00:00\",\"author\":{\"@id\":\"https:\/\/ondauno.com.ar\/#\/schema\/person\/201d1b68e6c75e0fd396fe5f8af5d139\"},\"breadcrumb\":{\"@id\":\"https:\/\/ondauno.com.ar\/index.php\/2020\/03\/29\/se-confirmo-el-primer-caso-de-coronavirus-en-tandil\/#breadcrumb\"},\"inLanguage\":\"es-AR\",\"potentialAction\":[{\"@type\":\"ReadAction\",\"target\":[\"https:\/\/ondauno.com.ar\/index.php\/2020\/03\/29\/se-confirmo-el-primer-caso-de-coronavirus-en-tandil\/\"]}]},{\"@type\":\"BreadcrumbList\",\"@id\":\"https:\/\/ondauno.com.ar\/index.php\/2020\/03\/29\/se-confirmo-el-primer-caso-de-coronavirus-en-tandil\/#breadcrumb\",\"itemListElement\":[{\"@type\":\"ListItem\",\"position\":1,\"name\":\"Inicio\",\"item\":\"https:\/\/ondauno.com.ar\/\"},{\"@type\":\"ListItem\",\"position\":2,\"name\":\"Se confirm\u00f3 el primer caso de coronavirus en Tandil\"}]},{\"@type\":\"WebSite\",\"@id\":\"https:\/\/ondauno.com.ar\/#website\",\"url\":\"https:\/\/ondauno.com.ar\/\",\"name\":\"103.9 fm\",\"description\":\"LA PRIMERA RADIO MULTIMEDIA DE TRES ARROYOS\",\"potentialAction\":[{\"@type\":\"SearchAction\",\"target\":{\"@type\":\"EntryPoint\",\"urlTemplate\":\"https:\/\/ondauno.com.ar\/?s={search_term_string}\"},\"query-input\":\"required name=search_term_string\"}],\"inLanguage\":\"es-AR\"},{\"@type\":\"Person\",\"@id\":\"https:\/\/ondauno.com.ar\/#\/schema\/person\/201d1b68e6c75e0fd396fe5f8af5d139\",\"name\":\"fernando garcia\",\"image\":{\"@type\":\"ImageObject\",\"inLanguage\":\"es-AR\",\"@id\":\"https:\/\/ondauno.com.ar\/#\/schema\/person\/image\/\",\"url\":\"https:\/\/secure.gravatar.com\/avatar\/5f7254642ad81272e79a2e69653cfdfc?s=96&d=mm&r=g\",\"contentUrl\":\"https:\/\/secure.gravatar.com\/avatar\/5f7254642ad81272e79a2e69653cfdfc?s=96&d=mm&r=g\",\"caption\":\"fernando garcia\"},\"url\":\"https:\/\/ondauno.com.ar\/index.php\/author\/ondaunoeditor\/\"}]}<\/script>\n<!-- \/ Yoast SEO plugin. -->","yoast_head_json":{"title":"Se confirm\u00f3 el primer caso de coronavirus en Tandil - 103.9 fm","robots":{"index":"index","follow":"follow","max-snippet":"max-snippet:-1","max-image-preview":"max-image-preview:large","max-video-preview":"max-video-preview:-1"},"canonical":"https:\/\/ondauno.com.ar\/index.php\/2020\/03\/29\/se-confirmo-el-primer-caso-de-coronavirus-en-tandil\/","og_locale":"es_ES","og_type":"article","og_title":"Se confirm\u00f3 el primer caso de coronavirus en Tandil - 103.9 fm","og_description":"El primer caso de coronavirus en Tandil acaba de ser confirmado por las autoridades del \u00e1rea de Salud del Municipio. Se trata de una mujer de 57 a\u00f1os que estuvo en Ushuaia, junto a su marido, y tras haber sido la muestra procesada en el Instituto de Epidemiolog\u00eda \u201cDr. Jara\u201d se confirm\u00f3 el primer positivo [&hellip;]","og_url":"https:\/\/ondauno.com.ar\/index.php\/2020\/03\/29\/se-confirmo-el-primer-caso-de-coronavirus-en-tandil\/","og_site_name":"103.9 fm","article_publisher":"https:\/\/www.facebook.com\/ondauno103.9","article_published_time":"2020-03-30T01:03:24+00:00","article_modified_time":"2020-03-30T01:03:27+00:00","og_image":[{"width":848,"height":477,"url":"https:\/\/ondauno.com.ar\/wp-content\/uploads\/2020\/03\/1584406079.jpeg","type":"image\/jpeg"}],"author":"fernando garcia","twitter_card":"summary_large_image","twitter_misc":{"Escrito por":"fernando garcia","Tiempo de lectura":"1 minuto"},"schema":{"@context":"https:\/\/schema.org","@graph":[{"@type":"WebPage","@id":"https:\/\/ondauno.com.ar\/index.php\/2020\/03\/29\/se-confirmo-el-primer-caso-de-coronavirus-en-tandil\/","url":"https:\/\/ondauno.com.ar\/index.php\/2020\/03\/29\/se-confirmo-el-primer-caso-de-coronavirus-en-tandil\/","name":"Se confirm\u00f3 el primer caso de coronavirus en Tandil - 103.9 fm","isPartOf":{"@id":"https:\/\/ondauno.com.ar\/#website"},"datePublished":"2020-03-30T01:03:24+00:00","dateModified":"2020-03-30T01:03:27+00:00","author":{"@id":"https:\/\/ondauno.com.ar\/#\/schema\/person\/201d1b68e6c75e0fd396fe5f8af5d139"},"breadcrumb":{"@id":"https:\/\/ondauno.com.ar\/index.php\/2020\/03\/29\/se-confirmo-el-primer-caso-de-coronavirus-en-tandil\/#breadcrumb"},"inLanguage":"es-AR","potentialAction":[{"@type":"ReadAction","target":["https:\/\/ondauno.com.ar\/index.php\/2020\/03\/29\/se-confirmo-el-primer-caso-de-coronavirus-en-tandil\/"]}]},{"@type":"BreadcrumbList","@id":"https:\/\/ondauno.com.ar\/index.php\/2020\/03\/29\/se-confirmo-el-primer-caso-de-coronavirus-en-tandil\/#breadcrumb","itemListElement":[{"@type":"ListItem","position":1,"name":"Inicio","item":"https:\/\/ondauno.com.ar\/"},{"@type":"ListItem","position":2,"name":"Se confirm\u00f3 el primer caso de coronavirus en Tandil"}]},{"@type":"WebSite","@id":"https:\/\/ondauno.com.ar\/#website","url":"https:\/\/ondauno.com.ar\/","name":"103.9 fm","description":"LA PRIMERA RADIO MULTIMEDIA DE TRES ARROYOS","potentialAction":[{"@type":"SearchAction","target":{"@type":"EntryPoint","urlTemplate":"https:\/\/ondauno.com.ar\/?s={search_term_string}"},"query-input":"required name=search_term_string"}],"inLanguage":"es-AR"},{"@type":"Person","@id":"https:\/\/ondauno.com.ar\/#\/schema\/person\/201d1b68e6c75e0fd396fe5f8af5d139","name":"fernando garcia","image":{"@type":"ImageObject","inLanguage":"es-AR","@id":"https:\/\/ondauno.com.ar\/#\/schema\/person\/image\/","url":"https:\/\/secure.gravatar.com\/avatar\/5f7254642ad81272e79a2e69653cfdfc?s=96&d=mm&r=g","contentUrl":"https:\/\/secure.gravatar.com\/avatar\/5f7254642ad81272e79a2e69653cfdfc?s=96&d=mm&r=g","caption":"fernando garcia"},"url":"https:\/\/ondauno.com.ar\/index.php\/author\/ondaunoeditor\/"}]}},"jetpack_publicize_connections":[],"jetpack_featured_media_url":"","jetpack_sharing_enabled":true,"_links":{"self":[{"href":"https:\/\/ondauno.com.ar\/index.php\/wp-json\/wp\/v2\/posts\/7483","targetHints":{"allow":["GET"]}}],"collection":[{"href":"https:\/\/ondauno.com.ar\/index.php\/wp-json\/wp\/v2\/posts"}],"about":[{"href":"https:\/\/ondauno.com.ar\/index.php\/wp-json\/wp\/v2\/types\/post"}],"author":[{"embeddable":true,"href":"https:\/\/ondauno.com.ar\/index.php\/wp-json\/wp\/v2\/users\/2"}],"replies":[{"embeddable":true,"href":"https:\/\/ondauno.com.ar\/index.php\/wp-json\/wp\/v2\/comments?post=7483"}],"version-history":[{"count":0,"href":"https:\/\/ondauno.com.ar\/index.php\/wp-json\/wp\/v2\/posts\/7483\/revisions"}],"wp:attachment":[{"href":"https:\/\/ondauno.com.ar\/index.php\/wp-json\/wp\/v2\/media?parent=7483"}],"wp:term":[{"taxonomy":"category","embeddable":true,"href":"https:\/\/ondauno.com.ar\/index.php\/wp-json\/wp\/v2\/categories?post=7483"},{"taxonomy":"post_tag","embeddable":true,"href":"https:\/\/ondauno.com.ar\/index.php\/wp-json\/wp\/v2\/tags?post=7483"}],"curies":[{"name":"wp","href":"https:\/\/api.w.org\/{rel}","templated":true}]}}