{"id":7438,"date":"2020-03-28T12:11:24","date_gmt":"2020-03-28T15:11:24","guid":{"rendered":"http:\/\/ondauno.com.ar\/?p=7438"},"modified":"2020-03-28T12:11:27","modified_gmt":"2020-03-28T15:11:27","slug":"ayer-fueron-confirmados-101-nuevos-casos-de-covid-19-36-en-provincia","status":"publish","type":"post","link":"https:\/\/ondauno.com.ar\/index.php\/2020\/03\/28\/ayer-fueron-confirmados-101-nuevos-casos-de-covid-19-36-en-provincia\/","title":{"rendered":"Ayer fueron confirmados 101 nuevos casos de COVID-19, 36 en provincia"},"content":{"rendered":"<div class=\"ondau-before-content_3\" style=\"margin-top: -30px;\" id=\"ondau-576542946\"><a href=\"https:\/\/www.lps.com.ar\/\" aria-label=\"la-perse2\"><img loading=\"lazy\" decoding=\"async\" src=\"https:\/\/ondauno.com.ar\/wp-content\/uploads\/2021\/10\/la-perse2.jpg\" alt=\"\"  srcset=\"https:\/\/ondauno.com.ar\/wp-content\/uploads\/2021\/10\/la-perse2.jpg 1353w, https:\/\/ondauno.com.ar\/wp-content\/uploads\/2021\/10\/la-perse2-300x43.jpg 300w, https:\/\/ondauno.com.ar\/wp-content\/uploads\/2021\/10\/la-perse2-1024x148.jpg 1024w, https:\/\/ondauno.com.ar\/wp-content\/uploads\/2021\/10\/la-perse2-768x111.jpg 768w, https:\/\/ondauno.com.ar\/wp-content\/uploads\/2021\/10\/la-perse2-696x100.jpg 696w, https:\/\/ondauno.com.ar\/wp-content\/uploads\/2021\/10\/la-perse2-1068x154.jpg 1068w\" sizes=\"(max-width: 1353px) 100vw, 1353px\" class=\"no-lazyload\" width=\"1353\" height=\"195\"  style=\"display: inline-block;\" \/><\/a><\/div>\n<p>REPORTE DIARIO MATUTINO NRO 27 | SITUACI\u00d3N DE COVID-19 EN ARGENTINA<\/p>\n\n\n\n<p>\ud83d\udcccEl total de casos confirmados en Argentina es de 690, de los cuales 17 fallecieron. Respecto a los confirmados, el 56% son importados, el 24,2% son contactos estrechos de casos confirmados, y el resto se encuentra en investigaci\u00f3n epidemiol\u00f3gica.<\/p>\n\n\n\n<p>\ud83d\udcccDel total, el 41,5% son mujeres y el 58,5% son hombres. <\/p>\n\n\n\n<p>\ud83d\udcccLas principales franjas etarias afectadas de los casos registrados corresponden a personas de entre 20 y 59 a\u00f1os, siendo de 30 a 39 a\u00f1os la m\u00e1s afectada.<\/p>\n\n\n\n<p>\ud83d\udcccEn Argentina, en total se han constatado 2817 casos negativos por laboratorio.<\/p>\n\n\n\n<p>\ud83d\udcccA la fecha, fueron dados de alta transitoria 78 casos y 2 pacientes con alta definitiva.<\/p>\n\n\n\n<p>\ud83d\udcccAyer fueron confirmados 101 nuevos casos de COVID-19 (nuevos y reclasificados*):<\/p>\n\n\n\n<ul class=\"wp-block-list\"><li>43 en la Ciudad Aut\u00f3noma de Buenos Aires<\/li><li>36 en Provincia de Buenos Aires<\/li><li>3 en Chaco<\/li><li>5 en C\u00f3rdoba<\/li><li>6 en Tucum\u00e1n<\/li><li>9 Santa Fe<\/li><li>3 en Entre R\u00edos<\/li><li>4 en Neuqu\u00e9n<\/li><li>1 en Mendoza<\/li><li>3 en R\u00edo Negro<\/li><li>2 en Corrientes<\/li><li>1 en Santiago del Estero<\/li><li>1 en Misiones<br>\n*El total de los casos fue de 101. Se suman en esta lista, 16 casos (anteriores) que en el d\u00eda de ayer figuraban sin localidad de residencia y hoy se agruparon en las jurisdicciones correspondientes.<\/li><\/ul>\n\n\n\n<p>\ud83d\udcccAl momento, en Argentina la mayor\u00eda de los casos son importados, se detecta transmisi\u00f3n local en conglomerados en las provincias de Santa Fe, C\u00f3rdoba y Tierra del Fuego, y se identifica el inicio de transmisi\u00f3n comunitaria en la regi\u00f3n del AMBA y Chaco. En nuestro pa\u00eds coexisten estrategias de contenci\u00f3n y mitigaci\u00f3n de mortalidad y transmisi\u00f3n.<\/p>\n\n\n\n<p>Zonas definidas por la Organizaci\u00f3n Mundial de la Salud como de transmisi\u00f3n local o comunitaria:<br>\nhttps:\/\/www.who.int\/emergencies\/diseases\/novel-coronavirus-2019\/situation-reports<\/p>\n","protected":false},"excerpt":{"rendered":"<p>REPORTE DIARIO MATUTINO NRO 27 | SITUACI\u00d3N DE COVID-19 EN ARGENTINA \ud83d\udcccEl total de casos confirmados en Argentina es de 690, de los cuales 17 fallecieron. Respecto a los confirmados, el 56% son importados, el 24,2% son contactos estrechos de casos confirmados, y el resto se encuentra en investigaci\u00f3n epidemiol\u00f3gica. \ud83d\udcccDel total, el 41,5% son [&hellip;]<\/p>\n","protected":false},"author":2,"featured_media":0,"comment_status":"open","ping_status":"open","sticky":false,"template":"","format":"standard","meta":{"tdm_status":"","tdm_grid_status":"","_jetpack_memberships_contains_paid_content":false,"footnotes":"","jetpack_publicize_message":"","jetpack_publicize_feature_enabled":true,"jetpack_social_post_already_shared":false,"jetpack_social_options":{"image_generator_settings":{"template":"highway","default_image_id":0,"font":"","enabled":false},"version":2}},"categories":[3],"tags":[],"class_list":{"0":"post-7438","1":"post","2":"type-post","3":"status-publish","4":"format-standard","6":"category-nacionales"},"yoast_head":"<!-- This site is optimized with the Yoast SEO plugin v22.7 - https:\/\/yoast.com\/wordpress\/plugins\/seo\/ -->\n<title>Ayer fueron confirmados 101 nuevos casos de COVID-19, 36 en provincia - 103.9 fm<\/title>\n<meta name=\"robots\" content=\"index, follow, max-snippet:-1, max-image-preview:large, max-video-preview:-1\" \/>\n<link rel=\"canonical\" href=\"https:\/\/ondauno.com.ar\/index.php\/2020\/03\/28\/ayer-fueron-confirmados-101-nuevos-casos-de-covid-19-36-en-provincia\/\" \/>\n<meta property=\"og:locale\" content=\"es_ES\" \/>\n<meta property=\"og:type\" content=\"article\" \/>\n<meta property=\"og:title\" content=\"Ayer fueron confirmados 101 nuevos casos de COVID-19, 36 en provincia - 103.9 fm\" \/>\n<meta property=\"og:description\" content=\"REPORTE DIARIO MATUTINO NRO 27 | SITUACI\u00d3N DE COVID-19 EN ARGENTINA \ud83d\udcccEl total de casos confirmados en Argentina es de 690, de los cuales 17 fallecieron. Respecto a los confirmados, el 56% son importados, el 24,2% son contactos estrechos de casos confirmados, y el resto se encuentra en investigaci\u00f3n epidemiol\u00f3gica. \ud83d\udcccDel total, el 41,5% son [&hellip;]\" \/>\n<meta property=\"og:url\" content=\"https:\/\/ondauno.com.ar\/index.php\/2020\/03\/28\/ayer-fueron-confirmados-101-nuevos-casos-de-covid-19-36-en-provincia\/\" \/>\n<meta property=\"og:site_name\" content=\"103.9 fm\" \/>\n<meta property=\"article:publisher\" content=\"https:\/\/www.facebook.com\/ondauno103.9\" \/>\n<meta property=\"article:published_time\" content=\"2020-03-28T15:11:24+00:00\" \/>\n<meta property=\"article:modified_time\" content=\"2020-03-28T15:11:27+00:00\" \/>\n<meta property=\"og:image\" content=\"https:\/\/ondauno.com.ar\/wp-content\/uploads\/2020\/03\/coronavirus-provincia.jpeg\" \/>\n\t<meta property=\"og:image:width\" content=\"121\" \/>\n\t<meta property=\"og:image:height\" content=\"75\" \/>\n\t<meta property=\"og:image:type\" content=\"image\/jpeg\" \/>\n<meta name=\"author\" content=\"fernando garcia\" \/>\n<meta name=\"twitter:card\" content=\"summary_large_image\" \/>\n<meta name=\"twitter:label1\" content=\"Escrito por\" \/>\n\t<meta name=\"twitter:data1\" content=\"fernando garcia\" \/>\n\t<meta name=\"twitter:label2\" content=\"Tiempo de lectura\" \/>\n\t<meta name=\"twitter:data2\" content=\"1 minuto\" \/>\n<script type=\"application\/ld+json\" class=\"yoast-schema-graph\">{\"@context\":\"https:\/\/schema.org\",\"@graph\":[{\"@type\":\"WebPage\",\"@id\":\"https:\/\/ondauno.com.ar\/index.php\/2020\/03\/28\/ayer-fueron-confirmados-101-nuevos-casos-de-covid-19-36-en-provincia\/\",\"url\":\"https:\/\/ondauno.com.ar\/index.php\/2020\/03\/28\/ayer-fueron-confirmados-101-nuevos-casos-de-covid-19-36-en-provincia\/\",\"name\":\"Ayer fueron confirmados 101 nuevos casos de COVID-19, 36 en provincia - 103.9 fm\",\"isPartOf\":{\"@id\":\"https:\/\/ondauno.com.ar\/#website\"},\"datePublished\":\"2020-03-28T15:11:24+00:00\",\"dateModified\":\"2020-03-28T15:11:27+00:00\",\"author\":{\"@id\":\"https:\/\/ondauno.com.ar\/#\/schema\/person\/201d1b68e6c75e0fd396fe5f8af5d139\"},\"breadcrumb\":{\"@id\":\"https:\/\/ondauno.com.ar\/index.php\/2020\/03\/28\/ayer-fueron-confirmados-101-nuevos-casos-de-covid-19-36-en-provincia\/#breadcrumb\"},\"inLanguage\":\"es-AR\",\"potentialAction\":[{\"@type\":\"ReadAction\",\"target\":[\"https:\/\/ondauno.com.ar\/index.php\/2020\/03\/28\/ayer-fueron-confirmados-101-nuevos-casos-de-covid-19-36-en-provincia\/\"]}]},{\"@type\":\"BreadcrumbList\",\"@id\":\"https:\/\/ondauno.com.ar\/index.php\/2020\/03\/28\/ayer-fueron-confirmados-101-nuevos-casos-de-covid-19-36-en-provincia\/#breadcrumb\",\"itemListElement\":[{\"@type\":\"ListItem\",\"position\":1,\"name\":\"Inicio\",\"item\":\"https:\/\/ondauno.com.ar\/\"},{\"@type\":\"ListItem\",\"position\":2,\"name\":\"Ayer fueron confirmados 101 nuevos casos de COVID-19, 36 en provincia\"}]},{\"@type\":\"WebSite\",\"@id\":\"https:\/\/ondauno.com.ar\/#website\",\"url\":\"https:\/\/ondauno.com.ar\/\",\"name\":\"103.9 fm\",\"description\":\"LA PRIMERA RADIO MULTIMEDIA DE TRES ARROYOS\",\"potentialAction\":[{\"@type\":\"SearchAction\",\"target\":{\"@type\":\"EntryPoint\",\"urlTemplate\":\"https:\/\/ondauno.com.ar\/?s={search_term_string}\"},\"query-input\":\"required name=search_term_string\"}],\"inLanguage\":\"es-AR\"},{\"@type\":\"Person\",\"@id\":\"https:\/\/ondauno.com.ar\/#\/schema\/person\/201d1b68e6c75e0fd396fe5f8af5d139\",\"name\":\"fernando garcia\",\"image\":{\"@type\":\"ImageObject\",\"inLanguage\":\"es-AR\",\"@id\":\"https:\/\/ondauno.com.ar\/#\/schema\/person\/image\/\",\"url\":\"https:\/\/secure.gravatar.com\/avatar\/5f7254642ad81272e79a2e69653cfdfc?s=96&d=mm&r=g\",\"contentUrl\":\"https:\/\/secure.gravatar.com\/avatar\/5f7254642ad81272e79a2e69653cfdfc?s=96&d=mm&r=g\",\"caption\":\"fernando garcia\"},\"url\":\"https:\/\/ondauno.com.ar\/index.php\/author\/ondaunoeditor\/\"}]}<\/script>\n<!-- \/ Yoast SEO plugin. -->","yoast_head_json":{"title":"Ayer fueron confirmados 101 nuevos casos de COVID-19, 36 en provincia - 103.9 fm","robots":{"index":"index","follow":"follow","max-snippet":"max-snippet:-1","max-image-preview":"max-image-preview:large","max-video-preview":"max-video-preview:-1"},"canonical":"https:\/\/ondauno.com.ar\/index.php\/2020\/03\/28\/ayer-fueron-confirmados-101-nuevos-casos-de-covid-19-36-en-provincia\/","og_locale":"es_ES","og_type":"article","og_title":"Ayer fueron confirmados 101 nuevos casos de COVID-19, 36 en provincia - 103.9 fm","og_description":"REPORTE DIARIO MATUTINO NRO 27 | SITUACI\u00d3N DE COVID-19 EN ARGENTINA \ud83d\udcccEl total de casos confirmados en Argentina es de 690, de los cuales 17 fallecieron. Respecto a los confirmados, el 56% son importados, el 24,2% son contactos estrechos de casos confirmados, y el resto se encuentra en investigaci\u00f3n epidemiol\u00f3gica. \ud83d\udcccDel total, el 41,5% son [&hellip;]","og_url":"https:\/\/ondauno.com.ar\/index.php\/2020\/03\/28\/ayer-fueron-confirmados-101-nuevos-casos-de-covid-19-36-en-provincia\/","og_site_name":"103.9 fm","article_publisher":"https:\/\/www.facebook.com\/ondauno103.9","article_published_time":"2020-03-28T15:11:24+00:00","article_modified_time":"2020-03-28T15:11:27+00:00","og_image":[{"width":121,"height":75,"url":"https:\/\/ondauno.com.ar\/wp-content\/uploads\/2020\/03\/coronavirus-provincia.jpeg","type":"image\/jpeg"}],"author":"fernando garcia","twitter_card":"summary_large_image","twitter_misc":{"Escrito por":"fernando garcia","Tiempo de lectura":"1 minuto"},"schema":{"@context":"https:\/\/schema.org","@graph":[{"@type":"WebPage","@id":"https:\/\/ondauno.com.ar\/index.php\/2020\/03\/28\/ayer-fueron-confirmados-101-nuevos-casos-de-covid-19-36-en-provincia\/","url":"https:\/\/ondauno.com.ar\/index.php\/2020\/03\/28\/ayer-fueron-confirmados-101-nuevos-casos-de-covid-19-36-en-provincia\/","name":"Ayer fueron confirmados 101 nuevos casos de COVID-19, 36 en provincia - 103.9 fm","isPartOf":{"@id":"https:\/\/ondauno.com.ar\/#website"},"datePublished":"2020-03-28T15:11:24+00:00","dateModified":"2020-03-28T15:11:27+00:00","author":{"@id":"https:\/\/ondauno.com.ar\/#\/schema\/person\/201d1b68e6c75e0fd396fe5f8af5d139"},"breadcrumb":{"@id":"https:\/\/ondauno.com.ar\/index.php\/2020\/03\/28\/ayer-fueron-confirmados-101-nuevos-casos-de-covid-19-36-en-provincia\/#breadcrumb"},"inLanguage":"es-AR","potentialAction":[{"@type":"ReadAction","target":["https:\/\/ondauno.com.ar\/index.php\/2020\/03\/28\/ayer-fueron-confirmados-101-nuevos-casos-de-covid-19-36-en-provincia\/"]}]},{"@type":"BreadcrumbList","@id":"https:\/\/ondauno.com.ar\/index.php\/2020\/03\/28\/ayer-fueron-confirmados-101-nuevos-casos-de-covid-19-36-en-provincia\/#breadcrumb","itemListElement":[{"@type":"ListItem","position":1,"name":"Inicio","item":"https:\/\/ondauno.com.ar\/"},{"@type":"ListItem","position":2,"name":"Ayer fueron confirmados 101 nuevos casos de COVID-19, 36 en provincia"}]},{"@type":"WebSite","@id":"https:\/\/ondauno.com.ar\/#website","url":"https:\/\/ondauno.com.ar\/","name":"103.9 fm","description":"LA PRIMERA RADIO MULTIMEDIA DE TRES ARROYOS","potentialAction":[{"@type":"SearchAction","target":{"@type":"EntryPoint","urlTemplate":"https:\/\/ondauno.com.ar\/?s={search_term_string}"},"query-input":"required name=search_term_string"}],"inLanguage":"es-AR"},{"@type":"Person","@id":"https:\/\/ondauno.com.ar\/#\/schema\/person\/201d1b68e6c75e0fd396fe5f8af5d139","name":"fernando garcia","image":{"@type":"ImageObject","inLanguage":"es-AR","@id":"https:\/\/ondauno.com.ar\/#\/schema\/person\/image\/","url":"https:\/\/secure.gravatar.com\/avatar\/5f7254642ad81272e79a2e69653cfdfc?s=96&d=mm&r=g","contentUrl":"https:\/\/secure.gravatar.com\/avatar\/5f7254642ad81272e79a2e69653cfdfc?s=96&d=mm&r=g","caption":"fernando garcia"},"url":"https:\/\/ondauno.com.ar\/index.php\/author\/ondaunoeditor\/"}]}},"jetpack_publicize_connections":[],"jetpack_featured_media_url":"","jetpack_sharing_enabled":true,"_links":{"self":[{"href":"https:\/\/ondauno.com.ar\/index.php\/wp-json\/wp\/v2\/posts\/7438","targetHints":{"allow":["GET"]}}],"collection":[{"href":"https:\/\/ondauno.com.ar\/index.php\/wp-json\/wp\/v2\/posts"}],"about":[{"href":"https:\/\/ondauno.com.ar\/index.php\/wp-json\/wp\/v2\/types\/post"}],"author":[{"embeddable":true,"href":"https:\/\/ondauno.com.ar\/index.php\/wp-json\/wp\/v2\/users\/2"}],"replies":[{"embeddable":true,"href":"https:\/\/ondauno.com.ar\/index.php\/wp-json\/wp\/v2\/comments?post=7438"}],"version-history":[{"count":0,"href":"https:\/\/ondauno.com.ar\/index.php\/wp-json\/wp\/v2\/posts\/7438\/revisions"}],"wp:attachment":[{"href":"https:\/\/ondauno.com.ar\/index.php\/wp-json\/wp\/v2\/media?parent=7438"}],"wp:term":[{"taxonomy":"category","embeddable":true,"href":"https:\/\/ondauno.com.ar\/index.php\/wp-json\/wp\/v2\/categories?post=7438"},{"taxonomy":"post_tag","embeddable":true,"href":"https:\/\/ondauno.com.ar\/index.php\/wp-json\/wp\/v2\/tags?post=7438"}],"curies":[{"name":"wp","href":"https:\/\/api.w.org\/{rel}","templated":true}]}}