{"id":7424,"date":"2020-03-27T19:17:56","date_gmt":"2020-03-27T22:17:56","guid":{"rendered":"http:\/\/ondauno.com.ar\/?p=7424"},"modified":"2020-03-27T19:18:00","modified_gmt":"2020-03-27T22:18:00","slug":"trotta-se-extendera-la-suspension-de-las-clases-para-priorizar-la-salud","status":"publish","type":"post","link":"https:\/\/ondauno.com.ar\/index.php\/2020\/03\/27\/trotta-se-extendera-la-suspension-de-las-clases-para-priorizar-la-salud\/","title":{"rendered":"Trotta: \u201cSe extender\u00e1 la suspensi\u00f3n de las clases para priorizar la salud\u201d"},"content":{"rendered":"<div class=\"ondau-before-content_3\" style=\"margin-top: -30px;\" id=\"ondau-2608806524\"><a href=\"https:\/\/www.lps.com.ar\/\" aria-label=\"la-perse2\"><img loading=\"lazy\" decoding=\"async\" src=\"https:\/\/ondauno.com.ar\/wp-content\/uploads\/2021\/10\/la-perse2.jpg\" alt=\"\"  srcset=\"https:\/\/ondauno.com.ar\/wp-content\/uploads\/2021\/10\/la-perse2.jpg 1353w, https:\/\/ondauno.com.ar\/wp-content\/uploads\/2021\/10\/la-perse2-300x43.jpg 300w, https:\/\/ondauno.com.ar\/wp-content\/uploads\/2021\/10\/la-perse2-1024x148.jpg 1024w, https:\/\/ondauno.com.ar\/wp-content\/uploads\/2021\/10\/la-perse2-768x111.jpg 768w, https:\/\/ondauno.com.ar\/wp-content\/uploads\/2021\/10\/la-perse2-696x100.jpg 696w, https:\/\/ondauno.com.ar\/wp-content\/uploads\/2021\/10\/la-perse2-1068x154.jpg 1068w\" sizes=\"(max-width: 1353px) 100vw, 1353px\" class=\"no-lazyload\" width=\"1353\" height=\"195\"  style=\"display: inline-block;\" \/><\/a><\/div>\n<h1 class=\"wp-block-heading\"><\/h1>\n\n\n\n<p>El ministro de Educaci\u00f3n adelant\u00f3 adem\u00e1s que comenzar\u00e1 una segunda etapa del programa &#8220;Seguimos Educando&#8221; con participaci\u00f3n de los medios de comunicaci\u00f3n.<\/p>\n\n\n\n<figure class=\"wp-block-image\"><img decoding=\"async\" data-src=\"https:\/\/storage.lacapitalmdp.com\/2020\/02\/TrottaChapa.jpg\" alt=\"\" src=\"data:image\/gif;base64,R0lGODlhAQABAAAAACH5BAEKAAEALAAAAAABAAEAAAICTAEAOw==\" class=\"lazyload\" \/><noscript><img decoding=\"async\" src=\"https:\/\/storage.lacapitalmdp.com\/2020\/02\/TrottaChapa.jpg\" alt=\"\"\/><\/noscript><\/figure>\n\n\n\n<p>El ministro de Educaci\u00f3n de la Naci\u00f3n, Nicol\u00e1s Trotta<\/p>\n\n\n\n<p>El ministro de Educaci\u00f3n, Nicol\u00e1s Trotta, asegur\u00f3 hoy que se extender\u00e1 la suspensi\u00f3n de las clases mientras est\u00e9 la decisi\u00f3n del Gobierno Nacional de priorizar la salud ante la pandemia de coronavirus y adelant\u00f3 que comenzar\u00e1 una segunda etapa del programa \u201cSeguimos Educando\u201d con participaci\u00f3n de los medios de comunicaci\u00f3n.<\/p>\n\n\n\n<p>\u201c<strong>Se extiende la suspensi\u00f3n de las clases a partir de una definici\u00f3n clara de nuestro Presidente de priorizar la salud.<\/strong>&nbsp;Cada decisi\u00f3n de cuidar la salud genera nuevos desaf\u00edos, en este caso de educar a los chicos en casa y contenerlos como familia ante este momento de incertidumbre\u201d, asegur\u00f3 Trotta en una entrevista con Radio con Vos.<\/p>\n\n\n\n<p>Sobre cu\u00e1ndo podr\u00edan reiniciarse, el ministro dijo que \u201ces dif\u00edcil saberlo, es un momento de incertidumbre para todos los pa\u00edses del hemisferio sur, y ser\u00e1 de acuerdo a como es el comportamiento de la pandemia en el hemisferio norte. Cada decisi\u00f3n que se tome va a ser para cuidar algo que no se recupera que es la salud\u201d.<\/p>\n\n\n\n<p>\u201cVenimos trabajando en una segunda etapa de la propuesta \u2018Seguimos Educando\u2019, y desde la semana que viene vamos a tener 14 horas de producci\u00f3n educativa televisiva y radial para complementar\u201d, explic\u00f3 el funcionario.<\/p>\n\n\n\n<p>Acerca de la relaci\u00f3n con los gremios docentes, Trotta se\u00f1al\u00f3 que \u201ccontamos con el acompa\u00f1amiento y el di\u00e1logo constante de los sindicatos, con los que dialogamos en forma constante, y adem\u00e1s lanzamos cursos de capacitaci\u00f3n docente en nuevas tecnolog\u00edas, con mas de 50 mil inscriptos\u201d.<\/p>\n\n\n\n<p>\u201cSabemos que no es lo mismo que los chicos no est\u00e9n en las escuelas, tengo chicos con los que estudiamos a diario, y nosotros tenemos estudios universitarios, por eso confiamos mucho en la televisi\u00f3n para acercar saberes a quienes no cuentan con el apoyo en casa\u201d, a\u00f1adi\u00f3.<\/p>\n\n\n\n<p>Por otra parte, el titular de la cartera educativa manifest\u00f3 que una vez superada esta situaci\u00f3n \u201cveremos el calendario escolar y tendremos que encontrar cu\u00e1l es el mejor camino para que este ciclo 2020, a partir de esta pandemia, se resienta lo menos posible\u201d.<\/p>\n\n\n\n<p>El presidente Alberto Fern\u00e1ndez hab\u00eda dicho ayer que en el marco de la emergencia sanitaria \u201cel inicio de clases puede esperar\u201d, mientras el ministro Trotta afirm\u00f3 que est\u00e1n listos una mayor cantidad de programas educativos a emitirse por televisi\u00f3n y radio destinados a mantener la actividad escolar pese a las dificultades ante la pandemia de coronavirus.<\/p>\n\n\n\n<p>El Presidente expres\u00f3 que \u201csi hay algo que no urge es el inicio de las clases\u201d, y agreg\u00f3: \u201cYa veremos c\u00f3mo compensamos esos d\u00edas\u201d.<\/p>\n\n\n\n<p>Por su parte, el subsecretario de Medios P\u00fablicos de la Naci\u00f3n, Claudio Mart\u00ednez, dijo a T\u00e9lam que est\u00e1n trabajando \u201cen la producci\u00f3n de muchas m\u00e1s horas diarias, tanto en TV y Radio\u201d.<\/p>\n\n\n\n<p>\u201cEstamos pensando en 14 horas diarias de TV. La educaci\u00f3n en la Argentina est\u00e1 dividida en 7 partes, desde el nivel inicial hasta el \u00faltimo a\u00f1o del secundario\u201d, explic\u00f3.<\/p>\n\n\n\n<p>\u201cCada uno de esos niveles va a tener dos horas de programaci\u00f3n diaria, en un esquema no tan similar al de ahora con programas cerrados, sino m\u00e1s bien con presencia directa de docentes, lo que uno podr\u00eda llamar \u201cteleclases\u201d, que van a tener desarrollo art\u00edstico, conductores del mundo art\u00edstico, pero con docentes parados delante de la c\u00e1mara, ense\u00f1ando 2 horas por d\u00eda en cada uno de los 7 niveles\u201d, detall\u00f3.<\/p>\n\n\n\n<p>El funcionario se\u00f1al\u00f3 que \u201cla cabecera de esto va a ser la TV P\u00fablica, que va a transmitir 6 horas diarias, mientras que Encuentro y Pakapaka van a completar las 14\u2033.<\/p>\n\n\n\n<p>\u201cLos canales p\u00fablicos van a tener la totalidad de la oferta educativa, pero sabemos que, por la extensi\u00f3n del pa\u00eds, vamos a necesitar de todos los recursos posibles\u201d, sostuvo. Agreg\u00f3 que tambi\u00e9n se empez\u00f3 a articular con el sistema privado y con el sistema p\u00fablico de las provincias, con las universidades, cooperativas y canales comunitarios.<\/p>\n\n\n\n<p>\u201cEn cuanto a la radio, van a ser siete horas, una por cada nivel, con cabecera en Radio Nacional y hemos convocado a las privadas, comunitarias, universitarias. Hemos tenido una respuesta muy positiva\u201d, finaliz\u00f3 Mart\u00ednez.<\/p>\n","protected":false},"excerpt":{"rendered":"<p>El ministro de Educaci\u00f3n adelant\u00f3 adem\u00e1s que comenzar\u00e1 una segunda etapa del programa &#8220;Seguimos Educando&#8221; con participaci\u00f3n de los medios de comunicaci\u00f3n. El ministro de Educaci\u00f3n de la Naci\u00f3n, Nicol\u00e1s Trotta El ministro de Educaci\u00f3n, Nicol\u00e1s Trotta, asegur\u00f3 hoy que se extender\u00e1 la suspensi\u00f3n de las clases mientras est\u00e9 la decisi\u00f3n del Gobierno Nacional de [&hellip;]<\/p>\n","protected":false},"author":2,"featured_media":0,"comment_status":"open","ping_status":"open","sticky":false,"template":"","format":"standard","meta":{"tdm_status":"","tdm_grid_status":"","_jetpack_memberships_contains_paid_content":false,"footnotes":"","jetpack_publicize_message":"","jetpack_publicize_feature_enabled":true,"jetpack_social_post_already_shared":false,"jetpack_social_options":{"image_generator_settings":{"template":"highway","default_image_id":0,"font":"","enabled":false},"version":2}},"categories":[3],"tags":[],"class_list":{"0":"post-7424","1":"post","2":"type-post","3":"status-publish","4":"format-standard","6":"category-nacionales"},"yoast_head":"<!-- This site is optimized with the Yoast SEO plugin v22.7 - https:\/\/yoast.com\/wordpress\/plugins\/seo\/ -->\n<title>Trotta: \u201cSe extender\u00e1 la suspensi\u00f3n de las clases para priorizar la salud\u201d - 103.9 fm<\/title>\n<meta name=\"robots\" content=\"index, follow, max-snippet:-1, max-image-preview:large, max-video-preview:-1\" \/>\n<link rel=\"canonical\" href=\"https:\/\/ondauno.com.ar\/index.php\/2020\/03\/27\/trotta-se-extendera-la-suspension-de-las-clases-para-priorizar-la-salud\/\" \/>\n<meta property=\"og:locale\" content=\"es_ES\" \/>\n<meta property=\"og:type\" content=\"article\" \/>\n<meta property=\"og:title\" content=\"Trotta: \u201cSe extender\u00e1 la suspensi\u00f3n de las clases para priorizar la salud\u201d - 103.9 fm\" \/>\n<meta property=\"og:description\" content=\"El ministro de Educaci\u00f3n adelant\u00f3 adem\u00e1s que comenzar\u00e1 una segunda etapa del programa &#8220;Seguimos Educando&#8221; con participaci\u00f3n de los medios de comunicaci\u00f3n. El ministro de Educaci\u00f3n de la Naci\u00f3n, Nicol\u00e1s Trotta El ministro de Educaci\u00f3n, Nicol\u00e1s Trotta, asegur\u00f3 hoy que se extender\u00e1 la suspensi\u00f3n de las clases mientras est\u00e9 la decisi\u00f3n del Gobierno Nacional de [&hellip;]\" \/>\n<meta property=\"og:url\" content=\"https:\/\/ondauno.com.ar\/index.php\/2020\/03\/27\/trotta-se-extendera-la-suspension-de-las-clases-para-priorizar-la-salud\/\" \/>\n<meta property=\"og:site_name\" content=\"103.9 fm\" \/>\n<meta property=\"article:publisher\" content=\"https:\/\/www.facebook.com\/ondauno103.9\" \/>\n<meta property=\"article:published_time\" content=\"2020-03-27T22:17:56+00:00\" \/>\n<meta property=\"article:modified_time\" content=\"2020-03-27T22:18:00+00:00\" \/>\n<meta property=\"og:image\" content=\"https:\/\/ondauno.com.ar\/wp-content\/uploads\/2020\/03\/36473_er.jpg\" \/>\n\t<meta property=\"og:image:width\" content=\"1200\" \/>\n\t<meta property=\"og:image:height\" content=\"798\" \/>\n\t<meta property=\"og:image:type\" content=\"image\/jpeg\" \/>\n<meta name=\"author\" content=\"fernando garcia\" \/>\n<meta name=\"twitter:card\" content=\"summary_large_image\" \/>\n<meta name=\"twitter:label1\" content=\"Escrito por\" \/>\n\t<meta name=\"twitter:data1\" content=\"fernando garcia\" \/>\n\t<meta name=\"twitter:label2\" content=\"Tiempo de lectura\" \/>\n\t<meta name=\"twitter:data2\" content=\"4 minutos\" \/>\n<script type=\"application\/ld+json\" class=\"yoast-schema-graph\">{\"@context\":\"https:\/\/schema.org\",\"@graph\":[{\"@type\":\"WebPage\",\"@id\":\"https:\/\/ondauno.com.ar\/index.php\/2020\/03\/27\/trotta-se-extendera-la-suspension-de-las-clases-para-priorizar-la-salud\/\",\"url\":\"https:\/\/ondauno.com.ar\/index.php\/2020\/03\/27\/trotta-se-extendera-la-suspension-de-las-clases-para-priorizar-la-salud\/\",\"name\":\"Trotta: \u201cSe extender\u00e1 la suspensi\u00f3n de las clases para priorizar la salud\u201d - 103.9 fm\",\"isPartOf\":{\"@id\":\"https:\/\/ondauno.com.ar\/#website\"},\"primaryImageOfPage\":{\"@id\":\"https:\/\/ondauno.com.ar\/index.php\/2020\/03\/27\/trotta-se-extendera-la-suspension-de-las-clases-para-priorizar-la-salud\/#primaryimage\"},\"image\":{\"@id\":\"https:\/\/ondauno.com.ar\/index.php\/2020\/03\/27\/trotta-se-extendera-la-suspension-de-las-clases-para-priorizar-la-salud\/#primaryimage\"},\"thumbnailUrl\":\"https:\/\/storage.lacapitalmdp.com\/2020\/02\/TrottaChapa.jpg\",\"datePublished\":\"2020-03-27T22:17:56+00:00\",\"dateModified\":\"2020-03-27T22:18:00+00:00\",\"author\":{\"@id\":\"https:\/\/ondauno.com.ar\/#\/schema\/person\/201d1b68e6c75e0fd396fe5f8af5d139\"},\"breadcrumb\":{\"@id\":\"https:\/\/ondauno.com.ar\/index.php\/2020\/03\/27\/trotta-se-extendera-la-suspension-de-las-clases-para-priorizar-la-salud\/#breadcrumb\"},\"inLanguage\":\"es-AR\",\"potentialAction\":[{\"@type\":\"ReadAction\",\"target\":[\"https:\/\/ondauno.com.ar\/index.php\/2020\/03\/27\/trotta-se-extendera-la-suspension-de-las-clases-para-priorizar-la-salud\/\"]}]},{\"@type\":\"ImageObject\",\"inLanguage\":\"es-AR\",\"@id\":\"https:\/\/ondauno.com.ar\/index.php\/2020\/03\/27\/trotta-se-extendera-la-suspension-de-las-clases-para-priorizar-la-salud\/#primaryimage\",\"url\":\"https:\/\/storage.lacapitalmdp.com\/2020\/02\/TrottaChapa.jpg\",\"contentUrl\":\"https:\/\/storage.lacapitalmdp.com\/2020\/02\/TrottaChapa.jpg\"},{\"@type\":\"BreadcrumbList\",\"@id\":\"https:\/\/ondauno.com.ar\/index.php\/2020\/03\/27\/trotta-se-extendera-la-suspension-de-las-clases-para-priorizar-la-salud\/#breadcrumb\",\"itemListElement\":[{\"@type\":\"ListItem\",\"position\":1,\"name\":\"Inicio\",\"item\":\"https:\/\/ondauno.com.ar\/\"},{\"@type\":\"ListItem\",\"position\":2,\"name\":\"Trotta: \u201cSe extender\u00e1 la suspensi\u00f3n de las clases para priorizar la salud\u201d\"}]},{\"@type\":\"WebSite\",\"@id\":\"https:\/\/ondauno.com.ar\/#website\",\"url\":\"https:\/\/ondauno.com.ar\/\",\"name\":\"103.9 fm\",\"description\":\"LA PRIMERA RADIO MULTIMEDIA DE TRES ARROYOS\",\"potentialAction\":[{\"@type\":\"SearchAction\",\"target\":{\"@type\":\"EntryPoint\",\"urlTemplate\":\"https:\/\/ondauno.com.ar\/?s={search_term_string}\"},\"query-input\":\"required name=search_term_string\"}],\"inLanguage\":\"es-AR\"},{\"@type\":\"Person\",\"@id\":\"https:\/\/ondauno.com.ar\/#\/schema\/person\/201d1b68e6c75e0fd396fe5f8af5d139\",\"name\":\"fernando garcia\",\"image\":{\"@type\":\"ImageObject\",\"inLanguage\":\"es-AR\",\"@id\":\"https:\/\/ondauno.com.ar\/#\/schema\/person\/image\/\",\"url\":\"https:\/\/secure.gravatar.com\/avatar\/5f7254642ad81272e79a2e69653cfdfc?s=96&d=mm&r=g\",\"contentUrl\":\"https:\/\/secure.gravatar.com\/avatar\/5f7254642ad81272e79a2e69653cfdfc?s=96&d=mm&r=g\",\"caption\":\"fernando garcia\"},\"url\":\"https:\/\/ondauno.com.ar\/index.php\/author\/ondaunoeditor\/\"}]}<\/script>\n<!-- \/ Yoast SEO plugin. -->","yoast_head_json":{"title":"Trotta: \u201cSe extender\u00e1 la suspensi\u00f3n de las clases para priorizar la salud\u201d - 103.9 fm","robots":{"index":"index","follow":"follow","max-snippet":"max-snippet:-1","max-image-preview":"max-image-preview:large","max-video-preview":"max-video-preview:-1"},"canonical":"https:\/\/ondauno.com.ar\/index.php\/2020\/03\/27\/trotta-se-extendera-la-suspension-de-las-clases-para-priorizar-la-salud\/","og_locale":"es_ES","og_type":"article","og_title":"Trotta: \u201cSe extender\u00e1 la suspensi\u00f3n de las clases para priorizar la salud\u201d - 103.9 fm","og_description":"El ministro de Educaci\u00f3n adelant\u00f3 adem\u00e1s que comenzar\u00e1 una segunda etapa del programa &#8220;Seguimos Educando&#8221; con participaci\u00f3n de los medios de comunicaci\u00f3n. El ministro de Educaci\u00f3n de la Naci\u00f3n, Nicol\u00e1s Trotta El ministro de Educaci\u00f3n, Nicol\u00e1s Trotta, asegur\u00f3 hoy que se extender\u00e1 la suspensi\u00f3n de las clases mientras est\u00e9 la decisi\u00f3n del Gobierno Nacional de [&hellip;]","og_url":"https:\/\/ondauno.com.ar\/index.php\/2020\/03\/27\/trotta-se-extendera-la-suspension-de-las-clases-para-priorizar-la-salud\/","og_site_name":"103.9 fm","article_publisher":"https:\/\/www.facebook.com\/ondauno103.9","article_published_time":"2020-03-27T22:17:56+00:00","article_modified_time":"2020-03-27T22:18:00+00:00","og_image":[{"width":1200,"height":798,"url":"https:\/\/ondauno.com.ar\/wp-content\/uploads\/2020\/03\/36473_er.jpg","type":"image\/jpeg"}],"author":"fernando garcia","twitter_card":"summary_large_image","twitter_misc":{"Escrito por":"fernando garcia","Tiempo de lectura":"4 minutos"},"schema":{"@context":"https:\/\/schema.org","@graph":[{"@type":"WebPage","@id":"https:\/\/ondauno.com.ar\/index.php\/2020\/03\/27\/trotta-se-extendera-la-suspension-de-las-clases-para-priorizar-la-salud\/","url":"https:\/\/ondauno.com.ar\/index.php\/2020\/03\/27\/trotta-se-extendera-la-suspension-de-las-clases-para-priorizar-la-salud\/","name":"Trotta: \u201cSe extender\u00e1 la suspensi\u00f3n de las clases para priorizar la salud\u201d - 103.9 fm","isPartOf":{"@id":"https:\/\/ondauno.com.ar\/#website"},"primaryImageOfPage":{"@id":"https:\/\/ondauno.com.ar\/index.php\/2020\/03\/27\/trotta-se-extendera-la-suspension-de-las-clases-para-priorizar-la-salud\/#primaryimage"},"image":{"@id":"https:\/\/ondauno.com.ar\/index.php\/2020\/03\/27\/trotta-se-extendera-la-suspension-de-las-clases-para-priorizar-la-salud\/#primaryimage"},"thumbnailUrl":"https:\/\/storage.lacapitalmdp.com\/2020\/02\/TrottaChapa.jpg","datePublished":"2020-03-27T22:17:56+00:00","dateModified":"2020-03-27T22:18:00+00:00","author":{"@id":"https:\/\/ondauno.com.ar\/#\/schema\/person\/201d1b68e6c75e0fd396fe5f8af5d139"},"breadcrumb":{"@id":"https:\/\/ondauno.com.ar\/index.php\/2020\/03\/27\/trotta-se-extendera-la-suspension-de-las-clases-para-priorizar-la-salud\/#breadcrumb"},"inLanguage":"es-AR","potentialAction":[{"@type":"ReadAction","target":["https:\/\/ondauno.com.ar\/index.php\/2020\/03\/27\/trotta-se-extendera-la-suspension-de-las-clases-para-priorizar-la-salud\/"]}]},{"@type":"ImageObject","inLanguage":"es-AR","@id":"https:\/\/ondauno.com.ar\/index.php\/2020\/03\/27\/trotta-se-extendera-la-suspension-de-las-clases-para-priorizar-la-salud\/#primaryimage","url":"https:\/\/storage.lacapitalmdp.com\/2020\/02\/TrottaChapa.jpg","contentUrl":"https:\/\/storage.lacapitalmdp.com\/2020\/02\/TrottaChapa.jpg"},{"@type":"BreadcrumbList","@id":"https:\/\/ondauno.com.ar\/index.php\/2020\/03\/27\/trotta-se-extendera-la-suspension-de-las-clases-para-priorizar-la-salud\/#breadcrumb","itemListElement":[{"@type":"ListItem","position":1,"name":"Inicio","item":"https:\/\/ondauno.com.ar\/"},{"@type":"ListItem","position":2,"name":"Trotta: \u201cSe extender\u00e1 la suspensi\u00f3n de las clases para priorizar la salud\u201d"}]},{"@type":"WebSite","@id":"https:\/\/ondauno.com.ar\/#website","url":"https:\/\/ondauno.com.ar\/","name":"103.9 fm","description":"LA PRIMERA RADIO MULTIMEDIA DE TRES ARROYOS","potentialAction":[{"@type":"SearchAction","target":{"@type":"EntryPoint","urlTemplate":"https:\/\/ondauno.com.ar\/?s={search_term_string}"},"query-input":"required name=search_term_string"}],"inLanguage":"es-AR"},{"@type":"Person","@id":"https:\/\/ondauno.com.ar\/#\/schema\/person\/201d1b68e6c75e0fd396fe5f8af5d139","name":"fernando garcia","image":{"@type":"ImageObject","inLanguage":"es-AR","@id":"https:\/\/ondauno.com.ar\/#\/schema\/person\/image\/","url":"https:\/\/secure.gravatar.com\/avatar\/5f7254642ad81272e79a2e69653cfdfc?s=96&d=mm&r=g","contentUrl":"https:\/\/secure.gravatar.com\/avatar\/5f7254642ad81272e79a2e69653cfdfc?s=96&d=mm&r=g","caption":"fernando garcia"},"url":"https:\/\/ondauno.com.ar\/index.php\/author\/ondaunoeditor\/"}]}},"jetpack_publicize_connections":[],"jetpack_featured_media_url":"","jetpack_sharing_enabled":true,"_links":{"self":[{"href":"https:\/\/ondauno.com.ar\/index.php\/wp-json\/wp\/v2\/posts\/7424","targetHints":{"allow":["GET"]}}],"collection":[{"href":"https:\/\/ondauno.com.ar\/index.php\/wp-json\/wp\/v2\/posts"}],"about":[{"href":"https:\/\/ondauno.com.ar\/index.php\/wp-json\/wp\/v2\/types\/post"}],"author":[{"embeddable":true,"href":"https:\/\/ondauno.com.ar\/index.php\/wp-json\/wp\/v2\/users\/2"}],"replies":[{"embeddable":true,"href":"https:\/\/ondauno.com.ar\/index.php\/wp-json\/wp\/v2\/comments?post=7424"}],"version-history":[{"count":0,"href":"https:\/\/ondauno.com.ar\/index.php\/wp-json\/wp\/v2\/posts\/7424\/revisions"}],"wp:attachment":[{"href":"https:\/\/ondauno.com.ar\/index.php\/wp-json\/wp\/v2\/media?parent=7424"}],"wp:term":[{"taxonomy":"category","embeddable":true,"href":"https:\/\/ondauno.com.ar\/index.php\/wp-json\/wp\/v2\/categories?post=7424"},{"taxonomy":"post_tag","embeddable":true,"href":"https:\/\/ondauno.com.ar\/index.php\/wp-json\/wp\/v2\/tags?post=7424"}],"curies":[{"name":"wp","href":"https:\/\/api.w.org\/{rel}","templated":true}]}}