{"id":7408,"date":"2020-03-27T14:51:24","date_gmt":"2020-03-27T17:51:24","guid":{"rendered":"http:\/\/ondauno.com.ar\/?p=7408"},"modified":"2020-03-27T17:08:29","modified_gmt":"2020-03-27T20:08:29","slug":"kicillof-firmo-un-convenio-para-sumar-330-camas-para-pacientes-con-coronavirus-en-el-sanatorio-antartida","status":"publish","type":"post","link":"https:\/\/ondauno.com.ar\/index.php\/2020\/03\/27\/kicillof-firmo-un-convenio-para-sumar-330-camas-para-pacientes-con-coronavirus-en-el-sanatorio-antartida\/","title":{"rendered":"Kicillof firm\u00f3 un convenio para sumar 330 camas para pacientes con coronavirus en el Sanatorio Ant\u00e1rtida"},"content":{"rendered":"<div class=\"ondau-before-content_3\" style=\"margin-top: -30px;\" id=\"ondau-3734817521\"><a href=\"https:\/\/www.lps.com.ar\/\" aria-label=\"la-perse2\"><img loading=\"lazy\" decoding=\"async\" src=\"https:\/\/ondauno.com.ar\/wp-content\/uploads\/2021\/10\/la-perse2.jpg\" alt=\"\"  srcset=\"https:\/\/ondauno.com.ar\/wp-content\/uploads\/2021\/10\/la-perse2.jpg 1353w, https:\/\/ondauno.com.ar\/wp-content\/uploads\/2021\/10\/la-perse2-300x43.jpg 300w, https:\/\/ondauno.com.ar\/wp-content\/uploads\/2021\/10\/la-perse2-1024x148.jpg 1024w, https:\/\/ondauno.com.ar\/wp-content\/uploads\/2021\/10\/la-perse2-768x111.jpg 768w, https:\/\/ondauno.com.ar\/wp-content\/uploads\/2021\/10\/la-perse2-696x100.jpg 696w, https:\/\/ondauno.com.ar\/wp-content\/uploads\/2021\/10\/la-perse2-1068x154.jpg 1068w\" sizes=\"(max-width: 1353px) 100vw, 1353px\" class=\"no-lazyload\" width=\"1353\" height=\"195\"  style=\"display: inline-block;\" \/><\/a><\/div>\n<table class=\"wp-block-table\"><tbody><tr><td>El gobernador de la Provincia de Buenos Aires, Axel Kicillof, firm\u00f3 esta ma\u00f1ana un convenio con la Obra Social de Choferes de Camiones (OSCHOCA), para la utilizaci\u00f3n del Sanatorio Ant\u00e1rtida que \u00e9sta posee en la ciudad de Buenos Aires, en el marco de la emergencia sanitaria por COVID-19.<br><br>Acompa\u00f1ado por el presidente de OSCHOCA, Hugo Moyano, el ministro de Salud de la Naci\u00f3n, Gin\u00e9s Gonz\u00e1lez Garc\u00eda, y su par provincial, Daniel Goll\u00e1n, Kicillof anunci\u00f3: \u201cA partir del 1\u00b0 de abril y gracias a este acuerdo, la provincia de Buenos Aires va a contar con 330 camas adicionales para atender esta situaci\u00f3n de absoluta emergencia\u201d, inform\u00f3 el Gobernador y se\u00f1al\u00f3 que este Sanatorio ser\u00e1 el segundo centro de emergencia para atenci\u00f3n especializada de enfermos por coronavirus (el primero fue inaugurado en Jos\u00e9 C. Paz).&nbsp;<br><br>A trav\u00e9s del convenio, el Estado provincial podr\u00e1 derivar pacientes infectados con coronavirus (COVID-19) al&nbsp; Sanatorio Ant\u00e1rtida que est\u00e1 ubicado en la Av. Rivadavia 4978, del barrio de Caballito en la Ciudad de Buenos Aires.<br><br>Kicillof asegur\u00f3 que \u201cla cuarentena y el aislamiento son el \u00fanico medio para evitar la expansi\u00f3n, pero las decisiones del Gobierno Nacional nos permitieron adem\u00e1s contar con un intervalo de tiempo para la preparaci\u00f3n del sistema sanitario\u201d. \u201cEn cualquiera de los escenarios las camas de terapia intensiva de la Provincia y los municipios no alcanzar\u00edan. Por eso hemos tomado medidas para ampliar la capacidad de atenci\u00f3n en nuestro sistema de salud, de todas las maneras posibles\u201d, se\u00f1al\u00f3.<br>Para la utilizaci\u00f3n del Sanatorio Ant\u00e1rtida, \u201cla provincia de Buenos Aires va a proporcionar los respiradores que se necesitan\u201d, explic\u00f3 el Gobernador. Asimismo, agradeci\u00f3 al jefe de Gobierno Horacio Rodr\u00edguez Larreta por acelerar su habilitaci\u00f3n.&nbsp;<br>Por su parte, el ministro Gonz\u00e1lez Garc\u00eda destac\u00f3 el trabajo articulado con la Ciudad Aut\u00f3noma, la provincia de Buenos Aires, los sindicatos y la estructura de salud p\u00fablica y privada: \u201cTodos los recursos son de orden p\u00fablico y est\u00e1n a disposici\u00f3n de todos los argentinos\u201d, asegur\u00f3. \u201cTenemos un mensaje claro del presidente Alberto Fern\u00e1ndez de priorizar la salud sobre cualquier otro aspecto y tenemos el orgullo de haber tomado medidas anticipadas que hoy todo el cuerpo pol\u00edtico y la sociedad est\u00e1n siguiendo\u201d, agreg\u00f3.<br>Moyano se\u00f1al\u00f3: \u201cHemos puesto a disposici\u00f3n un sanatorio muy importante que tenemos en la Ciudad de Buenos Aires, la sociedad lo necesita, lo reclama, y como trabajadores tenemos la obligaci\u00f3n de responder a esos reclamos\u201d. Adem\u00e1s, pidi\u00f3 a toda la sociedad \u201cseguir haciendo el esfuerzo necesario para salir de esta situaci\u00f3n, en el aspecto sanitario y posteriormente en el econ\u00f3mico\u201d.<br>Tambi\u00e9n participaron del acto de firma del convenio el jefe de Gabinete bonaerense, Carlos Bianco; el Secretario General, Federico Thea; el ministro de Seguridad, Sergio Berni; la vicegobernadora Ver\u00f3nica Magario; el presidente de la C\u00e1mara de Diputados, Federico Otermin; el secretario General y de Relaciones Internacionales de la Ciudad de Buenos Aires, Fernando Straface; y el subsecretario de Gesti\u00f3n de Servicios e Institutos de la Naci\u00f3n, Alejandro Collia.<\/td><\/tr><\/tbody><\/table>\n\n\n\n<figure class=\"wp-block-image\"><img decoding=\"async\" data-src=\"http:\/\/ondauno.com.ar\/wp-content\/uploads\/2020\/03\/0Z3A7660-1024x683.jpg\" alt=\"\" class=\"wp-image-7411 lazyload\" src=\"data:image\/gif;base64,R0lGODlhAQABAAAAACH5BAEKAAEALAAAAAABAAEAAAICTAEAOw==\" style=\"--smush-placeholder-width: 1024px; --smush-placeholder-aspect-ratio: 1024\/683;\" \/><noscript><img decoding=\"async\" src=\"http:\/\/ondauno.com.ar\/wp-content\/uploads\/2020\/03\/0Z3A7660-1024x683.jpg\" alt=\"\" class=\"wp-image-7411\"\/><\/noscript><\/figure>\n\n\n\n<figure class=\"wp-block-image\"><img decoding=\"async\" data-src=\"http:\/\/ondauno.com.ar\/wp-content\/uploads\/2020\/03\/0Z3A7613-1024x683.jpg\" alt=\"\" class=\"wp-image-7412 lazyload\" src=\"data:image\/gif;base64,R0lGODlhAQABAAAAACH5BAEKAAEALAAAAAABAAEAAAICTAEAOw==\" style=\"--smush-placeholder-width: 1024px; --smush-placeholder-aspect-ratio: 1024\/683;\" \/><noscript><img decoding=\"async\" src=\"http:\/\/ondauno.com.ar\/wp-content\/uploads\/2020\/03\/0Z3A7613-1024x683.jpg\" alt=\"\" class=\"wp-image-7412\"\/><\/noscript><\/figure>\n\n\n\n<figure class=\"wp-block-image\"><img decoding=\"async\" data-src=\"http:\/\/ondauno.com.ar\/wp-content\/uploads\/2020\/03\/0Z3A7508-1024x683.jpg\" alt=\"\" class=\"wp-image-7413 lazyload\" src=\"data:image\/gif;base64,R0lGODlhAQABAAAAACH5BAEKAAEALAAAAAABAAEAAAICTAEAOw==\" style=\"--smush-placeholder-width: 1024px; --smush-placeholder-aspect-ratio: 1024\/683;\" \/><noscript><img decoding=\"async\" src=\"http:\/\/ondauno.com.ar\/wp-content\/uploads\/2020\/03\/0Z3A7508-1024x683.jpg\" alt=\"\" class=\"wp-image-7413\"\/><\/noscript><\/figure>\n\n\n\n<figure class=\"wp-block-image\"><img decoding=\"async\" data-src=\"http:\/\/ondauno.com.ar\/wp-content\/uploads\/2020\/03\/0Z3A7499-1024x683.jpg\" alt=\"\" class=\"wp-image-7414 lazyload\" src=\"data:image\/gif;base64,R0lGODlhAQABAAAAACH5BAEKAAEALAAAAAABAAEAAAICTAEAOw==\" style=\"--smush-placeholder-width: 1024px; --smush-placeholder-aspect-ratio: 1024\/683;\" \/><noscript><img decoding=\"async\" src=\"http:\/\/ondauno.com.ar\/wp-content\/uploads\/2020\/03\/0Z3A7499-1024x683.jpg\" alt=\"\" class=\"wp-image-7414\"\/><\/noscript><\/figure>\n","protected":false},"excerpt":{"rendered":"<p>El gobernador de la Provincia de Buenos Aires, Axel Kicillof, firm\u00f3 esta ma\u00f1ana un convenio con la Obra Social de Choferes de Camiones (OSCHOCA), para la utilizaci\u00f3n del Sanatorio Ant\u00e1rtida que \u00e9sta posee en la ciudad de Buenos Aires, en el marco de la emergencia sanitaria por COVID-19. Acompa\u00f1ado por el presidente de OSCHOCA, Hugo [&hellip;]<\/p>\n","protected":false},"author":2,"featured_media":0,"comment_status":"open","ping_status":"open","sticky":false,"template":"","format":"standard","meta":{"tdm_status":"","tdm_grid_status":"","_jetpack_memberships_contains_paid_content":false,"footnotes":"","jetpack_publicize_message":"","jetpack_publicize_feature_enabled":true,"jetpack_social_post_already_shared":false,"jetpack_social_options":{"image_generator_settings":{"template":"highway","default_image_id":0,"font":"","enabled":false},"version":2}},"categories":[30],"tags":[],"class_list":{"0":"post-7408","1":"post","2":"type-post","3":"status-publish","4":"format-standard","6":"category-provinciales"},"yoast_head":"<!-- This site is optimized with the Yoast SEO plugin v22.7 - https:\/\/yoast.com\/wordpress\/plugins\/seo\/ -->\n<title>Kicillof firm\u00f3 un convenio para sumar 330 camas para pacientes con coronavirus en el Sanatorio Ant\u00e1rtida - 103.9 fm<\/title>\n<meta name=\"robots\" content=\"index, follow, max-snippet:-1, max-image-preview:large, max-video-preview:-1\" \/>\n<link rel=\"canonical\" href=\"https:\/\/ondauno.com.ar\/index.php\/2020\/03\/27\/kicillof-firmo-un-convenio-para-sumar-330-camas-para-pacientes-con-coronavirus-en-el-sanatorio-antartida\/\" \/>\n<meta property=\"og:locale\" content=\"es_ES\" \/>\n<meta property=\"og:type\" content=\"article\" \/>\n<meta property=\"og:title\" content=\"Kicillof firm\u00f3 un convenio para sumar 330 camas para pacientes con coronavirus en el Sanatorio Ant\u00e1rtida - 103.9 fm\" \/>\n<meta property=\"og:description\" content=\"El gobernador de la Provincia de Buenos Aires, Axel Kicillof, firm\u00f3 esta ma\u00f1ana un convenio con la Obra Social de Choferes de Camiones (OSCHOCA), para la utilizaci\u00f3n del Sanatorio Ant\u00e1rtida que \u00e9sta posee en la ciudad de Buenos Aires, en el marco de la emergencia sanitaria por COVID-19. Acompa\u00f1ado por el presidente de OSCHOCA, Hugo [&hellip;]\" \/>\n<meta property=\"og:url\" content=\"https:\/\/ondauno.com.ar\/index.php\/2020\/03\/27\/kicillof-firmo-un-convenio-para-sumar-330-camas-para-pacientes-con-coronavirus-en-el-sanatorio-antartida\/\" \/>\n<meta property=\"og:site_name\" content=\"103.9 fm\" \/>\n<meta property=\"article:publisher\" content=\"https:\/\/www.facebook.com\/ondauno103.9\" \/>\n<meta property=\"article:published_time\" content=\"2020-03-27T17:51:24+00:00\" \/>\n<meta property=\"article:modified_time\" content=\"2020-03-27T20:08:29+00:00\" \/>\n<meta property=\"og:image\" content=\"https:\/\/ondauno.com.ar\/wp-content\/uploads\/2020\/03\/493872.jpg\" \/>\n\t<meta property=\"og:image:width\" content=\"880\" \/>\n\t<meta property=\"og:image:height\" content=\"494\" \/>\n\t<meta property=\"og:image:type\" content=\"image\/jpeg\" \/>\n<meta name=\"author\" content=\"fernando garcia\" \/>\n<meta name=\"twitter:card\" content=\"summary_large_image\" \/>\n<meta name=\"twitter:label1\" content=\"Escrito por\" \/>\n\t<meta name=\"twitter:data1\" content=\"fernando garcia\" \/>\n\t<meta name=\"twitter:label2\" content=\"Tiempo de lectura\" \/>\n\t<meta name=\"twitter:data2\" content=\"3 minutos\" \/>\n<script type=\"application\/ld+json\" class=\"yoast-schema-graph\">{\"@context\":\"https:\/\/schema.org\",\"@graph\":[{\"@type\":\"WebPage\",\"@id\":\"https:\/\/ondauno.com.ar\/index.php\/2020\/03\/27\/kicillof-firmo-un-convenio-para-sumar-330-camas-para-pacientes-con-coronavirus-en-el-sanatorio-antartida\/\",\"url\":\"https:\/\/ondauno.com.ar\/index.php\/2020\/03\/27\/kicillof-firmo-un-convenio-para-sumar-330-camas-para-pacientes-con-coronavirus-en-el-sanatorio-antartida\/\",\"name\":\"Kicillof firm\u00f3 un convenio para sumar 330 camas para pacientes con coronavirus en el Sanatorio Ant\u00e1rtida - 103.9 fm\",\"isPartOf\":{\"@id\":\"https:\/\/ondauno.com.ar\/#website\"},\"primaryImageOfPage\":{\"@id\":\"https:\/\/ondauno.com.ar\/index.php\/2020\/03\/27\/kicillof-firmo-un-convenio-para-sumar-330-camas-para-pacientes-con-coronavirus-en-el-sanatorio-antartida\/#primaryimage\"},\"image\":{\"@id\":\"https:\/\/ondauno.com.ar\/index.php\/2020\/03\/27\/kicillof-firmo-un-convenio-para-sumar-330-camas-para-pacientes-con-coronavirus-en-el-sanatorio-antartida\/#primaryimage\"},\"thumbnailUrl\":\"http:\/\/ondauno.com.ar\/wp-content\/uploads\/2020\/03\/0Z3A7660-1024x683.jpg\",\"datePublished\":\"2020-03-27T17:51:24+00:00\",\"dateModified\":\"2020-03-27T20:08:29+00:00\",\"author\":{\"@id\":\"https:\/\/ondauno.com.ar\/#\/schema\/person\/201d1b68e6c75e0fd396fe5f8af5d139\"},\"breadcrumb\":{\"@id\":\"https:\/\/ondauno.com.ar\/index.php\/2020\/03\/27\/kicillof-firmo-un-convenio-para-sumar-330-camas-para-pacientes-con-coronavirus-en-el-sanatorio-antartida\/#breadcrumb\"},\"inLanguage\":\"es-AR\",\"potentialAction\":[{\"@type\":\"ReadAction\",\"target\":[\"https:\/\/ondauno.com.ar\/index.php\/2020\/03\/27\/kicillof-firmo-un-convenio-para-sumar-330-camas-para-pacientes-con-coronavirus-en-el-sanatorio-antartida\/\"]}]},{\"@type\":\"ImageObject\",\"inLanguage\":\"es-AR\",\"@id\":\"https:\/\/ondauno.com.ar\/index.php\/2020\/03\/27\/kicillof-firmo-un-convenio-para-sumar-330-camas-para-pacientes-con-coronavirus-en-el-sanatorio-antartida\/#primaryimage\",\"url\":\"\",\"contentUrl\":\"\"},{\"@type\":\"BreadcrumbList\",\"@id\":\"https:\/\/ondauno.com.ar\/index.php\/2020\/03\/27\/kicillof-firmo-un-convenio-para-sumar-330-camas-para-pacientes-con-coronavirus-en-el-sanatorio-antartida\/#breadcrumb\",\"itemListElement\":[{\"@type\":\"ListItem\",\"position\":1,\"name\":\"Inicio\",\"item\":\"https:\/\/ondauno.com.ar\/\"},{\"@type\":\"ListItem\",\"position\":2,\"name\":\"Kicillof firm\u00f3 un convenio para sumar 330 camas para pacientes con coronavirus en el Sanatorio Ant\u00e1rtida\"}]},{\"@type\":\"WebSite\",\"@id\":\"https:\/\/ondauno.com.ar\/#website\",\"url\":\"https:\/\/ondauno.com.ar\/\",\"name\":\"103.9 fm\",\"description\":\"LA PRIMERA RADIO MULTIMEDIA DE TRES ARROYOS\",\"potentialAction\":[{\"@type\":\"SearchAction\",\"target\":{\"@type\":\"EntryPoint\",\"urlTemplate\":\"https:\/\/ondauno.com.ar\/?s={search_term_string}\"},\"query-input\":\"required name=search_term_string\"}],\"inLanguage\":\"es-AR\"},{\"@type\":\"Person\",\"@id\":\"https:\/\/ondauno.com.ar\/#\/schema\/person\/201d1b68e6c75e0fd396fe5f8af5d139\",\"name\":\"fernando garcia\",\"image\":{\"@type\":\"ImageObject\",\"inLanguage\":\"es-AR\",\"@id\":\"https:\/\/ondauno.com.ar\/#\/schema\/person\/image\/\",\"url\":\"https:\/\/secure.gravatar.com\/avatar\/5f7254642ad81272e79a2e69653cfdfc?s=96&d=mm&r=g\",\"contentUrl\":\"https:\/\/secure.gravatar.com\/avatar\/5f7254642ad81272e79a2e69653cfdfc?s=96&d=mm&r=g\",\"caption\":\"fernando garcia\"},\"url\":\"https:\/\/ondauno.com.ar\/index.php\/author\/ondaunoeditor\/\"}]}<\/script>\n<!-- \/ Yoast SEO plugin. -->","yoast_head_json":{"title":"Kicillof firm\u00f3 un convenio para sumar 330 camas para pacientes con coronavirus en el Sanatorio Ant\u00e1rtida - 103.9 fm","robots":{"index":"index","follow":"follow","max-snippet":"max-snippet:-1","max-image-preview":"max-image-preview:large","max-video-preview":"max-video-preview:-1"},"canonical":"https:\/\/ondauno.com.ar\/index.php\/2020\/03\/27\/kicillof-firmo-un-convenio-para-sumar-330-camas-para-pacientes-con-coronavirus-en-el-sanatorio-antartida\/","og_locale":"es_ES","og_type":"article","og_title":"Kicillof firm\u00f3 un convenio para sumar 330 camas para pacientes con coronavirus en el Sanatorio Ant\u00e1rtida - 103.9 fm","og_description":"El gobernador de la Provincia de Buenos Aires, Axel Kicillof, firm\u00f3 esta ma\u00f1ana un convenio con la Obra Social de Choferes de Camiones (OSCHOCA), para la utilizaci\u00f3n del Sanatorio Ant\u00e1rtida que \u00e9sta posee en la ciudad de Buenos Aires, en el marco de la emergencia sanitaria por COVID-19. Acompa\u00f1ado por el presidente de OSCHOCA, Hugo [&hellip;]","og_url":"https:\/\/ondauno.com.ar\/index.php\/2020\/03\/27\/kicillof-firmo-un-convenio-para-sumar-330-camas-para-pacientes-con-coronavirus-en-el-sanatorio-antartida\/","og_site_name":"103.9 fm","article_publisher":"https:\/\/www.facebook.com\/ondauno103.9","article_published_time":"2020-03-27T17:51:24+00:00","article_modified_time":"2020-03-27T20:08:29+00:00","og_image":[{"width":880,"height":494,"url":"https:\/\/ondauno.com.ar\/wp-content\/uploads\/2020\/03\/493872.jpg","type":"image\/jpeg"}],"author":"fernando garcia","twitter_card":"summary_large_image","twitter_misc":{"Escrito por":"fernando garcia","Tiempo de lectura":"3 minutos"},"schema":{"@context":"https:\/\/schema.org","@graph":[{"@type":"WebPage","@id":"https:\/\/ondauno.com.ar\/index.php\/2020\/03\/27\/kicillof-firmo-un-convenio-para-sumar-330-camas-para-pacientes-con-coronavirus-en-el-sanatorio-antartida\/","url":"https:\/\/ondauno.com.ar\/index.php\/2020\/03\/27\/kicillof-firmo-un-convenio-para-sumar-330-camas-para-pacientes-con-coronavirus-en-el-sanatorio-antartida\/","name":"Kicillof firm\u00f3 un convenio para sumar 330 camas para pacientes con coronavirus en el Sanatorio Ant\u00e1rtida - 103.9 fm","isPartOf":{"@id":"https:\/\/ondauno.com.ar\/#website"},"primaryImageOfPage":{"@id":"https:\/\/ondauno.com.ar\/index.php\/2020\/03\/27\/kicillof-firmo-un-convenio-para-sumar-330-camas-para-pacientes-con-coronavirus-en-el-sanatorio-antartida\/#primaryimage"},"image":{"@id":"https:\/\/ondauno.com.ar\/index.php\/2020\/03\/27\/kicillof-firmo-un-convenio-para-sumar-330-camas-para-pacientes-con-coronavirus-en-el-sanatorio-antartida\/#primaryimage"},"thumbnailUrl":"http:\/\/ondauno.com.ar\/wp-content\/uploads\/2020\/03\/0Z3A7660-1024x683.jpg","datePublished":"2020-03-27T17:51:24+00:00","dateModified":"2020-03-27T20:08:29+00:00","author":{"@id":"https:\/\/ondauno.com.ar\/#\/schema\/person\/201d1b68e6c75e0fd396fe5f8af5d139"},"breadcrumb":{"@id":"https:\/\/ondauno.com.ar\/index.php\/2020\/03\/27\/kicillof-firmo-un-convenio-para-sumar-330-camas-para-pacientes-con-coronavirus-en-el-sanatorio-antartida\/#breadcrumb"},"inLanguage":"es-AR","potentialAction":[{"@type":"ReadAction","target":["https:\/\/ondauno.com.ar\/index.php\/2020\/03\/27\/kicillof-firmo-un-convenio-para-sumar-330-camas-para-pacientes-con-coronavirus-en-el-sanatorio-antartida\/"]}]},{"@type":"ImageObject","inLanguage":"es-AR","@id":"https:\/\/ondauno.com.ar\/index.php\/2020\/03\/27\/kicillof-firmo-un-convenio-para-sumar-330-camas-para-pacientes-con-coronavirus-en-el-sanatorio-antartida\/#primaryimage","url":"","contentUrl":""},{"@type":"BreadcrumbList","@id":"https:\/\/ondauno.com.ar\/index.php\/2020\/03\/27\/kicillof-firmo-un-convenio-para-sumar-330-camas-para-pacientes-con-coronavirus-en-el-sanatorio-antartida\/#breadcrumb","itemListElement":[{"@type":"ListItem","position":1,"name":"Inicio","item":"https:\/\/ondauno.com.ar\/"},{"@type":"ListItem","position":2,"name":"Kicillof firm\u00f3 un convenio para sumar 330 camas para pacientes con coronavirus en el Sanatorio Ant\u00e1rtida"}]},{"@type":"WebSite","@id":"https:\/\/ondauno.com.ar\/#website","url":"https:\/\/ondauno.com.ar\/","name":"103.9 fm","description":"LA PRIMERA RADIO MULTIMEDIA DE TRES ARROYOS","potentialAction":[{"@type":"SearchAction","target":{"@type":"EntryPoint","urlTemplate":"https:\/\/ondauno.com.ar\/?s={search_term_string}"},"query-input":"required name=search_term_string"}],"inLanguage":"es-AR"},{"@type":"Person","@id":"https:\/\/ondauno.com.ar\/#\/schema\/person\/201d1b68e6c75e0fd396fe5f8af5d139","name":"fernando garcia","image":{"@type":"ImageObject","inLanguage":"es-AR","@id":"https:\/\/ondauno.com.ar\/#\/schema\/person\/image\/","url":"https:\/\/secure.gravatar.com\/avatar\/5f7254642ad81272e79a2e69653cfdfc?s=96&d=mm&r=g","contentUrl":"https:\/\/secure.gravatar.com\/avatar\/5f7254642ad81272e79a2e69653cfdfc?s=96&d=mm&r=g","caption":"fernando garcia"},"url":"https:\/\/ondauno.com.ar\/index.php\/author\/ondaunoeditor\/"}]}},"jetpack_publicize_connections":[],"jetpack_featured_media_url":"","jetpack_sharing_enabled":true,"_links":{"self":[{"href":"https:\/\/ondauno.com.ar\/index.php\/wp-json\/wp\/v2\/posts\/7408","targetHints":{"allow":["GET"]}}],"collection":[{"href":"https:\/\/ondauno.com.ar\/index.php\/wp-json\/wp\/v2\/posts"}],"about":[{"href":"https:\/\/ondauno.com.ar\/index.php\/wp-json\/wp\/v2\/types\/post"}],"author":[{"embeddable":true,"href":"https:\/\/ondauno.com.ar\/index.php\/wp-json\/wp\/v2\/users\/2"}],"replies":[{"embeddable":true,"href":"https:\/\/ondauno.com.ar\/index.php\/wp-json\/wp\/v2\/comments?post=7408"}],"version-history":[{"count":0,"href":"https:\/\/ondauno.com.ar\/index.php\/wp-json\/wp\/v2\/posts\/7408\/revisions"}],"wp:attachment":[{"href":"https:\/\/ondauno.com.ar\/index.php\/wp-json\/wp\/v2\/media?parent=7408"}],"wp:term":[{"taxonomy":"category","embeddable":true,"href":"https:\/\/ondauno.com.ar\/index.php\/wp-json\/wp\/v2\/categories?post=7408"},{"taxonomy":"post_tag","embeddable":true,"href":"https:\/\/ondauno.com.ar\/index.php\/wp-json\/wp\/v2\/tags?post=7408"}],"curies":[{"name":"wp","href":"https:\/\/api.w.org\/{rel}","templated":true}]}}