{"id":7380,"date":"2020-03-27T12:00:48","date_gmt":"2020-03-27T15:00:48","guid":{"rendered":"http:\/\/ondauno.com.ar\/?p=7380"},"modified":"2020-03-27T12:00:52","modified_gmt":"2020-03-27T15:00:52","slug":"el-intendente-se-reunio-con-jefes-de-servicio-en-el-centro-de-salud","status":"publish","type":"post","link":"https:\/\/ondauno.com.ar\/index.php\/2020\/03\/27\/el-intendente-se-reunio-con-jefes-de-servicio-en-el-centro-de-salud\/","title":{"rendered":"El intendente se reuni\u00f3 con jefes de servicio en el Centro de Salud"},"content":{"rendered":"<div class=\"ondau-before-content_3\" style=\"margin-top: -30px;\" id=\"ondau-2052003148\"><a href=\"https:\/\/www.lps.com.ar\/\" aria-label=\"la-perse2\"><img loading=\"lazy\" decoding=\"async\" src=\"https:\/\/ondauno.com.ar\/wp-content\/uploads\/2021\/10\/la-perse2.jpg\" alt=\"\"  srcset=\"https:\/\/ondauno.com.ar\/wp-content\/uploads\/2021\/10\/la-perse2.jpg 1353w, https:\/\/ondauno.com.ar\/wp-content\/uploads\/2021\/10\/la-perse2-300x43.jpg 300w, https:\/\/ondauno.com.ar\/wp-content\/uploads\/2021\/10\/la-perse2-1024x148.jpg 1024w, https:\/\/ondauno.com.ar\/wp-content\/uploads\/2021\/10\/la-perse2-768x111.jpg 768w, https:\/\/ondauno.com.ar\/wp-content\/uploads\/2021\/10\/la-perse2-696x100.jpg 696w, https:\/\/ondauno.com.ar\/wp-content\/uploads\/2021\/10\/la-perse2-1068x154.jpg 1068w\" sizes=\"(max-width: 1353px) 100vw, 1353px\" class=\"no-lazyload\" width=\"1353\" height=\"195\"  style=\"display: inline-block;\" \/><\/a><\/div>\n<p><\/p>\n\n\n\n<p>En la ma\u00f1ana de hoy, el Intendente Municipal Carlos S\u00e1nchez presidio una reuni\u00f3n de jefes de servicios en el Centro Municipal de Salud, en el marco del comit\u00e9 de contingencia por la Emergencia Nacional que se decreto en virtud del avance del COVID- 19. <br> El Intendente municipal dio inicio a la reuni\u00f3n brindando informaci\u00f3n especifica de las acciones, decisiones y estrategias que se est\u00e1n llevando adelante desde el municipio para estar preparados en tanto sistema frente a la Pandemia. <br> Realizo un recont\u00f3 pormenorizados de las acciones de prevenci\u00f3n en la contenci\u00f3n y mitigaci\u00f3n del virus que distintas a\u00e9reas como obras p\u00fablicas, salud y medio ambiente, por ejemplo en la que los secretarios est\u00e1n ocupados permanentemente. <br> Ejemplifico estrategias que por ser \u00fatiles en otros municipios no lo son en Tres Arroyos y como lo que puede aplicarse en nuestra ciudad nos lo determina el conocimiento que cada uno tiene del area que lo ocupa. <\/p>\n\n\n\n<figure class=\"wp-block-image\"><img decoding=\"async\" data-src=\"http:\/\/ondauno.com.ar\/wp-content\/uploads\/2020\/03\/WhatsApp-Image-2020-03-27-at-11.32.37-1024x575.jpeg\" alt=\"\" class=\"wp-image-7381 lazyload\" src=\"data:image\/gif;base64,R0lGODlhAQABAAAAACH5BAEKAAEALAAAAAABAAEAAAICTAEAOw==\" style=\"--smush-placeholder-width: 1024px; --smush-placeholder-aspect-ratio: 1024\/575;\" \/><noscript><img decoding=\"async\" src=\"http:\/\/ondauno.com.ar\/wp-content\/uploads\/2020\/03\/WhatsApp-Image-2020-03-27-at-11.32.37-1024x575.jpeg\" alt=\"\" class=\"wp-image-7381\"\/><\/noscript><\/figure>\n\n\n\n<p><\/p>\n\n\n\n<p><br> Luego se produjo un intercambio entre los m\u00e9dicos, enfermeros, personal de maestranza quien le acercaron propuestas al intendente; el cual recibi\u00f3 agradecido y por lo cuales ya se empezaron a  realizar cambios de procedimiento. <br> De esta reuni\u00f3n, que se desarroll\u00f3 por m\u00e1s de 3 horas y de la que participaron adem\u00e1s las integrantes del Comit\u00e9 de contingencia, licenciada Vanesa Borda y la doctora Claudia Cittadino. Adem\u00e1s de las autoridades de salud.<\/p>\n\n\n\n<figure class=\"wp-block-image\"><img decoding=\"async\" data-src=\"http:\/\/ondauno.com.ar\/wp-content\/uploads\/2020\/03\/WhatsApp-Image-2020-03-27-at-11.32.36-1024x575.jpeg\" alt=\"\" class=\"wp-image-7382 lazyload\" src=\"data:image\/gif;base64,R0lGODlhAQABAAAAACH5BAEKAAEALAAAAAABAAEAAAICTAEAOw==\" style=\"--smush-placeholder-width: 1024px; --smush-placeholder-aspect-ratio: 1024\/575;\" \/><noscript><img decoding=\"async\" src=\"http:\/\/ondauno.com.ar\/wp-content\/uploads\/2020\/03\/WhatsApp-Image-2020-03-27-at-11.32.36-1024x575.jpeg\" alt=\"\" class=\"wp-image-7382\"\/><\/noscript><\/figure>\n","protected":false},"excerpt":{"rendered":"<p>En la ma\u00f1ana de hoy, el Intendente Municipal Carlos S\u00e1nchez presidio una reuni\u00f3n de jefes de servicios en el Centro Municipal de Salud, en el marco del comit\u00e9 de contingencia por la Emergencia Nacional que se decreto en virtud del avance del COVID- 19. El Intendente municipal dio inicio a la reuni\u00f3n brindando informaci\u00f3n especifica [&hellip;]<\/p>\n","protected":false},"author":2,"featured_media":0,"comment_status":"open","ping_status":"open","sticky":false,"template":"","format":"standard","meta":{"tdm_status":"","tdm_grid_status":"","_jetpack_memberships_contains_paid_content":false,"footnotes":"","jetpack_publicize_message":"","jetpack_publicize_feature_enabled":true,"jetpack_social_post_already_shared":false,"jetpack_social_options":{"image_generator_settings":{"template":"highway","default_image_id":0,"font":"","enabled":false},"version":2}},"categories":[2],"tags":[],"class_list":{"0":"post-7380","1":"post","2":"type-post","3":"status-publish","4":"format-standard","6":"category-locales"},"yoast_head":"<!-- This site is optimized with the Yoast SEO plugin v22.7 - https:\/\/yoast.com\/wordpress\/plugins\/seo\/ -->\n<title>El intendente se reuni\u00f3 con jefes de servicio en el Centro de Salud - 103.9 fm<\/title>\n<meta name=\"robots\" content=\"index, follow, max-snippet:-1, max-image-preview:large, max-video-preview:-1\" \/>\n<link rel=\"canonical\" href=\"https:\/\/ondauno.com.ar\/index.php\/2020\/03\/27\/el-intendente-se-reunio-con-jefes-de-servicio-en-el-centro-de-salud\/\" \/>\n<meta property=\"og:locale\" content=\"es_ES\" \/>\n<meta property=\"og:type\" content=\"article\" \/>\n<meta property=\"og:title\" content=\"El intendente se reuni\u00f3 con jefes de servicio en el Centro de Salud - 103.9 fm\" \/>\n<meta property=\"og:description\" content=\"En la ma\u00f1ana de hoy, el Intendente Municipal Carlos S\u00e1nchez presidio una reuni\u00f3n de jefes de servicios en el Centro Municipal de Salud, en el marco del comit\u00e9 de contingencia por la Emergencia Nacional que se decreto en virtud del avance del COVID- 19. El Intendente municipal dio inicio a la reuni\u00f3n brindando informaci\u00f3n especifica [&hellip;]\" \/>\n<meta property=\"og:url\" content=\"https:\/\/ondauno.com.ar\/index.php\/2020\/03\/27\/el-intendente-se-reunio-con-jefes-de-servicio-en-el-centro-de-salud\/\" \/>\n<meta property=\"og:site_name\" content=\"103.9 fm\" \/>\n<meta property=\"article:publisher\" content=\"https:\/\/www.facebook.com\/ondauno103.9\" \/>\n<meta property=\"article:published_time\" content=\"2020-03-27T15:00:48+00:00\" \/>\n<meta property=\"article:modified_time\" content=\"2020-03-27T15:00:52+00:00\" \/>\n<meta property=\"og:image\" content=\"https:\/\/ondauno.com.ar\/wp-content\/uploads\/2020\/03\/WhatsApp-Image-2020-03-27-at-11.32.35.jpeg\" \/>\n\t<meta property=\"og:image:width\" content=\"1280\" \/>\n\t<meta property=\"og:image:height\" content=\"719\" \/>\n\t<meta property=\"og:image:type\" content=\"image\/jpeg\" \/>\n<meta name=\"author\" content=\"fernando garcia\" \/>\n<meta name=\"twitter:card\" content=\"summary_large_image\" \/>\n<meta name=\"twitter:label1\" content=\"Escrito por\" \/>\n\t<meta name=\"twitter:data1\" content=\"fernando garcia\" \/>\n\t<meta name=\"twitter:label2\" content=\"Tiempo de lectura\" \/>\n\t<meta name=\"twitter:data2\" content=\"1 minuto\" \/>\n<script type=\"application\/ld+json\" class=\"yoast-schema-graph\">{\"@context\":\"https:\/\/schema.org\",\"@graph\":[{\"@type\":\"WebPage\",\"@id\":\"https:\/\/ondauno.com.ar\/index.php\/2020\/03\/27\/el-intendente-se-reunio-con-jefes-de-servicio-en-el-centro-de-salud\/\",\"url\":\"https:\/\/ondauno.com.ar\/index.php\/2020\/03\/27\/el-intendente-se-reunio-con-jefes-de-servicio-en-el-centro-de-salud\/\",\"name\":\"El intendente se reuni\u00f3 con jefes de servicio en el Centro de Salud - 103.9 fm\",\"isPartOf\":{\"@id\":\"https:\/\/ondauno.com.ar\/#website\"},\"primaryImageOfPage\":{\"@id\":\"https:\/\/ondauno.com.ar\/index.php\/2020\/03\/27\/el-intendente-se-reunio-con-jefes-de-servicio-en-el-centro-de-salud\/#primaryimage\"},\"image\":{\"@id\":\"https:\/\/ondauno.com.ar\/index.php\/2020\/03\/27\/el-intendente-se-reunio-con-jefes-de-servicio-en-el-centro-de-salud\/#primaryimage\"},\"thumbnailUrl\":\"http:\/\/ondauno.com.ar\/wp-content\/uploads\/2020\/03\/WhatsApp-Image-2020-03-27-at-11.32.37-1024x575.jpeg\",\"datePublished\":\"2020-03-27T15:00:48+00:00\",\"dateModified\":\"2020-03-27T15:00:52+00:00\",\"author\":{\"@id\":\"https:\/\/ondauno.com.ar\/#\/schema\/person\/201d1b68e6c75e0fd396fe5f8af5d139\"},\"breadcrumb\":{\"@id\":\"https:\/\/ondauno.com.ar\/index.php\/2020\/03\/27\/el-intendente-se-reunio-con-jefes-de-servicio-en-el-centro-de-salud\/#breadcrumb\"},\"inLanguage\":\"es-AR\",\"potentialAction\":[{\"@type\":\"ReadAction\",\"target\":[\"https:\/\/ondauno.com.ar\/index.php\/2020\/03\/27\/el-intendente-se-reunio-con-jefes-de-servicio-en-el-centro-de-salud\/\"]}]},{\"@type\":\"ImageObject\",\"inLanguage\":\"es-AR\",\"@id\":\"https:\/\/ondauno.com.ar\/index.php\/2020\/03\/27\/el-intendente-se-reunio-con-jefes-de-servicio-en-el-centro-de-salud\/#primaryimage\",\"url\":\"\",\"contentUrl\":\"\"},{\"@type\":\"BreadcrumbList\",\"@id\":\"https:\/\/ondauno.com.ar\/index.php\/2020\/03\/27\/el-intendente-se-reunio-con-jefes-de-servicio-en-el-centro-de-salud\/#breadcrumb\",\"itemListElement\":[{\"@type\":\"ListItem\",\"position\":1,\"name\":\"Inicio\",\"item\":\"https:\/\/ondauno.com.ar\/\"},{\"@type\":\"ListItem\",\"position\":2,\"name\":\"El intendente se reuni\u00f3 con jefes de servicio en el Centro de Salud\"}]},{\"@type\":\"WebSite\",\"@id\":\"https:\/\/ondauno.com.ar\/#website\",\"url\":\"https:\/\/ondauno.com.ar\/\",\"name\":\"103.9 fm\",\"description\":\"LA PRIMERA RADIO MULTIMEDIA DE TRES ARROYOS\",\"potentialAction\":[{\"@type\":\"SearchAction\",\"target\":{\"@type\":\"EntryPoint\",\"urlTemplate\":\"https:\/\/ondauno.com.ar\/?s={search_term_string}\"},\"query-input\":\"required name=search_term_string\"}],\"inLanguage\":\"es-AR\"},{\"@type\":\"Person\",\"@id\":\"https:\/\/ondauno.com.ar\/#\/schema\/person\/201d1b68e6c75e0fd396fe5f8af5d139\",\"name\":\"fernando garcia\",\"image\":{\"@type\":\"ImageObject\",\"inLanguage\":\"es-AR\",\"@id\":\"https:\/\/ondauno.com.ar\/#\/schema\/person\/image\/\",\"url\":\"https:\/\/secure.gravatar.com\/avatar\/5f7254642ad81272e79a2e69653cfdfc?s=96&d=mm&r=g\",\"contentUrl\":\"https:\/\/secure.gravatar.com\/avatar\/5f7254642ad81272e79a2e69653cfdfc?s=96&d=mm&r=g\",\"caption\":\"fernando garcia\"},\"url\":\"https:\/\/ondauno.com.ar\/index.php\/author\/ondaunoeditor\/\"}]}<\/script>\n<!-- \/ Yoast SEO plugin. -->","yoast_head_json":{"title":"El intendente se reuni\u00f3 con jefes de servicio en el Centro de Salud - 103.9 fm","robots":{"index":"index","follow":"follow","max-snippet":"max-snippet:-1","max-image-preview":"max-image-preview:large","max-video-preview":"max-video-preview:-1"},"canonical":"https:\/\/ondauno.com.ar\/index.php\/2020\/03\/27\/el-intendente-se-reunio-con-jefes-de-servicio-en-el-centro-de-salud\/","og_locale":"es_ES","og_type":"article","og_title":"El intendente se reuni\u00f3 con jefes de servicio en el Centro de Salud - 103.9 fm","og_description":"En la ma\u00f1ana de hoy, el Intendente Municipal Carlos S\u00e1nchez presidio una reuni\u00f3n de jefes de servicios en el Centro Municipal de Salud, en el marco del comit\u00e9 de contingencia por la Emergencia Nacional que se decreto en virtud del avance del COVID- 19. El Intendente municipal dio inicio a la reuni\u00f3n brindando informaci\u00f3n especifica [&hellip;]","og_url":"https:\/\/ondauno.com.ar\/index.php\/2020\/03\/27\/el-intendente-se-reunio-con-jefes-de-servicio-en-el-centro-de-salud\/","og_site_name":"103.9 fm","article_publisher":"https:\/\/www.facebook.com\/ondauno103.9","article_published_time":"2020-03-27T15:00:48+00:00","article_modified_time":"2020-03-27T15:00:52+00:00","og_image":[{"width":1280,"height":719,"url":"https:\/\/ondauno.com.ar\/wp-content\/uploads\/2020\/03\/WhatsApp-Image-2020-03-27-at-11.32.35.jpeg","type":"image\/jpeg"}],"author":"fernando garcia","twitter_card":"summary_large_image","twitter_misc":{"Escrito por":"fernando garcia","Tiempo de lectura":"1 minuto"},"schema":{"@context":"https:\/\/schema.org","@graph":[{"@type":"WebPage","@id":"https:\/\/ondauno.com.ar\/index.php\/2020\/03\/27\/el-intendente-se-reunio-con-jefes-de-servicio-en-el-centro-de-salud\/","url":"https:\/\/ondauno.com.ar\/index.php\/2020\/03\/27\/el-intendente-se-reunio-con-jefes-de-servicio-en-el-centro-de-salud\/","name":"El intendente se reuni\u00f3 con jefes de servicio en el Centro de Salud - 103.9 fm","isPartOf":{"@id":"https:\/\/ondauno.com.ar\/#website"},"primaryImageOfPage":{"@id":"https:\/\/ondauno.com.ar\/index.php\/2020\/03\/27\/el-intendente-se-reunio-con-jefes-de-servicio-en-el-centro-de-salud\/#primaryimage"},"image":{"@id":"https:\/\/ondauno.com.ar\/index.php\/2020\/03\/27\/el-intendente-se-reunio-con-jefes-de-servicio-en-el-centro-de-salud\/#primaryimage"},"thumbnailUrl":"http:\/\/ondauno.com.ar\/wp-content\/uploads\/2020\/03\/WhatsApp-Image-2020-03-27-at-11.32.37-1024x575.jpeg","datePublished":"2020-03-27T15:00:48+00:00","dateModified":"2020-03-27T15:00:52+00:00","author":{"@id":"https:\/\/ondauno.com.ar\/#\/schema\/person\/201d1b68e6c75e0fd396fe5f8af5d139"},"breadcrumb":{"@id":"https:\/\/ondauno.com.ar\/index.php\/2020\/03\/27\/el-intendente-se-reunio-con-jefes-de-servicio-en-el-centro-de-salud\/#breadcrumb"},"inLanguage":"es-AR","potentialAction":[{"@type":"ReadAction","target":["https:\/\/ondauno.com.ar\/index.php\/2020\/03\/27\/el-intendente-se-reunio-con-jefes-de-servicio-en-el-centro-de-salud\/"]}]},{"@type":"ImageObject","inLanguage":"es-AR","@id":"https:\/\/ondauno.com.ar\/index.php\/2020\/03\/27\/el-intendente-se-reunio-con-jefes-de-servicio-en-el-centro-de-salud\/#primaryimage","url":"","contentUrl":""},{"@type":"BreadcrumbList","@id":"https:\/\/ondauno.com.ar\/index.php\/2020\/03\/27\/el-intendente-se-reunio-con-jefes-de-servicio-en-el-centro-de-salud\/#breadcrumb","itemListElement":[{"@type":"ListItem","position":1,"name":"Inicio","item":"https:\/\/ondauno.com.ar\/"},{"@type":"ListItem","position":2,"name":"El intendente se reuni\u00f3 con jefes de servicio en el Centro de Salud"}]},{"@type":"WebSite","@id":"https:\/\/ondauno.com.ar\/#website","url":"https:\/\/ondauno.com.ar\/","name":"103.9 fm","description":"LA PRIMERA RADIO MULTIMEDIA DE TRES ARROYOS","potentialAction":[{"@type":"SearchAction","target":{"@type":"EntryPoint","urlTemplate":"https:\/\/ondauno.com.ar\/?s={search_term_string}"},"query-input":"required name=search_term_string"}],"inLanguage":"es-AR"},{"@type":"Person","@id":"https:\/\/ondauno.com.ar\/#\/schema\/person\/201d1b68e6c75e0fd396fe5f8af5d139","name":"fernando garcia","image":{"@type":"ImageObject","inLanguage":"es-AR","@id":"https:\/\/ondauno.com.ar\/#\/schema\/person\/image\/","url":"https:\/\/secure.gravatar.com\/avatar\/5f7254642ad81272e79a2e69653cfdfc?s=96&d=mm&r=g","contentUrl":"https:\/\/secure.gravatar.com\/avatar\/5f7254642ad81272e79a2e69653cfdfc?s=96&d=mm&r=g","caption":"fernando garcia"},"url":"https:\/\/ondauno.com.ar\/index.php\/author\/ondaunoeditor\/"}]}},"jetpack_publicize_connections":[],"jetpack_featured_media_url":"","jetpack_sharing_enabled":true,"_links":{"self":[{"href":"https:\/\/ondauno.com.ar\/index.php\/wp-json\/wp\/v2\/posts\/7380","targetHints":{"allow":["GET"]}}],"collection":[{"href":"https:\/\/ondauno.com.ar\/index.php\/wp-json\/wp\/v2\/posts"}],"about":[{"href":"https:\/\/ondauno.com.ar\/index.php\/wp-json\/wp\/v2\/types\/post"}],"author":[{"embeddable":true,"href":"https:\/\/ondauno.com.ar\/index.php\/wp-json\/wp\/v2\/users\/2"}],"replies":[{"embeddable":true,"href":"https:\/\/ondauno.com.ar\/index.php\/wp-json\/wp\/v2\/comments?post=7380"}],"version-history":[{"count":0,"href":"https:\/\/ondauno.com.ar\/index.php\/wp-json\/wp\/v2\/posts\/7380\/revisions"}],"wp:attachment":[{"href":"https:\/\/ondauno.com.ar\/index.php\/wp-json\/wp\/v2\/media?parent=7380"}],"wp:term":[{"taxonomy":"category","embeddable":true,"href":"https:\/\/ondauno.com.ar\/index.php\/wp-json\/wp\/v2\/categories?post=7380"},{"taxonomy":"post_tag","embeddable":true,"href":"https:\/\/ondauno.com.ar\/index.php\/wp-json\/wp\/v2\/tags?post=7380"}],"curies":[{"name":"wp","href":"https:\/\/api.w.org\/{rel}","templated":true}]}}