{"id":7363,"date":"2020-03-27T09:42:13","date_gmt":"2020-03-27T12:42:13","guid":{"rendered":"http:\/\/ondauno.com.ar\/?p=7363"},"modified":"2020-03-27T09:42:16","modified_gmt":"2020-03-27T12:42:16","slug":"pymes-reclaman-medidas-de-apoyo-con-alcance-universal-para-pagar-sueldos","status":"publish","type":"post","link":"https:\/\/ondauno.com.ar\/index.php\/2020\/03\/27\/pymes-reclaman-medidas-de-apoyo-con-alcance-universal-para-pagar-sueldos\/","title":{"rendered":"Pymes: Reclaman medidas de apoyo con alcance universal para pagar sueldos"},"content":{"rendered":"<div class=\"ondau-before-content_3\" style=\"margin-top: -30px;\" id=\"ondau-109665307\"><a href=\"https:\/\/www.lps.com.ar\/\" aria-label=\"la-perse2\"><img loading=\"lazy\" decoding=\"async\" src=\"https:\/\/ondauno.com.ar\/wp-content\/uploads\/2021\/10\/la-perse2.jpg\" alt=\"\"  srcset=\"https:\/\/ondauno.com.ar\/wp-content\/uploads\/2021\/10\/la-perse2.jpg 1353w, https:\/\/ondauno.com.ar\/wp-content\/uploads\/2021\/10\/la-perse2-300x43.jpg 300w, https:\/\/ondauno.com.ar\/wp-content\/uploads\/2021\/10\/la-perse2-1024x148.jpg 1024w, https:\/\/ondauno.com.ar\/wp-content\/uploads\/2021\/10\/la-perse2-768x111.jpg 768w, https:\/\/ondauno.com.ar\/wp-content\/uploads\/2021\/10\/la-perse2-696x100.jpg 696w, https:\/\/ondauno.com.ar\/wp-content\/uploads\/2021\/10\/la-perse2-1068x154.jpg 1068w\" sizes=\"(max-width: 1353px) 100vw, 1353px\" class=\"no-lazyload\" width=\"1353\" height=\"195\"  style=\"display: inline-block;\" \/><\/a><\/div>\n<h2 class=\"wp-block-heading\">Reclaman medidas de apoyo con alcance universal, ante una semana cr\u00edtica. Sin ingresos y en riesgo de no pagar los sueldos\u00a0 <\/h2>\n\n\n\n<h1 class=\"wp-block-heading\">Fuente: P\u00e1gina 12<\/h1>\n\n\n\n<p>Aseguran que los cr\u00e9ditos con tasas del 24% y el Repro del Ministerio de Trabajo son inaccesibles. &#8220;No est\u00e1n pensados para firmas chicas&#8221;. Primer vencimiento de sueldos en cuarentena.Por&nbsp;<a href=\"https:\/\/www.pagina12.com.ar\/autores\/1050-raul-dellatorre\">Ra\u00fal Dellatorre<\/a><\/p>\n\n\n\n<figure class=\"wp-block-image\"><img decoding=\"async\" data-src=\"https:\/\/images.pagina12.com.ar\/styles\/focal_3_2_960x640\/public\/media\/articles\/60493\/img-20200326-wa0025-0.jpg?itok=jMs_AB1l\" alt=\"\" src=\"data:image\/gif;base64,R0lGODlhAQABAAAAACH5BAEKAAEALAAAAAABAAEAAAICTAEAOw==\" class=\"lazyload\" \/><noscript><img decoding=\"async\" src=\"https:\/\/images.pagina12.com.ar\/styles\/focal_3_2_960x640\/public\/media\/articles\/60493\/img-20200326-wa0025-0.jpg?itok=jMs_AB1l\" alt=\"\"\/><\/noscript><\/figure>\n\n\n\n<p>La semana pr\u00f3xima ser\u00e1 la primera oportunidad, en etapa de cuarentena, en la que las empresas se enfrentar\u00e1n a la obligaci\u00f3n de tener que abonar los sueldos de sus empleados, y la mayor\u00eda de las pymes ya lo viven con angustia. Salvo aquellas que, por desempe\u00f1arse en \u00e1reas consideradas esenciales, lograron mantener un alto nivel de actividad pese a las medidas de aislamiento obligatorio (alimentos y laboratorios farmac\u00e9uticos, por ejemplo), en el resto de sectores son mayor\u00eda las que se encuentran limitadas de contar con los recursos necesarios. Hay una gama de situaciones muy diferentes, pero para la casi totalidad de empresas peque\u00f1as o medianas de menos de 15 empleados, alternativas como las l\u00edneas de cr\u00e9dito con tasas del 24% o el programa de recuperaci\u00f3n productiva, con subsidios sobre los salarios, son inaccesibles. Anoche el ministro Mat\u00edas Kulfas anunci\u00f3 que los bancos deber\u00e1n otorgar cr\u00e9ditos al 24% por el total de la masa salarial a las micropymes que paguen los sueldos a trav\u00e9s de los mismos. Est\u00e1 en juego la suerte de no menos de 250 mil empresas y de los salarios de m\u00e1s de 3 millones de trabajadores.<br><\/p>\n\n\n\n<p>Hay mucha empresas que se sostienen con lo que recaudan cada d\u00eda, o cada semana. Si les toc\u00f3 estar entre las industrias y comercios paralizados con la cuarentena (y ya desde antes con las recomendaciones de aislamiento), llevan casi dos semanas sin ingresos. La mayor\u00eda, con m\u00e1s cheques a vencer entregados a proveedores, que a cobrar por ventas. La reactivaci\u00f3n del clearing en plena cuarentena, para muchos, fue la espada de Damocles que le soltaron sobre la cabeza. Resta conocer si las facilidades anunciadas por Kulfas alcanzar\u00e1n o no a la mayor\u00eda de las pymes afectadas.<\/p>\n\n\n\n<p>Federico Cuomo, que produce y vende agua mineral en bidones, dirigente industrial (RIEL) e integrante de la Mesa Nacional de Unidad Pyme, relata que, en su caso, adelant\u00f3 buena parte de los sueldos a sus 9 empleados cuando arranc\u00f3 la cuarentena, \u201cpor suerte, porque ahora no podr\u00eda pagarles; con la restituci\u00f3n del clearing me va a quedar la cuenta en rojo hasta donde me d\u00e9 el l\u00edmite del descubierto, y el resto ser\u00e1n cheques rechazados. No tuve ingresos como para cubrirlos\u201d. Describe situaciones mucho peores de sus colegascon las persianas bajas.<\/p>\n\n\n\n<p>Son empresarios que dejaron de pedir cr\u00e9ditos en los \u00faltimos a\u00f1os por las tasas impagables. \u201cNo tenemos carpetas de cr\u00e9dito, apenas cuenta corriente. Tampoco nos sirve una tasa del 24% si ni siquiera s\u00e9 cu\u00e1ndo vuelvo a tener ingresos\u201d, advierte. \u201cEl Repro tampoco es un instrumento pensado en una empresa chica, exige presentar un procedimiento preventivo de crisis y explicar qu\u00e9 se va a hacer para salir. Cu\u00e1nto puede demorar, existir\u00e1 la empresa cuando salga?\u201d, se pregunta ir\u00f3nico.<\/p>\n\n\n\n<p>Los instrumentos son insuficientes y la situaci\u00f3n es dram\u00e1tica. El gabinete econ\u00f3mico social analiza respuestas, pero la necesidad es urgente. Una de las soluciones posibles, imaginada por dirigentes pymes, es que los bancos paguen todos los cheques que venzan, sin rechazos por 30 dias, a cambio de un cr\u00e9dito a tasa cero hasta que se recupere la actividad normal. As\u00ed asegurar\u00eda que no se corte la cadena de pagos y no caiga ninguna pyme. \u201cAhora al gobierno le toca elegir entre las pymes y los bancos; ojal\u00e1 elija a las pymes\u201d, ruega el muy cat\u00f3lico y allegado al papa Francisco, Federico Cuomo.<\/p>\n","protected":false},"excerpt":{"rendered":"<p>Reclaman medidas de apoyo con alcance universal, ante una semana cr\u00edtica. Sin ingresos y en riesgo de no pagar los sueldos\u00a0 Fuente: P\u00e1gina 12 Aseguran que los cr\u00e9ditos con tasas del 24% y el Repro del Ministerio de Trabajo son inaccesibles. &#8220;No est\u00e1n pensados para firmas chicas&#8221;. Primer vencimiento de sueldos en cuarentena.Por&nbsp;Ra\u00fal Dellatorre La [&hellip;]<\/p>\n","protected":false},"author":2,"featured_media":0,"comment_status":"open","ping_status":"open","sticky":false,"template":"","format":"standard","meta":{"tdm_status":"","tdm_grid_status":"","_jetpack_memberships_contains_paid_content":false,"footnotes":"","jetpack_publicize_message":"","jetpack_publicize_feature_enabled":true,"jetpack_social_post_already_shared":false,"jetpack_social_options":{"image_generator_settings":{"template":"highway","default_image_id":0,"font":"","enabled":false},"version":2}},"categories":[3],"tags":[],"class_list":{"0":"post-7363","1":"post","2":"type-post","3":"status-publish","4":"format-standard","6":"category-nacionales"},"yoast_head":"<!-- This site is optimized with the Yoast SEO plugin v22.7 - https:\/\/yoast.com\/wordpress\/plugins\/seo\/ -->\n<title>Pymes: Reclaman medidas de apoyo con alcance universal para pagar sueldos - 103.9 fm<\/title>\n<meta name=\"robots\" content=\"index, follow, max-snippet:-1, max-image-preview:large, max-video-preview:-1\" \/>\n<link rel=\"canonical\" href=\"https:\/\/ondauno.com.ar\/index.php\/2020\/03\/27\/pymes-reclaman-medidas-de-apoyo-con-alcance-universal-para-pagar-sueldos\/\" \/>\n<meta property=\"og:locale\" content=\"es_ES\" \/>\n<meta property=\"og:type\" content=\"article\" \/>\n<meta property=\"og:title\" content=\"Pymes: Reclaman medidas de apoyo con alcance universal para pagar sueldos - 103.9 fm\" \/>\n<meta property=\"og:description\" content=\"Reclaman medidas de apoyo con alcance universal, ante una semana cr\u00edtica. Sin ingresos y en riesgo de no pagar los sueldos\u00a0 Fuente: P\u00e1gina 12 Aseguran que los cr\u00e9ditos con tasas del 24% y el Repro del Ministerio de Trabajo son inaccesibles. &#8220;No est\u00e1n pensados para firmas chicas&#8221;. Primer vencimiento de sueldos en cuarentena.Por&nbsp;Ra\u00fal Dellatorre La [&hellip;]\" \/>\n<meta property=\"og:url\" content=\"https:\/\/ondauno.com.ar\/index.php\/2020\/03\/27\/pymes-reclaman-medidas-de-apoyo-con-alcance-universal-para-pagar-sueldos\/\" \/>\n<meta property=\"og:site_name\" content=\"103.9 fm\" \/>\n<meta property=\"article:publisher\" content=\"https:\/\/www.facebook.com\/ondauno103.9\" \/>\n<meta property=\"article:published_time\" content=\"2020-03-27T12:42:13+00:00\" \/>\n<meta property=\"article:modified_time\" content=\"2020-03-27T12:42:16+00:00\" \/>\n<meta property=\"og:image\" content=\"https:\/\/ondauno.com.ar\/wp-content\/uploads\/2020\/03\/multimedia.normal.a606415d33bf88ee.6361726761732d736f6369616c65732d70796d65735f6e6f726d616c2e6a7067.jpg\" \/>\n\t<meta property=\"og:image:width\" content=\"1000\" \/>\n\t<meta property=\"og:image:height\" content=\"586\" \/>\n\t<meta property=\"og:image:type\" content=\"image\/jpeg\" \/>\n<meta name=\"author\" content=\"fernando garcia\" \/>\n<meta name=\"twitter:card\" content=\"summary_large_image\" \/>\n<meta name=\"twitter:label1\" content=\"Escrito por\" \/>\n\t<meta name=\"twitter:data1\" content=\"fernando garcia\" \/>\n\t<meta name=\"twitter:label2\" content=\"Tiempo de lectura\" \/>\n\t<meta name=\"twitter:data2\" content=\"3 minutos\" \/>\n<script type=\"application\/ld+json\" class=\"yoast-schema-graph\">{\"@context\":\"https:\/\/schema.org\",\"@graph\":[{\"@type\":\"WebPage\",\"@id\":\"https:\/\/ondauno.com.ar\/index.php\/2020\/03\/27\/pymes-reclaman-medidas-de-apoyo-con-alcance-universal-para-pagar-sueldos\/\",\"url\":\"https:\/\/ondauno.com.ar\/index.php\/2020\/03\/27\/pymes-reclaman-medidas-de-apoyo-con-alcance-universal-para-pagar-sueldos\/\",\"name\":\"Pymes: Reclaman medidas de apoyo con alcance universal para pagar sueldos - 103.9 fm\",\"isPartOf\":{\"@id\":\"https:\/\/ondauno.com.ar\/#website\"},\"primaryImageOfPage\":{\"@id\":\"https:\/\/ondauno.com.ar\/index.php\/2020\/03\/27\/pymes-reclaman-medidas-de-apoyo-con-alcance-universal-para-pagar-sueldos\/#primaryimage\"},\"image\":{\"@id\":\"https:\/\/ondauno.com.ar\/index.php\/2020\/03\/27\/pymes-reclaman-medidas-de-apoyo-con-alcance-universal-para-pagar-sueldos\/#primaryimage\"},\"thumbnailUrl\":\"https:\/\/images.pagina12.com.ar\/styles\/focal_3_2_960x640\/public\/media\/articles\/60493\/img-20200326-wa0025-0.jpg?itok=jMs_AB1l\",\"datePublished\":\"2020-03-27T12:42:13+00:00\",\"dateModified\":\"2020-03-27T12:42:16+00:00\",\"author\":{\"@id\":\"https:\/\/ondauno.com.ar\/#\/schema\/person\/201d1b68e6c75e0fd396fe5f8af5d139\"},\"breadcrumb\":{\"@id\":\"https:\/\/ondauno.com.ar\/index.php\/2020\/03\/27\/pymes-reclaman-medidas-de-apoyo-con-alcance-universal-para-pagar-sueldos\/#breadcrumb\"},\"inLanguage\":\"es-AR\",\"potentialAction\":[{\"@type\":\"ReadAction\",\"target\":[\"https:\/\/ondauno.com.ar\/index.php\/2020\/03\/27\/pymes-reclaman-medidas-de-apoyo-con-alcance-universal-para-pagar-sueldos\/\"]}]},{\"@type\":\"ImageObject\",\"inLanguage\":\"es-AR\",\"@id\":\"https:\/\/ondauno.com.ar\/index.php\/2020\/03\/27\/pymes-reclaman-medidas-de-apoyo-con-alcance-universal-para-pagar-sueldos\/#primaryimage\",\"url\":\"https:\/\/images.pagina12.com.ar\/styles\/focal_3_2_960x640\/public\/media\/articles\/60493\/img-20200326-wa0025-0.jpg?itok=jMs_AB1l\",\"contentUrl\":\"https:\/\/images.pagina12.com.ar\/styles\/focal_3_2_960x640\/public\/media\/articles\/60493\/img-20200326-wa0025-0.jpg?itok=jMs_AB1l\"},{\"@type\":\"BreadcrumbList\",\"@id\":\"https:\/\/ondauno.com.ar\/index.php\/2020\/03\/27\/pymes-reclaman-medidas-de-apoyo-con-alcance-universal-para-pagar-sueldos\/#breadcrumb\",\"itemListElement\":[{\"@type\":\"ListItem\",\"position\":1,\"name\":\"Inicio\",\"item\":\"https:\/\/ondauno.com.ar\/\"},{\"@type\":\"ListItem\",\"position\":2,\"name\":\"Pymes: Reclaman medidas de apoyo con alcance universal para pagar sueldos\"}]},{\"@type\":\"WebSite\",\"@id\":\"https:\/\/ondauno.com.ar\/#website\",\"url\":\"https:\/\/ondauno.com.ar\/\",\"name\":\"103.9 fm\",\"description\":\"LA PRIMERA RADIO MULTIMEDIA DE TRES ARROYOS\",\"potentialAction\":[{\"@type\":\"SearchAction\",\"target\":{\"@type\":\"EntryPoint\",\"urlTemplate\":\"https:\/\/ondauno.com.ar\/?s={search_term_string}\"},\"query-input\":\"required name=search_term_string\"}],\"inLanguage\":\"es-AR\"},{\"@type\":\"Person\",\"@id\":\"https:\/\/ondauno.com.ar\/#\/schema\/person\/201d1b68e6c75e0fd396fe5f8af5d139\",\"name\":\"fernando garcia\",\"image\":{\"@type\":\"ImageObject\",\"inLanguage\":\"es-AR\",\"@id\":\"https:\/\/ondauno.com.ar\/#\/schema\/person\/image\/\",\"url\":\"https:\/\/secure.gravatar.com\/avatar\/5f7254642ad81272e79a2e69653cfdfc?s=96&d=mm&r=g\",\"contentUrl\":\"https:\/\/secure.gravatar.com\/avatar\/5f7254642ad81272e79a2e69653cfdfc?s=96&d=mm&r=g\",\"caption\":\"fernando garcia\"},\"url\":\"https:\/\/ondauno.com.ar\/index.php\/author\/ondaunoeditor\/\"}]}<\/script>\n<!-- \/ Yoast SEO plugin. -->","yoast_head_json":{"title":"Pymes: Reclaman medidas de apoyo con alcance universal para pagar sueldos - 103.9 fm","robots":{"index":"index","follow":"follow","max-snippet":"max-snippet:-1","max-image-preview":"max-image-preview:large","max-video-preview":"max-video-preview:-1"},"canonical":"https:\/\/ondauno.com.ar\/index.php\/2020\/03\/27\/pymes-reclaman-medidas-de-apoyo-con-alcance-universal-para-pagar-sueldos\/","og_locale":"es_ES","og_type":"article","og_title":"Pymes: Reclaman medidas de apoyo con alcance universal para pagar sueldos - 103.9 fm","og_description":"Reclaman medidas de apoyo con alcance universal, ante una semana cr\u00edtica. Sin ingresos y en riesgo de no pagar los sueldos\u00a0 Fuente: P\u00e1gina 12 Aseguran que los cr\u00e9ditos con tasas del 24% y el Repro del Ministerio de Trabajo son inaccesibles. &#8220;No est\u00e1n pensados para firmas chicas&#8221;. Primer vencimiento de sueldos en cuarentena.Por&nbsp;Ra\u00fal Dellatorre La [&hellip;]","og_url":"https:\/\/ondauno.com.ar\/index.php\/2020\/03\/27\/pymes-reclaman-medidas-de-apoyo-con-alcance-universal-para-pagar-sueldos\/","og_site_name":"103.9 fm","article_publisher":"https:\/\/www.facebook.com\/ondauno103.9","article_published_time":"2020-03-27T12:42:13+00:00","article_modified_time":"2020-03-27T12:42:16+00:00","og_image":[{"width":1000,"height":586,"url":"https:\/\/ondauno.com.ar\/wp-content\/uploads\/2020\/03\/multimedia.normal.a606415d33bf88ee.6361726761732d736f6369616c65732d70796d65735f6e6f726d616c2e6a7067.jpg","type":"image\/jpeg"}],"author":"fernando garcia","twitter_card":"summary_large_image","twitter_misc":{"Escrito por":"fernando garcia","Tiempo de lectura":"3 minutos"},"schema":{"@context":"https:\/\/schema.org","@graph":[{"@type":"WebPage","@id":"https:\/\/ondauno.com.ar\/index.php\/2020\/03\/27\/pymes-reclaman-medidas-de-apoyo-con-alcance-universal-para-pagar-sueldos\/","url":"https:\/\/ondauno.com.ar\/index.php\/2020\/03\/27\/pymes-reclaman-medidas-de-apoyo-con-alcance-universal-para-pagar-sueldos\/","name":"Pymes: Reclaman medidas de apoyo con alcance universal para pagar sueldos - 103.9 fm","isPartOf":{"@id":"https:\/\/ondauno.com.ar\/#website"},"primaryImageOfPage":{"@id":"https:\/\/ondauno.com.ar\/index.php\/2020\/03\/27\/pymes-reclaman-medidas-de-apoyo-con-alcance-universal-para-pagar-sueldos\/#primaryimage"},"image":{"@id":"https:\/\/ondauno.com.ar\/index.php\/2020\/03\/27\/pymes-reclaman-medidas-de-apoyo-con-alcance-universal-para-pagar-sueldos\/#primaryimage"},"thumbnailUrl":"https:\/\/images.pagina12.com.ar\/styles\/focal_3_2_960x640\/public\/media\/articles\/60493\/img-20200326-wa0025-0.jpg?itok=jMs_AB1l","datePublished":"2020-03-27T12:42:13+00:00","dateModified":"2020-03-27T12:42:16+00:00","author":{"@id":"https:\/\/ondauno.com.ar\/#\/schema\/person\/201d1b68e6c75e0fd396fe5f8af5d139"},"breadcrumb":{"@id":"https:\/\/ondauno.com.ar\/index.php\/2020\/03\/27\/pymes-reclaman-medidas-de-apoyo-con-alcance-universal-para-pagar-sueldos\/#breadcrumb"},"inLanguage":"es-AR","potentialAction":[{"@type":"ReadAction","target":["https:\/\/ondauno.com.ar\/index.php\/2020\/03\/27\/pymes-reclaman-medidas-de-apoyo-con-alcance-universal-para-pagar-sueldos\/"]}]},{"@type":"ImageObject","inLanguage":"es-AR","@id":"https:\/\/ondauno.com.ar\/index.php\/2020\/03\/27\/pymes-reclaman-medidas-de-apoyo-con-alcance-universal-para-pagar-sueldos\/#primaryimage","url":"https:\/\/images.pagina12.com.ar\/styles\/focal_3_2_960x640\/public\/media\/articles\/60493\/img-20200326-wa0025-0.jpg?itok=jMs_AB1l","contentUrl":"https:\/\/images.pagina12.com.ar\/styles\/focal_3_2_960x640\/public\/media\/articles\/60493\/img-20200326-wa0025-0.jpg?itok=jMs_AB1l"},{"@type":"BreadcrumbList","@id":"https:\/\/ondauno.com.ar\/index.php\/2020\/03\/27\/pymes-reclaman-medidas-de-apoyo-con-alcance-universal-para-pagar-sueldos\/#breadcrumb","itemListElement":[{"@type":"ListItem","position":1,"name":"Inicio","item":"https:\/\/ondauno.com.ar\/"},{"@type":"ListItem","position":2,"name":"Pymes: Reclaman medidas de apoyo con alcance universal para pagar sueldos"}]},{"@type":"WebSite","@id":"https:\/\/ondauno.com.ar\/#website","url":"https:\/\/ondauno.com.ar\/","name":"103.9 fm","description":"LA PRIMERA RADIO MULTIMEDIA DE TRES ARROYOS","potentialAction":[{"@type":"SearchAction","target":{"@type":"EntryPoint","urlTemplate":"https:\/\/ondauno.com.ar\/?s={search_term_string}"},"query-input":"required name=search_term_string"}],"inLanguage":"es-AR"},{"@type":"Person","@id":"https:\/\/ondauno.com.ar\/#\/schema\/person\/201d1b68e6c75e0fd396fe5f8af5d139","name":"fernando garcia","image":{"@type":"ImageObject","inLanguage":"es-AR","@id":"https:\/\/ondauno.com.ar\/#\/schema\/person\/image\/","url":"https:\/\/secure.gravatar.com\/avatar\/5f7254642ad81272e79a2e69653cfdfc?s=96&d=mm&r=g","contentUrl":"https:\/\/secure.gravatar.com\/avatar\/5f7254642ad81272e79a2e69653cfdfc?s=96&d=mm&r=g","caption":"fernando garcia"},"url":"https:\/\/ondauno.com.ar\/index.php\/author\/ondaunoeditor\/"}]}},"jetpack_publicize_connections":[],"jetpack_featured_media_url":"","jetpack_sharing_enabled":true,"_links":{"self":[{"href":"https:\/\/ondauno.com.ar\/index.php\/wp-json\/wp\/v2\/posts\/7363","targetHints":{"allow":["GET"]}}],"collection":[{"href":"https:\/\/ondauno.com.ar\/index.php\/wp-json\/wp\/v2\/posts"}],"about":[{"href":"https:\/\/ondauno.com.ar\/index.php\/wp-json\/wp\/v2\/types\/post"}],"author":[{"embeddable":true,"href":"https:\/\/ondauno.com.ar\/index.php\/wp-json\/wp\/v2\/users\/2"}],"replies":[{"embeddable":true,"href":"https:\/\/ondauno.com.ar\/index.php\/wp-json\/wp\/v2\/comments?post=7363"}],"version-history":[{"count":0,"href":"https:\/\/ondauno.com.ar\/index.php\/wp-json\/wp\/v2\/posts\/7363\/revisions"}],"wp:attachment":[{"href":"https:\/\/ondauno.com.ar\/index.php\/wp-json\/wp\/v2\/media?parent=7363"}],"wp:term":[{"taxonomy":"category","embeddable":true,"href":"https:\/\/ondauno.com.ar\/index.php\/wp-json\/wp\/v2\/categories?post=7363"},{"taxonomy":"post_tag","embeddable":true,"href":"https:\/\/ondauno.com.ar\/index.php\/wp-json\/wp\/v2\/tags?post=7363"}],"curies":[{"name":"wp","href":"https:\/\/api.w.org\/{rel}","templated":true}]}}