{"id":7361,"date":"2020-03-27T09:34:08","date_gmt":"2020-03-27T12:34:08","guid":{"rendered":"http:\/\/ondauno.com.ar\/?p=7361"},"modified":"2020-03-27T09:34:12","modified_gmt":"2020-03-27T12:34:12","slug":"el-total-de-casos-confirmados-en-argentina-es-de-589-de-los-cuales-12-fallecieron","status":"publish","type":"post","link":"https:\/\/ondauno.com.ar\/index.php\/2020\/03\/27\/el-total-de-casos-confirmados-en-argentina-es-de-589-de-los-cuales-12-fallecieron\/","title":{"rendered":"El total de casos confirmados en Argentina es de 589, de los cuales 12 fallecieron."},"content":{"rendered":"<div class=\"ondau-before-content_3\" style=\"margin-top: -30px;\" id=\"ondau-820384895\"><a href=\"https:\/\/www.lps.com.ar\/\" aria-label=\"la-perse2\"><img loading=\"lazy\" decoding=\"async\" src=\"https:\/\/ondauno.com.ar\/wp-content\/uploads\/2021\/10\/la-perse2.jpg\" alt=\"\"  srcset=\"https:\/\/ondauno.com.ar\/wp-content\/uploads\/2021\/10\/la-perse2.jpg 1353w, https:\/\/ondauno.com.ar\/wp-content\/uploads\/2021\/10\/la-perse2-300x43.jpg 300w, https:\/\/ondauno.com.ar\/wp-content\/uploads\/2021\/10\/la-perse2-1024x148.jpg 1024w, https:\/\/ondauno.com.ar\/wp-content\/uploads\/2021\/10\/la-perse2-768x111.jpg 768w, https:\/\/ondauno.com.ar\/wp-content\/uploads\/2021\/10\/la-perse2-696x100.jpg 696w, https:\/\/ondauno.com.ar\/wp-content\/uploads\/2021\/10\/la-perse2-1068x154.jpg 1068w\" sizes=\"(max-width: 1353px) 100vw, 1353px\" class=\"no-lazyload\" width=\"1353\" height=\"195\"  style=\"display: inline-block;\" \/><\/a><\/div>\n<p><strong>REPORTE DIARIO MATUTINO NRO 25 &#8211; SITUACI\u00d3N DE COVID-19 EN ARGENTINA<\/strong><\/p>\n\n\n\n<p>\ud83d\udcccEl total de casos confirmados en Argentina es de 589, de los cuales 12 fallecieron. Las autoridades sanitarias de las provincias se encuentran realizando la investigaci\u00f3n epidemiol\u00f3gica de los nuevos casos confirmados, con el fin de detectar los contactos estrechos para que cumplan el aislamiento domiciliario con seguimiento diario establecido por protocolo.<\/p>\n\n\n\n<p>\ud83d\udcccDel total, el 41% son mujeres y el 59% son hombres. <\/p>\n\n\n\n<p>\ud83d\udcccRespecto de las franjas etarias las m\u00e1s afectadas de los casos registrados corresponden personas de entre 20 y 59 a\u00f1os.<\/p>\n\n\n\n<p>\ud83d\udcccEn Argentina, en total se han constatado 2258 casos negativos por laboratorio y 1870 casos descartados por investigaci\u00f3n epidemiol\u00f3gica.<\/p>\n\n\n\n<p>\ud83d\udcccA la fecha, fueron dados de alta transitoria 74 casos y 2 pacientes con alta definitiva.<\/p>\n\n\n\n<p>\ud83d\udcccAl momento, en Argentina la mayor\u00eda de los casos son importados, se detecta transmisi\u00f3n local en conglomerados en las provincias de Santa Fe, C\u00f3rdoba y Tierra del Fuego, y se identifica el inicio de transmisi\u00f3n comunitaria en la regi\u00f3n del AMBA y Chaco. En nuestro pa\u00eds coexisten estrategias de contenci\u00f3n y mitigaci\u00f3n de mortalidad y transmisi\u00f3n.<\/p>\n\n\n\n<p>\ud83d\udcccAyer fueron confirmados 87 nuevos casos de COVID-19:<\/p>\n\n\n\n<ul class=\"wp-block-list\"><li>30 en la Ciudad Aut\u00f3noma de Buenos Aires<\/li><li>27 en Provincia de Buenos Aires<\/li><li>12 Santa Fe<\/li><li>3 en Chaco<\/li><li>3 en C\u00f3rdoba<\/li><li>3 en Tierra del Fuego<\/li><li>3 en Neuqu\u00e9n<\/li><li>2 Jujuy<\/li><li>2 en Santa Cruz<\/li><li>1 Mendoza<\/li><li>1 San Luis<\/li><\/ul>\n\n\n\n<p>\ud83d\udcccDe los 87 casos, 37 corresponden a personas con antecedente de viaje a zonas con transmisi\u00f3n comunitaria, mientras que 24 son contactos estrechos de casos confirmados y 26 se encuentran en investigaci\u00f3n para determinar el antecedente epidemiol\u00f3gico.<\/p>\n\n\n\n<p>Zonas definidas por la Organizaci\u00f3n Mundial de la Salud como de transmisi\u00f3n local o comunitaria:<br>\nhttps:\/\/www.who.int\/emergencies\/diseases\/novel-coronavirus-2019\/situation-reports<\/p>\n","protected":false},"excerpt":{"rendered":"<p>REPORTE DIARIO MATUTINO NRO 25 &#8211; SITUACI\u00d3N DE COVID-19 EN ARGENTINA \ud83d\udcccEl total de casos confirmados en Argentina es de 589, de los cuales 12 fallecieron. Las autoridades sanitarias de las provincias se encuentran realizando la investigaci\u00f3n epidemiol\u00f3gica de los nuevos casos confirmados, con el fin de detectar los contactos estrechos para que cumplan el [&hellip;]<\/p>\n","protected":false},"author":2,"featured_media":0,"comment_status":"open","ping_status":"open","sticky":false,"template":"","format":"standard","meta":{"tdm_status":"","tdm_grid_status":"","_jetpack_memberships_contains_paid_content":false,"footnotes":"","jetpack_publicize_message":"","jetpack_publicize_feature_enabled":true,"jetpack_social_post_already_shared":false,"jetpack_social_options":{"image_generator_settings":{"template":"highway","default_image_id":0,"font":"","enabled":false},"version":2}},"categories":[3],"tags":[],"class_list":{"0":"post-7361","1":"post","2":"type-post","3":"status-publish","4":"format-standard","6":"category-nacionales"},"yoast_head":"<!-- This site is optimized with the Yoast SEO plugin v22.7 - https:\/\/yoast.com\/wordpress\/plugins\/seo\/ -->\n<title>El total de casos confirmados en Argentina es de 589, de los cuales 12 fallecieron. - 103.9 fm<\/title>\n<meta name=\"robots\" content=\"index, follow, max-snippet:-1, max-image-preview:large, max-video-preview:-1\" \/>\n<link rel=\"canonical\" href=\"https:\/\/ondauno.com.ar\/index.php\/2020\/03\/27\/el-total-de-casos-confirmados-en-argentina-es-de-589-de-los-cuales-12-fallecieron\/\" \/>\n<meta property=\"og:locale\" content=\"es_ES\" \/>\n<meta property=\"og:type\" content=\"article\" \/>\n<meta property=\"og:title\" content=\"El total de casos confirmados en Argentina es de 589, de los cuales 12 fallecieron. - 103.9 fm\" \/>\n<meta property=\"og:description\" content=\"REPORTE DIARIO MATUTINO NRO 25 &#8211; SITUACI\u00d3N DE COVID-19 EN ARGENTINA \ud83d\udcccEl total de casos confirmados en Argentina es de 589, de los cuales 12 fallecieron. Las autoridades sanitarias de las provincias se encuentran realizando la investigaci\u00f3n epidemiol\u00f3gica de los nuevos casos confirmados, con el fin de detectar los contactos estrechos para que cumplan el [&hellip;]\" \/>\n<meta property=\"og:url\" content=\"https:\/\/ondauno.com.ar\/index.php\/2020\/03\/27\/el-total-de-casos-confirmados-en-argentina-es-de-589-de-los-cuales-12-fallecieron\/\" \/>\n<meta property=\"og:site_name\" content=\"103.9 fm\" \/>\n<meta property=\"article:publisher\" content=\"https:\/\/www.facebook.com\/ondauno103.9\" \/>\n<meta property=\"article:published_time\" content=\"2020-03-27T12:34:08+00:00\" \/>\n<meta property=\"article:modified_time\" content=\"2020-03-27T12:34:12+00:00\" \/>\n<meta property=\"og:image\" content=\"https:\/\/ondauno.com.ar\/wp-content\/uploads\/2020\/03\/descarga-22.jpg\" \/>\n\t<meta property=\"og:image:width\" content=\"320\" \/>\n\t<meta property=\"og:image:height\" content=\"158\" \/>\n\t<meta property=\"og:image:type\" content=\"image\/jpeg\" \/>\n<meta name=\"author\" content=\"fernando garcia\" \/>\n<meta name=\"twitter:card\" content=\"summary_large_image\" \/>\n<meta name=\"twitter:label1\" content=\"Escrito por\" \/>\n\t<meta name=\"twitter:data1\" content=\"fernando garcia\" \/>\n\t<meta name=\"twitter:label2\" content=\"Tiempo de lectura\" \/>\n\t<meta name=\"twitter:data2\" content=\"1 minuto\" \/>\n<script type=\"application\/ld+json\" class=\"yoast-schema-graph\">{\"@context\":\"https:\/\/schema.org\",\"@graph\":[{\"@type\":\"WebPage\",\"@id\":\"https:\/\/ondauno.com.ar\/index.php\/2020\/03\/27\/el-total-de-casos-confirmados-en-argentina-es-de-589-de-los-cuales-12-fallecieron\/\",\"url\":\"https:\/\/ondauno.com.ar\/index.php\/2020\/03\/27\/el-total-de-casos-confirmados-en-argentina-es-de-589-de-los-cuales-12-fallecieron\/\",\"name\":\"El total de casos confirmados en Argentina es de 589, de los cuales 12 fallecieron. - 103.9 fm\",\"isPartOf\":{\"@id\":\"https:\/\/ondauno.com.ar\/#website\"},\"datePublished\":\"2020-03-27T12:34:08+00:00\",\"dateModified\":\"2020-03-27T12:34:12+00:00\",\"author\":{\"@id\":\"https:\/\/ondauno.com.ar\/#\/schema\/person\/201d1b68e6c75e0fd396fe5f8af5d139\"},\"breadcrumb\":{\"@id\":\"https:\/\/ondauno.com.ar\/index.php\/2020\/03\/27\/el-total-de-casos-confirmados-en-argentina-es-de-589-de-los-cuales-12-fallecieron\/#breadcrumb\"},\"inLanguage\":\"es-AR\",\"potentialAction\":[{\"@type\":\"ReadAction\",\"target\":[\"https:\/\/ondauno.com.ar\/index.php\/2020\/03\/27\/el-total-de-casos-confirmados-en-argentina-es-de-589-de-los-cuales-12-fallecieron\/\"]}]},{\"@type\":\"BreadcrumbList\",\"@id\":\"https:\/\/ondauno.com.ar\/index.php\/2020\/03\/27\/el-total-de-casos-confirmados-en-argentina-es-de-589-de-los-cuales-12-fallecieron\/#breadcrumb\",\"itemListElement\":[{\"@type\":\"ListItem\",\"position\":1,\"name\":\"Inicio\",\"item\":\"https:\/\/ondauno.com.ar\/\"},{\"@type\":\"ListItem\",\"position\":2,\"name\":\"El total de casos confirmados en Argentina es de 589, de los cuales 12 fallecieron.\"}]},{\"@type\":\"WebSite\",\"@id\":\"https:\/\/ondauno.com.ar\/#website\",\"url\":\"https:\/\/ondauno.com.ar\/\",\"name\":\"103.9 fm\",\"description\":\"LA PRIMERA RADIO MULTIMEDIA DE TRES ARROYOS\",\"potentialAction\":[{\"@type\":\"SearchAction\",\"target\":{\"@type\":\"EntryPoint\",\"urlTemplate\":\"https:\/\/ondauno.com.ar\/?s={search_term_string}\"},\"query-input\":\"required name=search_term_string\"}],\"inLanguage\":\"es-AR\"},{\"@type\":\"Person\",\"@id\":\"https:\/\/ondauno.com.ar\/#\/schema\/person\/201d1b68e6c75e0fd396fe5f8af5d139\",\"name\":\"fernando garcia\",\"image\":{\"@type\":\"ImageObject\",\"inLanguage\":\"es-AR\",\"@id\":\"https:\/\/ondauno.com.ar\/#\/schema\/person\/image\/\",\"url\":\"https:\/\/secure.gravatar.com\/avatar\/5f7254642ad81272e79a2e69653cfdfc?s=96&d=mm&r=g\",\"contentUrl\":\"https:\/\/secure.gravatar.com\/avatar\/5f7254642ad81272e79a2e69653cfdfc?s=96&d=mm&r=g\",\"caption\":\"fernando garcia\"},\"url\":\"https:\/\/ondauno.com.ar\/index.php\/author\/ondaunoeditor\/\"}]}<\/script>\n<!-- \/ Yoast SEO plugin. -->","yoast_head_json":{"title":"El total de casos confirmados en Argentina es de 589, de los cuales 12 fallecieron. - 103.9 fm","robots":{"index":"index","follow":"follow","max-snippet":"max-snippet:-1","max-image-preview":"max-image-preview:large","max-video-preview":"max-video-preview:-1"},"canonical":"https:\/\/ondauno.com.ar\/index.php\/2020\/03\/27\/el-total-de-casos-confirmados-en-argentina-es-de-589-de-los-cuales-12-fallecieron\/","og_locale":"es_ES","og_type":"article","og_title":"El total de casos confirmados en Argentina es de 589, de los cuales 12 fallecieron. - 103.9 fm","og_description":"REPORTE DIARIO MATUTINO NRO 25 &#8211; SITUACI\u00d3N DE COVID-19 EN ARGENTINA \ud83d\udcccEl total de casos confirmados en Argentina es de 589, de los cuales 12 fallecieron. Las autoridades sanitarias de las provincias se encuentran realizando la investigaci\u00f3n epidemiol\u00f3gica de los nuevos casos confirmados, con el fin de detectar los contactos estrechos para que cumplan el [&hellip;]","og_url":"https:\/\/ondauno.com.ar\/index.php\/2020\/03\/27\/el-total-de-casos-confirmados-en-argentina-es-de-589-de-los-cuales-12-fallecieron\/","og_site_name":"103.9 fm","article_publisher":"https:\/\/www.facebook.com\/ondauno103.9","article_published_time":"2020-03-27T12:34:08+00:00","article_modified_time":"2020-03-27T12:34:12+00:00","og_image":[{"width":320,"height":158,"url":"https:\/\/ondauno.com.ar\/wp-content\/uploads\/2020\/03\/descarga-22.jpg","type":"image\/jpeg"}],"author":"fernando garcia","twitter_card":"summary_large_image","twitter_misc":{"Escrito por":"fernando garcia","Tiempo de lectura":"1 minuto"},"schema":{"@context":"https:\/\/schema.org","@graph":[{"@type":"WebPage","@id":"https:\/\/ondauno.com.ar\/index.php\/2020\/03\/27\/el-total-de-casos-confirmados-en-argentina-es-de-589-de-los-cuales-12-fallecieron\/","url":"https:\/\/ondauno.com.ar\/index.php\/2020\/03\/27\/el-total-de-casos-confirmados-en-argentina-es-de-589-de-los-cuales-12-fallecieron\/","name":"El total de casos confirmados en Argentina es de 589, de los cuales 12 fallecieron. - 103.9 fm","isPartOf":{"@id":"https:\/\/ondauno.com.ar\/#website"},"datePublished":"2020-03-27T12:34:08+00:00","dateModified":"2020-03-27T12:34:12+00:00","author":{"@id":"https:\/\/ondauno.com.ar\/#\/schema\/person\/201d1b68e6c75e0fd396fe5f8af5d139"},"breadcrumb":{"@id":"https:\/\/ondauno.com.ar\/index.php\/2020\/03\/27\/el-total-de-casos-confirmados-en-argentina-es-de-589-de-los-cuales-12-fallecieron\/#breadcrumb"},"inLanguage":"es-AR","potentialAction":[{"@type":"ReadAction","target":["https:\/\/ondauno.com.ar\/index.php\/2020\/03\/27\/el-total-de-casos-confirmados-en-argentina-es-de-589-de-los-cuales-12-fallecieron\/"]}]},{"@type":"BreadcrumbList","@id":"https:\/\/ondauno.com.ar\/index.php\/2020\/03\/27\/el-total-de-casos-confirmados-en-argentina-es-de-589-de-los-cuales-12-fallecieron\/#breadcrumb","itemListElement":[{"@type":"ListItem","position":1,"name":"Inicio","item":"https:\/\/ondauno.com.ar\/"},{"@type":"ListItem","position":2,"name":"El total de casos confirmados en Argentina es de 589, de los cuales 12 fallecieron."}]},{"@type":"WebSite","@id":"https:\/\/ondauno.com.ar\/#website","url":"https:\/\/ondauno.com.ar\/","name":"103.9 fm","description":"LA PRIMERA RADIO MULTIMEDIA DE TRES ARROYOS","potentialAction":[{"@type":"SearchAction","target":{"@type":"EntryPoint","urlTemplate":"https:\/\/ondauno.com.ar\/?s={search_term_string}"},"query-input":"required name=search_term_string"}],"inLanguage":"es-AR"},{"@type":"Person","@id":"https:\/\/ondauno.com.ar\/#\/schema\/person\/201d1b68e6c75e0fd396fe5f8af5d139","name":"fernando garcia","image":{"@type":"ImageObject","inLanguage":"es-AR","@id":"https:\/\/ondauno.com.ar\/#\/schema\/person\/image\/","url":"https:\/\/secure.gravatar.com\/avatar\/5f7254642ad81272e79a2e69653cfdfc?s=96&d=mm&r=g","contentUrl":"https:\/\/secure.gravatar.com\/avatar\/5f7254642ad81272e79a2e69653cfdfc?s=96&d=mm&r=g","caption":"fernando garcia"},"url":"https:\/\/ondauno.com.ar\/index.php\/author\/ondaunoeditor\/"}]}},"jetpack_publicize_connections":[],"jetpack_featured_media_url":"","jetpack_sharing_enabled":true,"_links":{"self":[{"href":"https:\/\/ondauno.com.ar\/index.php\/wp-json\/wp\/v2\/posts\/7361","targetHints":{"allow":["GET"]}}],"collection":[{"href":"https:\/\/ondauno.com.ar\/index.php\/wp-json\/wp\/v2\/posts"}],"about":[{"href":"https:\/\/ondauno.com.ar\/index.php\/wp-json\/wp\/v2\/types\/post"}],"author":[{"embeddable":true,"href":"https:\/\/ondauno.com.ar\/index.php\/wp-json\/wp\/v2\/users\/2"}],"replies":[{"embeddable":true,"href":"https:\/\/ondauno.com.ar\/index.php\/wp-json\/wp\/v2\/comments?post=7361"}],"version-history":[{"count":0,"href":"https:\/\/ondauno.com.ar\/index.php\/wp-json\/wp\/v2\/posts\/7361\/revisions"}],"wp:attachment":[{"href":"https:\/\/ondauno.com.ar\/index.php\/wp-json\/wp\/v2\/media?parent=7361"}],"wp:term":[{"taxonomy":"category","embeddable":true,"href":"https:\/\/ondauno.com.ar\/index.php\/wp-json\/wp\/v2\/categories?post=7361"},{"taxonomy":"post_tag","embeddable":true,"href":"https:\/\/ondauno.com.ar\/index.php\/wp-json\/wp\/v2\/tags?post=7361"}],"curies":[{"name":"wp","href":"https:\/\/api.w.org\/{rel}","templated":true}]}}