{"id":7358,"date":"2020-03-27T09:17:35","date_gmt":"2020-03-27T12:17:35","guid":{"rendered":"http:\/\/ondauno.com.ar\/?p=7358"},"modified":"2020-03-27T09:17:38","modified_gmt":"2020-03-27T12:17:38","slug":"el-primer-ministro-britanico-boris-johnson-da-positivo-por-coronavirus","status":"publish","type":"post","link":"https:\/\/ondauno.com.ar\/index.php\/2020\/03\/27\/el-primer-ministro-britanico-boris-johnson-da-positivo-por-coronavirus\/","title":{"rendered":"El primer ministro brit\u00e1nico Boris Johnson da positivo por coronavirus"},"content":{"rendered":"<div class=\"ondau-before-content_3\" style=\"margin-top: -30px;\" id=\"ondau-568425460\"><a href=\"https:\/\/www.lps.com.ar\/\" aria-label=\"la-perse2\"><img loading=\"lazy\" decoding=\"async\" src=\"https:\/\/ondauno.com.ar\/wp-content\/uploads\/2021\/10\/la-perse2.jpg\" alt=\"\"  srcset=\"https:\/\/ondauno.com.ar\/wp-content\/uploads\/2021\/10\/la-perse2.jpg 1353w, https:\/\/ondauno.com.ar\/wp-content\/uploads\/2021\/10\/la-perse2-300x43.jpg 300w, https:\/\/ondauno.com.ar\/wp-content\/uploads\/2021\/10\/la-perse2-1024x148.jpg 1024w, https:\/\/ondauno.com.ar\/wp-content\/uploads\/2021\/10\/la-perse2-768x111.jpg 768w, https:\/\/ondauno.com.ar\/wp-content\/uploads\/2021\/10\/la-perse2-696x100.jpg 696w, https:\/\/ondauno.com.ar\/wp-content\/uploads\/2021\/10\/la-perse2-1068x154.jpg 1068w\" sizes=\"(max-width: 1353px) 100vw, 1353px\" class=\"no-lazyload\" width=\"1353\" height=\"195\"  style=\"display: inline-block;\" \/><\/a><\/div>\n<p>Por CNN Espa\u00f1ol<\/p>\n\n\n\n<p>El primer ministro de Reino Unido, Boris Johnson, dio positivo por&nbsp;<a href=\"https:\/\/cnnespanol.cnn.com\/category\/coronavirus\/\">coronavirus<\/a>, anunci\u00f3 el viernes el propio l\u00edder.<\/p>\n\n\n\n<p>En su cuenta de Twitter, Johnson dijo que hab\u00eda desarrollado s\u00edntomas leves y que se hab\u00eda aislado voluntariamente.<\/p>\n\n\n\n<p>\u201cDurante las \u00faltimas 24 horas, he desarrollado s\u00edntomas leves y he dado positivo por coronavirus. Ahora me estoy aislando voluntariamente, pero continuar\u00e9 liderando la respuesta del gobierno a trav\u00e9s de una videoconferencia mientras luchamos contra este virus. Juntos venceremos esto\u201d, escribi\u00f3 Johnson.<\/p>\n\n\n\n<figure class=\"wp-block-image\"><a href=\"https:\/\/cnnespanol2.files.wordpress.com\/2020\/03\/cnn-boris-corona-e1585310619224.jpg?quality=100&amp;strip=info&amp;strip=info\" rel=\"lightbox[7358]\"><img decoding=\"async\" data-src=\"https:\/\/cnnespanol2.files.wordpress.com\/2020\/03\/cnn-boris-corona-e1585310619224.jpg?quality=100&amp;strip=info&amp;w=1024&amp;h=575\" alt=\"\" class=\"wp-image-799266 lazyload\" src=\"data:image\/gif;base64,R0lGODlhAQABAAAAACH5BAEKAAEALAAAAAABAAEAAAICTAEAOw==\" \/><noscript><img decoding=\"async\" src=\"https:\/\/cnnespanol2.files.wordpress.com\/2020\/03\/cnn-boris-corona-e1585310619224.jpg?quality=100&amp;strip=info&amp;w=1024&amp;h=575\" alt=\"\" class=\"wp-image-799266\"\/><\/noscript><\/a><\/figure>\n\n\n\n<p>Boris Johnson. (Photo by WIktor Szymanowicz\/NurPhoto via Getty Images)<\/p>\n\n\n\n<p>Un portavoz de Downing Street dijo que el primer ministro fue examinado despu\u00e9s de experimentar s\u00edntomas el jueves \u201cpor consejo personal del director m\u00e9dico de Inglaterra, el profesor Chris Whitty\u201d.<\/p>\n\n\n\n<p>\u201cLa prueba fue realizada en el n\u00b0 10 por el personal del NHS y el resultado de la prueba fue positivo\u201d, dijo el portavoz, refiri\u00e9ndose al sistema de salud p\u00fablica del pa\u00eds.<\/p>\n\n\n\n<p>\u201cDe acuerdo con la orientaci\u00f3n, el primer ministro se mantiene aislado voluntariamente a s\u00ed mismo en Downing Street\u201d, dijo el portavoz.<\/p>\n\n\n\n<p>\u201cContin\u00faa liderando la respuesta del gobierno al coronavirus\u201d.<\/p>\n\n\n\n<p>La confirmaci\u00f3n llega poco m\u00e1s de una semana despu\u00e9s de que un importante asesor gubernamental sobre el virus, Neil Ferguson, dijo que cre\u00eda que hab\u00eda sido infectado y advirti\u00f3: \u201cHay una gran cantidad de covid-19 en Westminster\u201d.<\/p>\n\n\n\n<p>Ferguson se hab\u00eda reunido con el primer ministro, as\u00ed como con Whitty y con el asesor cient\u00edfico Jefe Patrick Vallance. Sin embargo, no estaba claro d\u00f3nde Johnson pudo haber contra\u00eddo el virus.<\/p>\n\n\n\n<p>La infecci\u00f3n tambi\u00e9n genera preocupaci\u00f3n sobre la prometida de Johnson, Carrie Symonds, quien est\u00e1 embarazada.<\/p>\n\n\n\n<p><\/p>\n\n\n\n<p>#<a href=\"https:\/\/cnnespanol.cnn.com\/tag\/boris-johnson\/\">Boris Johnson<\/a><\/p>\n\n\n\n<p><\/p>\n","protected":false},"excerpt":{"rendered":"<p>Por CNN Espa\u00f1ol El primer ministro de Reino Unido, Boris Johnson, dio positivo por&nbsp;coronavirus, anunci\u00f3 el viernes el propio l\u00edder. En su cuenta de Twitter, Johnson dijo que hab\u00eda desarrollado s\u00edntomas leves y que se hab\u00eda aislado voluntariamente. \u201cDurante las \u00faltimas 24 horas, he desarrollado s\u00edntomas leves y he dado positivo por coronavirus. Ahora me [&hellip;]<\/p>\n","protected":false},"author":2,"featured_media":0,"comment_status":"open","ping_status":"open","sticky":false,"template":"","format":"standard","meta":{"tdm_status":"","tdm_grid_status":"","_jetpack_memberships_contains_paid_content":false,"footnotes":"","jetpack_publicize_message":"","jetpack_publicize_feature_enabled":true,"jetpack_social_post_already_shared":false,"jetpack_social_options":{"image_generator_settings":{"template":"highway","default_image_id":0,"font":"","enabled":false},"version":2}},"categories":[32],"tags":[],"class_list":{"0":"post-7358","1":"post","2":"type-post","3":"status-publish","4":"format-standard","6":"category-ultimo-momento"},"yoast_head":"<!-- This site is optimized with the Yoast SEO plugin v22.7 - https:\/\/yoast.com\/wordpress\/plugins\/seo\/ -->\n<title>El primer ministro brit\u00e1nico Boris Johnson da positivo por coronavirus - 103.9 fm<\/title>\n<meta name=\"robots\" content=\"index, follow, max-snippet:-1, max-image-preview:large, max-video-preview:-1\" \/>\n<link rel=\"canonical\" href=\"https:\/\/ondauno.com.ar\/index.php\/2020\/03\/27\/el-primer-ministro-britanico-boris-johnson-da-positivo-por-coronavirus\/\" \/>\n<meta property=\"og:locale\" content=\"es_ES\" \/>\n<meta property=\"og:type\" content=\"article\" \/>\n<meta property=\"og:title\" content=\"El primer ministro brit\u00e1nico Boris Johnson da positivo por coronavirus - 103.9 fm\" \/>\n<meta property=\"og:description\" content=\"Por CNN Espa\u00f1ol El primer ministro de Reino Unido, Boris Johnson, dio positivo por&nbsp;coronavirus, anunci\u00f3 el viernes el propio l\u00edder. En su cuenta de Twitter, Johnson dijo que hab\u00eda desarrollado s\u00edntomas leves y que se hab\u00eda aislado voluntariamente. \u201cDurante las \u00faltimas 24 horas, he desarrollado s\u00edntomas leves y he dado positivo por coronavirus. Ahora me [&hellip;]\" \/>\n<meta property=\"og:url\" content=\"https:\/\/ondauno.com.ar\/index.php\/2020\/03\/27\/el-primer-ministro-britanico-boris-johnson-da-positivo-por-coronavirus\/\" \/>\n<meta property=\"og:site_name\" content=\"103.9 fm\" \/>\n<meta property=\"article:publisher\" content=\"https:\/\/www.facebook.com\/ondauno103.9\" \/>\n<meta property=\"article:published_time\" content=\"2020-03-27T12:17:35+00:00\" \/>\n<meta property=\"article:modified_time\" content=\"2020-03-27T12:17:38+00:00\" \/>\n<meta property=\"og:image\" content=\"https:\/\/ondauno.com.ar\/wp-content\/uploads\/2020\/03\/descarga-28.jpg\" \/>\n\t<meta property=\"og:image:width\" content=\"340\" \/>\n\t<meta property=\"og:image:height\" content=\"148\" \/>\n\t<meta property=\"og:image:type\" content=\"image\/jpeg\" \/>\n<meta name=\"author\" content=\"fernando garcia\" \/>\n<meta name=\"twitter:card\" content=\"summary_large_image\" \/>\n<meta name=\"twitter:label1\" content=\"Escrito por\" \/>\n\t<meta name=\"twitter:data1\" content=\"fernando garcia\" \/>\n\t<meta name=\"twitter:label2\" content=\"Tiempo de lectura\" \/>\n\t<meta name=\"twitter:data2\" content=\"1 minuto\" \/>\n<script type=\"application\/ld+json\" class=\"yoast-schema-graph\">{\"@context\":\"https:\/\/schema.org\",\"@graph\":[{\"@type\":\"WebPage\",\"@id\":\"https:\/\/ondauno.com.ar\/index.php\/2020\/03\/27\/el-primer-ministro-britanico-boris-johnson-da-positivo-por-coronavirus\/\",\"url\":\"https:\/\/ondauno.com.ar\/index.php\/2020\/03\/27\/el-primer-ministro-britanico-boris-johnson-da-positivo-por-coronavirus\/\",\"name\":\"El primer ministro brit\u00e1nico Boris Johnson da positivo por coronavirus - 103.9 fm\",\"isPartOf\":{\"@id\":\"https:\/\/ondauno.com.ar\/#website\"},\"primaryImageOfPage\":{\"@id\":\"https:\/\/ondauno.com.ar\/index.php\/2020\/03\/27\/el-primer-ministro-britanico-boris-johnson-da-positivo-por-coronavirus\/#primaryimage\"},\"image\":{\"@id\":\"https:\/\/ondauno.com.ar\/index.php\/2020\/03\/27\/el-primer-ministro-britanico-boris-johnson-da-positivo-por-coronavirus\/#primaryimage\"},\"thumbnailUrl\":\"https:\/\/cnnespanol2.files.wordpress.com\/2020\/03\/cnn-boris-corona-e1585310619224.jpg?quality=100&amp;strip=info&amp;w=1024&amp;h=575\",\"datePublished\":\"2020-03-27T12:17:35+00:00\",\"dateModified\":\"2020-03-27T12:17:38+00:00\",\"author\":{\"@id\":\"https:\/\/ondauno.com.ar\/#\/schema\/person\/201d1b68e6c75e0fd396fe5f8af5d139\"},\"breadcrumb\":{\"@id\":\"https:\/\/ondauno.com.ar\/index.php\/2020\/03\/27\/el-primer-ministro-britanico-boris-johnson-da-positivo-por-coronavirus\/#breadcrumb\"},\"inLanguage\":\"es-AR\",\"potentialAction\":[{\"@type\":\"ReadAction\",\"target\":[\"https:\/\/ondauno.com.ar\/index.php\/2020\/03\/27\/el-primer-ministro-britanico-boris-johnson-da-positivo-por-coronavirus\/\"]}]},{\"@type\":\"ImageObject\",\"inLanguage\":\"es-AR\",\"@id\":\"https:\/\/ondauno.com.ar\/index.php\/2020\/03\/27\/el-primer-ministro-britanico-boris-johnson-da-positivo-por-coronavirus\/#primaryimage\",\"url\":\"https:\/\/cnnespanol2.files.wordpress.com\/2020\/03\/cnn-boris-corona-e1585310619224.jpg?quality=100&amp;strip=info&amp;w=1024&amp;h=575\",\"contentUrl\":\"https:\/\/cnnespanol2.files.wordpress.com\/2020\/03\/cnn-boris-corona-e1585310619224.jpg?quality=100&amp;strip=info&amp;w=1024&amp;h=575\"},{\"@type\":\"BreadcrumbList\",\"@id\":\"https:\/\/ondauno.com.ar\/index.php\/2020\/03\/27\/el-primer-ministro-britanico-boris-johnson-da-positivo-por-coronavirus\/#breadcrumb\",\"itemListElement\":[{\"@type\":\"ListItem\",\"position\":1,\"name\":\"Inicio\",\"item\":\"https:\/\/ondauno.com.ar\/\"},{\"@type\":\"ListItem\",\"position\":2,\"name\":\"El primer ministro brit\u00e1nico Boris Johnson da positivo por coronavirus\"}]},{\"@type\":\"WebSite\",\"@id\":\"https:\/\/ondauno.com.ar\/#website\",\"url\":\"https:\/\/ondauno.com.ar\/\",\"name\":\"103.9 fm\",\"description\":\"LA PRIMERA RADIO MULTIMEDIA DE TRES ARROYOS\",\"potentialAction\":[{\"@type\":\"SearchAction\",\"target\":{\"@type\":\"EntryPoint\",\"urlTemplate\":\"https:\/\/ondauno.com.ar\/?s={search_term_string}\"},\"query-input\":\"required name=search_term_string\"}],\"inLanguage\":\"es-AR\"},{\"@type\":\"Person\",\"@id\":\"https:\/\/ondauno.com.ar\/#\/schema\/person\/201d1b68e6c75e0fd396fe5f8af5d139\",\"name\":\"fernando garcia\",\"image\":{\"@type\":\"ImageObject\",\"inLanguage\":\"es-AR\",\"@id\":\"https:\/\/ondauno.com.ar\/#\/schema\/person\/image\/\",\"url\":\"https:\/\/secure.gravatar.com\/avatar\/5f7254642ad81272e79a2e69653cfdfc?s=96&d=mm&r=g\",\"contentUrl\":\"https:\/\/secure.gravatar.com\/avatar\/5f7254642ad81272e79a2e69653cfdfc?s=96&d=mm&r=g\",\"caption\":\"fernando garcia\"},\"url\":\"https:\/\/ondauno.com.ar\/index.php\/author\/ondaunoeditor\/\"}]}<\/script>\n<!-- \/ Yoast SEO plugin. -->","yoast_head_json":{"title":"El primer ministro brit\u00e1nico Boris Johnson da positivo por coronavirus - 103.9 fm","robots":{"index":"index","follow":"follow","max-snippet":"max-snippet:-1","max-image-preview":"max-image-preview:large","max-video-preview":"max-video-preview:-1"},"canonical":"https:\/\/ondauno.com.ar\/index.php\/2020\/03\/27\/el-primer-ministro-britanico-boris-johnson-da-positivo-por-coronavirus\/","og_locale":"es_ES","og_type":"article","og_title":"El primer ministro brit\u00e1nico Boris Johnson da positivo por coronavirus - 103.9 fm","og_description":"Por CNN Espa\u00f1ol El primer ministro de Reino Unido, Boris Johnson, dio positivo por&nbsp;coronavirus, anunci\u00f3 el viernes el propio l\u00edder. En su cuenta de Twitter, Johnson dijo que hab\u00eda desarrollado s\u00edntomas leves y que se hab\u00eda aislado voluntariamente. \u201cDurante las \u00faltimas 24 horas, he desarrollado s\u00edntomas leves y he dado positivo por coronavirus. Ahora me [&hellip;]","og_url":"https:\/\/ondauno.com.ar\/index.php\/2020\/03\/27\/el-primer-ministro-britanico-boris-johnson-da-positivo-por-coronavirus\/","og_site_name":"103.9 fm","article_publisher":"https:\/\/www.facebook.com\/ondauno103.9","article_published_time":"2020-03-27T12:17:35+00:00","article_modified_time":"2020-03-27T12:17:38+00:00","og_image":[{"width":340,"height":148,"url":"https:\/\/ondauno.com.ar\/wp-content\/uploads\/2020\/03\/descarga-28.jpg","type":"image\/jpeg"}],"author":"fernando garcia","twitter_card":"summary_large_image","twitter_misc":{"Escrito por":"fernando garcia","Tiempo de lectura":"1 minuto"},"schema":{"@context":"https:\/\/schema.org","@graph":[{"@type":"WebPage","@id":"https:\/\/ondauno.com.ar\/index.php\/2020\/03\/27\/el-primer-ministro-britanico-boris-johnson-da-positivo-por-coronavirus\/","url":"https:\/\/ondauno.com.ar\/index.php\/2020\/03\/27\/el-primer-ministro-britanico-boris-johnson-da-positivo-por-coronavirus\/","name":"El primer ministro brit\u00e1nico Boris Johnson da positivo por coronavirus - 103.9 fm","isPartOf":{"@id":"https:\/\/ondauno.com.ar\/#website"},"primaryImageOfPage":{"@id":"https:\/\/ondauno.com.ar\/index.php\/2020\/03\/27\/el-primer-ministro-britanico-boris-johnson-da-positivo-por-coronavirus\/#primaryimage"},"image":{"@id":"https:\/\/ondauno.com.ar\/index.php\/2020\/03\/27\/el-primer-ministro-britanico-boris-johnson-da-positivo-por-coronavirus\/#primaryimage"},"thumbnailUrl":"https:\/\/cnnespanol2.files.wordpress.com\/2020\/03\/cnn-boris-corona-e1585310619224.jpg?quality=100&amp;strip=info&amp;w=1024&amp;h=575","datePublished":"2020-03-27T12:17:35+00:00","dateModified":"2020-03-27T12:17:38+00:00","author":{"@id":"https:\/\/ondauno.com.ar\/#\/schema\/person\/201d1b68e6c75e0fd396fe5f8af5d139"},"breadcrumb":{"@id":"https:\/\/ondauno.com.ar\/index.php\/2020\/03\/27\/el-primer-ministro-britanico-boris-johnson-da-positivo-por-coronavirus\/#breadcrumb"},"inLanguage":"es-AR","potentialAction":[{"@type":"ReadAction","target":["https:\/\/ondauno.com.ar\/index.php\/2020\/03\/27\/el-primer-ministro-britanico-boris-johnson-da-positivo-por-coronavirus\/"]}]},{"@type":"ImageObject","inLanguage":"es-AR","@id":"https:\/\/ondauno.com.ar\/index.php\/2020\/03\/27\/el-primer-ministro-britanico-boris-johnson-da-positivo-por-coronavirus\/#primaryimage","url":"https:\/\/cnnespanol2.files.wordpress.com\/2020\/03\/cnn-boris-corona-e1585310619224.jpg?quality=100&amp;strip=info&amp;w=1024&amp;h=575","contentUrl":"https:\/\/cnnespanol2.files.wordpress.com\/2020\/03\/cnn-boris-corona-e1585310619224.jpg?quality=100&amp;strip=info&amp;w=1024&amp;h=575"},{"@type":"BreadcrumbList","@id":"https:\/\/ondauno.com.ar\/index.php\/2020\/03\/27\/el-primer-ministro-britanico-boris-johnson-da-positivo-por-coronavirus\/#breadcrumb","itemListElement":[{"@type":"ListItem","position":1,"name":"Inicio","item":"https:\/\/ondauno.com.ar\/"},{"@type":"ListItem","position":2,"name":"El primer ministro brit\u00e1nico Boris Johnson da positivo por coronavirus"}]},{"@type":"WebSite","@id":"https:\/\/ondauno.com.ar\/#website","url":"https:\/\/ondauno.com.ar\/","name":"103.9 fm","description":"LA PRIMERA RADIO MULTIMEDIA DE TRES ARROYOS","potentialAction":[{"@type":"SearchAction","target":{"@type":"EntryPoint","urlTemplate":"https:\/\/ondauno.com.ar\/?s={search_term_string}"},"query-input":"required name=search_term_string"}],"inLanguage":"es-AR"},{"@type":"Person","@id":"https:\/\/ondauno.com.ar\/#\/schema\/person\/201d1b68e6c75e0fd396fe5f8af5d139","name":"fernando garcia","image":{"@type":"ImageObject","inLanguage":"es-AR","@id":"https:\/\/ondauno.com.ar\/#\/schema\/person\/image\/","url":"https:\/\/secure.gravatar.com\/avatar\/5f7254642ad81272e79a2e69653cfdfc?s=96&d=mm&r=g","contentUrl":"https:\/\/secure.gravatar.com\/avatar\/5f7254642ad81272e79a2e69653cfdfc?s=96&d=mm&r=g","caption":"fernando garcia"},"url":"https:\/\/ondauno.com.ar\/index.php\/author\/ondaunoeditor\/"}]}},"jetpack_publicize_connections":[],"jetpack_featured_media_url":"","jetpack_sharing_enabled":true,"_links":{"self":[{"href":"https:\/\/ondauno.com.ar\/index.php\/wp-json\/wp\/v2\/posts\/7358","targetHints":{"allow":["GET"]}}],"collection":[{"href":"https:\/\/ondauno.com.ar\/index.php\/wp-json\/wp\/v2\/posts"}],"about":[{"href":"https:\/\/ondauno.com.ar\/index.php\/wp-json\/wp\/v2\/types\/post"}],"author":[{"embeddable":true,"href":"https:\/\/ondauno.com.ar\/index.php\/wp-json\/wp\/v2\/users\/2"}],"replies":[{"embeddable":true,"href":"https:\/\/ondauno.com.ar\/index.php\/wp-json\/wp\/v2\/comments?post=7358"}],"version-history":[{"count":0,"href":"https:\/\/ondauno.com.ar\/index.php\/wp-json\/wp\/v2\/posts\/7358\/revisions"}],"wp:attachment":[{"href":"https:\/\/ondauno.com.ar\/index.php\/wp-json\/wp\/v2\/media?parent=7358"}],"wp:term":[{"taxonomy":"category","embeddable":true,"href":"https:\/\/ondauno.com.ar\/index.php\/wp-json\/wp\/v2\/categories?post=7358"},{"taxonomy":"post_tag","embeddable":true,"href":"https:\/\/ondauno.com.ar\/index.php\/wp-json\/wp\/v2\/tags?post=7358"}],"curies":[{"name":"wp","href":"https:\/\/api.w.org\/{rel}","templated":true}]}}