{"id":7352,"date":"2020-03-27T09:07:47","date_gmt":"2020-03-27T12:07:47","guid":{"rendered":"http:\/\/ondauno.com.ar\/?p=7352"},"modified":"2020-03-27T09:07:50","modified_gmt":"2020-03-27T12:07:50","slug":"la-pandemia-se-ensana-con-estados-unidos","status":"publish","type":"post","link":"https:\/\/ondauno.com.ar\/index.php\/2020\/03\/27\/la-pandemia-se-ensana-con-estados-unidos\/","title":{"rendered":"La pandemia se ensa\u00f1a con Estados Unidos"},"content":{"rendered":"<div class=\"ondau-before-content_3\" style=\"margin-top: -30px;\" id=\"ondau-2290018283\"><a href=\"https:\/\/www.lps.com.ar\/\" aria-label=\"la-perse2\"><img loading=\"lazy\" decoding=\"async\" src=\"https:\/\/ondauno.com.ar\/wp-content\/uploads\/2021\/10\/la-perse2.jpg\" alt=\"\"  srcset=\"https:\/\/ondauno.com.ar\/wp-content\/uploads\/2021\/10\/la-perse2.jpg 1353w, https:\/\/ondauno.com.ar\/wp-content\/uploads\/2021\/10\/la-perse2-300x43.jpg 300w, https:\/\/ondauno.com.ar\/wp-content\/uploads\/2021\/10\/la-perse2-1024x148.jpg 1024w, https:\/\/ondauno.com.ar\/wp-content\/uploads\/2021\/10\/la-perse2-768x111.jpg 768w, https:\/\/ondauno.com.ar\/wp-content\/uploads\/2021\/10\/la-perse2-696x100.jpg 696w, https:\/\/ondauno.com.ar\/wp-content\/uploads\/2021\/10\/la-perse2-1068x154.jpg 1068w\" sizes=\"(max-width: 1353px) 100vw, 1353px\" class=\"no-lazyload\" width=\"1353\" height=\"195\"  style=\"display: inline-block;\" \/><\/a><\/div>\n<p>Estados Unidos ya tiene la\u00a0<a rel=\"noreferrer noopener\" href=\"https:\/\/e.newsletters.cnn.com\/click\/EYXZwNDg0QGdtYWlsLmNvbQ\/CeyJtaWQiOiIxNTg1MzAzMjQ1Njg3NWRlYjdkY2U5Njk1IiwiY3QiOiJjbm4tMWIyMjUyYzZhOGFhOTY1NWNlYmM1YTc4YTdiZjkwYWItMSIsInJkIjoiZ21haWwuY29tIn0\/HWkhfQ05OX2lfTmV3c19OREJBTjAzMjcyMDIwMTkzODY1MSxjbm5uZXdzLGh0dHBzOi8vY25uZXNwYW5vbC5jbm4uY29tLzIwMjAvMDMvMjYvY29yb25hdmlydXMtMjYtZGUtbWFyem8tbWludXRvLWEtbWludXRvLXN1bWFuLW1hcy1kZS0yMS0wMDAtbXVlcnRlcy1wb3ItY29yb25hdmlydXMtZW4tZWwtbXVuZG8v\/qP3V0bV90ZXJtPTE1ODUzMDMyNDU2ODc1ZGViN2RjZTk2OTUmdXRtX3NvdXJjZT1Db3B5K29mKzUrY29zYXMrMjcrbWFyem8mdXRtX21lZGl1bT1lbWFpbCZ1dG1fY2FtcGFpZ249MTkzODY1XzE1ODUzMDMyNDU2OTEmYnRfZWU9ZTBQRUFISE02SmpMZTVCN1F2bXVyNEFhUnJYTlhEN1NnJTJCdzN0MEtiQ25lJTJGRW5wZXBYeFUwY3NBQXFkNnJvMHQmYnRfdHM9MTU4NTMwMzI0NTY5MSM1MzE0Njk\/s3bef39f57d\" target=\"_blank\">mayor cantidad de casos de coronavirus\u00a0<\/a>en el mundo: sobrepas\u00f3 a China. Adem\u00e1s, ya\u00a0<a rel=\"noreferrer noopener\" href=\"https:\/\/e.newsletters.cnn.com\/click\/EYXZwNDg0QGdtYWlsLmNvbQ\/CeyJtaWQiOiIxNTg1MzAzMjQ1Njg3NWRlYjdkY2U5Njk1IiwiY3QiOiJjbm4tMWIyMjUyYzZhOGFhOTY1NWNlYmM1YTc4YTdiZjkwYWItMSIsInJkIjoiZ21haWwuY29tIn0\/HWkhfQ05OX2lfTmV3c19OREJBTjAzMjcyMDIwMTkzODY1MSxjbm5uZXdzLGh0dHBzOi8vY25uZXNwYW5vbC5jbm4uY29tLzIwMjAvMDMvMjYvY29yb25hdmlydXMtMjYtZGUtbWFyem8tbWludXRvLWEtbWludXRvLXN1bWFuLW1hcy1kZS0yMS0wMDAtbXVlcnRlcy1wb3ItY29yb25hdmlydXMtZW4tZWwtbXVuZG8v\/qP3V0bV90ZXJtPTE1ODUzMDMyNDU2ODc1ZGViN2RjZTk2OTUmdXRtX3NvdXJjZT1Db3B5K29mKzUrY29zYXMrMjcrbWFyem8mdXRtX21lZGl1bT1lbWFpbCZ1dG1fY2FtcGFpZ249MTkzODY1XzE1ODUzMDMyNDU2OTEmYnRfZWU9ZTBQRUFISE02SmpMZTVCN1F2bXVyNEFhUnJYTlhEN1NnJTJCdzN0MEtiQ25lJTJGRW5wZXBYeFUwY3NBQXFkNnJvMHQmYnRfdHM9MTU4NTMwMzI0NTY5MSM1MzE0MTg\/s6dc6d8187d\" target=\"_blank\">cuenta con m\u00e1s de 1.000 muertos por covid-19.<\/a>\u00a0Los pacientes comienzan a desbordar los hospitales. <\/p>\n\n\n\n<p>Expertos en salud p\u00fablica, incluido el director general de salud de EE. UU., Dr. Jerome Adams, advirtieron que el pa\u00eds podr\u00eda \u201cconvertirse en otra Italia\u201d, donde los m\u00e9dicos en hospitales llenos de pacientes con covid-19 se vieron obligados a racionar la atenci\u00f3n y<a rel=\"noreferrer noopener\" href=\"https:\/\/e.newsletters.cnn.com\/click\/EYXZwNDg0QGdtYWlsLmNvbQ\/CeyJtaWQiOiIxNTg1MzAzMjQ1Njg3NWRlYjdkY2U5Njk1IiwiY3QiOiJjbm4tMWIyMjUyYzZhOGFhOTY1NWNlYmM1YTc4YTdiZjkwYWItMSIsInJkIjoiZ21haWwuY29tIn0\/HWkhfQ05OX2lfTmV3c19OREJBTjAzMjcyMDIwMTkzODY1MSxjbm5uZXdzLGh0dHBzOi8vY25uZXNwYW5vbC5jbm4uY29tLzIwMjAvMDMvMjYvcGFjaWVudGVzLWNvbi1jb3JvbmF2aXJ1cy1jb21pZW56YW4tYS1kZXNib3JkYXItbG9zLWhvc3BpdGFsZXMtZGUtZWUtdXUv\/qP3V0bV90ZXJtPTE1ODUzMDMyNDU2ODc1ZGViN2RjZTk2OTUmdXRtX3NvdXJjZT1Db3B5K29mKzUrY29zYXMrMjcrbWFyem8mdXRtX21lZGl1bT1lbWFpbCZ1dG1fY2FtcGFpZ249MTkzODY1XzE1ODUzMDMyNDU2OTEmYnRfZWU9ZTBQRUFISE02SmpMZTVCN1F2bXVyNEFhUnJYTlhEN1NnJTJCdzN0MEtiQ25lJTJGRW5wZXBYeFUwY3NBQXFkNnJvMHQmYnRfdHM9MTU4NTMwMzI0NTY5MQ\/s203dc3e7de\" target=\"_blank\">\u00a0a\u00a0elegir qui\u00e9n recibe un respirador.<\/a><\/p>\n","protected":false},"excerpt":{"rendered":"<p>Estados Unidos ya tiene la\u00a0mayor cantidad de casos de coronavirus\u00a0en el mundo: sobrepas\u00f3 a China. Adem\u00e1s, ya\u00a0cuenta con m\u00e1s de 1.000 muertos por covid-19.\u00a0Los pacientes comienzan a desbordar los hospitales. Expertos en salud p\u00fablica, incluido el director general de salud de EE. UU., Dr. Jerome Adams, advirtieron que el pa\u00eds podr\u00eda \u201cconvertirse en otra Italia\u201d, [&hellip;]<\/p>\n","protected":false},"author":2,"featured_media":0,"comment_status":"open","ping_status":"open","sticky":false,"template":"","format":"standard","meta":{"tdm_status":"","tdm_grid_status":"","_jetpack_memberships_contains_paid_content":false,"footnotes":"","jetpack_publicize_message":"","jetpack_publicize_feature_enabled":true,"jetpack_social_post_already_shared":false,"jetpack_social_options":{"image_generator_settings":{"template":"highway","default_image_id":0,"font":"","enabled":false},"version":2}},"categories":[28],"tags":[],"class_list":{"0":"post-7352","1":"post","2":"type-post","3":"status-publish","4":"format-standard","6":"category-interes-general"},"yoast_head":"<!-- This site is optimized with the Yoast SEO plugin v22.7 - https:\/\/yoast.com\/wordpress\/plugins\/seo\/ -->\n<title>La pandemia se ensa\u00f1a con Estados Unidos - 103.9 fm<\/title>\n<meta name=\"robots\" content=\"index, follow, max-snippet:-1, max-image-preview:large, max-video-preview:-1\" \/>\n<link rel=\"canonical\" href=\"https:\/\/ondauno.com.ar\/index.php\/2020\/03\/27\/la-pandemia-se-ensana-con-estados-unidos\/\" \/>\n<meta property=\"og:locale\" content=\"es_ES\" \/>\n<meta property=\"og:type\" content=\"article\" \/>\n<meta property=\"og:title\" content=\"La pandemia se ensa\u00f1a con Estados Unidos - 103.9 fm\" \/>\n<meta property=\"og:description\" content=\"Estados Unidos ya tiene la\u00a0mayor cantidad de casos de coronavirus\u00a0en el mundo: sobrepas\u00f3 a China. Adem\u00e1s, ya\u00a0cuenta con m\u00e1s de 1.000 muertos por covid-19.\u00a0Los pacientes comienzan a desbordar los hospitales. Expertos en salud p\u00fablica, incluido el director general de salud de EE. UU., Dr. Jerome Adams, advirtieron que el pa\u00eds podr\u00eda \u201cconvertirse en otra Italia\u201d, [&hellip;]\" \/>\n<meta property=\"og:url\" content=\"https:\/\/ondauno.com.ar\/index.php\/2020\/03\/27\/la-pandemia-se-ensana-con-estados-unidos\/\" \/>\n<meta property=\"og:site_name\" content=\"103.9 fm\" \/>\n<meta property=\"article:publisher\" content=\"https:\/\/www.facebook.com\/ondauno103.9\" \/>\n<meta property=\"article:published_time\" content=\"2020-03-27T12:07:47+00:00\" \/>\n<meta property=\"article:modified_time\" content=\"2020-03-27T12:07:50+00:00\" \/>\n<meta property=\"og:image\" content=\"https:\/\/ondauno.com.ar\/wp-content\/uploads\/2020\/03\/gettyimages-1208281904-1.jpg\" \/>\n\t<meta property=\"og:image:width\" content=\"414\" \/>\n\t<meta property=\"og:image:height\" content=\"311\" \/>\n\t<meta property=\"og:image:type\" content=\"image\/jpeg\" \/>\n<meta name=\"author\" content=\"fernando garcia\" \/>\n<meta name=\"twitter:card\" content=\"summary_large_image\" \/>\n<meta name=\"twitter:label1\" content=\"Escrito por\" \/>\n\t<meta name=\"twitter:data1\" content=\"fernando garcia\" \/>\n<script type=\"application\/ld+json\" class=\"yoast-schema-graph\">{\"@context\":\"https:\/\/schema.org\",\"@graph\":[{\"@type\":\"WebPage\",\"@id\":\"https:\/\/ondauno.com.ar\/index.php\/2020\/03\/27\/la-pandemia-se-ensana-con-estados-unidos\/\",\"url\":\"https:\/\/ondauno.com.ar\/index.php\/2020\/03\/27\/la-pandemia-se-ensana-con-estados-unidos\/\",\"name\":\"La pandemia se ensa\u00f1a con Estados Unidos - 103.9 fm\",\"isPartOf\":{\"@id\":\"https:\/\/ondauno.com.ar\/#website\"},\"datePublished\":\"2020-03-27T12:07:47+00:00\",\"dateModified\":\"2020-03-27T12:07:50+00:00\",\"author\":{\"@id\":\"https:\/\/ondauno.com.ar\/#\/schema\/person\/201d1b68e6c75e0fd396fe5f8af5d139\"},\"breadcrumb\":{\"@id\":\"https:\/\/ondauno.com.ar\/index.php\/2020\/03\/27\/la-pandemia-se-ensana-con-estados-unidos\/#breadcrumb\"},\"inLanguage\":\"es-AR\",\"potentialAction\":[{\"@type\":\"ReadAction\",\"target\":[\"https:\/\/ondauno.com.ar\/index.php\/2020\/03\/27\/la-pandemia-se-ensana-con-estados-unidos\/\"]}]},{\"@type\":\"BreadcrumbList\",\"@id\":\"https:\/\/ondauno.com.ar\/index.php\/2020\/03\/27\/la-pandemia-se-ensana-con-estados-unidos\/#breadcrumb\",\"itemListElement\":[{\"@type\":\"ListItem\",\"position\":1,\"name\":\"Inicio\",\"item\":\"https:\/\/ondauno.com.ar\/\"},{\"@type\":\"ListItem\",\"position\":2,\"name\":\"La pandemia se ensa\u00f1a con Estados Unidos\"}]},{\"@type\":\"WebSite\",\"@id\":\"https:\/\/ondauno.com.ar\/#website\",\"url\":\"https:\/\/ondauno.com.ar\/\",\"name\":\"103.9 fm\",\"description\":\"LA PRIMERA RADIO MULTIMEDIA DE TRES ARROYOS\",\"potentialAction\":[{\"@type\":\"SearchAction\",\"target\":{\"@type\":\"EntryPoint\",\"urlTemplate\":\"https:\/\/ondauno.com.ar\/?s={search_term_string}\"},\"query-input\":\"required name=search_term_string\"}],\"inLanguage\":\"es-AR\"},{\"@type\":\"Person\",\"@id\":\"https:\/\/ondauno.com.ar\/#\/schema\/person\/201d1b68e6c75e0fd396fe5f8af5d139\",\"name\":\"fernando garcia\",\"image\":{\"@type\":\"ImageObject\",\"inLanguage\":\"es-AR\",\"@id\":\"https:\/\/ondauno.com.ar\/#\/schema\/person\/image\/\",\"url\":\"https:\/\/secure.gravatar.com\/avatar\/5f7254642ad81272e79a2e69653cfdfc?s=96&d=mm&r=g\",\"contentUrl\":\"https:\/\/secure.gravatar.com\/avatar\/5f7254642ad81272e79a2e69653cfdfc?s=96&d=mm&r=g\",\"caption\":\"fernando garcia\"},\"url\":\"https:\/\/ondauno.com.ar\/index.php\/author\/ondaunoeditor\/\"}]}<\/script>\n<!-- \/ Yoast SEO plugin. -->","yoast_head_json":{"title":"La pandemia se ensa\u00f1a con Estados Unidos - 103.9 fm","robots":{"index":"index","follow":"follow","max-snippet":"max-snippet:-1","max-image-preview":"max-image-preview:large","max-video-preview":"max-video-preview:-1"},"canonical":"https:\/\/ondauno.com.ar\/index.php\/2020\/03\/27\/la-pandemia-se-ensana-con-estados-unidos\/","og_locale":"es_ES","og_type":"article","og_title":"La pandemia se ensa\u00f1a con Estados Unidos - 103.9 fm","og_description":"Estados Unidos ya tiene la\u00a0mayor cantidad de casos de coronavirus\u00a0en el mundo: sobrepas\u00f3 a China. Adem\u00e1s, ya\u00a0cuenta con m\u00e1s de 1.000 muertos por covid-19.\u00a0Los pacientes comienzan a desbordar los hospitales. Expertos en salud p\u00fablica, incluido el director general de salud de EE. UU., Dr. Jerome Adams, advirtieron que el pa\u00eds podr\u00eda \u201cconvertirse en otra Italia\u201d, [&hellip;]","og_url":"https:\/\/ondauno.com.ar\/index.php\/2020\/03\/27\/la-pandemia-se-ensana-con-estados-unidos\/","og_site_name":"103.9 fm","article_publisher":"https:\/\/www.facebook.com\/ondauno103.9","article_published_time":"2020-03-27T12:07:47+00:00","article_modified_time":"2020-03-27T12:07:50+00:00","og_image":[{"width":414,"height":311,"url":"https:\/\/ondauno.com.ar\/wp-content\/uploads\/2020\/03\/gettyimages-1208281904-1.jpg","type":"image\/jpeg"}],"author":"fernando garcia","twitter_card":"summary_large_image","twitter_misc":{"Escrito por":"fernando garcia"},"schema":{"@context":"https:\/\/schema.org","@graph":[{"@type":"WebPage","@id":"https:\/\/ondauno.com.ar\/index.php\/2020\/03\/27\/la-pandemia-se-ensana-con-estados-unidos\/","url":"https:\/\/ondauno.com.ar\/index.php\/2020\/03\/27\/la-pandemia-se-ensana-con-estados-unidos\/","name":"La pandemia se ensa\u00f1a con Estados Unidos - 103.9 fm","isPartOf":{"@id":"https:\/\/ondauno.com.ar\/#website"},"datePublished":"2020-03-27T12:07:47+00:00","dateModified":"2020-03-27T12:07:50+00:00","author":{"@id":"https:\/\/ondauno.com.ar\/#\/schema\/person\/201d1b68e6c75e0fd396fe5f8af5d139"},"breadcrumb":{"@id":"https:\/\/ondauno.com.ar\/index.php\/2020\/03\/27\/la-pandemia-se-ensana-con-estados-unidos\/#breadcrumb"},"inLanguage":"es-AR","potentialAction":[{"@type":"ReadAction","target":["https:\/\/ondauno.com.ar\/index.php\/2020\/03\/27\/la-pandemia-se-ensana-con-estados-unidos\/"]}]},{"@type":"BreadcrumbList","@id":"https:\/\/ondauno.com.ar\/index.php\/2020\/03\/27\/la-pandemia-se-ensana-con-estados-unidos\/#breadcrumb","itemListElement":[{"@type":"ListItem","position":1,"name":"Inicio","item":"https:\/\/ondauno.com.ar\/"},{"@type":"ListItem","position":2,"name":"La pandemia se ensa\u00f1a con Estados Unidos"}]},{"@type":"WebSite","@id":"https:\/\/ondauno.com.ar\/#website","url":"https:\/\/ondauno.com.ar\/","name":"103.9 fm","description":"LA PRIMERA RADIO MULTIMEDIA DE TRES ARROYOS","potentialAction":[{"@type":"SearchAction","target":{"@type":"EntryPoint","urlTemplate":"https:\/\/ondauno.com.ar\/?s={search_term_string}"},"query-input":"required name=search_term_string"}],"inLanguage":"es-AR"},{"@type":"Person","@id":"https:\/\/ondauno.com.ar\/#\/schema\/person\/201d1b68e6c75e0fd396fe5f8af5d139","name":"fernando garcia","image":{"@type":"ImageObject","inLanguage":"es-AR","@id":"https:\/\/ondauno.com.ar\/#\/schema\/person\/image\/","url":"https:\/\/secure.gravatar.com\/avatar\/5f7254642ad81272e79a2e69653cfdfc?s=96&d=mm&r=g","contentUrl":"https:\/\/secure.gravatar.com\/avatar\/5f7254642ad81272e79a2e69653cfdfc?s=96&d=mm&r=g","caption":"fernando garcia"},"url":"https:\/\/ondauno.com.ar\/index.php\/author\/ondaunoeditor\/"}]}},"jetpack_publicize_connections":[],"jetpack_featured_media_url":"","jetpack_sharing_enabled":true,"_links":{"self":[{"href":"https:\/\/ondauno.com.ar\/index.php\/wp-json\/wp\/v2\/posts\/7352","targetHints":{"allow":["GET"]}}],"collection":[{"href":"https:\/\/ondauno.com.ar\/index.php\/wp-json\/wp\/v2\/posts"}],"about":[{"href":"https:\/\/ondauno.com.ar\/index.php\/wp-json\/wp\/v2\/types\/post"}],"author":[{"embeddable":true,"href":"https:\/\/ondauno.com.ar\/index.php\/wp-json\/wp\/v2\/users\/2"}],"replies":[{"embeddable":true,"href":"https:\/\/ondauno.com.ar\/index.php\/wp-json\/wp\/v2\/comments?post=7352"}],"version-history":[{"count":0,"href":"https:\/\/ondauno.com.ar\/index.php\/wp-json\/wp\/v2\/posts\/7352\/revisions"}],"wp:attachment":[{"href":"https:\/\/ondauno.com.ar\/index.php\/wp-json\/wp\/v2\/media?parent=7352"}],"wp:term":[{"taxonomy":"category","embeddable":true,"href":"https:\/\/ondauno.com.ar\/index.php\/wp-json\/wp\/v2\/categories?post=7352"},{"taxonomy":"post_tag","embeddable":true,"href":"https:\/\/ondauno.com.ar\/index.php\/wp-json\/wp\/v2\/tags?post=7352"}],"curies":[{"name":"wp","href":"https:\/\/api.w.org\/{rel}","templated":true}]}}