{"id":7217,"date":"2020-03-25T21:45:19","date_gmt":"2020-03-26T00:45:19","guid":{"rendered":"http:\/\/ondauno.com.ar\/?p=7217"},"modified":"2020-03-25T21:48:59","modified_gmt":"2020-03-26T00:48:59","slug":"que-los-bancos-respeten-la-ley-y-atiendan-la-emergencia-sanitaria","status":"publish","type":"post","link":"https:\/\/ondauno.com.ar\/index.php\/2020\/03\/25\/que-los-bancos-respeten-la-ley-y-atiendan-la-emergencia-sanitaria\/","title":{"rendered":"QUE LOS BANCOS RESPETEN LA LEY Y ATIENDAN LA EMERGENCIA SANITARIA"},"content":{"rendered":"<div class=\"ondau-before-content_3\" style=\"margin-top: -30px;\" id=\"ondau-1316409049\"><a href=\"https:\/\/www.lps.com.ar\/\" aria-label=\"la-perse2\"><img loading=\"lazy\" decoding=\"async\" src=\"https:\/\/ondauno.com.ar\/wp-content\/uploads\/2021\/10\/la-perse2.jpg\" alt=\"\"  srcset=\"https:\/\/ondauno.com.ar\/wp-content\/uploads\/2021\/10\/la-perse2.jpg 1353w, https:\/\/ondauno.com.ar\/wp-content\/uploads\/2021\/10\/la-perse2-300x43.jpg 300w, https:\/\/ondauno.com.ar\/wp-content\/uploads\/2021\/10\/la-perse2-1024x148.jpg 1024w, https:\/\/ondauno.com.ar\/wp-content\/uploads\/2021\/10\/la-perse2-768x111.jpg 768w, https:\/\/ondauno.com.ar\/wp-content\/uploads\/2021\/10\/la-perse2-696x100.jpg 696w, https:\/\/ondauno.com.ar\/wp-content\/uploads\/2021\/10\/la-perse2-1068x154.jpg 1068w\" sizes=\"(max-width: 1353px) 100vw, 1353px\" class=\"no-lazyload\" width=\"1353\" height=\"195\"  style=\"display: inline-block;\" \/><\/a><\/div>\n<p><br> <strong>Comunicado de la Mesa Nacional de Unidad Pyme<\/strong><\/p>\n\n\n\n<p>Muchos empresarios Pyme estamos recibiendo informaci\u00f3n confusa por parte de los bancos<br> respecto a la aplicaci\u00f3n del r\u00e9gimen de tasas para capital de trabajo, descubierto y otras<br> operaciones.<br> Solicitamos firmemente que a partir del d\u00eda de ma\u00f1ana los bancos privados cumplan con la<br> normativa emitida por el BCRA (comunicaci\u00f3n A 6943). Seg\u00fan la cual, la tasa para capital de<br> trabajo, descubierto y otras operaciones debe ser del 24 % de acuerdo a lo fijado por la autoridad<br> monetaria.<br> La normativa es clara y la aplicaci\u00f3n debe ser inmediata y generalizada. Nuestro sector est\u00e1 en<br> una grave crisis y no resistir\u00e1 abusos o &#8220;malos entendidos&#8221;.<br> De no respetar la normativa, solicitaremos al Poder Ejecutivo de la Naci\u00f3n que limite la tasa<br> m\u00e1xima del 24% a trav\u00e9s de un DNU.<br> Los bancos deben acompa\u00f1ar la emergencia sanitaria (decreto 312\/2020) y entender que la salud<br> del pueblo depende de que las pymes sigamos produciendo. Queremos que los bancos atiendan<br> la grave situaci\u00f3n y no act\u00faen solo considerando sus beneficios individuales.<br> <\/p>\n\n\n\n<p>FIRMAN: Agrupaci\u00f3n Jos\u00e9 Ber Gelbard | Asamblea de pe q u e \u00f1 os y medianos empresarios (APYME) | Asociaci\u00f3n<br> de Comercios Activos C.A.B.A. | Asociaci\u00f3n de Empresarios Nacionales para el Desarrollo Argentino (ENAC) |<br> Central de Entidades Empresarias Nacionales (CEEN) | Consejo Productivo Nacional (CPN) | Frente Productivo |<br> Fundaci\u00f3n Pro Tejer | Industriales Pymes Argentinos (IPA) | Mesa Empresaria Justicialista (MEJ) | Pymes Sur |<br> Red Inclusiva para la Expansi\u00f3n Laboral (RIEL)<br> ADHIEREN : ACIPA | Asociaci\u00f3n Bonaerense de la Industria Naval (ABIN) | Asociaci\u00f3n Civil 2 de Octubre | Buenos<br> Aires al Sur | C\u00e1mara Argentina de Pymes y proveedoras de la Industria de las Telecomunicaciones (CAPPITEL) |<br> C\u00e1mara Argentina de Veh\u00edculos Alternativos y Autopartes (CAVEA) | C\u00e1mara de Comercio de Sanagasta | C\u00e1mara<br> de Empresarios Bonaerenses para el Fortalecimiento de las Cadenas de Valor (FOCAVA) | C\u00e1mara de Farmacia de<br> La Rioja (CAFRI) | C\u00e1mara de Ferreteros de La Rioja | C\u00e1mara de la Industria Textil de Lujan | C\u00e1mara de<br> Peque\u00f1as y Micro Empresas de San Martin (Capyme) | C\u00e1mara Empresarial del Distrito Tecnol\u00f3gico de San<br> Martin | C\u00e1mara Empresarial Riojana | C\u00e1mara Inmobiliaria de la Rioja | C\u00e1mara Minera (CAMIR) | C\u00e1mara<br> Oliv\u00edcola Riojana |CGE de la Ciudad de Buenos Aires y el Conurbano Bonaerense | Fundaci\u00f3n Pro Buenos Aires |<br> Instituto de Energ\u00eda Scalabrini Ortiz (IESO) | Mujeres Argentina por las Pymes | Parque Industrial Pl\u00e1tanos |<br> Uni\u00f3n de J\u00f3venes Empresarios (UNAJE) | Universidad Nacional de La Rioja (UNLAR) | Universidad Tecnolog\u00eda<br> Nacional (UTN)<\/p>\n","protected":false},"excerpt":{"rendered":"<p>Comunicado de la Mesa Nacional de Unidad Pyme Muchos empresarios Pyme estamos recibiendo informaci\u00f3n confusa por parte de los bancos respecto a la aplicaci\u00f3n del r\u00e9gimen de tasas para capital de trabajo, descubierto y otras operaciones. Solicitamos firmemente que a partir del d\u00eda de ma\u00f1ana los bancos privados cumplan con la normativa emitida por el [&hellip;]<\/p>\n","protected":false},"author":2,"featured_media":0,"comment_status":"open","ping_status":"open","sticky":false,"template":"","format":"standard","meta":{"tdm_status":"","tdm_grid_status":"","_jetpack_memberships_contains_paid_content":false,"footnotes":"","jetpack_publicize_message":"","jetpack_publicize_feature_enabled":true,"jetpack_social_post_already_shared":false,"jetpack_social_options":{"image_generator_settings":{"template":"highway","default_image_id":0,"font":"","enabled":false},"version":2}},"categories":[28],"tags":[],"class_list":{"0":"post-7217","1":"post","2":"type-post","3":"status-publish","4":"format-standard","6":"category-interes-general"},"yoast_head":"<!-- This site is optimized with the Yoast SEO plugin v22.7 - https:\/\/yoast.com\/wordpress\/plugins\/seo\/ -->\n<title>QUE LOS BANCOS RESPETEN LA LEY Y ATIENDAN LA EMERGENCIA SANITARIA - 103.9 fm<\/title>\n<meta name=\"robots\" content=\"index, follow, max-snippet:-1, max-image-preview:large, max-video-preview:-1\" \/>\n<link rel=\"canonical\" href=\"https:\/\/ondauno.com.ar\/index.php\/2020\/03\/25\/que-los-bancos-respeten-la-ley-y-atiendan-la-emergencia-sanitaria\/\" \/>\n<meta property=\"og:locale\" content=\"es_ES\" \/>\n<meta property=\"og:type\" content=\"article\" \/>\n<meta property=\"og:title\" content=\"QUE LOS BANCOS RESPETEN LA LEY Y ATIENDAN LA EMERGENCIA SANITARIA - 103.9 fm\" \/>\n<meta property=\"og:description\" content=\"Comunicado de la Mesa Nacional de Unidad Pyme Muchos empresarios Pyme estamos recibiendo informaci\u00f3n confusa por parte de los bancos respecto a la aplicaci\u00f3n del r\u00e9gimen de tasas para capital de trabajo, descubierto y otras operaciones. Solicitamos firmemente que a partir del d\u00eda de ma\u00f1ana los bancos privados cumplan con la normativa emitida por el [&hellip;]\" \/>\n<meta property=\"og:url\" content=\"https:\/\/ondauno.com.ar\/index.php\/2020\/03\/25\/que-los-bancos-respeten-la-ley-y-atiendan-la-emergencia-sanitaria\/\" \/>\n<meta property=\"og:site_name\" content=\"103.9 fm\" \/>\n<meta property=\"article:publisher\" content=\"https:\/\/www.facebook.com\/ondauno103.9\" \/>\n<meta property=\"article:published_time\" content=\"2020-03-26T00:45:19+00:00\" \/>\n<meta property=\"article:modified_time\" content=\"2020-03-26T00:48:59+00:00\" \/>\n<meta property=\"og:image\" content=\"https:\/\/ondauno.com.ar\/wp-content\/uploads\/2020\/03\/Gody-Walter-puesteros-editado-450x270.jpg\" \/>\n\t<meta property=\"og:image:width\" content=\"450\" \/>\n\t<meta property=\"og:image:height\" content=\"270\" \/>\n\t<meta property=\"og:image:type\" content=\"image\/jpeg\" \/>\n<meta name=\"author\" content=\"fernando garcia\" \/>\n<meta name=\"twitter:card\" content=\"summary_large_image\" \/>\n<meta name=\"twitter:label1\" content=\"Escrito por\" \/>\n\t<meta name=\"twitter:data1\" content=\"fernando garcia\" \/>\n\t<meta name=\"twitter:label2\" content=\"Tiempo de lectura\" \/>\n\t<meta name=\"twitter:data2\" content=\"2 minutos\" \/>\n<script type=\"application\/ld+json\" class=\"yoast-schema-graph\">{\"@context\":\"https:\/\/schema.org\",\"@graph\":[{\"@type\":\"WebPage\",\"@id\":\"https:\/\/ondauno.com.ar\/index.php\/2020\/03\/25\/que-los-bancos-respeten-la-ley-y-atiendan-la-emergencia-sanitaria\/\",\"url\":\"https:\/\/ondauno.com.ar\/index.php\/2020\/03\/25\/que-los-bancos-respeten-la-ley-y-atiendan-la-emergencia-sanitaria\/\",\"name\":\"QUE LOS BANCOS RESPETEN LA LEY Y ATIENDAN LA EMERGENCIA SANITARIA - 103.9 fm\",\"isPartOf\":{\"@id\":\"https:\/\/ondauno.com.ar\/#website\"},\"datePublished\":\"2020-03-26T00:45:19+00:00\",\"dateModified\":\"2020-03-26T00:48:59+00:00\",\"author\":{\"@id\":\"https:\/\/ondauno.com.ar\/#\/schema\/person\/201d1b68e6c75e0fd396fe5f8af5d139\"},\"breadcrumb\":{\"@id\":\"https:\/\/ondauno.com.ar\/index.php\/2020\/03\/25\/que-los-bancos-respeten-la-ley-y-atiendan-la-emergencia-sanitaria\/#breadcrumb\"},\"inLanguage\":\"es-AR\",\"potentialAction\":[{\"@type\":\"ReadAction\",\"target\":[\"https:\/\/ondauno.com.ar\/index.php\/2020\/03\/25\/que-los-bancos-respeten-la-ley-y-atiendan-la-emergencia-sanitaria\/\"]}]},{\"@type\":\"BreadcrumbList\",\"@id\":\"https:\/\/ondauno.com.ar\/index.php\/2020\/03\/25\/que-los-bancos-respeten-la-ley-y-atiendan-la-emergencia-sanitaria\/#breadcrumb\",\"itemListElement\":[{\"@type\":\"ListItem\",\"position\":1,\"name\":\"Inicio\",\"item\":\"https:\/\/ondauno.com.ar\/\"},{\"@type\":\"ListItem\",\"position\":2,\"name\":\"QUE LOS BANCOS RESPETEN LA LEY Y ATIENDAN LA EMERGENCIA SANITARIA\"}]},{\"@type\":\"WebSite\",\"@id\":\"https:\/\/ondauno.com.ar\/#website\",\"url\":\"https:\/\/ondauno.com.ar\/\",\"name\":\"103.9 fm\",\"description\":\"LA PRIMERA RADIO MULTIMEDIA DE TRES ARROYOS\",\"potentialAction\":[{\"@type\":\"SearchAction\",\"target\":{\"@type\":\"EntryPoint\",\"urlTemplate\":\"https:\/\/ondauno.com.ar\/?s={search_term_string}\"},\"query-input\":\"required name=search_term_string\"}],\"inLanguage\":\"es-AR\"},{\"@type\":\"Person\",\"@id\":\"https:\/\/ondauno.com.ar\/#\/schema\/person\/201d1b68e6c75e0fd396fe5f8af5d139\",\"name\":\"fernando garcia\",\"image\":{\"@type\":\"ImageObject\",\"inLanguage\":\"es-AR\",\"@id\":\"https:\/\/ondauno.com.ar\/#\/schema\/person\/image\/\",\"url\":\"https:\/\/secure.gravatar.com\/avatar\/5f7254642ad81272e79a2e69653cfdfc?s=96&d=mm&r=g\",\"contentUrl\":\"https:\/\/secure.gravatar.com\/avatar\/5f7254642ad81272e79a2e69653cfdfc?s=96&d=mm&r=g\",\"caption\":\"fernando garcia\"},\"url\":\"https:\/\/ondauno.com.ar\/index.php\/author\/ondaunoeditor\/\"}]}<\/script>\n<!-- \/ Yoast SEO plugin. -->","yoast_head_json":{"title":"QUE LOS BANCOS RESPETEN LA LEY Y ATIENDAN LA EMERGENCIA SANITARIA - 103.9 fm","robots":{"index":"index","follow":"follow","max-snippet":"max-snippet:-1","max-image-preview":"max-image-preview:large","max-video-preview":"max-video-preview:-1"},"canonical":"https:\/\/ondauno.com.ar\/index.php\/2020\/03\/25\/que-los-bancos-respeten-la-ley-y-atiendan-la-emergencia-sanitaria\/","og_locale":"es_ES","og_type":"article","og_title":"QUE LOS BANCOS RESPETEN LA LEY Y ATIENDAN LA EMERGENCIA SANITARIA - 103.9 fm","og_description":"Comunicado de la Mesa Nacional de Unidad Pyme Muchos empresarios Pyme estamos recibiendo informaci\u00f3n confusa por parte de los bancos respecto a la aplicaci\u00f3n del r\u00e9gimen de tasas para capital de trabajo, descubierto y otras operaciones. Solicitamos firmemente que a partir del d\u00eda de ma\u00f1ana los bancos privados cumplan con la normativa emitida por el [&hellip;]","og_url":"https:\/\/ondauno.com.ar\/index.php\/2020\/03\/25\/que-los-bancos-respeten-la-ley-y-atiendan-la-emergencia-sanitaria\/","og_site_name":"103.9 fm","article_publisher":"https:\/\/www.facebook.com\/ondauno103.9","article_published_time":"2020-03-26T00:45:19+00:00","article_modified_time":"2020-03-26T00:48:59+00:00","og_image":[{"width":450,"height":270,"url":"https:\/\/ondauno.com.ar\/wp-content\/uploads\/2020\/03\/Gody-Walter-puesteros-editado-450x270.jpg","type":"image\/jpeg"}],"author":"fernando garcia","twitter_card":"summary_large_image","twitter_misc":{"Escrito por":"fernando garcia","Tiempo de lectura":"2 minutos"},"schema":{"@context":"https:\/\/schema.org","@graph":[{"@type":"WebPage","@id":"https:\/\/ondauno.com.ar\/index.php\/2020\/03\/25\/que-los-bancos-respeten-la-ley-y-atiendan-la-emergencia-sanitaria\/","url":"https:\/\/ondauno.com.ar\/index.php\/2020\/03\/25\/que-los-bancos-respeten-la-ley-y-atiendan-la-emergencia-sanitaria\/","name":"QUE LOS BANCOS RESPETEN LA LEY Y ATIENDAN LA EMERGENCIA SANITARIA - 103.9 fm","isPartOf":{"@id":"https:\/\/ondauno.com.ar\/#website"},"datePublished":"2020-03-26T00:45:19+00:00","dateModified":"2020-03-26T00:48:59+00:00","author":{"@id":"https:\/\/ondauno.com.ar\/#\/schema\/person\/201d1b68e6c75e0fd396fe5f8af5d139"},"breadcrumb":{"@id":"https:\/\/ondauno.com.ar\/index.php\/2020\/03\/25\/que-los-bancos-respeten-la-ley-y-atiendan-la-emergencia-sanitaria\/#breadcrumb"},"inLanguage":"es-AR","potentialAction":[{"@type":"ReadAction","target":["https:\/\/ondauno.com.ar\/index.php\/2020\/03\/25\/que-los-bancos-respeten-la-ley-y-atiendan-la-emergencia-sanitaria\/"]}]},{"@type":"BreadcrumbList","@id":"https:\/\/ondauno.com.ar\/index.php\/2020\/03\/25\/que-los-bancos-respeten-la-ley-y-atiendan-la-emergencia-sanitaria\/#breadcrumb","itemListElement":[{"@type":"ListItem","position":1,"name":"Inicio","item":"https:\/\/ondauno.com.ar\/"},{"@type":"ListItem","position":2,"name":"QUE LOS BANCOS RESPETEN LA LEY Y ATIENDAN LA EMERGENCIA SANITARIA"}]},{"@type":"WebSite","@id":"https:\/\/ondauno.com.ar\/#website","url":"https:\/\/ondauno.com.ar\/","name":"103.9 fm","description":"LA PRIMERA RADIO MULTIMEDIA DE TRES ARROYOS","potentialAction":[{"@type":"SearchAction","target":{"@type":"EntryPoint","urlTemplate":"https:\/\/ondauno.com.ar\/?s={search_term_string}"},"query-input":"required name=search_term_string"}],"inLanguage":"es-AR"},{"@type":"Person","@id":"https:\/\/ondauno.com.ar\/#\/schema\/person\/201d1b68e6c75e0fd396fe5f8af5d139","name":"fernando garcia","image":{"@type":"ImageObject","inLanguage":"es-AR","@id":"https:\/\/ondauno.com.ar\/#\/schema\/person\/image\/","url":"https:\/\/secure.gravatar.com\/avatar\/5f7254642ad81272e79a2e69653cfdfc?s=96&d=mm&r=g","contentUrl":"https:\/\/secure.gravatar.com\/avatar\/5f7254642ad81272e79a2e69653cfdfc?s=96&d=mm&r=g","caption":"fernando garcia"},"url":"https:\/\/ondauno.com.ar\/index.php\/author\/ondaunoeditor\/"}]}},"jetpack_publicize_connections":[],"jetpack_featured_media_url":"","jetpack_sharing_enabled":true,"_links":{"self":[{"href":"https:\/\/ondauno.com.ar\/index.php\/wp-json\/wp\/v2\/posts\/7217","targetHints":{"allow":["GET"]}}],"collection":[{"href":"https:\/\/ondauno.com.ar\/index.php\/wp-json\/wp\/v2\/posts"}],"about":[{"href":"https:\/\/ondauno.com.ar\/index.php\/wp-json\/wp\/v2\/types\/post"}],"author":[{"embeddable":true,"href":"https:\/\/ondauno.com.ar\/index.php\/wp-json\/wp\/v2\/users\/2"}],"replies":[{"embeddable":true,"href":"https:\/\/ondauno.com.ar\/index.php\/wp-json\/wp\/v2\/comments?post=7217"}],"version-history":[{"count":0,"href":"https:\/\/ondauno.com.ar\/index.php\/wp-json\/wp\/v2\/posts\/7217\/revisions"}],"wp:attachment":[{"href":"https:\/\/ondauno.com.ar\/index.php\/wp-json\/wp\/v2\/media?parent=7217"}],"wp:term":[{"taxonomy":"category","embeddable":true,"href":"https:\/\/ondauno.com.ar\/index.php\/wp-json\/wp\/v2\/categories?post=7217"},{"taxonomy":"post_tag","embeddable":true,"href":"https:\/\/ondauno.com.ar\/index.php\/wp-json\/wp\/v2\/tags?post=7217"}],"curies":[{"name":"wp","href":"https:\/\/api.w.org\/{rel}","templated":true}]}}