{"id":7209,"date":"2020-03-25T21:12:44","date_gmt":"2020-03-26T00:12:44","guid":{"rendered":"http:\/\/ondauno.com.ar\/?p=7209"},"modified":"2020-03-25T21:12:47","modified_gmt":"2020-03-26T00:12:47","slug":"kicillof-en-mercedes-estamos-trabajando-para-ampliar-el-sistema-de-salud","status":"publish","type":"post","link":"https:\/\/ondauno.com.ar\/index.php\/2020\/03\/25\/kicillof-en-mercedes-estamos-trabajando-para-ampliar-el-sistema-de-salud\/","title":{"rendered":"Kicillof en Mercedes: &#8220;Estamos trabajando para ampliar el sistema de salud&#8221;"},"content":{"rendered":"<div class=\"ondau-before-content_3\" style=\"margin-top: -30px;\" id=\"ondau-2611211950\"><a href=\"https:\/\/www.lps.com.ar\/\" aria-label=\"la-perse2\"><img loading=\"lazy\" decoding=\"async\" src=\"https:\/\/ondauno.com.ar\/wp-content\/uploads\/2021\/10\/la-perse2.jpg\" alt=\"\"  srcset=\"https:\/\/ondauno.com.ar\/wp-content\/uploads\/2021\/10\/la-perse2.jpg 1353w, https:\/\/ondauno.com.ar\/wp-content\/uploads\/2021\/10\/la-perse2-300x43.jpg 300w, https:\/\/ondauno.com.ar\/wp-content\/uploads\/2021\/10\/la-perse2-1024x148.jpg 1024w, https:\/\/ondauno.com.ar\/wp-content\/uploads\/2021\/10\/la-perse2-768x111.jpg 768w, https:\/\/ondauno.com.ar\/wp-content\/uploads\/2021\/10\/la-perse2-696x100.jpg 696w, https:\/\/ondauno.com.ar\/wp-content\/uploads\/2021\/10\/la-perse2-1068x154.jpg 1068w\" sizes=\"(max-width: 1353px) 100vw, 1353px\" class=\"no-lazyload\" width=\"1353\" height=\"195\"  style=\"display: inline-block;\" \/><\/a><\/div>\n<table class=\"wp-block-table\"><tbody><tr><td><\/td><\/tr><\/tbody><\/table>\n\n\n\n<table class=\"wp-block-table\"><tbody><tr><td>El gobernador de la provincia de Buenos Aires, Axel Kicillof, visit\u00f3 esta tarde el hospital Blas Dubarry de Mercedes, acompa\u00f1ado por el intendente, Juan Ustarroz, el ministro de Salud bonaerense, Daniel Goll\u00e1n; de Infraestructura, Agust\u00edn Simone; el ministro del Interior de la Naci\u00f3n, Eduardo De Pedro; y el director del Hospital, Pablo Cassiani.&nbsp;<br>El Gobierno de la Provincia de Buenos Aires sum\u00f3 10 camas de terapia intensiva para fortalecer los espacios de atenci\u00f3n frente a la emergencia sanitaria por COVID-19. Adem\u00e1s, el hospital est\u00e1 inaugurando un nuevo espacio de guardia, que permitir\u00e1 contar con dos servicios separados, uno de ellos destinado espec\u00edficamente a pacientes con s\u00edntomas respiratorios asociados a coronavirus.&nbsp;\u201cEstamos realizando un esfuerzo permanente y continuo para enfrentar esta pandemia y evitar el desborde del sistema de salud\u201d, explic\u00f3 Kicillof durante la recorrida y agreg\u00f3: \u201cLa ampliaci\u00f3n de camas va a tener especial importancia para enfrentar el Coronavirus\u201d.&nbsp;<br>Asimismo, el Gobernador valor\u00f3 el esfuerzo realizado por el Municipio para finalizar las obras en el hospital y enfatiz\u00f3: \u201cTenemos un margen de tiempo y no lo estamos perdiendo\u201d.<br>Adem\u00e1s, agradeci\u00f3 el esfuerzo de las y los trabajadores de la Salud que asisten cada d\u00eda a sus lugares de trabajo y resalt\u00f3 que \u201clos necesitamos much\u00edsimo\u201d.&nbsp;<br>Por su parte, Ustarroz, asegur\u00f3 que&nbsp; \u201chay mucho compromiso y solidaridad de nuestro pueblo para atravesar esta crisis sin precedentes\u201d. Tambi\u00e9n valor\u00f3 el trabajo articulado que se lleva adelante con el gobierno bonaerense y se\u00f1al\u00f3: \u201cSon muy necesarios los recursos y el acompa\u00f1amiento de la Provincia\u201d.<br>Por \u00faltimo, Cassiani subray\u00f3 que \u201cel sistema de atenci\u00f3n primaria de salud se est\u00e1 preparando para hacer frente a esta situaci\u00f3n que nadie esperaba\u201d.<br>A continuaci\u00f3n, Kicillof visit\u00f3 Colonia Capit\u00e1n Sarmiento de Olivera, donde recorri\u00f3 las instalaciones que se acondicionar\u00e1n con camas de aislamiento para pacientes con coronavirus.<br><strong>Fotograf\u00edas en el siguiente link:<\/strong><a href=\"https:\/\/comunicacionpba.tr.pemsv30.net\/c\/eyJhIjoiY29tdW5pY2FjaW9ucGJhIiwibSI6Im1haWxfY2s4N3ZjZHFleGJkNDA4MTF5NmdxN2kxNyIsImwiOiJsaW5rX2RhZmJiYTlmYmExMjEwYzBlYjU4OTRlOTdhZDU0ZDk0ZWZmODY5ZDYiLCJpIjpbXSwidSI6Imh0dHBzOi8vZHJpdmUuZ29vZ2xlLmNvbS9vcGVuP2lkPTFnalBRUlljM01IengtSWx4MmpwakxndWY1R05HUEE0XyIsImMiOiIiLCJoIjoiMjQ0ZDNlIn0\" rel=\"noreferrer noopener\" target=\"_blank\">https:\/\/drive.google.com\/open?id=1gjPQRYc3MHzx-Ilx2jpjLguf5GNGPA4_<\/a>&nbsp;<strong><br><\/strong><br>\n\n<\/td><\/tr><\/tbody><\/table>\n","protected":false},"excerpt":{"rendered":"<p>El gobernador de la provincia de Buenos Aires, Axel Kicillof, visit\u00f3 esta tarde el hospital Blas Dubarry de Mercedes, acompa\u00f1ado por el intendente, Juan Ustarroz, el ministro de Salud bonaerense, Daniel Goll\u00e1n; de Infraestructura, Agust\u00edn Simone; el ministro del Interior de la Naci\u00f3n, Eduardo De Pedro; y el director del Hospital, Pablo Cassiani.&nbsp;El Gobierno de [&hellip;]<\/p>\n","protected":false},"author":2,"featured_media":0,"comment_status":"open","ping_status":"open","sticky":false,"template":"","format":"standard","meta":{"tdm_status":"","tdm_grid_status":"","_jetpack_memberships_contains_paid_content":false,"footnotes":"","jetpack_publicize_message":"","jetpack_publicize_feature_enabled":true,"jetpack_social_post_already_shared":false,"jetpack_social_options":{"image_generator_settings":{"template":"highway","default_image_id":0,"font":"","enabled":false},"version":2}},"categories":[30],"tags":[],"class_list":{"0":"post-7209","1":"post","2":"type-post","3":"status-publish","4":"format-standard","6":"category-provinciales"},"yoast_head":"<!-- This site is optimized with the Yoast SEO plugin v22.7 - https:\/\/yoast.com\/wordpress\/plugins\/seo\/ -->\n<title>Kicillof en Mercedes: &quot;Estamos trabajando para ampliar el sistema de salud&quot; - 103.9 fm<\/title>\n<meta name=\"robots\" content=\"index, follow, max-snippet:-1, max-image-preview:large, max-video-preview:-1\" \/>\n<link rel=\"canonical\" href=\"https:\/\/ondauno.com.ar\/index.php\/2020\/03\/25\/kicillof-en-mercedes-estamos-trabajando-para-ampliar-el-sistema-de-salud\/\" \/>\n<meta property=\"og:locale\" content=\"es_ES\" \/>\n<meta property=\"og:type\" content=\"article\" \/>\n<meta property=\"og:title\" content=\"Kicillof en Mercedes: &quot;Estamos trabajando para ampliar el sistema de salud&quot; - 103.9 fm\" \/>\n<meta property=\"og:description\" content=\"El gobernador de la provincia de Buenos Aires, Axel Kicillof, visit\u00f3 esta tarde el hospital Blas Dubarry de Mercedes, acompa\u00f1ado por el intendente, Juan Ustarroz, el ministro de Salud bonaerense, Daniel Goll\u00e1n; de Infraestructura, Agust\u00edn Simone; el ministro del Interior de la Naci\u00f3n, Eduardo De Pedro; y el director del Hospital, Pablo Cassiani.&nbsp;El Gobierno de [&hellip;]\" \/>\n<meta property=\"og:url\" content=\"https:\/\/ondauno.com.ar\/index.php\/2020\/03\/25\/kicillof-en-mercedes-estamos-trabajando-para-ampliar-el-sistema-de-salud\/\" \/>\n<meta property=\"og:site_name\" content=\"103.9 fm\" \/>\n<meta property=\"article:publisher\" content=\"https:\/\/www.facebook.com\/ondauno103.9\" \/>\n<meta property=\"article:published_time\" content=\"2020-03-26T00:12:44+00:00\" \/>\n<meta property=\"article:modified_time\" content=\"2020-03-26T00:12:47+00:00\" \/>\n<meta property=\"og:image\" content=\"https:\/\/ondauno.com.ar\/wp-content\/uploads\/2020\/03\/descarga-23.jpg\" \/>\n\t<meta property=\"og:image:width\" content=\"275\" \/>\n\t<meta property=\"og:image:height\" content=\"183\" \/>\n\t<meta property=\"og:image:type\" content=\"image\/jpeg\" \/>\n<meta name=\"author\" content=\"fernando garcia\" \/>\n<meta name=\"twitter:card\" content=\"summary_large_image\" \/>\n<meta name=\"twitter:label1\" content=\"Escrito por\" \/>\n\t<meta name=\"twitter:data1\" content=\"fernando garcia\" \/>\n\t<meta name=\"twitter:label2\" content=\"Tiempo de lectura\" \/>\n\t<meta name=\"twitter:data2\" content=\"2 minutos\" \/>\n<script type=\"application\/ld+json\" class=\"yoast-schema-graph\">{\"@context\":\"https:\/\/schema.org\",\"@graph\":[{\"@type\":\"WebPage\",\"@id\":\"https:\/\/ondauno.com.ar\/index.php\/2020\/03\/25\/kicillof-en-mercedes-estamos-trabajando-para-ampliar-el-sistema-de-salud\/\",\"url\":\"https:\/\/ondauno.com.ar\/index.php\/2020\/03\/25\/kicillof-en-mercedes-estamos-trabajando-para-ampliar-el-sistema-de-salud\/\",\"name\":\"Kicillof en Mercedes: \\\"Estamos trabajando para ampliar el sistema de salud\\\" - 103.9 fm\",\"isPartOf\":{\"@id\":\"https:\/\/ondauno.com.ar\/#website\"},\"datePublished\":\"2020-03-26T00:12:44+00:00\",\"dateModified\":\"2020-03-26T00:12:47+00:00\",\"author\":{\"@id\":\"https:\/\/ondauno.com.ar\/#\/schema\/person\/201d1b68e6c75e0fd396fe5f8af5d139\"},\"breadcrumb\":{\"@id\":\"https:\/\/ondauno.com.ar\/index.php\/2020\/03\/25\/kicillof-en-mercedes-estamos-trabajando-para-ampliar-el-sistema-de-salud\/#breadcrumb\"},\"inLanguage\":\"es-AR\",\"potentialAction\":[{\"@type\":\"ReadAction\",\"target\":[\"https:\/\/ondauno.com.ar\/index.php\/2020\/03\/25\/kicillof-en-mercedes-estamos-trabajando-para-ampliar-el-sistema-de-salud\/\"]}]},{\"@type\":\"BreadcrumbList\",\"@id\":\"https:\/\/ondauno.com.ar\/index.php\/2020\/03\/25\/kicillof-en-mercedes-estamos-trabajando-para-ampliar-el-sistema-de-salud\/#breadcrumb\",\"itemListElement\":[{\"@type\":\"ListItem\",\"position\":1,\"name\":\"Inicio\",\"item\":\"https:\/\/ondauno.com.ar\/\"},{\"@type\":\"ListItem\",\"position\":2,\"name\":\"Kicillof en Mercedes: &#8220;Estamos trabajando para ampliar el sistema de salud&#8221;\"}]},{\"@type\":\"WebSite\",\"@id\":\"https:\/\/ondauno.com.ar\/#website\",\"url\":\"https:\/\/ondauno.com.ar\/\",\"name\":\"103.9 fm\",\"description\":\"LA PRIMERA RADIO MULTIMEDIA DE TRES ARROYOS\",\"potentialAction\":[{\"@type\":\"SearchAction\",\"target\":{\"@type\":\"EntryPoint\",\"urlTemplate\":\"https:\/\/ondauno.com.ar\/?s={search_term_string}\"},\"query-input\":\"required name=search_term_string\"}],\"inLanguage\":\"es-AR\"},{\"@type\":\"Person\",\"@id\":\"https:\/\/ondauno.com.ar\/#\/schema\/person\/201d1b68e6c75e0fd396fe5f8af5d139\",\"name\":\"fernando garcia\",\"image\":{\"@type\":\"ImageObject\",\"inLanguage\":\"es-AR\",\"@id\":\"https:\/\/ondauno.com.ar\/#\/schema\/person\/image\/\",\"url\":\"https:\/\/secure.gravatar.com\/avatar\/5f7254642ad81272e79a2e69653cfdfc?s=96&d=mm&r=g\",\"contentUrl\":\"https:\/\/secure.gravatar.com\/avatar\/5f7254642ad81272e79a2e69653cfdfc?s=96&d=mm&r=g\",\"caption\":\"fernando garcia\"},\"url\":\"https:\/\/ondauno.com.ar\/index.php\/author\/ondaunoeditor\/\"}]}<\/script>\n<!-- \/ Yoast SEO plugin. -->","yoast_head_json":{"title":"Kicillof en Mercedes: \"Estamos trabajando para ampliar el sistema de salud\" - 103.9 fm","robots":{"index":"index","follow":"follow","max-snippet":"max-snippet:-1","max-image-preview":"max-image-preview:large","max-video-preview":"max-video-preview:-1"},"canonical":"https:\/\/ondauno.com.ar\/index.php\/2020\/03\/25\/kicillof-en-mercedes-estamos-trabajando-para-ampliar-el-sistema-de-salud\/","og_locale":"es_ES","og_type":"article","og_title":"Kicillof en Mercedes: \"Estamos trabajando para ampliar el sistema de salud\" - 103.9 fm","og_description":"El gobernador de la provincia de Buenos Aires, Axel Kicillof, visit\u00f3 esta tarde el hospital Blas Dubarry de Mercedes, acompa\u00f1ado por el intendente, Juan Ustarroz, el ministro de Salud bonaerense, Daniel Goll\u00e1n; de Infraestructura, Agust\u00edn Simone; el ministro del Interior de la Naci\u00f3n, Eduardo De Pedro; y el director del Hospital, Pablo Cassiani.&nbsp;El Gobierno de [&hellip;]","og_url":"https:\/\/ondauno.com.ar\/index.php\/2020\/03\/25\/kicillof-en-mercedes-estamos-trabajando-para-ampliar-el-sistema-de-salud\/","og_site_name":"103.9 fm","article_publisher":"https:\/\/www.facebook.com\/ondauno103.9","article_published_time":"2020-03-26T00:12:44+00:00","article_modified_time":"2020-03-26T00:12:47+00:00","og_image":[{"width":275,"height":183,"url":"https:\/\/ondauno.com.ar\/wp-content\/uploads\/2020\/03\/descarga-23.jpg","type":"image\/jpeg"}],"author":"fernando garcia","twitter_card":"summary_large_image","twitter_misc":{"Escrito por":"fernando garcia","Tiempo de lectura":"2 minutos"},"schema":{"@context":"https:\/\/schema.org","@graph":[{"@type":"WebPage","@id":"https:\/\/ondauno.com.ar\/index.php\/2020\/03\/25\/kicillof-en-mercedes-estamos-trabajando-para-ampliar-el-sistema-de-salud\/","url":"https:\/\/ondauno.com.ar\/index.php\/2020\/03\/25\/kicillof-en-mercedes-estamos-trabajando-para-ampliar-el-sistema-de-salud\/","name":"Kicillof en Mercedes: \"Estamos trabajando para ampliar el sistema de salud\" - 103.9 fm","isPartOf":{"@id":"https:\/\/ondauno.com.ar\/#website"},"datePublished":"2020-03-26T00:12:44+00:00","dateModified":"2020-03-26T00:12:47+00:00","author":{"@id":"https:\/\/ondauno.com.ar\/#\/schema\/person\/201d1b68e6c75e0fd396fe5f8af5d139"},"breadcrumb":{"@id":"https:\/\/ondauno.com.ar\/index.php\/2020\/03\/25\/kicillof-en-mercedes-estamos-trabajando-para-ampliar-el-sistema-de-salud\/#breadcrumb"},"inLanguage":"es-AR","potentialAction":[{"@type":"ReadAction","target":["https:\/\/ondauno.com.ar\/index.php\/2020\/03\/25\/kicillof-en-mercedes-estamos-trabajando-para-ampliar-el-sistema-de-salud\/"]}]},{"@type":"BreadcrumbList","@id":"https:\/\/ondauno.com.ar\/index.php\/2020\/03\/25\/kicillof-en-mercedes-estamos-trabajando-para-ampliar-el-sistema-de-salud\/#breadcrumb","itemListElement":[{"@type":"ListItem","position":1,"name":"Inicio","item":"https:\/\/ondauno.com.ar\/"},{"@type":"ListItem","position":2,"name":"Kicillof en Mercedes: &#8220;Estamos trabajando para ampliar el sistema de salud&#8221;"}]},{"@type":"WebSite","@id":"https:\/\/ondauno.com.ar\/#website","url":"https:\/\/ondauno.com.ar\/","name":"103.9 fm","description":"LA PRIMERA RADIO MULTIMEDIA DE TRES ARROYOS","potentialAction":[{"@type":"SearchAction","target":{"@type":"EntryPoint","urlTemplate":"https:\/\/ondauno.com.ar\/?s={search_term_string}"},"query-input":"required name=search_term_string"}],"inLanguage":"es-AR"},{"@type":"Person","@id":"https:\/\/ondauno.com.ar\/#\/schema\/person\/201d1b68e6c75e0fd396fe5f8af5d139","name":"fernando garcia","image":{"@type":"ImageObject","inLanguage":"es-AR","@id":"https:\/\/ondauno.com.ar\/#\/schema\/person\/image\/","url":"https:\/\/secure.gravatar.com\/avatar\/5f7254642ad81272e79a2e69653cfdfc?s=96&d=mm&r=g","contentUrl":"https:\/\/secure.gravatar.com\/avatar\/5f7254642ad81272e79a2e69653cfdfc?s=96&d=mm&r=g","caption":"fernando garcia"},"url":"https:\/\/ondauno.com.ar\/index.php\/author\/ondaunoeditor\/"}]}},"jetpack_publicize_connections":[],"jetpack_featured_media_url":"","jetpack_sharing_enabled":true,"_links":{"self":[{"href":"https:\/\/ondauno.com.ar\/index.php\/wp-json\/wp\/v2\/posts\/7209","targetHints":{"allow":["GET"]}}],"collection":[{"href":"https:\/\/ondauno.com.ar\/index.php\/wp-json\/wp\/v2\/posts"}],"about":[{"href":"https:\/\/ondauno.com.ar\/index.php\/wp-json\/wp\/v2\/types\/post"}],"author":[{"embeddable":true,"href":"https:\/\/ondauno.com.ar\/index.php\/wp-json\/wp\/v2\/users\/2"}],"replies":[{"embeddable":true,"href":"https:\/\/ondauno.com.ar\/index.php\/wp-json\/wp\/v2\/comments?post=7209"}],"version-history":[{"count":0,"href":"https:\/\/ondauno.com.ar\/index.php\/wp-json\/wp\/v2\/posts\/7209\/revisions"}],"wp:attachment":[{"href":"https:\/\/ondauno.com.ar\/index.php\/wp-json\/wp\/v2\/media?parent=7209"}],"wp:term":[{"taxonomy":"category","embeddable":true,"href":"https:\/\/ondauno.com.ar\/index.php\/wp-json\/wp\/v2\/categories?post=7209"},{"taxonomy":"post_tag","embeddable":true,"href":"https:\/\/ondauno.com.ar\/index.php\/wp-json\/wp\/v2\/tags?post=7209"}],"curies":[{"name":"wp","href":"https:\/\/api.w.org\/{rel}","templated":true}]}}