{"id":7165,"date":"2020-03-25T14:20:53","date_gmt":"2020-03-25T17:20:53","guid":{"rendered":"http:\/\/ondauno.com.ar\/?p=7165"},"modified":"2020-03-25T14:20:56","modified_gmt":"2020-03-25T17:20:56","slug":"reforzaran-con-20-unidades-sanitarias-moviles-la-atencion-de-los-hospitales-provinciales","status":"publish","type":"post","link":"https:\/\/ondauno.com.ar\/index.php\/2020\/03\/25\/reforzaran-con-20-unidades-sanitarias-moviles-la-atencion-de-los-hospitales-provinciales\/","title":{"rendered":"Reforzar\u00e1n con 20 Unidades Sanitarias M\u00f3viles la atenci\u00f3n de los hospitales provinciales"},"content":{"rendered":"<div class=\"ondau-before-content_3\" style=\"margin-top: -30px;\" id=\"ondau-3865597845\"><a href=\"https:\/\/www.lps.com.ar\/\" aria-label=\"la-perse2\"><img loading=\"lazy\" decoding=\"async\" src=\"https:\/\/ondauno.com.ar\/wp-content\/uploads\/2021\/10\/la-perse2.jpg\" alt=\"\"  srcset=\"https:\/\/ondauno.com.ar\/wp-content\/uploads\/2021\/10\/la-perse2.jpg 1353w, https:\/\/ondauno.com.ar\/wp-content\/uploads\/2021\/10\/la-perse2-300x43.jpg 300w, https:\/\/ondauno.com.ar\/wp-content\/uploads\/2021\/10\/la-perse2-1024x148.jpg 1024w, https:\/\/ondauno.com.ar\/wp-content\/uploads\/2021\/10\/la-perse2-768x111.jpg 768w, https:\/\/ondauno.com.ar\/wp-content\/uploads\/2021\/10\/la-perse2-696x100.jpg 696w, https:\/\/ondauno.com.ar\/wp-content\/uploads\/2021\/10\/la-perse2-1068x154.jpg 1068w\" sizes=\"(max-width: 1353px) 100vw, 1353px\" class=\"no-lazyload\" width=\"1353\" height=\"195\"  style=\"display: inline-block;\" \/><\/a><\/div>\n<h2 class=\"wp-block-heading\">Ya se instal\u00f3 la primera en Ezeiza y esta semana llegan a seis nuevos hospitales del conurbano. Reforzar\u00e1n con 20 unidades sanitarias m\u00f3viles la atenci\u00f3n en hospitales bonaerenses <\/h2>\n\n\n\n<figure class=\"wp-block-image\"><img decoding=\"async\" data-src=\"https:\/\/www.gba.gob.ar\/sites\/default\/files\/salud\/imagenes\/1_46.jpeg\" alt=\"salud coronavirus\" src=\"data:image\/gif;base64,R0lGODlhAQABAAAAACH5BAEKAAEALAAAAAABAAEAAAICTAEAOw==\" class=\"lazyload\" \/><noscript><img decoding=\"async\" src=\"https:\/\/www.gba.gob.ar\/sites\/default\/files\/salud\/imagenes\/1_46.jpeg\" alt=\"salud coronavirus\"\/><\/noscript><\/figure>\n\n\n\n<p>Ya se instal\u00f3 la primera en Ezeiza y esta semana llegan a cinco&nbsp;nuevos hospitales del conurbano. Ser\u00e1n 20&nbsp;en total para garantizar de manera extra hospitalaria un control de las consultas con el fin de que, cada paciente reciba la atenci\u00f3n correspondiente por Guardia o en zona de atenci\u00f3n por Coronavirus.<\/p>\n\n\n\n<p>El ministerio de Salud de la Provincia junto a la&nbsp;Autoridad de Cuenca Matanza Riachuelo (ACUMAR),&nbsp;instal\u00f3 la primera&nbsp; de las 20&nbsp;Unidades Sanitarias M\u00f3viles que contar\u00e0n en los pr\u00f3ximos d\u00edas los hospitales provinciales con alta demanda para reforzar la atenci\u00f3n de cara a la eventual contingencia por el Coronavirus. Tambi\u00e9n descentralizar\u00e1n&nbsp;los vacunatorios para aislar a las personas sanas de sintom\u00e1ticas.<\/p>\n\n\n\n<p>\u201cCumplen una funci\u00f3n muy importante para garantizar de manera extra hospitalaria un control de aquellas personas que demanden al hospital y puedan ser evaluadas fuera de la circulaci\u00f3n hospitalaria en donde se determinar\u00e0 si ingresan por la zona de asistencia del Coronavirus o la consulta general por guardia. Dotaremos a todos los hospitales con alta demanda que requieran un triage extra hospitalario\u201d detall\u00f3 el director provincial de hospitales, Juan Riera.<\/p>\n\n\n\n<p>En la primera flamante unidad, que est\u00e0 instalada en la puerta del hospital Eurnekian de Ezeiza, trabajar\u00e1n siete m\u00e9dicos y seis efermeros para uso exclusivo en el caso de que aumente las consultas ante la actual contingencia sanitaria. Adem\u00e1s, ese cami\u00f3n sanitario est\u00e1 acompa\u00f1ado por una unidad del SAME con servicio de Terapia Intensiva M\u00f3vil, con 4 camas totalmente equipadas y un policonsultorio.<\/p>\n\n\n\n<figure class=\"wp-block-image\"><img decoding=\"async\" data-src=\"http:\/\/ondauno.com.ar\/wp-content\/uploads\/2020\/03\/coronavirus-provincia.jpeg\" alt=\"\" class=\"wp-image-7168 lazyload\" src=\"data:image\/gif;base64,R0lGODlhAQABAAAAACH5BAEKAAEALAAAAAABAAEAAAICTAEAOw==\" \/><noscript><img decoding=\"async\" src=\"http:\/\/ondauno.com.ar\/wp-content\/uploads\/2020\/03\/coronavirus-provincia.jpeg\" alt=\"\" class=\"wp-image-7168\"\/><\/noscript><\/figure>\n\n\n\n<p>Se instalar\u00e1n seis Unidades Sanitarias M\u00f2viles durante esta semana para atender consultas externas en el hospital pero sin ingresar a los establecimientos. Los profesionales de la Salud realizaran un triage diferenciando los casos sintom\u00e1tico febriles respiratorios de las consultas generales, para garantizar el ingreso diferenciado de los pacientes a la unidad hospitalaria.<\/p>\n\n\n\n<p>Los pr\u00f3ximos hospitales provinciales que contar\u00e1n con esta nueva herramienta son el \u201cParoissien\u201d de La Matanza, \u201cMariano y Luciano de la Vega\u201d de Moreno, \u201cPresidente Per\u00f3n\u201d de Avellaneda, \u201cSimplemente Evita\u201d de Gonz\u00e1lez Cat\u00e1n, y \u201cEvita\u201d de Lan\u00f9s.<\/p>\n\n\n\n<ul class=\"wp-block-list\"><li><\/li><\/ul>\n\n\n\n<figure class=\"wp-block-image\"><img decoding=\"async\" data-src=\"http:\/\/ondauno.com.ar\/wp-content\/uploads\/2020\/03\/coronavirus-prov-3.jpeg\" alt=\"\" class=\"wp-image-7166 lazyload\" src=\"data:image\/gif;base64,R0lGODlhAQABAAAAACH5BAEKAAEALAAAAAABAAEAAAICTAEAOw==\" \/><noscript><img decoding=\"async\" src=\"http:\/\/ondauno.com.ar\/wp-content\/uploads\/2020\/03\/coronavirus-prov-3.jpeg\" alt=\"\" class=\"wp-image-7166\"\/><\/noscript><\/figure>\n","protected":false},"excerpt":{"rendered":"<p>Ya se instal\u00f3 la primera en Ezeiza y esta semana llegan a seis nuevos hospitales del conurbano. Reforzar\u00e1n con 20 unidades sanitarias m\u00f3viles la atenci\u00f3n en hospitales bonaerenses Ya se instal\u00f3 la primera en Ezeiza y esta semana llegan a cinco&nbsp;nuevos hospitales del conurbano. Ser\u00e1n 20&nbsp;en total para garantizar de manera extra hospitalaria un control [&hellip;]<\/p>\n","protected":false},"author":2,"featured_media":0,"comment_status":"open","ping_status":"open","sticky":false,"template":"","format":"standard","meta":{"tdm_status":"","tdm_grid_status":"","_jetpack_memberships_contains_paid_content":false,"footnotes":"","jetpack_publicize_message":"","jetpack_publicize_feature_enabled":true,"jetpack_social_post_already_shared":false,"jetpack_social_options":{"image_generator_settings":{"template":"highway","default_image_id":0,"font":"","enabled":false},"version":2}},"categories":[30],"tags":[],"class_list":{"0":"post-7165","1":"post","2":"type-post","3":"status-publish","4":"format-standard","6":"category-provinciales"},"yoast_head":"<!-- This site is optimized with the Yoast SEO plugin v22.7 - https:\/\/yoast.com\/wordpress\/plugins\/seo\/ -->\n<title>Reforzar\u00e1n con 20 Unidades Sanitarias M\u00f3viles la atenci\u00f3n de los hospitales provinciales - 103.9 fm<\/title>\n<meta name=\"robots\" content=\"index, follow, max-snippet:-1, max-image-preview:large, max-video-preview:-1\" \/>\n<link rel=\"canonical\" href=\"https:\/\/ondauno.com.ar\/index.php\/2020\/03\/25\/reforzaran-con-20-unidades-sanitarias-moviles-la-atencion-de-los-hospitales-provinciales\/\" \/>\n<meta property=\"og:locale\" content=\"es_ES\" \/>\n<meta property=\"og:type\" content=\"article\" \/>\n<meta property=\"og:title\" content=\"Reforzar\u00e1n con 20 Unidades Sanitarias M\u00f3viles la atenci\u00f3n de los hospitales provinciales - 103.9 fm\" \/>\n<meta property=\"og:description\" content=\"Ya se instal\u00f3 la primera en Ezeiza y esta semana llegan a seis nuevos hospitales del conurbano. Reforzar\u00e1n con 20 unidades sanitarias m\u00f3viles la atenci\u00f3n en hospitales bonaerenses Ya se instal\u00f3 la primera en Ezeiza y esta semana llegan a cinco&nbsp;nuevos hospitales del conurbano. Ser\u00e1n 20&nbsp;en total para garantizar de manera extra hospitalaria un control [&hellip;]\" \/>\n<meta property=\"og:url\" content=\"https:\/\/ondauno.com.ar\/index.php\/2020\/03\/25\/reforzaran-con-20-unidades-sanitarias-moviles-la-atencion-de-los-hospitales-provinciales\/\" \/>\n<meta property=\"og:site_name\" content=\"103.9 fm\" \/>\n<meta property=\"article:publisher\" content=\"https:\/\/www.facebook.com\/ondauno103.9\" \/>\n<meta property=\"article:published_time\" content=\"2020-03-25T17:20:53+00:00\" \/>\n<meta property=\"article:modified_time\" content=\"2020-03-25T17:20:56+00:00\" \/>\n<meta property=\"og:image\" content=\"https:\/\/ondauno.com.ar\/wp-content\/uploads\/2020\/03\/coronavirus-prov-2.jpeg\" \/>\n\t<meta property=\"og:image:width\" content=\"650\" \/>\n\t<meta property=\"og:image:height\" content=\"488\" \/>\n\t<meta property=\"og:image:type\" content=\"image\/jpeg\" \/>\n<meta name=\"author\" content=\"fernando garcia\" \/>\n<meta name=\"twitter:card\" content=\"summary_large_image\" \/>\n<meta name=\"twitter:label1\" content=\"Escrito por\" \/>\n\t<meta name=\"twitter:data1\" content=\"fernando garcia\" \/>\n\t<meta name=\"twitter:label2\" content=\"Tiempo de lectura\" \/>\n\t<meta name=\"twitter:data2\" content=\"2 minutos\" \/>\n<script type=\"application\/ld+json\" class=\"yoast-schema-graph\">{\"@context\":\"https:\/\/schema.org\",\"@graph\":[{\"@type\":\"WebPage\",\"@id\":\"https:\/\/ondauno.com.ar\/index.php\/2020\/03\/25\/reforzaran-con-20-unidades-sanitarias-moviles-la-atencion-de-los-hospitales-provinciales\/\",\"url\":\"https:\/\/ondauno.com.ar\/index.php\/2020\/03\/25\/reforzaran-con-20-unidades-sanitarias-moviles-la-atencion-de-los-hospitales-provinciales\/\",\"name\":\"Reforzar\u00e1n con 20 Unidades Sanitarias M\u00f3viles la atenci\u00f3n de los hospitales provinciales - 103.9 fm\",\"isPartOf\":{\"@id\":\"https:\/\/ondauno.com.ar\/#website\"},\"primaryImageOfPage\":{\"@id\":\"https:\/\/ondauno.com.ar\/index.php\/2020\/03\/25\/reforzaran-con-20-unidades-sanitarias-moviles-la-atencion-de-los-hospitales-provinciales\/#primaryimage\"},\"image\":{\"@id\":\"https:\/\/ondauno.com.ar\/index.php\/2020\/03\/25\/reforzaran-con-20-unidades-sanitarias-moviles-la-atencion-de-los-hospitales-provinciales\/#primaryimage\"},\"thumbnailUrl\":\"https:\/\/www.gba.gob.ar\/sites\/default\/files\/salud\/imagenes\/1_46.jpeg\",\"datePublished\":\"2020-03-25T17:20:53+00:00\",\"dateModified\":\"2020-03-25T17:20:56+00:00\",\"author\":{\"@id\":\"https:\/\/ondauno.com.ar\/#\/schema\/person\/201d1b68e6c75e0fd396fe5f8af5d139\"},\"breadcrumb\":{\"@id\":\"https:\/\/ondauno.com.ar\/index.php\/2020\/03\/25\/reforzaran-con-20-unidades-sanitarias-moviles-la-atencion-de-los-hospitales-provinciales\/#breadcrumb\"},\"inLanguage\":\"es-AR\",\"potentialAction\":[{\"@type\":\"ReadAction\",\"target\":[\"https:\/\/ondauno.com.ar\/index.php\/2020\/03\/25\/reforzaran-con-20-unidades-sanitarias-moviles-la-atencion-de-los-hospitales-provinciales\/\"]}]},{\"@type\":\"ImageObject\",\"inLanguage\":\"es-AR\",\"@id\":\"https:\/\/ondauno.com.ar\/index.php\/2020\/03\/25\/reforzaran-con-20-unidades-sanitarias-moviles-la-atencion-de-los-hospitales-provinciales\/#primaryimage\",\"url\":\"https:\/\/www.gba.gob.ar\/sites\/default\/files\/salud\/imagenes\/1_46.jpeg\",\"contentUrl\":\"https:\/\/www.gba.gob.ar\/sites\/default\/files\/salud\/imagenes\/1_46.jpeg\"},{\"@type\":\"BreadcrumbList\",\"@id\":\"https:\/\/ondauno.com.ar\/index.php\/2020\/03\/25\/reforzaran-con-20-unidades-sanitarias-moviles-la-atencion-de-los-hospitales-provinciales\/#breadcrumb\",\"itemListElement\":[{\"@type\":\"ListItem\",\"position\":1,\"name\":\"Inicio\",\"item\":\"https:\/\/ondauno.com.ar\/\"},{\"@type\":\"ListItem\",\"position\":2,\"name\":\"Reforzar\u00e1n con 20 Unidades Sanitarias M\u00f3viles la atenci\u00f3n de los hospitales provinciales\"}]},{\"@type\":\"WebSite\",\"@id\":\"https:\/\/ondauno.com.ar\/#website\",\"url\":\"https:\/\/ondauno.com.ar\/\",\"name\":\"103.9 fm\",\"description\":\"LA PRIMERA RADIO MULTIMEDIA DE TRES ARROYOS\",\"potentialAction\":[{\"@type\":\"SearchAction\",\"target\":{\"@type\":\"EntryPoint\",\"urlTemplate\":\"https:\/\/ondauno.com.ar\/?s={search_term_string}\"},\"query-input\":\"required name=search_term_string\"}],\"inLanguage\":\"es-AR\"},{\"@type\":\"Person\",\"@id\":\"https:\/\/ondauno.com.ar\/#\/schema\/person\/201d1b68e6c75e0fd396fe5f8af5d139\",\"name\":\"fernando garcia\",\"image\":{\"@type\":\"ImageObject\",\"inLanguage\":\"es-AR\",\"@id\":\"https:\/\/ondauno.com.ar\/#\/schema\/person\/image\/\",\"url\":\"https:\/\/secure.gravatar.com\/avatar\/5f7254642ad81272e79a2e69653cfdfc?s=96&d=mm&r=g\",\"contentUrl\":\"https:\/\/secure.gravatar.com\/avatar\/5f7254642ad81272e79a2e69653cfdfc?s=96&d=mm&r=g\",\"caption\":\"fernando garcia\"},\"url\":\"https:\/\/ondauno.com.ar\/index.php\/author\/ondaunoeditor\/\"}]}<\/script>\n<!-- \/ Yoast SEO plugin. -->","yoast_head_json":{"title":"Reforzar\u00e1n con 20 Unidades Sanitarias M\u00f3viles la atenci\u00f3n de los hospitales provinciales - 103.9 fm","robots":{"index":"index","follow":"follow","max-snippet":"max-snippet:-1","max-image-preview":"max-image-preview:large","max-video-preview":"max-video-preview:-1"},"canonical":"https:\/\/ondauno.com.ar\/index.php\/2020\/03\/25\/reforzaran-con-20-unidades-sanitarias-moviles-la-atencion-de-los-hospitales-provinciales\/","og_locale":"es_ES","og_type":"article","og_title":"Reforzar\u00e1n con 20 Unidades Sanitarias M\u00f3viles la atenci\u00f3n de los hospitales provinciales - 103.9 fm","og_description":"Ya se instal\u00f3 la primera en Ezeiza y esta semana llegan a seis nuevos hospitales del conurbano. Reforzar\u00e1n con 20 unidades sanitarias m\u00f3viles la atenci\u00f3n en hospitales bonaerenses Ya se instal\u00f3 la primera en Ezeiza y esta semana llegan a cinco&nbsp;nuevos hospitales del conurbano. Ser\u00e1n 20&nbsp;en total para garantizar de manera extra hospitalaria un control [&hellip;]","og_url":"https:\/\/ondauno.com.ar\/index.php\/2020\/03\/25\/reforzaran-con-20-unidades-sanitarias-moviles-la-atencion-de-los-hospitales-provinciales\/","og_site_name":"103.9 fm","article_publisher":"https:\/\/www.facebook.com\/ondauno103.9","article_published_time":"2020-03-25T17:20:53+00:00","article_modified_time":"2020-03-25T17:20:56+00:00","og_image":[{"width":650,"height":488,"url":"https:\/\/ondauno.com.ar\/wp-content\/uploads\/2020\/03\/coronavirus-prov-2.jpeg","type":"image\/jpeg"}],"author":"fernando garcia","twitter_card":"summary_large_image","twitter_misc":{"Escrito por":"fernando garcia","Tiempo de lectura":"2 minutos"},"schema":{"@context":"https:\/\/schema.org","@graph":[{"@type":"WebPage","@id":"https:\/\/ondauno.com.ar\/index.php\/2020\/03\/25\/reforzaran-con-20-unidades-sanitarias-moviles-la-atencion-de-los-hospitales-provinciales\/","url":"https:\/\/ondauno.com.ar\/index.php\/2020\/03\/25\/reforzaran-con-20-unidades-sanitarias-moviles-la-atencion-de-los-hospitales-provinciales\/","name":"Reforzar\u00e1n con 20 Unidades Sanitarias M\u00f3viles la atenci\u00f3n de los hospitales provinciales - 103.9 fm","isPartOf":{"@id":"https:\/\/ondauno.com.ar\/#website"},"primaryImageOfPage":{"@id":"https:\/\/ondauno.com.ar\/index.php\/2020\/03\/25\/reforzaran-con-20-unidades-sanitarias-moviles-la-atencion-de-los-hospitales-provinciales\/#primaryimage"},"image":{"@id":"https:\/\/ondauno.com.ar\/index.php\/2020\/03\/25\/reforzaran-con-20-unidades-sanitarias-moviles-la-atencion-de-los-hospitales-provinciales\/#primaryimage"},"thumbnailUrl":"https:\/\/www.gba.gob.ar\/sites\/default\/files\/salud\/imagenes\/1_46.jpeg","datePublished":"2020-03-25T17:20:53+00:00","dateModified":"2020-03-25T17:20:56+00:00","author":{"@id":"https:\/\/ondauno.com.ar\/#\/schema\/person\/201d1b68e6c75e0fd396fe5f8af5d139"},"breadcrumb":{"@id":"https:\/\/ondauno.com.ar\/index.php\/2020\/03\/25\/reforzaran-con-20-unidades-sanitarias-moviles-la-atencion-de-los-hospitales-provinciales\/#breadcrumb"},"inLanguage":"es-AR","potentialAction":[{"@type":"ReadAction","target":["https:\/\/ondauno.com.ar\/index.php\/2020\/03\/25\/reforzaran-con-20-unidades-sanitarias-moviles-la-atencion-de-los-hospitales-provinciales\/"]}]},{"@type":"ImageObject","inLanguage":"es-AR","@id":"https:\/\/ondauno.com.ar\/index.php\/2020\/03\/25\/reforzaran-con-20-unidades-sanitarias-moviles-la-atencion-de-los-hospitales-provinciales\/#primaryimage","url":"https:\/\/www.gba.gob.ar\/sites\/default\/files\/salud\/imagenes\/1_46.jpeg","contentUrl":"https:\/\/www.gba.gob.ar\/sites\/default\/files\/salud\/imagenes\/1_46.jpeg"},{"@type":"BreadcrumbList","@id":"https:\/\/ondauno.com.ar\/index.php\/2020\/03\/25\/reforzaran-con-20-unidades-sanitarias-moviles-la-atencion-de-los-hospitales-provinciales\/#breadcrumb","itemListElement":[{"@type":"ListItem","position":1,"name":"Inicio","item":"https:\/\/ondauno.com.ar\/"},{"@type":"ListItem","position":2,"name":"Reforzar\u00e1n con 20 Unidades Sanitarias M\u00f3viles la atenci\u00f3n de los hospitales provinciales"}]},{"@type":"WebSite","@id":"https:\/\/ondauno.com.ar\/#website","url":"https:\/\/ondauno.com.ar\/","name":"103.9 fm","description":"LA PRIMERA RADIO MULTIMEDIA DE TRES ARROYOS","potentialAction":[{"@type":"SearchAction","target":{"@type":"EntryPoint","urlTemplate":"https:\/\/ondauno.com.ar\/?s={search_term_string}"},"query-input":"required name=search_term_string"}],"inLanguage":"es-AR"},{"@type":"Person","@id":"https:\/\/ondauno.com.ar\/#\/schema\/person\/201d1b68e6c75e0fd396fe5f8af5d139","name":"fernando garcia","image":{"@type":"ImageObject","inLanguage":"es-AR","@id":"https:\/\/ondauno.com.ar\/#\/schema\/person\/image\/","url":"https:\/\/secure.gravatar.com\/avatar\/5f7254642ad81272e79a2e69653cfdfc?s=96&d=mm&r=g","contentUrl":"https:\/\/secure.gravatar.com\/avatar\/5f7254642ad81272e79a2e69653cfdfc?s=96&d=mm&r=g","caption":"fernando garcia"},"url":"https:\/\/ondauno.com.ar\/index.php\/author\/ondaunoeditor\/"}]}},"jetpack_publicize_connections":[],"jetpack_featured_media_url":"","jetpack_sharing_enabled":true,"_links":{"self":[{"href":"https:\/\/ondauno.com.ar\/index.php\/wp-json\/wp\/v2\/posts\/7165","targetHints":{"allow":["GET"]}}],"collection":[{"href":"https:\/\/ondauno.com.ar\/index.php\/wp-json\/wp\/v2\/posts"}],"about":[{"href":"https:\/\/ondauno.com.ar\/index.php\/wp-json\/wp\/v2\/types\/post"}],"author":[{"embeddable":true,"href":"https:\/\/ondauno.com.ar\/index.php\/wp-json\/wp\/v2\/users\/2"}],"replies":[{"embeddable":true,"href":"https:\/\/ondauno.com.ar\/index.php\/wp-json\/wp\/v2\/comments?post=7165"}],"version-history":[{"count":0,"href":"https:\/\/ondauno.com.ar\/index.php\/wp-json\/wp\/v2\/posts\/7165\/revisions"}],"wp:attachment":[{"href":"https:\/\/ondauno.com.ar\/index.php\/wp-json\/wp\/v2\/media?parent=7165"}],"wp:term":[{"taxonomy":"category","embeddable":true,"href":"https:\/\/ondauno.com.ar\/index.php\/wp-json\/wp\/v2\/categories?post=7165"},{"taxonomy":"post_tag","embeddable":true,"href":"https:\/\/ondauno.com.ar\/index.php\/wp-json\/wp\/v2\/tags?post=7165"}],"curies":[{"name":"wp","href":"https:\/\/api.w.org\/{rel}","templated":true}]}}