{"id":7142,"date":"2020-03-24T22:40:55","date_gmt":"2020-03-25T01:40:55","guid":{"rendered":"http:\/\/ondauno.com.ar\/?p=7142"},"modified":"2020-03-24T22:40:58","modified_gmt":"2020-03-25T01:40:58","slug":"situacion-de-covid-19-en-argentina-4","status":"publish","type":"post","link":"https:\/\/ondauno.com.ar\/index.php\/2020\/03\/24\/situacion-de-covid-19-en-argentina-4\/","title":{"rendered":"SITUACI\u00d3N DE COVID-19 EN ARGENTINA"},"content":{"rendered":"<div class=\"ondau-before-content_3\" style=\"margin-top: -30px;\" id=\"ondau-288286174\"><a href=\"https:\/\/www.lps.com.ar\/\" aria-label=\"la-perse2\"><img loading=\"lazy\" decoding=\"async\" src=\"https:\/\/ondauno.com.ar\/wp-content\/uploads\/2021\/10\/la-perse2.jpg\" alt=\"\"  srcset=\"https:\/\/ondauno.com.ar\/wp-content\/uploads\/2021\/10\/la-perse2.jpg 1353w, https:\/\/ondauno.com.ar\/wp-content\/uploads\/2021\/10\/la-perse2-300x43.jpg 300w, https:\/\/ondauno.com.ar\/wp-content\/uploads\/2021\/10\/la-perse2-1024x148.jpg 1024w, https:\/\/ondauno.com.ar\/wp-content\/uploads\/2021\/10\/la-perse2-768x111.jpg 768w, https:\/\/ondauno.com.ar\/wp-content\/uploads\/2021\/10\/la-perse2-696x100.jpg 696w, https:\/\/ondauno.com.ar\/wp-content\/uploads\/2021\/10\/la-perse2-1068x154.jpg 1068w\" sizes=\"(max-width: 1353px) 100vw, 1353px\" class=\"no-lazyload\" width=\"1353\" height=\"195\"  style=\"display: inline-block;\" \/><\/a><\/div>\n<p>Al momento, en Argentina la mayor\u00eda de los casos son importados, se detecta transmisi\u00f3n local en conglomerados y se identifica casos de posible transmisi\u00f3n comunitaria que se encuentran en investigaci\u00f3n. En nuestro pa\u00eds coexisten estrategias de contenci\u00f3n y mitigaci\u00f3n de mortalidad y transmisi\u00f3n.<\/p>\n\n\n\n<p>Hoy fueron confirmados 86 nuevos casos de COVID-19:<\/p>\n\n\n\n<ul class=\"wp-block-list\"><li>30 en la Ciudad Aut\u00f3noma de Buenos Aires<\/li><li>30 en Provincia de Buenos Aires<\/li><li>9 en Chaco<\/li><li>7 en C\u00f3rdoba<\/li><li>4 en Tierra del Fuego<\/li><li>3 Santa Fe<\/li><li>1 en La Pampa<\/li><li>1 en Neuqu\u00e9n<\/li><li>1 en Santa Cruz<\/li><\/ul>\n\n\n\n<p>De los 86 casos, 41 corresponden a personas con antecedente de viaje a zonas con transmisi\u00f3n comunitaria, mientras que 20 son contactos estrechos de casos confirmados, 25 se encuentran en investigaci\u00f3n para determinar el antecedente epidemiol\u00f3gico.<\/p>\n\n\n\n<p>El total de casos confirmados en Argentina es de 387, de los cuales 6 fallecieron. Las autoridades sanitarias de las provincias se encuentran realizando la investigaci\u00f3n epidemiol\u00f3gica de los nuevos casos confirmados, con el fin de detectar los contactos estrechos para que cumplan el aislamiento domiciliario con seguimiento diario establecido por protocolo.<\/p>\n\n\n\n<p>En el d\u00eda de hoy se registraron dos personas fallecidas. Un hombre de 71 a\u00f1os con antecedente de viaje a Espa\u00f1a que presentaba diabetes y obesidad y un hombre de 53 a\u00f1os que era contacto estrecho. <\/p>\n\n\n\n<p>Nota: la notificaci\u00f3n de los casos por jurisdicci\u00f3n se realiza teniendo en cuenta la residencia seg\u00fan el Registro Nacional de las Personas. Pudiendo variar en funci\u00f3n de la investigaci\u00f3n de la jurisdicci\u00f3n. <\/p>\n\n\n\n<p>Zonas definidas por la Organizaci\u00f3n Mundial de la Salud como de transmisi\u00f3n local o comunitaria:<\/p>\n","protected":false},"excerpt":{"rendered":"<p>Al momento, en Argentina la mayor\u00eda de los casos son importados, se detecta transmisi\u00f3n local en conglomerados y se identifica casos de posible transmisi\u00f3n comunitaria que se encuentran en investigaci\u00f3n. En nuestro pa\u00eds coexisten estrategias de contenci\u00f3n y mitigaci\u00f3n de mortalidad y transmisi\u00f3n. Hoy fueron confirmados 86 nuevos casos de COVID-19: 30 en la Ciudad [&hellip;]<\/p>\n","protected":false},"author":2,"featured_media":0,"comment_status":"open","ping_status":"open","sticky":false,"template":"","format":"standard","meta":{"tdm_status":"","tdm_grid_status":"","_jetpack_memberships_contains_paid_content":false,"footnotes":"","jetpack_publicize_message":"","jetpack_publicize_feature_enabled":true,"jetpack_social_post_already_shared":false,"jetpack_social_options":{"image_generator_settings":{"template":"highway","default_image_id":0,"font":"","enabled":false},"version":2}},"categories":[3],"tags":[],"class_list":{"0":"post-7142","1":"post","2":"type-post","3":"status-publish","4":"format-standard","6":"category-nacionales"},"yoast_head":"<!-- This site is optimized with the Yoast SEO plugin v22.7 - https:\/\/yoast.com\/wordpress\/plugins\/seo\/ -->\n<title>SITUACI\u00d3N DE COVID-19 EN ARGENTINA - 103.9 fm<\/title>\n<meta name=\"robots\" content=\"index, follow, max-snippet:-1, max-image-preview:large, max-video-preview:-1\" \/>\n<link rel=\"canonical\" href=\"https:\/\/ondauno.com.ar\/index.php\/2020\/03\/24\/situacion-de-covid-19-en-argentina-4\/\" \/>\n<meta property=\"og:locale\" content=\"es_ES\" \/>\n<meta property=\"og:type\" content=\"article\" \/>\n<meta property=\"og:title\" content=\"SITUACI\u00d3N DE COVID-19 EN ARGENTINA - 103.9 fm\" \/>\n<meta property=\"og:description\" content=\"Al momento, en Argentina la mayor\u00eda de los casos son importados, se detecta transmisi\u00f3n local en conglomerados y se identifica casos de posible transmisi\u00f3n comunitaria que se encuentran en investigaci\u00f3n. En nuestro pa\u00eds coexisten estrategias de contenci\u00f3n y mitigaci\u00f3n de mortalidad y transmisi\u00f3n. Hoy fueron confirmados 86 nuevos casos de COVID-19: 30 en la Ciudad [&hellip;]\" \/>\n<meta property=\"og:url\" content=\"https:\/\/ondauno.com.ar\/index.php\/2020\/03\/24\/situacion-de-covid-19-en-argentina-4\/\" \/>\n<meta property=\"og:site_name\" content=\"103.9 fm\" \/>\n<meta property=\"article:publisher\" content=\"https:\/\/www.facebook.com\/ondauno103.9\" \/>\n<meta property=\"article:published_time\" content=\"2020-03-25T01:40:55+00:00\" \/>\n<meta property=\"article:modified_time\" content=\"2020-03-25T01:40:58+00:00\" \/>\n<meta property=\"og:image\" content=\"https:\/\/ondauno.com.ar\/wp-content\/uploads\/2020\/03\/111374605_coronavirus.jpg\" \/>\n\t<meta property=\"og:image:width\" content=\"410\" \/>\n\t<meta property=\"og:image:height\" content=\"230\" \/>\n\t<meta property=\"og:image:type\" content=\"image\/jpeg\" \/>\n<meta name=\"author\" content=\"fernando garcia\" \/>\n<meta name=\"twitter:card\" content=\"summary_large_image\" \/>\n<meta name=\"twitter:label1\" content=\"Escrito por\" \/>\n\t<meta name=\"twitter:data1\" content=\"fernando garcia\" \/>\n\t<meta name=\"twitter:label2\" content=\"Tiempo de lectura\" \/>\n\t<meta name=\"twitter:data2\" content=\"1 minuto\" \/>\n<script type=\"application\/ld+json\" class=\"yoast-schema-graph\">{\"@context\":\"https:\/\/schema.org\",\"@graph\":[{\"@type\":\"WebPage\",\"@id\":\"https:\/\/ondauno.com.ar\/index.php\/2020\/03\/24\/situacion-de-covid-19-en-argentina-4\/\",\"url\":\"https:\/\/ondauno.com.ar\/index.php\/2020\/03\/24\/situacion-de-covid-19-en-argentina-4\/\",\"name\":\"SITUACI\u00d3N DE COVID-19 EN ARGENTINA - 103.9 fm\",\"isPartOf\":{\"@id\":\"https:\/\/ondauno.com.ar\/#website\"},\"datePublished\":\"2020-03-25T01:40:55+00:00\",\"dateModified\":\"2020-03-25T01:40:58+00:00\",\"author\":{\"@id\":\"https:\/\/ondauno.com.ar\/#\/schema\/person\/201d1b68e6c75e0fd396fe5f8af5d139\"},\"breadcrumb\":{\"@id\":\"https:\/\/ondauno.com.ar\/index.php\/2020\/03\/24\/situacion-de-covid-19-en-argentina-4\/#breadcrumb\"},\"inLanguage\":\"es-AR\",\"potentialAction\":[{\"@type\":\"ReadAction\",\"target\":[\"https:\/\/ondauno.com.ar\/index.php\/2020\/03\/24\/situacion-de-covid-19-en-argentina-4\/\"]}]},{\"@type\":\"BreadcrumbList\",\"@id\":\"https:\/\/ondauno.com.ar\/index.php\/2020\/03\/24\/situacion-de-covid-19-en-argentina-4\/#breadcrumb\",\"itemListElement\":[{\"@type\":\"ListItem\",\"position\":1,\"name\":\"Inicio\",\"item\":\"https:\/\/ondauno.com.ar\/\"},{\"@type\":\"ListItem\",\"position\":2,\"name\":\"SITUACI\u00d3N DE COVID-19 EN ARGENTINA\"}]},{\"@type\":\"WebSite\",\"@id\":\"https:\/\/ondauno.com.ar\/#website\",\"url\":\"https:\/\/ondauno.com.ar\/\",\"name\":\"103.9 fm\",\"description\":\"LA PRIMERA RADIO MULTIMEDIA DE TRES ARROYOS\",\"potentialAction\":[{\"@type\":\"SearchAction\",\"target\":{\"@type\":\"EntryPoint\",\"urlTemplate\":\"https:\/\/ondauno.com.ar\/?s={search_term_string}\"},\"query-input\":\"required name=search_term_string\"}],\"inLanguage\":\"es-AR\"},{\"@type\":\"Person\",\"@id\":\"https:\/\/ondauno.com.ar\/#\/schema\/person\/201d1b68e6c75e0fd396fe5f8af5d139\",\"name\":\"fernando garcia\",\"image\":{\"@type\":\"ImageObject\",\"inLanguage\":\"es-AR\",\"@id\":\"https:\/\/ondauno.com.ar\/#\/schema\/person\/image\/\",\"url\":\"https:\/\/secure.gravatar.com\/avatar\/5f7254642ad81272e79a2e69653cfdfc?s=96&d=mm&r=g\",\"contentUrl\":\"https:\/\/secure.gravatar.com\/avatar\/5f7254642ad81272e79a2e69653cfdfc?s=96&d=mm&r=g\",\"caption\":\"fernando garcia\"},\"url\":\"https:\/\/ondauno.com.ar\/index.php\/author\/ondaunoeditor\/\"}]}<\/script>\n<!-- \/ Yoast SEO plugin. -->","yoast_head_json":{"title":"SITUACI\u00d3N DE COVID-19 EN ARGENTINA - 103.9 fm","robots":{"index":"index","follow":"follow","max-snippet":"max-snippet:-1","max-image-preview":"max-image-preview:large","max-video-preview":"max-video-preview:-1"},"canonical":"https:\/\/ondauno.com.ar\/index.php\/2020\/03\/24\/situacion-de-covid-19-en-argentina-4\/","og_locale":"es_ES","og_type":"article","og_title":"SITUACI\u00d3N DE COVID-19 EN ARGENTINA - 103.9 fm","og_description":"Al momento, en Argentina la mayor\u00eda de los casos son importados, se detecta transmisi\u00f3n local en conglomerados y se identifica casos de posible transmisi\u00f3n comunitaria que se encuentran en investigaci\u00f3n. En nuestro pa\u00eds coexisten estrategias de contenci\u00f3n y mitigaci\u00f3n de mortalidad y transmisi\u00f3n. Hoy fueron confirmados 86 nuevos casos de COVID-19: 30 en la Ciudad [&hellip;]","og_url":"https:\/\/ondauno.com.ar\/index.php\/2020\/03\/24\/situacion-de-covid-19-en-argentina-4\/","og_site_name":"103.9 fm","article_publisher":"https:\/\/www.facebook.com\/ondauno103.9","article_published_time":"2020-03-25T01:40:55+00:00","article_modified_time":"2020-03-25T01:40:58+00:00","og_image":[{"width":410,"height":230,"url":"https:\/\/ondauno.com.ar\/wp-content\/uploads\/2020\/03\/111374605_coronavirus.jpg","type":"image\/jpeg"}],"author":"fernando garcia","twitter_card":"summary_large_image","twitter_misc":{"Escrito por":"fernando garcia","Tiempo de lectura":"1 minuto"},"schema":{"@context":"https:\/\/schema.org","@graph":[{"@type":"WebPage","@id":"https:\/\/ondauno.com.ar\/index.php\/2020\/03\/24\/situacion-de-covid-19-en-argentina-4\/","url":"https:\/\/ondauno.com.ar\/index.php\/2020\/03\/24\/situacion-de-covid-19-en-argentina-4\/","name":"SITUACI\u00d3N DE COVID-19 EN ARGENTINA - 103.9 fm","isPartOf":{"@id":"https:\/\/ondauno.com.ar\/#website"},"datePublished":"2020-03-25T01:40:55+00:00","dateModified":"2020-03-25T01:40:58+00:00","author":{"@id":"https:\/\/ondauno.com.ar\/#\/schema\/person\/201d1b68e6c75e0fd396fe5f8af5d139"},"breadcrumb":{"@id":"https:\/\/ondauno.com.ar\/index.php\/2020\/03\/24\/situacion-de-covid-19-en-argentina-4\/#breadcrumb"},"inLanguage":"es-AR","potentialAction":[{"@type":"ReadAction","target":["https:\/\/ondauno.com.ar\/index.php\/2020\/03\/24\/situacion-de-covid-19-en-argentina-4\/"]}]},{"@type":"BreadcrumbList","@id":"https:\/\/ondauno.com.ar\/index.php\/2020\/03\/24\/situacion-de-covid-19-en-argentina-4\/#breadcrumb","itemListElement":[{"@type":"ListItem","position":1,"name":"Inicio","item":"https:\/\/ondauno.com.ar\/"},{"@type":"ListItem","position":2,"name":"SITUACI\u00d3N DE COVID-19 EN ARGENTINA"}]},{"@type":"WebSite","@id":"https:\/\/ondauno.com.ar\/#website","url":"https:\/\/ondauno.com.ar\/","name":"103.9 fm","description":"LA PRIMERA RADIO MULTIMEDIA DE TRES ARROYOS","potentialAction":[{"@type":"SearchAction","target":{"@type":"EntryPoint","urlTemplate":"https:\/\/ondauno.com.ar\/?s={search_term_string}"},"query-input":"required name=search_term_string"}],"inLanguage":"es-AR"},{"@type":"Person","@id":"https:\/\/ondauno.com.ar\/#\/schema\/person\/201d1b68e6c75e0fd396fe5f8af5d139","name":"fernando garcia","image":{"@type":"ImageObject","inLanguage":"es-AR","@id":"https:\/\/ondauno.com.ar\/#\/schema\/person\/image\/","url":"https:\/\/secure.gravatar.com\/avatar\/5f7254642ad81272e79a2e69653cfdfc?s=96&d=mm&r=g","contentUrl":"https:\/\/secure.gravatar.com\/avatar\/5f7254642ad81272e79a2e69653cfdfc?s=96&d=mm&r=g","caption":"fernando garcia"},"url":"https:\/\/ondauno.com.ar\/index.php\/author\/ondaunoeditor\/"}]}},"jetpack_publicize_connections":[],"jetpack_featured_media_url":"","jetpack_sharing_enabled":true,"_links":{"self":[{"href":"https:\/\/ondauno.com.ar\/index.php\/wp-json\/wp\/v2\/posts\/7142","targetHints":{"allow":["GET"]}}],"collection":[{"href":"https:\/\/ondauno.com.ar\/index.php\/wp-json\/wp\/v2\/posts"}],"about":[{"href":"https:\/\/ondauno.com.ar\/index.php\/wp-json\/wp\/v2\/types\/post"}],"author":[{"embeddable":true,"href":"https:\/\/ondauno.com.ar\/index.php\/wp-json\/wp\/v2\/users\/2"}],"replies":[{"embeddable":true,"href":"https:\/\/ondauno.com.ar\/index.php\/wp-json\/wp\/v2\/comments?post=7142"}],"version-history":[{"count":0,"href":"https:\/\/ondauno.com.ar\/index.php\/wp-json\/wp\/v2\/posts\/7142\/revisions"}],"wp:attachment":[{"href":"https:\/\/ondauno.com.ar\/index.php\/wp-json\/wp\/v2\/media?parent=7142"}],"wp:term":[{"taxonomy":"category","embeddable":true,"href":"https:\/\/ondauno.com.ar\/index.php\/wp-json\/wp\/v2\/categories?post=7142"},{"taxonomy":"post_tag","embeddable":true,"href":"https:\/\/ondauno.com.ar\/index.php\/wp-json\/wp\/v2\/tags?post=7142"}],"curies":[{"name":"wp","href":"https:\/\/api.w.org\/{rel}","templated":true}]}}