{"id":7109,"date":"2020-03-24T17:22:51","date_gmt":"2020-03-24T20:22:51","guid":{"rendered":"http:\/\/ondauno.com.ar\/?p=7109"},"modified":"2020-03-24T17:22:55","modified_gmt":"2020-03-24T20:22:55","slug":"kicillof-visito-el-centro-logistico-provincial-donde-se-recibieron-insumos-y-equipamiento-sanitario","status":"publish","type":"post","link":"https:\/\/ondauno.com.ar\/index.php\/2020\/03\/24\/kicillof-visito-el-centro-logistico-provincial-donde-se-recibieron-insumos-y-equipamiento-sanitario\/","title":{"rendered":"Kicillof visit\u00f3 el centro log\u00edstico provincial donde se recibieron insumos y equipamiento sanitario"},"content":{"rendered":"<div class=\"ondau-before-content_3\" style=\"margin-top: -30px;\" id=\"ondau-1201056001\"><a href=\"https:\/\/www.lps.com.ar\/\" aria-label=\"la-perse2\"><img loading=\"lazy\" decoding=\"async\" src=\"https:\/\/ondauno.com.ar\/wp-content\/uploads\/2021\/10\/la-perse2.jpg\" alt=\"\"  srcset=\"https:\/\/ondauno.com.ar\/wp-content\/uploads\/2021\/10\/la-perse2.jpg 1353w, https:\/\/ondauno.com.ar\/wp-content\/uploads\/2021\/10\/la-perse2-300x43.jpg 300w, https:\/\/ondauno.com.ar\/wp-content\/uploads\/2021\/10\/la-perse2-1024x148.jpg 1024w, https:\/\/ondauno.com.ar\/wp-content\/uploads\/2021\/10\/la-perse2-768x111.jpg 768w, https:\/\/ondauno.com.ar\/wp-content\/uploads\/2021\/10\/la-perse2-696x100.jpg 696w, https:\/\/ondauno.com.ar\/wp-content\/uploads\/2021\/10\/la-perse2-1068x154.jpg 1068w\" sizes=\"(max-width: 1353px) 100vw, 1353px\" class=\"no-lazyload\" width=\"1353\" height=\"195\"  style=\"display: inline-block;\" \/><\/a><\/div>\n<table class=\"wp-block-table\"><tbody><tr><td><a href=\"https:\/\/comunicacionpba.tr.pemsv30.net\/v\/eyJhIjoiY29tdW5pY2FjaW9ucGJhIiwibSI6Im1haWxfY2s4NXlvd2lobjEwZDA3NzJka3ZxZGdxbyIsInUiOiJodHRwczovL292LnBlbXN2MzAubmV0L2NvbXVuaWNhY2lvbnBiYS9jb211bmljYWNpb25wYmFfYnVsa18xOTIvcWZzZXFsXzU1ZWQ3MiIsImgiOiIxZDVmZjMifQ\" target=\"_blank\" rel=\"noreferrer noopener\">ver online<\/a><\/td><td><\/td><td><a href=\"https:\/\/comunicacionpba.sm.pemsv30.net\/share?p=eyJhIjoiY29tdW5pY2FjaW9ucGJhIiwibSI6Im1haWxfY2s4NXlvd2lobjEwZDA3NzJka3ZxZGdxbyIsImgiOiJmYWFmZGQifQ&amp;d=eyJhIjoiY29tdW5pY2FjaW9ucGJhIiwibiI6IkNvbXVuaWNhY2nDs24gUMO6YmxpY2EgUEJBIiwicyI6Imh0dHBzOi8vb3YucGVtc3YzMC5uZXQvY29tdW5pY2FjaW9ucGJhL2NvbXVuaWNhY2lvbnBiYV9idWxrXzE5Mi9xZnNlcWxfNTVlZDcyIiwidCI6IiIsInUiOiJodHRwczovL2NvbXVuaWNhY2lvbnBiYS50ci5wZW1zdjMwLm5ldC9zL3twYWNrZXR9P3M9e2FwcH0ifQ&amp;s=\" target=\"_blank\" rel=\"noreferrer noopener\">compartir<\/a><\/td><\/tr><\/tbody><\/table>\n\n\n\n<table class=\"wp-block-table\"><tbody><tr><td><br>El gobernador de la provincia de Buenos Aires, Axel Kicillof, recorri\u00f3 el centro log\u00edstico acondicionado en el centro de rehabilitaci\u00f3n del hospital provincial El Dique de Ensenada, donde esta semana se recibieron insumos y equipamiento hospitalario adquiridos en el marco de la emergencia sanitaria por COVID-19. Kicillof estuvo acompa\u00f1ado por el jefe de Gabinete bonaerense, Carlos Bianco, y el ministro de Salud, Daniel Goll\u00e1n.<br>El Gobierno de la Provincia adquiri\u00f3 en una primera etapa 500 nuevas camas de terapia intensiva, 400 monitores multiparam\u00e9tricos y m\u00e1s de 9.500 determinaciones para diagn\u00f3stico del virus, entre otros equipamientos indispensables para dar respuesta en esta crisis. Tambi\u00e9n se realiz\u00f3 una compra extraordinaria de insumos de bioseguridad para fortalecer la atenci\u00f3n en el sistema de salud bonaerense. De este modo, se incrementar\u00e1 en un 70% la capacidad de las terapias intensivas de la Provincia de Buenos Aires.<br>\u201cVamos a abastecer a los hospitales provinciales, a nuestros centros de salud y los hospitales municipales\u201d, explic\u00f3 el Gobernador y agreg\u00f3: \u201cHemos adquirido insumos que hacen a la seguridad sanitaria, no solo del personal de la salud y los pacientes, sino tambi\u00e9n del personal de educaci\u00f3n, seguridad y todos aquellos que prestan tareas esenciales y tienen mayor exposici\u00f3n al contagio\u201d.<br>Por su parte, Goll\u00e1n expres\u00f3: \u201cQueremos transmitir tranquilidad a la ciudadan\u00eda, a los intendentes, a los directores de hospitales, porque ya estamos recibiendo insumos para dar respuesta en esta crisis que nos necesita m\u00e1s comprometidos que nunca con la salud p\u00fablica\u201d. Asimismo, subray\u00f3: \u201cLos verdaderos h\u00e9roes son los trabajadores de la salud y vamos a garantizar que tengan todos los elementos de trabajo para nuestro principal objetivo que es que los ciudadanos padezcan lo menos posible\u201d.<br>Finalmente, Kicillof resalt\u00f3: \u201cLa Provincia es inmensa, hoy la une la solidaridad, la necesidad de enfrentar esta pandemia y el Estado\u201d.<\/td><\/tr><\/tbody><\/table>\n\n\n\n<figure class=\"wp-block-image\"><img decoding=\"async\" data-src=\"http:\/\/ondauno.com.ar\/wp-content\/uploads\/2020\/03\/IMG_9077-1024x683.jpg\" alt=\"\" class=\"wp-image-7110 lazyload\" src=\"data:image\/gif;base64,R0lGODlhAQABAAAAACH5BAEKAAEALAAAAAABAAEAAAICTAEAOw==\" style=\"--smush-placeholder-width: 1024px; --smush-placeholder-aspect-ratio: 1024\/683;\" \/><noscript><img decoding=\"async\" src=\"http:\/\/ondauno.com.ar\/wp-content\/uploads\/2020\/03\/IMG_9077-1024x683.jpg\" alt=\"\" class=\"wp-image-7110\"\/><\/noscript><\/figure>\n\n\n\n<figure class=\"wp-block-image\"><img decoding=\"async\" data-src=\"http:\/\/ondauno.com.ar\/wp-content\/uploads\/2020\/03\/IMG_8944.jpg\" alt=\"\" class=\"wp-image-7113 lazyload\" src=\"data:image\/gif;base64,R0lGODlhAQABAAAAACH5BAEKAAEALAAAAAABAAEAAAICTAEAOw==\" \/><noscript><img decoding=\"async\" src=\"http:\/\/ondauno.com.ar\/wp-content\/uploads\/2020\/03\/IMG_8944.jpg\" alt=\"\" class=\"wp-image-7113\"\/><\/noscript><\/figure>\n","protected":false},"excerpt":{"rendered":"<p>ver online compartir El gobernador de la provincia de Buenos Aires, Axel Kicillof, recorri\u00f3 el centro log\u00edstico acondicionado en el centro de rehabilitaci\u00f3n del hospital provincial El Dique de Ensenada, donde esta semana se recibieron insumos y equipamiento hospitalario adquiridos en el marco de la emergencia sanitaria por COVID-19. Kicillof estuvo acompa\u00f1ado por el jefe [&hellip;]<\/p>\n","protected":false},"author":2,"featured_media":0,"comment_status":"open","ping_status":"open","sticky":false,"template":"","format":"standard","meta":{"tdm_status":"","tdm_grid_status":"","_jetpack_memberships_contains_paid_content":false,"footnotes":"","jetpack_publicize_message":"","jetpack_publicize_feature_enabled":true,"jetpack_social_post_already_shared":false,"jetpack_social_options":{"image_generator_settings":{"template":"highway","default_image_id":0,"font":"","enabled":false},"version":2}},"categories":[30],"tags":[],"class_list":{"0":"post-7109","1":"post","2":"type-post","3":"status-publish","4":"format-standard","6":"category-provinciales"},"yoast_head":"<!-- This site is optimized with the Yoast SEO plugin v22.7 - https:\/\/yoast.com\/wordpress\/plugins\/seo\/ -->\n<title>Kicillof visit\u00f3 el centro log\u00edstico provincial donde se recibieron insumos y equipamiento sanitario - 103.9 fm<\/title>\n<meta name=\"robots\" content=\"index, follow, max-snippet:-1, max-image-preview:large, max-video-preview:-1\" \/>\n<link rel=\"canonical\" href=\"https:\/\/ondauno.com.ar\/index.php\/2020\/03\/24\/kicillof-visito-el-centro-logistico-provincial-donde-se-recibieron-insumos-y-equipamiento-sanitario\/\" \/>\n<meta property=\"og:locale\" content=\"es_ES\" \/>\n<meta property=\"og:type\" content=\"article\" \/>\n<meta property=\"og:title\" content=\"Kicillof visit\u00f3 el centro log\u00edstico provincial donde se recibieron insumos y equipamiento sanitario - 103.9 fm\" \/>\n<meta property=\"og:description\" content=\"ver online compartir El gobernador de la provincia de Buenos Aires, Axel Kicillof, recorri\u00f3 el centro log\u00edstico acondicionado en el centro de rehabilitaci\u00f3n del hospital provincial El Dique de Ensenada, donde esta semana se recibieron insumos y equipamiento hospitalario adquiridos en el marco de la emergencia sanitaria por COVID-19. Kicillof estuvo acompa\u00f1ado por el jefe [&hellip;]\" \/>\n<meta property=\"og:url\" content=\"https:\/\/ondauno.com.ar\/index.php\/2020\/03\/24\/kicillof-visito-el-centro-logistico-provincial-donde-se-recibieron-insumos-y-equipamiento-sanitario\/\" \/>\n<meta property=\"og:site_name\" content=\"103.9 fm\" \/>\n<meta property=\"article:publisher\" content=\"https:\/\/www.facebook.com\/ondauno103.9\" \/>\n<meta property=\"article:published_time\" content=\"2020-03-24T20:22:51+00:00\" \/>\n<meta property=\"article:modified_time\" content=\"2020-03-24T20:22:55+00:00\" \/>\n<meta property=\"og:image\" content=\"https:\/\/ondauno.com.ar\/wp-content\/uploads\/2020\/03\/IMG_8800.jpg\" \/>\n\t<meta property=\"og:image:width\" content=\"4290\" \/>\n\t<meta property=\"og:image:height\" content=\"2860\" \/>\n\t<meta property=\"og:image:type\" content=\"image\/jpeg\" \/>\n<meta name=\"author\" content=\"fernando garcia\" \/>\n<meta name=\"twitter:card\" content=\"summary_large_image\" \/>\n<meta name=\"twitter:label1\" content=\"Escrito por\" \/>\n\t<meta name=\"twitter:data1\" content=\"fernando garcia\" \/>\n\t<meta name=\"twitter:label2\" content=\"Tiempo de lectura\" \/>\n\t<meta name=\"twitter:data2\" content=\"2 minutos\" \/>\n<script type=\"application\/ld+json\" class=\"yoast-schema-graph\">{\"@context\":\"https:\/\/schema.org\",\"@graph\":[{\"@type\":\"WebPage\",\"@id\":\"https:\/\/ondauno.com.ar\/index.php\/2020\/03\/24\/kicillof-visito-el-centro-logistico-provincial-donde-se-recibieron-insumos-y-equipamiento-sanitario\/\",\"url\":\"https:\/\/ondauno.com.ar\/index.php\/2020\/03\/24\/kicillof-visito-el-centro-logistico-provincial-donde-se-recibieron-insumos-y-equipamiento-sanitario\/\",\"name\":\"Kicillof visit\u00f3 el centro log\u00edstico provincial donde se recibieron insumos y equipamiento sanitario - 103.9 fm\",\"isPartOf\":{\"@id\":\"https:\/\/ondauno.com.ar\/#website\"},\"primaryImageOfPage\":{\"@id\":\"https:\/\/ondauno.com.ar\/index.php\/2020\/03\/24\/kicillof-visito-el-centro-logistico-provincial-donde-se-recibieron-insumos-y-equipamiento-sanitario\/#primaryimage\"},\"image\":{\"@id\":\"https:\/\/ondauno.com.ar\/index.php\/2020\/03\/24\/kicillof-visito-el-centro-logistico-provincial-donde-se-recibieron-insumos-y-equipamiento-sanitario\/#primaryimage\"},\"thumbnailUrl\":\"http:\/\/ondauno.com.ar\/wp-content\/uploads\/2020\/03\/IMG_9077-1024x683.jpg\",\"datePublished\":\"2020-03-24T20:22:51+00:00\",\"dateModified\":\"2020-03-24T20:22:55+00:00\",\"author\":{\"@id\":\"https:\/\/ondauno.com.ar\/#\/schema\/person\/201d1b68e6c75e0fd396fe5f8af5d139\"},\"breadcrumb\":{\"@id\":\"https:\/\/ondauno.com.ar\/index.php\/2020\/03\/24\/kicillof-visito-el-centro-logistico-provincial-donde-se-recibieron-insumos-y-equipamiento-sanitario\/#breadcrumb\"},\"inLanguage\":\"es-AR\",\"potentialAction\":[{\"@type\":\"ReadAction\",\"target\":[\"https:\/\/ondauno.com.ar\/index.php\/2020\/03\/24\/kicillof-visito-el-centro-logistico-provincial-donde-se-recibieron-insumos-y-equipamiento-sanitario\/\"]}]},{\"@type\":\"ImageObject\",\"inLanguage\":\"es-AR\",\"@id\":\"https:\/\/ondauno.com.ar\/index.php\/2020\/03\/24\/kicillof-visito-el-centro-logistico-provincial-donde-se-recibieron-insumos-y-equipamiento-sanitario\/#primaryimage\",\"url\":\"\",\"contentUrl\":\"\"},{\"@type\":\"BreadcrumbList\",\"@id\":\"https:\/\/ondauno.com.ar\/index.php\/2020\/03\/24\/kicillof-visito-el-centro-logistico-provincial-donde-se-recibieron-insumos-y-equipamiento-sanitario\/#breadcrumb\",\"itemListElement\":[{\"@type\":\"ListItem\",\"position\":1,\"name\":\"Inicio\",\"item\":\"https:\/\/ondauno.com.ar\/\"},{\"@type\":\"ListItem\",\"position\":2,\"name\":\"Kicillof visit\u00f3 el centro log\u00edstico provincial donde se recibieron insumos y equipamiento sanitario\"}]},{\"@type\":\"WebSite\",\"@id\":\"https:\/\/ondauno.com.ar\/#website\",\"url\":\"https:\/\/ondauno.com.ar\/\",\"name\":\"103.9 fm\",\"description\":\"LA PRIMERA RADIO MULTIMEDIA DE TRES ARROYOS\",\"potentialAction\":[{\"@type\":\"SearchAction\",\"target\":{\"@type\":\"EntryPoint\",\"urlTemplate\":\"https:\/\/ondauno.com.ar\/?s={search_term_string}\"},\"query-input\":\"required name=search_term_string\"}],\"inLanguage\":\"es-AR\"},{\"@type\":\"Person\",\"@id\":\"https:\/\/ondauno.com.ar\/#\/schema\/person\/201d1b68e6c75e0fd396fe5f8af5d139\",\"name\":\"fernando garcia\",\"image\":{\"@type\":\"ImageObject\",\"inLanguage\":\"es-AR\",\"@id\":\"https:\/\/ondauno.com.ar\/#\/schema\/person\/image\/\",\"url\":\"https:\/\/secure.gravatar.com\/avatar\/5f7254642ad81272e79a2e69653cfdfc?s=96&d=mm&r=g\",\"contentUrl\":\"https:\/\/secure.gravatar.com\/avatar\/5f7254642ad81272e79a2e69653cfdfc?s=96&d=mm&r=g\",\"caption\":\"fernando garcia\"},\"url\":\"https:\/\/ondauno.com.ar\/index.php\/author\/ondaunoeditor\/\"}]}<\/script>\n<!-- \/ Yoast SEO plugin. -->","yoast_head_json":{"title":"Kicillof visit\u00f3 el centro log\u00edstico provincial donde se recibieron insumos y equipamiento sanitario - 103.9 fm","robots":{"index":"index","follow":"follow","max-snippet":"max-snippet:-1","max-image-preview":"max-image-preview:large","max-video-preview":"max-video-preview:-1"},"canonical":"https:\/\/ondauno.com.ar\/index.php\/2020\/03\/24\/kicillof-visito-el-centro-logistico-provincial-donde-se-recibieron-insumos-y-equipamiento-sanitario\/","og_locale":"es_ES","og_type":"article","og_title":"Kicillof visit\u00f3 el centro log\u00edstico provincial donde se recibieron insumos y equipamiento sanitario - 103.9 fm","og_description":"ver online compartir El gobernador de la provincia de Buenos Aires, Axel Kicillof, recorri\u00f3 el centro log\u00edstico acondicionado en el centro de rehabilitaci\u00f3n del hospital provincial El Dique de Ensenada, donde esta semana se recibieron insumos y equipamiento hospitalario adquiridos en el marco de la emergencia sanitaria por COVID-19. Kicillof estuvo acompa\u00f1ado por el jefe [&hellip;]","og_url":"https:\/\/ondauno.com.ar\/index.php\/2020\/03\/24\/kicillof-visito-el-centro-logistico-provincial-donde-se-recibieron-insumos-y-equipamiento-sanitario\/","og_site_name":"103.9 fm","article_publisher":"https:\/\/www.facebook.com\/ondauno103.9","article_published_time":"2020-03-24T20:22:51+00:00","article_modified_time":"2020-03-24T20:22:55+00:00","og_image":[{"width":4290,"height":2860,"url":"https:\/\/ondauno.com.ar\/wp-content\/uploads\/2020\/03\/IMG_8800.jpg","type":"image\/jpeg"}],"author":"fernando garcia","twitter_card":"summary_large_image","twitter_misc":{"Escrito por":"fernando garcia","Tiempo de lectura":"2 minutos"},"schema":{"@context":"https:\/\/schema.org","@graph":[{"@type":"WebPage","@id":"https:\/\/ondauno.com.ar\/index.php\/2020\/03\/24\/kicillof-visito-el-centro-logistico-provincial-donde-se-recibieron-insumos-y-equipamiento-sanitario\/","url":"https:\/\/ondauno.com.ar\/index.php\/2020\/03\/24\/kicillof-visito-el-centro-logistico-provincial-donde-se-recibieron-insumos-y-equipamiento-sanitario\/","name":"Kicillof visit\u00f3 el centro log\u00edstico provincial donde se recibieron insumos y equipamiento sanitario - 103.9 fm","isPartOf":{"@id":"https:\/\/ondauno.com.ar\/#website"},"primaryImageOfPage":{"@id":"https:\/\/ondauno.com.ar\/index.php\/2020\/03\/24\/kicillof-visito-el-centro-logistico-provincial-donde-se-recibieron-insumos-y-equipamiento-sanitario\/#primaryimage"},"image":{"@id":"https:\/\/ondauno.com.ar\/index.php\/2020\/03\/24\/kicillof-visito-el-centro-logistico-provincial-donde-se-recibieron-insumos-y-equipamiento-sanitario\/#primaryimage"},"thumbnailUrl":"http:\/\/ondauno.com.ar\/wp-content\/uploads\/2020\/03\/IMG_9077-1024x683.jpg","datePublished":"2020-03-24T20:22:51+00:00","dateModified":"2020-03-24T20:22:55+00:00","author":{"@id":"https:\/\/ondauno.com.ar\/#\/schema\/person\/201d1b68e6c75e0fd396fe5f8af5d139"},"breadcrumb":{"@id":"https:\/\/ondauno.com.ar\/index.php\/2020\/03\/24\/kicillof-visito-el-centro-logistico-provincial-donde-se-recibieron-insumos-y-equipamiento-sanitario\/#breadcrumb"},"inLanguage":"es-AR","potentialAction":[{"@type":"ReadAction","target":["https:\/\/ondauno.com.ar\/index.php\/2020\/03\/24\/kicillof-visito-el-centro-logistico-provincial-donde-se-recibieron-insumos-y-equipamiento-sanitario\/"]}]},{"@type":"ImageObject","inLanguage":"es-AR","@id":"https:\/\/ondauno.com.ar\/index.php\/2020\/03\/24\/kicillof-visito-el-centro-logistico-provincial-donde-se-recibieron-insumos-y-equipamiento-sanitario\/#primaryimage","url":"","contentUrl":""},{"@type":"BreadcrumbList","@id":"https:\/\/ondauno.com.ar\/index.php\/2020\/03\/24\/kicillof-visito-el-centro-logistico-provincial-donde-se-recibieron-insumos-y-equipamiento-sanitario\/#breadcrumb","itemListElement":[{"@type":"ListItem","position":1,"name":"Inicio","item":"https:\/\/ondauno.com.ar\/"},{"@type":"ListItem","position":2,"name":"Kicillof visit\u00f3 el centro log\u00edstico provincial donde se recibieron insumos y equipamiento sanitario"}]},{"@type":"WebSite","@id":"https:\/\/ondauno.com.ar\/#website","url":"https:\/\/ondauno.com.ar\/","name":"103.9 fm","description":"LA PRIMERA RADIO MULTIMEDIA DE TRES ARROYOS","potentialAction":[{"@type":"SearchAction","target":{"@type":"EntryPoint","urlTemplate":"https:\/\/ondauno.com.ar\/?s={search_term_string}"},"query-input":"required name=search_term_string"}],"inLanguage":"es-AR"},{"@type":"Person","@id":"https:\/\/ondauno.com.ar\/#\/schema\/person\/201d1b68e6c75e0fd396fe5f8af5d139","name":"fernando garcia","image":{"@type":"ImageObject","inLanguage":"es-AR","@id":"https:\/\/ondauno.com.ar\/#\/schema\/person\/image\/","url":"https:\/\/secure.gravatar.com\/avatar\/5f7254642ad81272e79a2e69653cfdfc?s=96&d=mm&r=g","contentUrl":"https:\/\/secure.gravatar.com\/avatar\/5f7254642ad81272e79a2e69653cfdfc?s=96&d=mm&r=g","caption":"fernando garcia"},"url":"https:\/\/ondauno.com.ar\/index.php\/author\/ondaunoeditor\/"}]}},"jetpack_publicize_connections":[],"jetpack_featured_media_url":"","jetpack_sharing_enabled":true,"_links":{"self":[{"href":"https:\/\/ondauno.com.ar\/index.php\/wp-json\/wp\/v2\/posts\/7109","targetHints":{"allow":["GET"]}}],"collection":[{"href":"https:\/\/ondauno.com.ar\/index.php\/wp-json\/wp\/v2\/posts"}],"about":[{"href":"https:\/\/ondauno.com.ar\/index.php\/wp-json\/wp\/v2\/types\/post"}],"author":[{"embeddable":true,"href":"https:\/\/ondauno.com.ar\/index.php\/wp-json\/wp\/v2\/users\/2"}],"replies":[{"embeddable":true,"href":"https:\/\/ondauno.com.ar\/index.php\/wp-json\/wp\/v2\/comments?post=7109"}],"version-history":[{"count":0,"href":"https:\/\/ondauno.com.ar\/index.php\/wp-json\/wp\/v2\/posts\/7109\/revisions"}],"wp:attachment":[{"href":"https:\/\/ondauno.com.ar\/index.php\/wp-json\/wp\/v2\/media?parent=7109"}],"wp:term":[{"taxonomy":"category","embeddable":true,"href":"https:\/\/ondauno.com.ar\/index.php\/wp-json\/wp\/v2\/categories?post=7109"},{"taxonomy":"post_tag","embeddable":true,"href":"https:\/\/ondauno.com.ar\/index.php\/wp-json\/wp\/v2\/tags?post=7109"}],"curies":[{"name":"wp","href":"https:\/\/api.w.org\/{rel}","templated":true}]}}