{"id":7107,"date":"2020-03-24T17:16:58","date_gmt":"2020-03-24T20:16:58","guid":{"rendered":"http:\/\/ondauno.com.ar\/?p=7107"},"modified":"2020-03-24T17:17:01","modified_gmt":"2020-03-24T20:17:01","slug":"coronavirus-2-fallecimiento-notificado-en-la-provincia-de-buenos-aires","status":"publish","type":"post","link":"https:\/\/ondauno.com.ar\/index.php\/2020\/03\/24\/coronavirus-2-fallecimiento-notificado-en-la-provincia-de-buenos-aires\/","title":{"rendered":"CORONAVIRUS: 2 \u00b0 FALLECIMIENTO  NOTIFICADO EN LA PROVINCIA DE BUENOS AIRES"},"content":{"rendered":"<div class=\"ondau-before-content_3\" style=\"margin-top: -30px;\" id=\"ondau-2093725083\"><a href=\"https:\/\/www.lps.com.ar\/\" aria-label=\"la-perse2\"><img loading=\"lazy\" decoding=\"async\" src=\"https:\/\/ondauno.com.ar\/wp-content\/uploads\/2021\/10\/la-perse2.jpg\" alt=\"\"  srcset=\"https:\/\/ondauno.com.ar\/wp-content\/uploads\/2021\/10\/la-perse2.jpg 1353w, https:\/\/ondauno.com.ar\/wp-content\/uploads\/2021\/10\/la-perse2-300x43.jpg 300w, https:\/\/ondauno.com.ar\/wp-content\/uploads\/2021\/10\/la-perse2-1024x148.jpg 1024w, https:\/\/ondauno.com.ar\/wp-content\/uploads\/2021\/10\/la-perse2-768x111.jpg 768w, https:\/\/ondauno.com.ar\/wp-content\/uploads\/2021\/10\/la-perse2-696x100.jpg 696w, https:\/\/ondauno.com.ar\/wp-content\/uploads\/2021\/10\/la-perse2-1068x154.jpg 1068w\" sizes=\"(max-width: 1353px) 100vw, 1353px\" class=\"no-lazyload\" width=\"1353\" height=\"195\"  style=\"display: inline-block;\" \/><\/a><\/div>\n<p><\/p>\n\n\n\n<p><strong>COMUNICADO DE PRENSA<\/strong><\/p>\n\n\n\n<p><strong>MINISTERIO DE SALUD DE\nLA PROVINCIA DE BUENOS AIRES<\/strong><\/p>\n\n\n\n<p>El Ministerio de Salud provincial informa el fallecimiento en\nel d\u00eda de hoy, martes 24 de marzo, de un paciente con diagn\u00f3stico confirmado de\nCoronavirus. <\/p>\n\n\n\n<p>Se trata de un hombre de 71 a\u00f1os, residente en la provincia\nde Buenos Aires, con patolog\u00eda de base \u2013diabetes\ny&nbsp; obesidad-&nbsp; que se encontraba internado en la&nbsp; Unidad de Terapia Intensiva de un sanatorio\nprivado de la provincia.<\/p>\n\n\n\n<p>Los coronavirus son una familia de virus conocida por causar\nenfermedades respiratorias. Algunos de estos virus \u2013incluidos el recientemente\ndescubierto en China, llamado SARS-CoV-2\u2013 pueden afectar a las personas. <\/p>\n\n\n\n<p>A la fecha, en Argentina el total de\ncasos confirmados&nbsp; asciende a 301. Con\neste deceso, ser\u00edan 5 los fallecimientos por esta problem\u00e1tica en el pa\u00eds, de\nlos cuales 2 corresponden a la provincia de Buenos Aires. <\/p>\n\n\n\n<p>En esta Provincia, entre la semana\nepidemiol\u00f3gica (SE) 5 (26 enero al 1 febrero) y la SE 13 (22 marzo al 28 marzo)\nde 2020, se notificaron al SNVS 933 casos con infecci\u00f3n respiratoria aguda y\nsospecha de virus emergente y 180 contactos cercanos de casos confirmados,\ncorrespondientes a residentes de la provincia de Buenos Aires.&nbsp;&nbsp; Del total de casos sospechosos (N=933), 80\nfueron confirmados (cifra que incluye tanto a&nbsp;\nresidentes de la provincia de Buenos Aires como a&nbsp; casos detectados en el Aeropuerto\nInternacional de Ezeiza que permanecen internados en la provincia). Entre estos\ncasos confirmados, 2 fallecieron, y 11 fueron dados de alta. Asimismo, 411\ncasos se descartaron, 71 se invalidaron por no cumplir con la definici\u00f3n de\ncaso sospechoso y 378 aguardan resultados de laboratorio. Del total de\ncontactos (N= 180), 14 presentaron s\u00edntomas, 20 finalizaron el seguimiento sin\ns\u00edntomas, 5 se invalidaron y 141 se encuentran actualmente bajo aislamiento\ndomiciliario y seguimiento. <\/p>\n\n\n\n<p>La Provincia de Buenos Aires, siguiendo los lineamientos del\nMinisterio de Salud de la Naci\u00f3n y de la OMS, cuenta con un Protocolo de manejo\nfrente a casos sospechosos de Enfermedad por coronavirus 2019 (COVID-19), que\nestablece las pautas a seguir respecto de vigilancia, investigaci\u00f3n de casos,\ndiagn\u00f3stico y preparaci\u00f3n de los servicios. En ese marco, se han definido\nmecanismos de derivaci\u00f3n y traslado de casos sospechosos detectados al ingreso\nal pa\u00eds.<\/p>\n\n\n\n<p>Como otras infecciones respiratorias, el Nuevo Coronavirus se\ntransmite por contacto cercano con una persona infectada a trav\u00e9s de las\ngotitas de saliva o secreciones respiratorias que se liberan al toser, exhalar\no hablar, o por tocar superficies contaminadas con \u00e9stas.<\/p>\n\n\n\n<p>Asimismo, las medidas a adoptar por la poblaci\u00f3n son las\nsiguientes:&nbsp; <\/p>\n\n\n\n<p>\u2022&nbsp;&nbsp;&nbsp;&nbsp;&nbsp;&nbsp;&nbsp;&nbsp;&nbsp; Lavarse las\nmanos frecuentemente con agua y jab\u00f3n, en especial antes de comer o cocinar y\nal regresar de espacios concurridos (trabajo, transporte, escuela, etc.).<\/p>\n\n\n\n<p>\u2022&nbsp;&nbsp;&nbsp;&nbsp;&nbsp;&nbsp;&nbsp;&nbsp;&nbsp; Cubrirse la\nnariz y la boca con el pliegue interno del codo, o usar un pa\u00f1uelo descartable\nal toser o estornudar y desecharlo. Lavarse las manos inmediatamente.<\/p>\n\n\n\n<p>\u2022&nbsp;&nbsp;&nbsp;&nbsp;&nbsp;&nbsp;&nbsp;&nbsp;&nbsp; No compartir\nobjetos&nbsp; como mate, botellas, vasos o\nplatos.<\/p>\n\n\n\n<p>\u2022&nbsp;&nbsp;&nbsp;&nbsp;&nbsp;&nbsp;&nbsp;&nbsp;&nbsp; Desinfectar\nlas superficies y objetos que se tocan con frecuencia.<\/p>\n\n\n\n<p>\u2022&nbsp;&nbsp;&nbsp;&nbsp;&nbsp;&nbsp;&nbsp;&nbsp;&nbsp; Ventilar los\nambientes.<\/p>\n\n\n\n<p>\u2022&nbsp;&nbsp;&nbsp;&nbsp;&nbsp;&nbsp;&nbsp;&nbsp;&nbsp; Evitar el\ncontacto cercano con personas con infecci\u00f3n respiratoria.<\/p>\n","protected":false},"excerpt":{"rendered":"<p>COMUNICADO DE PRENSA MINISTERIO DE SALUD DE LA PROVINCIA DE BUENOS AIRES El Ministerio de Salud provincial informa el fallecimiento en el d\u00eda de hoy, martes 24 de marzo, de un paciente con diagn\u00f3stico confirmado de Coronavirus. Se trata de un hombre de 71 a\u00f1os, residente en la provincia de Buenos Aires, con patolog\u00eda de [&hellip;]<\/p>\n","protected":false},"author":2,"featured_media":0,"comment_status":"open","ping_status":"open","sticky":false,"template":"","format":"standard","meta":{"tdm_status":"","tdm_grid_status":"","_jetpack_memberships_contains_paid_content":false,"footnotes":"","jetpack_publicize_message":"","jetpack_publicize_feature_enabled":true,"jetpack_social_post_already_shared":false,"jetpack_social_options":{"image_generator_settings":{"template":"highway","default_image_id":0,"font":"","enabled":false},"version":2}},"categories":[30],"tags":[],"class_list":{"0":"post-7107","1":"post","2":"type-post","3":"status-publish","4":"format-standard","6":"category-provinciales"},"yoast_head":"<!-- This site is optimized with the Yoast SEO plugin v22.7 - https:\/\/yoast.com\/wordpress\/plugins\/seo\/ -->\n<title>CORONAVIRUS: 2 \u00b0 FALLECIMIENTO NOTIFICADO EN LA PROVINCIA DE BUENOS AIRES - 103.9 fm<\/title>\n<meta name=\"robots\" content=\"index, follow, max-snippet:-1, max-image-preview:large, max-video-preview:-1\" \/>\n<link rel=\"canonical\" href=\"https:\/\/ondauno.com.ar\/index.php\/2020\/03\/24\/coronavirus-2-fallecimiento-notificado-en-la-provincia-de-buenos-aires\/\" \/>\n<meta property=\"og:locale\" content=\"es_ES\" \/>\n<meta property=\"og:type\" content=\"article\" \/>\n<meta property=\"og:title\" content=\"CORONAVIRUS: 2 \u00b0 FALLECIMIENTO NOTIFICADO EN LA PROVINCIA DE BUENOS AIRES - 103.9 fm\" \/>\n<meta property=\"og:description\" content=\"COMUNICADO DE PRENSA MINISTERIO DE SALUD DE LA PROVINCIA DE BUENOS AIRES El Ministerio de Salud provincial informa el fallecimiento en el d\u00eda de hoy, martes 24 de marzo, de un paciente con diagn\u00f3stico confirmado de Coronavirus. Se trata de un hombre de 71 a\u00f1os, residente en la provincia de Buenos Aires, con patolog\u00eda de [&hellip;]\" \/>\n<meta property=\"og:url\" content=\"https:\/\/ondauno.com.ar\/index.php\/2020\/03\/24\/coronavirus-2-fallecimiento-notificado-en-la-provincia-de-buenos-aires\/\" \/>\n<meta property=\"og:site_name\" content=\"103.9 fm\" \/>\n<meta property=\"article:publisher\" content=\"https:\/\/www.facebook.com\/ondauno103.9\" \/>\n<meta property=\"article:published_time\" content=\"2020-03-24T20:16:58+00:00\" \/>\n<meta property=\"article:modified_time\" content=\"2020-03-24T20:17:01+00:00\" \/>\n<meta property=\"og:image\" content=\"https:\/\/ondauno.com.ar\/wp-content\/uploads\/2020\/03\/111374605_coronavirus.jpg\" \/>\n\t<meta property=\"og:image:width\" content=\"410\" \/>\n\t<meta property=\"og:image:height\" content=\"230\" \/>\n\t<meta property=\"og:image:type\" content=\"image\/jpeg\" \/>\n<meta name=\"author\" content=\"fernando garcia\" \/>\n<meta name=\"twitter:card\" content=\"summary_large_image\" \/>\n<meta name=\"twitter:label1\" content=\"Escrito por\" \/>\n\t<meta name=\"twitter:data1\" content=\"fernando garcia\" \/>\n\t<meta name=\"twitter:label2\" content=\"Tiempo de lectura\" \/>\n\t<meta name=\"twitter:data2\" content=\"3 minutos\" \/>\n<script type=\"application\/ld+json\" class=\"yoast-schema-graph\">{\"@context\":\"https:\/\/schema.org\",\"@graph\":[{\"@type\":\"WebPage\",\"@id\":\"https:\/\/ondauno.com.ar\/index.php\/2020\/03\/24\/coronavirus-2-fallecimiento-notificado-en-la-provincia-de-buenos-aires\/\",\"url\":\"https:\/\/ondauno.com.ar\/index.php\/2020\/03\/24\/coronavirus-2-fallecimiento-notificado-en-la-provincia-de-buenos-aires\/\",\"name\":\"CORONAVIRUS: 2 \u00b0 FALLECIMIENTO NOTIFICADO EN LA PROVINCIA DE BUENOS AIRES - 103.9 fm\",\"isPartOf\":{\"@id\":\"https:\/\/ondauno.com.ar\/#website\"},\"datePublished\":\"2020-03-24T20:16:58+00:00\",\"dateModified\":\"2020-03-24T20:17:01+00:00\",\"author\":{\"@id\":\"https:\/\/ondauno.com.ar\/#\/schema\/person\/201d1b68e6c75e0fd396fe5f8af5d139\"},\"breadcrumb\":{\"@id\":\"https:\/\/ondauno.com.ar\/index.php\/2020\/03\/24\/coronavirus-2-fallecimiento-notificado-en-la-provincia-de-buenos-aires\/#breadcrumb\"},\"inLanguage\":\"es-AR\",\"potentialAction\":[{\"@type\":\"ReadAction\",\"target\":[\"https:\/\/ondauno.com.ar\/index.php\/2020\/03\/24\/coronavirus-2-fallecimiento-notificado-en-la-provincia-de-buenos-aires\/\"]}]},{\"@type\":\"BreadcrumbList\",\"@id\":\"https:\/\/ondauno.com.ar\/index.php\/2020\/03\/24\/coronavirus-2-fallecimiento-notificado-en-la-provincia-de-buenos-aires\/#breadcrumb\",\"itemListElement\":[{\"@type\":\"ListItem\",\"position\":1,\"name\":\"Inicio\",\"item\":\"https:\/\/ondauno.com.ar\/\"},{\"@type\":\"ListItem\",\"position\":2,\"name\":\"CORONAVIRUS: 2 \u00b0 FALLECIMIENTO NOTIFICADO EN LA PROVINCIA DE BUENOS AIRES\"}]},{\"@type\":\"WebSite\",\"@id\":\"https:\/\/ondauno.com.ar\/#website\",\"url\":\"https:\/\/ondauno.com.ar\/\",\"name\":\"103.9 fm\",\"description\":\"LA PRIMERA RADIO MULTIMEDIA DE TRES ARROYOS\",\"potentialAction\":[{\"@type\":\"SearchAction\",\"target\":{\"@type\":\"EntryPoint\",\"urlTemplate\":\"https:\/\/ondauno.com.ar\/?s={search_term_string}\"},\"query-input\":\"required name=search_term_string\"}],\"inLanguage\":\"es-AR\"},{\"@type\":\"Person\",\"@id\":\"https:\/\/ondauno.com.ar\/#\/schema\/person\/201d1b68e6c75e0fd396fe5f8af5d139\",\"name\":\"fernando garcia\",\"image\":{\"@type\":\"ImageObject\",\"inLanguage\":\"es-AR\",\"@id\":\"https:\/\/ondauno.com.ar\/#\/schema\/person\/image\/\",\"url\":\"https:\/\/secure.gravatar.com\/avatar\/5f7254642ad81272e79a2e69653cfdfc?s=96&d=mm&r=g\",\"contentUrl\":\"https:\/\/secure.gravatar.com\/avatar\/5f7254642ad81272e79a2e69653cfdfc?s=96&d=mm&r=g\",\"caption\":\"fernando garcia\"},\"url\":\"https:\/\/ondauno.com.ar\/index.php\/author\/ondaunoeditor\/\"}]}<\/script>\n<!-- \/ Yoast SEO plugin. -->","yoast_head_json":{"title":"CORONAVIRUS: 2 \u00b0 FALLECIMIENTO NOTIFICADO EN LA PROVINCIA DE BUENOS AIRES - 103.9 fm","robots":{"index":"index","follow":"follow","max-snippet":"max-snippet:-1","max-image-preview":"max-image-preview:large","max-video-preview":"max-video-preview:-1"},"canonical":"https:\/\/ondauno.com.ar\/index.php\/2020\/03\/24\/coronavirus-2-fallecimiento-notificado-en-la-provincia-de-buenos-aires\/","og_locale":"es_ES","og_type":"article","og_title":"CORONAVIRUS: 2 \u00b0 FALLECIMIENTO NOTIFICADO EN LA PROVINCIA DE BUENOS AIRES - 103.9 fm","og_description":"COMUNICADO DE PRENSA MINISTERIO DE SALUD DE LA PROVINCIA DE BUENOS AIRES El Ministerio de Salud provincial informa el fallecimiento en el d\u00eda de hoy, martes 24 de marzo, de un paciente con diagn\u00f3stico confirmado de Coronavirus. Se trata de un hombre de 71 a\u00f1os, residente en la provincia de Buenos Aires, con patolog\u00eda de [&hellip;]","og_url":"https:\/\/ondauno.com.ar\/index.php\/2020\/03\/24\/coronavirus-2-fallecimiento-notificado-en-la-provincia-de-buenos-aires\/","og_site_name":"103.9 fm","article_publisher":"https:\/\/www.facebook.com\/ondauno103.9","article_published_time":"2020-03-24T20:16:58+00:00","article_modified_time":"2020-03-24T20:17:01+00:00","og_image":[{"width":410,"height":230,"url":"https:\/\/ondauno.com.ar\/wp-content\/uploads\/2020\/03\/111374605_coronavirus.jpg","type":"image\/jpeg"}],"author":"fernando garcia","twitter_card":"summary_large_image","twitter_misc":{"Escrito por":"fernando garcia","Tiempo de lectura":"3 minutos"},"schema":{"@context":"https:\/\/schema.org","@graph":[{"@type":"WebPage","@id":"https:\/\/ondauno.com.ar\/index.php\/2020\/03\/24\/coronavirus-2-fallecimiento-notificado-en-la-provincia-de-buenos-aires\/","url":"https:\/\/ondauno.com.ar\/index.php\/2020\/03\/24\/coronavirus-2-fallecimiento-notificado-en-la-provincia-de-buenos-aires\/","name":"CORONAVIRUS: 2 \u00b0 FALLECIMIENTO NOTIFICADO EN LA PROVINCIA DE BUENOS AIRES - 103.9 fm","isPartOf":{"@id":"https:\/\/ondauno.com.ar\/#website"},"datePublished":"2020-03-24T20:16:58+00:00","dateModified":"2020-03-24T20:17:01+00:00","author":{"@id":"https:\/\/ondauno.com.ar\/#\/schema\/person\/201d1b68e6c75e0fd396fe5f8af5d139"},"breadcrumb":{"@id":"https:\/\/ondauno.com.ar\/index.php\/2020\/03\/24\/coronavirus-2-fallecimiento-notificado-en-la-provincia-de-buenos-aires\/#breadcrumb"},"inLanguage":"es-AR","potentialAction":[{"@type":"ReadAction","target":["https:\/\/ondauno.com.ar\/index.php\/2020\/03\/24\/coronavirus-2-fallecimiento-notificado-en-la-provincia-de-buenos-aires\/"]}]},{"@type":"BreadcrumbList","@id":"https:\/\/ondauno.com.ar\/index.php\/2020\/03\/24\/coronavirus-2-fallecimiento-notificado-en-la-provincia-de-buenos-aires\/#breadcrumb","itemListElement":[{"@type":"ListItem","position":1,"name":"Inicio","item":"https:\/\/ondauno.com.ar\/"},{"@type":"ListItem","position":2,"name":"CORONAVIRUS: 2 \u00b0 FALLECIMIENTO NOTIFICADO EN LA PROVINCIA DE BUENOS AIRES"}]},{"@type":"WebSite","@id":"https:\/\/ondauno.com.ar\/#website","url":"https:\/\/ondauno.com.ar\/","name":"103.9 fm","description":"LA PRIMERA RADIO MULTIMEDIA DE TRES ARROYOS","potentialAction":[{"@type":"SearchAction","target":{"@type":"EntryPoint","urlTemplate":"https:\/\/ondauno.com.ar\/?s={search_term_string}"},"query-input":"required name=search_term_string"}],"inLanguage":"es-AR"},{"@type":"Person","@id":"https:\/\/ondauno.com.ar\/#\/schema\/person\/201d1b68e6c75e0fd396fe5f8af5d139","name":"fernando garcia","image":{"@type":"ImageObject","inLanguage":"es-AR","@id":"https:\/\/ondauno.com.ar\/#\/schema\/person\/image\/","url":"https:\/\/secure.gravatar.com\/avatar\/5f7254642ad81272e79a2e69653cfdfc?s=96&d=mm&r=g","contentUrl":"https:\/\/secure.gravatar.com\/avatar\/5f7254642ad81272e79a2e69653cfdfc?s=96&d=mm&r=g","caption":"fernando garcia"},"url":"https:\/\/ondauno.com.ar\/index.php\/author\/ondaunoeditor\/"}]}},"jetpack_publicize_connections":[],"jetpack_featured_media_url":"","jetpack_sharing_enabled":true,"_links":{"self":[{"href":"https:\/\/ondauno.com.ar\/index.php\/wp-json\/wp\/v2\/posts\/7107","targetHints":{"allow":["GET"]}}],"collection":[{"href":"https:\/\/ondauno.com.ar\/index.php\/wp-json\/wp\/v2\/posts"}],"about":[{"href":"https:\/\/ondauno.com.ar\/index.php\/wp-json\/wp\/v2\/types\/post"}],"author":[{"embeddable":true,"href":"https:\/\/ondauno.com.ar\/index.php\/wp-json\/wp\/v2\/users\/2"}],"replies":[{"embeddable":true,"href":"https:\/\/ondauno.com.ar\/index.php\/wp-json\/wp\/v2\/comments?post=7107"}],"version-history":[{"count":0,"href":"https:\/\/ondauno.com.ar\/index.php\/wp-json\/wp\/v2\/posts\/7107\/revisions"}],"wp:attachment":[{"href":"https:\/\/ondauno.com.ar\/index.php\/wp-json\/wp\/v2\/media?parent=7107"}],"wp:term":[{"taxonomy":"category","embeddable":true,"href":"https:\/\/ondauno.com.ar\/index.php\/wp-json\/wp\/v2\/categories?post=7107"},{"taxonomy":"post_tag","embeddable":true,"href":"https:\/\/ondauno.com.ar\/index.php\/wp-json\/wp\/v2\/tags?post=7107"}],"curies":[{"name":"wp","href":"https:\/\/api.w.org\/{rel}","templated":true}]}}