{"id":7096,"date":"2020-03-24T14:00:47","date_gmt":"2020-03-24T17:00:47","guid":{"rendered":"http:\/\/ondauno.com.ar\/?p=7096"},"modified":"2020-03-24T14:00:59","modified_gmt":"2020-03-24T17:00:59","slug":"nuevo-horarios-de-supermercados-de-800-a-1600-hs","status":"publish","type":"post","link":"https:\/\/ondauno.com.ar\/index.php\/2020\/03\/24\/nuevo-horarios-de-supermercados-de-800-a-1600-hs\/","title":{"rendered":"NUEVO HORARIO DE SUPERMERCADOS DE 8:00 A 16:00 HS"},"content":{"rendered":"<div class=\"ondau-before-content_3\" style=\"margin-top: -30px;\" id=\"ondau-3557755051\"><a href=\"https:\/\/www.lps.com.ar\/\" aria-label=\"la-perse2\"><img loading=\"lazy\" decoding=\"async\" src=\"https:\/\/ondauno.com.ar\/wp-content\/uploads\/2021\/10\/la-perse2.jpg\" alt=\"\"  srcset=\"https:\/\/ondauno.com.ar\/wp-content\/uploads\/2021\/10\/la-perse2.jpg 1353w, https:\/\/ondauno.com.ar\/wp-content\/uploads\/2021\/10\/la-perse2-300x43.jpg 300w, https:\/\/ondauno.com.ar\/wp-content\/uploads\/2021\/10\/la-perse2-1024x148.jpg 1024w, https:\/\/ondauno.com.ar\/wp-content\/uploads\/2021\/10\/la-perse2-768x111.jpg 768w, https:\/\/ondauno.com.ar\/wp-content\/uploads\/2021\/10\/la-perse2-696x100.jpg 696w, https:\/\/ondauno.com.ar\/wp-content\/uploads\/2021\/10\/la-perse2-1068x154.jpg 1068w\" sizes=\"(max-width: 1353px) 100vw, 1353px\" class=\"no-lazyload\" width=\"1353\" height=\"195\"  style=\"display: inline-block;\" \/><\/a><\/div>\n<p><a>CONSIDERANDO:<\/a><\/p>\n\n\n\n<p>Que el Estado ha declarado la Emergencia\nSanitaria.-<\/p>\n\n\n\n<p>Que en el marco de las recomendaciones de la OMS es\ndecisi\u00f3n de este Gobierno Municipal seguir ejecutando acciones, que de ser\nnecesario por la evoluci\u00f3n de la situaci\u00f3n epidemiol\u00f3gica actual, se ir\u00e1n\nprofundizando.-<\/p>\n\n\n\n<p>Que para ello, el Gabinete Municipal se encuentra\nen permanente coordinaci\u00f3n y reuni\u00f3n con diversos actores y organizaciones de\nla ciudad, como la C\u00e1mara Econ\u00f3mica y el Sindicato de Empleados de Comercio-<\/p>\n\n\n\n<p>Que en este contexto de riesgo de la Salud P\u00fablica\nes intenci\u00f3n urgente del Municipio establecer nuevas medidas oportunas,\nconcretas y eficaces que colaboren en intensificar la prevenci\u00f3n de la\nexpansi\u00f3n del virus y del riesgo sanitario.-<\/p>\n\n\n\n<p>Que el virus COVID-19 produce enfermedades respiratorias,\nconoci\u00e9ndose que la principal v\u00eda de contagio es de persona a persona, que su\nr\u00e1pida propagaci\u00f3n supone un riesgo para !a salud p\u00fablica y exige una respuesta\ninmediata y coordinada para contener !a enfermedad e interrumpir la propagaci\u00f3n\ny el contagio.-<\/p>\n\n\n\n<p>Que resulta esencial adoptar decisiones que\ncolaboren con disminuir los niveles de expansi\u00f3n del virus para prevenir,\ncontener, mitigar y dar respuestas adecuadas a las posibles derivaciones de!\nmencionado virus.-<\/p>\n\n\n\n<p>Que por lo expuesto, resulta necesario profundizar las\nmedidas necesarias para disminuir la afluencia de circulaci\u00f3n de personas tanto\nen el \u00e1mbito p\u00fablico como en el privado.-<\/p>\n\n\n\n<p>POR ELLO, en uso de facultades que le son propias el,<\/p>\n\n\n\n<p>INTENDENTE MUNICIPAL<\/p>\n\n\n\n<p>ART\u00cdCULO 1<sup>o<\/sup>: Establ\u00e9cese a partir de la 00:00 hora del d\u00eda 25 de Marzo de 2020 y por tiempo indeterminado, el horario de 08:00 horas a 16:00 horas para el funcionamiento y atenci\u00f3n al p\u00fablico de autoservicios (mayoristas y minoristas) y\/o supermercados y\/o cadena de supermercados y\/o cadenas de distribuci\u00f3n y\/o grandes superficies comerciales y\/o cualquier otra actividad comercia! de las previstas en este Decreto que funcione en locales cuya superficie supere los 80 (ochenta) metros cuadrados.-<\/p>\n\n\n\n<p>La cantidad de horas abiertos, dentro de la franja horaria\nestablecida, o la adopci\u00f3n de la modalidad \u201chorario corrido\u201d, corre por la\nexclusiva decisi\u00f3n de\u00a1 comerciante, sugiriendo este Ejecutivo Municipal, que\nadopten la medida \u201chorario corrido\u201d, con el objetivo de evitar aglomeraci\u00f3n de\npersonas en los horarios m\u00e1s habituales de compras.-\n\nEl resto de los comercios y\nservicios especificados en el Art\u00edculo 6<sup>o<\/sup> del DNU 297\/2020 no\ncomprendidos en las restricciones previstas en&#8217; este Art\u00edculo, podr\u00e1n mantener\nsus horarios habituales \n\n\n\n<\/p>\n","protected":false},"excerpt":{"rendered":"<p>CONSIDERANDO: Que el Estado ha declarado la Emergencia Sanitaria.- Que en el marco de las recomendaciones de la OMS es decisi\u00f3n de este Gobierno Municipal seguir ejecutando acciones, que de ser necesario por la evoluci\u00f3n de la situaci\u00f3n epidemiol\u00f3gica actual, se ir\u00e1n profundizando.- Que para ello, el Gabinete Municipal se encuentra en permanente coordinaci\u00f3n y [&hellip;]<\/p>\n","protected":false},"author":2,"featured_media":0,"comment_status":"open","ping_status":"open","sticky":false,"template":"","format":"standard","meta":{"tdm_status":"","tdm_grid_status":"","_jetpack_memberships_contains_paid_content":false,"footnotes":"","jetpack_publicize_message":"","jetpack_publicize_feature_enabled":true,"jetpack_social_post_already_shared":false,"jetpack_social_options":{"image_generator_settings":{"template":"highway","default_image_id":0,"font":"","enabled":false},"version":2}},"categories":[2],"tags":[],"class_list":{"0":"post-7096","1":"post","2":"type-post","3":"status-publish","4":"format-standard","6":"category-locales"},"yoast_head":"<!-- This site is optimized with the Yoast SEO plugin v22.7 - https:\/\/yoast.com\/wordpress\/plugins\/seo\/ -->\n<title>NUEVO HORARIO DE SUPERMERCADOS DE 8:00 A 16:00 HS - 103.9 fm<\/title>\n<meta name=\"robots\" content=\"index, follow, max-snippet:-1, max-image-preview:large, max-video-preview:-1\" \/>\n<link rel=\"canonical\" href=\"https:\/\/ondauno.com.ar\/index.php\/2020\/03\/24\/nuevo-horarios-de-supermercados-de-800-a-1600-hs\/\" \/>\n<meta property=\"og:locale\" content=\"es_ES\" \/>\n<meta property=\"og:type\" content=\"article\" \/>\n<meta property=\"og:title\" content=\"NUEVO HORARIO DE SUPERMERCADOS DE 8:00 A 16:00 HS - 103.9 fm\" \/>\n<meta property=\"og:description\" content=\"CONSIDERANDO: Que el Estado ha declarado la Emergencia Sanitaria.- Que en el marco de las recomendaciones de la OMS es decisi\u00f3n de este Gobierno Municipal seguir ejecutando acciones, que de ser necesario por la evoluci\u00f3n de la situaci\u00f3n epidemiol\u00f3gica actual, se ir\u00e1n profundizando.- Que para ello, el Gabinete Municipal se encuentra en permanente coordinaci\u00f3n y [&hellip;]\" \/>\n<meta property=\"og:url\" content=\"https:\/\/ondauno.com.ar\/index.php\/2020\/03\/24\/nuevo-horarios-de-supermercados-de-800-a-1600-hs\/\" \/>\n<meta property=\"og:site_name\" content=\"103.9 fm\" \/>\n<meta property=\"article:publisher\" content=\"https:\/\/www.facebook.com\/ondauno103.9\" \/>\n<meta property=\"article:published_time\" content=\"2020-03-24T17:00:47+00:00\" \/>\n<meta property=\"article:modified_time\" content=\"2020-03-24T17:00:59+00:00\" \/>\n<meta property=\"og:image\" content=\"https:\/\/ondauno.com.ar\/wp-content\/uploads\/2020\/03\/mujer-joven-haciendo-compras-supermercado_46250-946.jpg\" \/>\n\t<meta property=\"og:image:width\" content=\"626\" \/>\n\t<meta property=\"og:image:height\" content=\"284\" \/>\n\t<meta property=\"og:image:type\" content=\"image\/jpeg\" \/>\n<meta name=\"author\" content=\"fernando garcia\" \/>\n<meta name=\"twitter:card\" content=\"summary_large_image\" \/>\n<meta name=\"twitter:label1\" content=\"Escrito por\" \/>\n\t<meta name=\"twitter:data1\" content=\"fernando garcia\" \/>\n\t<meta name=\"twitter:label2\" content=\"Tiempo de lectura\" \/>\n\t<meta name=\"twitter:data2\" content=\"2 minutos\" \/>\n<script type=\"application\/ld+json\" class=\"yoast-schema-graph\">{\"@context\":\"https:\/\/schema.org\",\"@graph\":[{\"@type\":\"WebPage\",\"@id\":\"https:\/\/ondauno.com.ar\/index.php\/2020\/03\/24\/nuevo-horarios-de-supermercados-de-800-a-1600-hs\/\",\"url\":\"https:\/\/ondauno.com.ar\/index.php\/2020\/03\/24\/nuevo-horarios-de-supermercados-de-800-a-1600-hs\/\",\"name\":\"NUEVO HORARIO DE SUPERMERCADOS DE 8:00 A 16:00 HS - 103.9 fm\",\"isPartOf\":{\"@id\":\"https:\/\/ondauno.com.ar\/#website\"},\"datePublished\":\"2020-03-24T17:00:47+00:00\",\"dateModified\":\"2020-03-24T17:00:59+00:00\",\"author\":{\"@id\":\"https:\/\/ondauno.com.ar\/#\/schema\/person\/201d1b68e6c75e0fd396fe5f8af5d139\"},\"breadcrumb\":{\"@id\":\"https:\/\/ondauno.com.ar\/index.php\/2020\/03\/24\/nuevo-horarios-de-supermercados-de-800-a-1600-hs\/#breadcrumb\"},\"inLanguage\":\"es-AR\",\"potentialAction\":[{\"@type\":\"ReadAction\",\"target\":[\"https:\/\/ondauno.com.ar\/index.php\/2020\/03\/24\/nuevo-horarios-de-supermercados-de-800-a-1600-hs\/\"]}]},{\"@type\":\"BreadcrumbList\",\"@id\":\"https:\/\/ondauno.com.ar\/index.php\/2020\/03\/24\/nuevo-horarios-de-supermercados-de-800-a-1600-hs\/#breadcrumb\",\"itemListElement\":[{\"@type\":\"ListItem\",\"position\":1,\"name\":\"Inicio\",\"item\":\"https:\/\/ondauno.com.ar\/\"},{\"@type\":\"ListItem\",\"position\":2,\"name\":\"NUEVO HORARIO DE SUPERMERCADOS DE 8:00 A 16:00 HS\"}]},{\"@type\":\"WebSite\",\"@id\":\"https:\/\/ondauno.com.ar\/#website\",\"url\":\"https:\/\/ondauno.com.ar\/\",\"name\":\"103.9 fm\",\"description\":\"LA PRIMERA RADIO MULTIMEDIA DE TRES ARROYOS\",\"potentialAction\":[{\"@type\":\"SearchAction\",\"target\":{\"@type\":\"EntryPoint\",\"urlTemplate\":\"https:\/\/ondauno.com.ar\/?s={search_term_string}\"},\"query-input\":\"required name=search_term_string\"}],\"inLanguage\":\"es-AR\"},{\"@type\":\"Person\",\"@id\":\"https:\/\/ondauno.com.ar\/#\/schema\/person\/201d1b68e6c75e0fd396fe5f8af5d139\",\"name\":\"fernando garcia\",\"image\":{\"@type\":\"ImageObject\",\"inLanguage\":\"es-AR\",\"@id\":\"https:\/\/ondauno.com.ar\/#\/schema\/person\/image\/\",\"url\":\"https:\/\/secure.gravatar.com\/avatar\/5f7254642ad81272e79a2e69653cfdfc?s=96&d=mm&r=g\",\"contentUrl\":\"https:\/\/secure.gravatar.com\/avatar\/5f7254642ad81272e79a2e69653cfdfc?s=96&d=mm&r=g\",\"caption\":\"fernando garcia\"},\"url\":\"https:\/\/ondauno.com.ar\/index.php\/author\/ondaunoeditor\/\"}]}<\/script>\n<!-- \/ Yoast SEO plugin. -->","yoast_head_json":{"title":"NUEVO HORARIO DE SUPERMERCADOS DE 8:00 A 16:00 HS - 103.9 fm","robots":{"index":"index","follow":"follow","max-snippet":"max-snippet:-1","max-image-preview":"max-image-preview:large","max-video-preview":"max-video-preview:-1"},"canonical":"https:\/\/ondauno.com.ar\/index.php\/2020\/03\/24\/nuevo-horarios-de-supermercados-de-800-a-1600-hs\/","og_locale":"es_ES","og_type":"article","og_title":"NUEVO HORARIO DE SUPERMERCADOS DE 8:00 A 16:00 HS - 103.9 fm","og_description":"CONSIDERANDO: Que el Estado ha declarado la Emergencia Sanitaria.- Que en el marco de las recomendaciones de la OMS es decisi\u00f3n de este Gobierno Municipal seguir ejecutando acciones, que de ser necesario por la evoluci\u00f3n de la situaci\u00f3n epidemiol\u00f3gica actual, se ir\u00e1n profundizando.- Que para ello, el Gabinete Municipal se encuentra en permanente coordinaci\u00f3n y [&hellip;]","og_url":"https:\/\/ondauno.com.ar\/index.php\/2020\/03\/24\/nuevo-horarios-de-supermercados-de-800-a-1600-hs\/","og_site_name":"103.9 fm","article_publisher":"https:\/\/www.facebook.com\/ondauno103.9","article_published_time":"2020-03-24T17:00:47+00:00","article_modified_time":"2020-03-24T17:00:59+00:00","og_image":[{"width":626,"height":284,"url":"https:\/\/ondauno.com.ar\/wp-content\/uploads\/2020\/03\/mujer-joven-haciendo-compras-supermercado_46250-946.jpg","type":"image\/jpeg"}],"author":"fernando garcia","twitter_card":"summary_large_image","twitter_misc":{"Escrito por":"fernando garcia","Tiempo de lectura":"2 minutos"},"schema":{"@context":"https:\/\/schema.org","@graph":[{"@type":"WebPage","@id":"https:\/\/ondauno.com.ar\/index.php\/2020\/03\/24\/nuevo-horarios-de-supermercados-de-800-a-1600-hs\/","url":"https:\/\/ondauno.com.ar\/index.php\/2020\/03\/24\/nuevo-horarios-de-supermercados-de-800-a-1600-hs\/","name":"NUEVO HORARIO DE SUPERMERCADOS DE 8:00 A 16:00 HS - 103.9 fm","isPartOf":{"@id":"https:\/\/ondauno.com.ar\/#website"},"datePublished":"2020-03-24T17:00:47+00:00","dateModified":"2020-03-24T17:00:59+00:00","author":{"@id":"https:\/\/ondauno.com.ar\/#\/schema\/person\/201d1b68e6c75e0fd396fe5f8af5d139"},"breadcrumb":{"@id":"https:\/\/ondauno.com.ar\/index.php\/2020\/03\/24\/nuevo-horarios-de-supermercados-de-800-a-1600-hs\/#breadcrumb"},"inLanguage":"es-AR","potentialAction":[{"@type":"ReadAction","target":["https:\/\/ondauno.com.ar\/index.php\/2020\/03\/24\/nuevo-horarios-de-supermercados-de-800-a-1600-hs\/"]}]},{"@type":"BreadcrumbList","@id":"https:\/\/ondauno.com.ar\/index.php\/2020\/03\/24\/nuevo-horarios-de-supermercados-de-800-a-1600-hs\/#breadcrumb","itemListElement":[{"@type":"ListItem","position":1,"name":"Inicio","item":"https:\/\/ondauno.com.ar\/"},{"@type":"ListItem","position":2,"name":"NUEVO HORARIO DE SUPERMERCADOS DE 8:00 A 16:00 HS"}]},{"@type":"WebSite","@id":"https:\/\/ondauno.com.ar\/#website","url":"https:\/\/ondauno.com.ar\/","name":"103.9 fm","description":"LA PRIMERA RADIO MULTIMEDIA DE TRES ARROYOS","potentialAction":[{"@type":"SearchAction","target":{"@type":"EntryPoint","urlTemplate":"https:\/\/ondauno.com.ar\/?s={search_term_string}"},"query-input":"required name=search_term_string"}],"inLanguage":"es-AR"},{"@type":"Person","@id":"https:\/\/ondauno.com.ar\/#\/schema\/person\/201d1b68e6c75e0fd396fe5f8af5d139","name":"fernando garcia","image":{"@type":"ImageObject","inLanguage":"es-AR","@id":"https:\/\/ondauno.com.ar\/#\/schema\/person\/image\/","url":"https:\/\/secure.gravatar.com\/avatar\/5f7254642ad81272e79a2e69653cfdfc?s=96&d=mm&r=g","contentUrl":"https:\/\/secure.gravatar.com\/avatar\/5f7254642ad81272e79a2e69653cfdfc?s=96&d=mm&r=g","caption":"fernando garcia"},"url":"https:\/\/ondauno.com.ar\/index.php\/author\/ondaunoeditor\/"}]}},"jetpack_publicize_connections":[],"jetpack_featured_media_url":"","jetpack_sharing_enabled":true,"_links":{"self":[{"href":"https:\/\/ondauno.com.ar\/index.php\/wp-json\/wp\/v2\/posts\/7096","targetHints":{"allow":["GET"]}}],"collection":[{"href":"https:\/\/ondauno.com.ar\/index.php\/wp-json\/wp\/v2\/posts"}],"about":[{"href":"https:\/\/ondauno.com.ar\/index.php\/wp-json\/wp\/v2\/types\/post"}],"author":[{"embeddable":true,"href":"https:\/\/ondauno.com.ar\/index.php\/wp-json\/wp\/v2\/users\/2"}],"replies":[{"embeddable":true,"href":"https:\/\/ondauno.com.ar\/index.php\/wp-json\/wp\/v2\/comments?post=7096"}],"version-history":[{"count":0,"href":"https:\/\/ondauno.com.ar\/index.php\/wp-json\/wp\/v2\/posts\/7096\/revisions"}],"wp:attachment":[{"href":"https:\/\/ondauno.com.ar\/index.php\/wp-json\/wp\/v2\/media?parent=7096"}],"wp:term":[{"taxonomy":"category","embeddable":true,"href":"https:\/\/ondauno.com.ar\/index.php\/wp-json\/wp\/v2\/categories?post=7096"},{"taxonomy":"post_tag","embeddable":true,"href":"https:\/\/ondauno.com.ar\/index.php\/wp-json\/wp\/v2\/tags?post=7096"}],"curies":[{"name":"wp","href":"https:\/\/api.w.org\/{rel}","templated":true}]}}