{"id":7043,"date":"2020-03-23T21:00:26","date_gmt":"2020-03-24T00:00:26","guid":{"rendered":"http:\/\/ondauno.com.ar\/?p=7043"},"modified":"2020-03-23T21:00:30","modified_gmt":"2020-03-24T00:00:30","slug":"kicillof-se-necesita-una-accion-coordinada-y-efectiva-del-estado-en-sus-tres-niveles","status":"publish","type":"post","link":"https:\/\/ondauno.com.ar\/index.php\/2020\/03\/23\/kicillof-se-necesita-una-accion-coordinada-y-efectiva-del-estado-en-sus-tres-niveles\/","title":{"rendered":"Kicillof: &#8220;Se necesita una acci\u00f3n coordinada y efectiva del Estado en sus tres niveles&#8221;"},"content":{"rendered":"<div class=\"ondau-before-content_3\" style=\"margin-top: -30px;\" id=\"ondau-1774756049\"><a href=\"https:\/\/www.lps.com.ar\/\" aria-label=\"la-perse2\"><img loading=\"lazy\" decoding=\"async\" src=\"https:\/\/ondauno.com.ar\/wp-content\/uploads\/2021\/10\/la-perse2.jpg\" alt=\"\"  srcset=\"https:\/\/ondauno.com.ar\/wp-content\/uploads\/2021\/10\/la-perse2.jpg 1353w, https:\/\/ondauno.com.ar\/wp-content\/uploads\/2021\/10\/la-perse2-300x43.jpg 300w, https:\/\/ondauno.com.ar\/wp-content\/uploads\/2021\/10\/la-perse2-1024x148.jpg 1024w, https:\/\/ondauno.com.ar\/wp-content\/uploads\/2021\/10\/la-perse2-768x111.jpg 768w, https:\/\/ondauno.com.ar\/wp-content\/uploads\/2021\/10\/la-perse2-696x100.jpg 696w, https:\/\/ondauno.com.ar\/wp-content\/uploads\/2021\/10\/la-perse2-1068x154.jpg 1068w\" sizes=\"(max-width: 1353px) 100vw, 1353px\" class=\"no-lazyload\" width=\"1353\" height=\"195\"  style=\"display: inline-block;\" \/><\/a><\/div>\n<table class=\"wp-block-table\"><tbody><tr><td><br><\/td><\/tr><\/tbody><\/table>\n\n\n\n<table class=\"wp-block-table\"><tbody><tr><td>&#8220;Se necesita una acci\u00f3n coordinada y efectiva del Estado en sus tres niveles&#8221; expres\u00f3 el gobernador de la provincia de Buenos Aires, Axel Kicillof, este lunes luego de la reuni\u00f3n encabezada por el Presidente Alberto Fern\u00e1ndez junto a los intendentes del \u00c1rea Metropolitana de Buenos Aires en Olivos, en el marco de la emergencia sanitaria por COVID-19. En ese contexto Kicillof agreg\u00f3 que &#8220;estamos coordinando todos los recursos para dar tranquilidad de que hay un Estado presente&#8221;.<br><br>El Gobernador explic\u00f3 que durante el encuentro se abordaron problem\u00e1ticas de salud, alimentarias y que tienen que ver con la seguridad. \u201cPara evitar el contagio de coronavirus se ha pedido que cada uno de los y las argentinas se queden en su casa, requerimos que todos lo entiendan y estamos avanzando en medidas para que sea m\u00e1s efectivo el cumplimiento\u201d, detall\u00f3 en conferencia de prensa. Tambi\u00e9n participaron las y los intendentes Diego Valenzuela (Tres de Febrero), Jorge Macri (Vicente L\u00f3pez), Juan Zabaleta (Hurlingham), Mayra Mendoza (Quilmes), N\u00e9stor Grindetti (Lan\u00fas), Fernando Gray (Esteban Echeverr\u00eda) y\u00a0 el subsecretario de Gesti\u00f3n de Servicios e Institutos del Ministerio de Salud de la Naci\u00f3n, Alejandro Collia.<br><br>Kicillof indic\u00f3 que \u201cel Presidente ha sido muy oportuno en su decisi\u00f3n para cuidar la vida y la salud de todos los habitantes de la Rep\u00fablica\u201d y subray\u00f3: \u201cA nuestro distrito lo afecta m\u00e1s esta situaci\u00f3n por la concentraci\u00f3n de la poblaci\u00f3n\u201d.<br><br>En relaci\u00f3n al operativo de seguridad para el cumplimiento de la cuarentena expres\u00f3: \u201cYa ven\u00edamos coordinando de manera r\u00e1pida y decidida el despliegue de las fuerzas de seguridad entre Naci\u00f3n, Provincia y Ciudad de Buenos Aires, y hoy avanzamos tambi\u00e9n con las fuerzas de seguridad municipales, porque estamos ante una situaci\u00f3n in\u00e9dita\u201d.<br>Asimismo, Kicillof se refiri\u00f3 a las medidas del Gobierno Nacional destinadas \u201ca sostener el sistema econ\u00f3mico en este momento excepcional\u201d y destac\u00f3 \u201cla celeridad del Presidente y su gabinete que nos ha puesto a la cabeza de las experiencias regionales, dedicando dos puntos del PBI al est\u00edmulo de la econom\u00eda en esta situaci\u00f3n\u201d. En ese sentido indic\u00f3: \u201cLos problemas epidemiol\u00f3gicos y econ\u00f3micos que trae el coronavirus no encuentran a la Provincia en una situaci\u00f3n sencilla, necesitamos contar con estas decisiones del Gobierno Nacional para sostener muchas actividades\u201d.<br><br>En la misma l\u00ednea, Mayra Mendoza se\u00f1al\u00f3 que \u201chay un comit\u00e9 operativo de emergencia donde planteamos lo que vivimos en cada uno de nuestros distritos\u201d. Por otro lado, Jorge Macri expres\u00f3: \u201cSeguimos trabajando en comuni\u00f3n, sin distinci\u00f3n de color pol\u00edtico, tras los objetivos que marca el Presidente\u201d. Finalmente, Juan Zabaleta reforz\u00f3 el mensaje destinado a la prevenci\u00f3n: \u201cLe pedimos a los y las bonaerenses que se queden en sus hogares\u201d.<br><br>Collia hizo uso de la palabra para destacar que \u201cel recurso humano es el coraz\u00f3n del sistema de salud, agradecemos el esfuerzo y estamos trabajando en avanzar en protocolos que permitan cuidar la salud de los trabajadores y as\u00ed cuidar la salud de toda la poblaci\u00f3n\u201d.<br><br><strong>Fotograf\u00edas:\u00a0<\/strong><a rel=\"noreferrer noopener\" href=\"https:\/\/drive.google.com\/open?id=1l5iEmBF7z7bxAhmpAhlMZqtZ-eVixBc8\" target=\"_blank\">https:\/\/drive.google.com\/open?id=1l5iEmBF7z7bxAhmpAhlMZqtZ-eVixBc8<\/a><br><br><\/td><\/tr><\/tbody><\/table>\n\n\n\n<figure class=\"wp-block-image\"><img decoding=\"async\" data-src=\"http:\/\/ondauno.com.ar\/wp-content\/uploads\/2020\/03\/Intendentes-1-1024x683.jpeg\" alt=\"\" class=\"wp-image-7044 lazyload\" src=\"data:image\/gif;base64,R0lGODlhAQABAAAAACH5BAEKAAEALAAAAAABAAEAAAICTAEAOw==\" style=\"--smush-placeholder-width: 1024px; --smush-placeholder-aspect-ratio: 1024\/683;\" \/><noscript><img decoding=\"async\" src=\"http:\/\/ondauno.com.ar\/wp-content\/uploads\/2020\/03\/Intendentes-1-1024x683.jpeg\" alt=\"\" class=\"wp-image-7044\"\/><\/noscript><\/figure>\n","protected":false},"excerpt":{"rendered":"<p>&#8220;Se necesita una acci\u00f3n coordinada y efectiva del Estado en sus tres niveles&#8221; expres\u00f3 el gobernador de la provincia de Buenos Aires, Axel Kicillof, este lunes luego de la reuni\u00f3n encabezada por el Presidente Alberto Fern\u00e1ndez junto a los intendentes del \u00c1rea Metropolitana de Buenos Aires en Olivos, en el marco de la emergencia sanitaria [&hellip;]<\/p>\n","protected":false},"author":2,"featured_media":0,"comment_status":"open","ping_status":"open","sticky":false,"template":"","format":"standard","meta":{"tdm_status":"","tdm_grid_status":"","_jetpack_memberships_contains_paid_content":false,"footnotes":"","jetpack_publicize_message":"","jetpack_publicize_feature_enabled":true,"jetpack_social_post_already_shared":false,"jetpack_social_options":{"image_generator_settings":{"template":"highway","default_image_id":0,"font":"","enabled":false},"version":2}},"categories":[3],"tags":[],"class_list":{"0":"post-7043","1":"post","2":"type-post","3":"status-publish","4":"format-standard","6":"category-nacionales"},"yoast_head":"<!-- This site is optimized with the Yoast SEO plugin v22.7 - https:\/\/yoast.com\/wordpress\/plugins\/seo\/ -->\n<title>Kicillof: &quot;Se necesita una acci\u00f3n coordinada y efectiva del Estado en sus tres niveles&quot; - 103.9 fm<\/title>\n<meta name=\"robots\" content=\"index, follow, max-snippet:-1, max-image-preview:large, max-video-preview:-1\" \/>\n<link rel=\"canonical\" href=\"https:\/\/ondauno.com.ar\/index.php\/2020\/03\/23\/kicillof-se-necesita-una-accion-coordinada-y-efectiva-del-estado-en-sus-tres-niveles\/\" \/>\n<meta property=\"og:locale\" content=\"es_ES\" \/>\n<meta property=\"og:type\" content=\"article\" \/>\n<meta property=\"og:title\" content=\"Kicillof: &quot;Se necesita una acci\u00f3n coordinada y efectiva del Estado en sus tres niveles&quot; - 103.9 fm\" \/>\n<meta property=\"og:description\" content=\"&#8220;Se necesita una acci\u00f3n coordinada y efectiva del Estado en sus tres niveles&#8221; expres\u00f3 el gobernador de la provincia de Buenos Aires, Axel Kicillof, este lunes luego de la reuni\u00f3n encabezada por el Presidente Alberto Fern\u00e1ndez junto a los intendentes del \u00c1rea Metropolitana de Buenos Aires en Olivos, en el marco de la emergencia sanitaria [&hellip;]\" \/>\n<meta property=\"og:url\" content=\"https:\/\/ondauno.com.ar\/index.php\/2020\/03\/23\/kicillof-se-necesita-una-accion-coordinada-y-efectiva-del-estado-en-sus-tres-niveles\/\" \/>\n<meta property=\"og:site_name\" content=\"103.9 fm\" \/>\n<meta property=\"article:publisher\" content=\"https:\/\/www.facebook.com\/ondauno103.9\" \/>\n<meta property=\"article:published_time\" content=\"2020-03-24T00:00:26+00:00\" \/>\n<meta property=\"article:modified_time\" content=\"2020-03-24T00:00:30+00:00\" \/>\n<meta property=\"og:image\" content=\"https:\/\/ondauno.com.ar\/wp-content\/uploads\/2020\/03\/Intendentes-4.jpeg\" \/>\n\t<meta property=\"og:image:width\" content=\"1024\" \/>\n\t<meta property=\"og:image:height\" content=\"683\" \/>\n\t<meta property=\"og:image:type\" content=\"image\/jpeg\" \/>\n<meta name=\"author\" content=\"fernando garcia\" \/>\n<meta name=\"twitter:card\" content=\"summary_large_image\" \/>\n<meta name=\"twitter:label1\" content=\"Escrito por\" \/>\n\t<meta name=\"twitter:data1\" content=\"fernando garcia\" \/>\n\t<meta name=\"twitter:label2\" content=\"Tiempo de lectura\" \/>\n\t<meta name=\"twitter:data2\" content=\"3 minutos\" \/>\n<script type=\"application\/ld+json\" class=\"yoast-schema-graph\">{\"@context\":\"https:\/\/schema.org\",\"@graph\":[{\"@type\":\"WebPage\",\"@id\":\"https:\/\/ondauno.com.ar\/index.php\/2020\/03\/23\/kicillof-se-necesita-una-accion-coordinada-y-efectiva-del-estado-en-sus-tres-niveles\/\",\"url\":\"https:\/\/ondauno.com.ar\/index.php\/2020\/03\/23\/kicillof-se-necesita-una-accion-coordinada-y-efectiva-del-estado-en-sus-tres-niveles\/\",\"name\":\"Kicillof: \\\"Se necesita una acci\u00f3n coordinada y efectiva del Estado en sus tres niveles\\\" - 103.9 fm\",\"isPartOf\":{\"@id\":\"https:\/\/ondauno.com.ar\/#website\"},\"primaryImageOfPage\":{\"@id\":\"https:\/\/ondauno.com.ar\/index.php\/2020\/03\/23\/kicillof-se-necesita-una-accion-coordinada-y-efectiva-del-estado-en-sus-tres-niveles\/#primaryimage\"},\"image\":{\"@id\":\"https:\/\/ondauno.com.ar\/index.php\/2020\/03\/23\/kicillof-se-necesita-una-accion-coordinada-y-efectiva-del-estado-en-sus-tres-niveles\/#primaryimage\"},\"thumbnailUrl\":\"http:\/\/ondauno.com.ar\/wp-content\/uploads\/2020\/03\/Intendentes-1-1024x683.jpeg\",\"datePublished\":\"2020-03-24T00:00:26+00:00\",\"dateModified\":\"2020-03-24T00:00:30+00:00\",\"author\":{\"@id\":\"https:\/\/ondauno.com.ar\/#\/schema\/person\/201d1b68e6c75e0fd396fe5f8af5d139\"},\"breadcrumb\":{\"@id\":\"https:\/\/ondauno.com.ar\/index.php\/2020\/03\/23\/kicillof-se-necesita-una-accion-coordinada-y-efectiva-del-estado-en-sus-tres-niveles\/#breadcrumb\"},\"inLanguage\":\"es-AR\",\"potentialAction\":[{\"@type\":\"ReadAction\",\"target\":[\"https:\/\/ondauno.com.ar\/index.php\/2020\/03\/23\/kicillof-se-necesita-una-accion-coordinada-y-efectiva-del-estado-en-sus-tres-niveles\/\"]}]},{\"@type\":\"ImageObject\",\"inLanguage\":\"es-AR\",\"@id\":\"https:\/\/ondauno.com.ar\/index.php\/2020\/03\/23\/kicillof-se-necesita-una-accion-coordinada-y-efectiva-del-estado-en-sus-tres-niveles\/#primaryimage\",\"url\":\"\",\"contentUrl\":\"\"},{\"@type\":\"BreadcrumbList\",\"@id\":\"https:\/\/ondauno.com.ar\/index.php\/2020\/03\/23\/kicillof-se-necesita-una-accion-coordinada-y-efectiva-del-estado-en-sus-tres-niveles\/#breadcrumb\",\"itemListElement\":[{\"@type\":\"ListItem\",\"position\":1,\"name\":\"Inicio\",\"item\":\"https:\/\/ondauno.com.ar\/\"},{\"@type\":\"ListItem\",\"position\":2,\"name\":\"Kicillof: &#8220;Se necesita una acci\u00f3n coordinada y efectiva del Estado en sus tres niveles&#8221;\"}]},{\"@type\":\"WebSite\",\"@id\":\"https:\/\/ondauno.com.ar\/#website\",\"url\":\"https:\/\/ondauno.com.ar\/\",\"name\":\"103.9 fm\",\"description\":\"LA PRIMERA RADIO MULTIMEDIA DE TRES ARROYOS\",\"potentialAction\":[{\"@type\":\"SearchAction\",\"target\":{\"@type\":\"EntryPoint\",\"urlTemplate\":\"https:\/\/ondauno.com.ar\/?s={search_term_string}\"},\"query-input\":\"required name=search_term_string\"}],\"inLanguage\":\"es-AR\"},{\"@type\":\"Person\",\"@id\":\"https:\/\/ondauno.com.ar\/#\/schema\/person\/201d1b68e6c75e0fd396fe5f8af5d139\",\"name\":\"fernando garcia\",\"image\":{\"@type\":\"ImageObject\",\"inLanguage\":\"es-AR\",\"@id\":\"https:\/\/ondauno.com.ar\/#\/schema\/person\/image\/\",\"url\":\"https:\/\/secure.gravatar.com\/avatar\/5f7254642ad81272e79a2e69653cfdfc?s=96&d=mm&r=g\",\"contentUrl\":\"https:\/\/secure.gravatar.com\/avatar\/5f7254642ad81272e79a2e69653cfdfc?s=96&d=mm&r=g\",\"caption\":\"fernando garcia\"},\"url\":\"https:\/\/ondauno.com.ar\/index.php\/author\/ondaunoeditor\/\"}]}<\/script>\n<!-- \/ Yoast SEO plugin. -->","yoast_head_json":{"title":"Kicillof: \"Se necesita una acci\u00f3n coordinada y efectiva del Estado en sus tres niveles\" - 103.9 fm","robots":{"index":"index","follow":"follow","max-snippet":"max-snippet:-1","max-image-preview":"max-image-preview:large","max-video-preview":"max-video-preview:-1"},"canonical":"https:\/\/ondauno.com.ar\/index.php\/2020\/03\/23\/kicillof-se-necesita-una-accion-coordinada-y-efectiva-del-estado-en-sus-tres-niveles\/","og_locale":"es_ES","og_type":"article","og_title":"Kicillof: \"Se necesita una acci\u00f3n coordinada y efectiva del Estado en sus tres niveles\" - 103.9 fm","og_description":"&#8220;Se necesita una acci\u00f3n coordinada y efectiva del Estado en sus tres niveles&#8221; expres\u00f3 el gobernador de la provincia de Buenos Aires, Axel Kicillof, este lunes luego de la reuni\u00f3n encabezada por el Presidente Alberto Fern\u00e1ndez junto a los intendentes del \u00c1rea Metropolitana de Buenos Aires en Olivos, en el marco de la emergencia sanitaria [&hellip;]","og_url":"https:\/\/ondauno.com.ar\/index.php\/2020\/03\/23\/kicillof-se-necesita-una-accion-coordinada-y-efectiva-del-estado-en-sus-tres-niveles\/","og_site_name":"103.9 fm","article_publisher":"https:\/\/www.facebook.com\/ondauno103.9","article_published_time":"2020-03-24T00:00:26+00:00","article_modified_time":"2020-03-24T00:00:30+00:00","og_image":[{"width":1024,"height":683,"url":"https:\/\/ondauno.com.ar\/wp-content\/uploads\/2020\/03\/Intendentes-4.jpeg","type":"image\/jpeg"}],"author":"fernando garcia","twitter_card":"summary_large_image","twitter_misc":{"Escrito por":"fernando garcia","Tiempo de lectura":"3 minutos"},"schema":{"@context":"https:\/\/schema.org","@graph":[{"@type":"WebPage","@id":"https:\/\/ondauno.com.ar\/index.php\/2020\/03\/23\/kicillof-se-necesita-una-accion-coordinada-y-efectiva-del-estado-en-sus-tres-niveles\/","url":"https:\/\/ondauno.com.ar\/index.php\/2020\/03\/23\/kicillof-se-necesita-una-accion-coordinada-y-efectiva-del-estado-en-sus-tres-niveles\/","name":"Kicillof: \"Se necesita una acci\u00f3n coordinada y efectiva del Estado en sus tres niveles\" - 103.9 fm","isPartOf":{"@id":"https:\/\/ondauno.com.ar\/#website"},"primaryImageOfPage":{"@id":"https:\/\/ondauno.com.ar\/index.php\/2020\/03\/23\/kicillof-se-necesita-una-accion-coordinada-y-efectiva-del-estado-en-sus-tres-niveles\/#primaryimage"},"image":{"@id":"https:\/\/ondauno.com.ar\/index.php\/2020\/03\/23\/kicillof-se-necesita-una-accion-coordinada-y-efectiva-del-estado-en-sus-tres-niveles\/#primaryimage"},"thumbnailUrl":"http:\/\/ondauno.com.ar\/wp-content\/uploads\/2020\/03\/Intendentes-1-1024x683.jpeg","datePublished":"2020-03-24T00:00:26+00:00","dateModified":"2020-03-24T00:00:30+00:00","author":{"@id":"https:\/\/ondauno.com.ar\/#\/schema\/person\/201d1b68e6c75e0fd396fe5f8af5d139"},"breadcrumb":{"@id":"https:\/\/ondauno.com.ar\/index.php\/2020\/03\/23\/kicillof-se-necesita-una-accion-coordinada-y-efectiva-del-estado-en-sus-tres-niveles\/#breadcrumb"},"inLanguage":"es-AR","potentialAction":[{"@type":"ReadAction","target":["https:\/\/ondauno.com.ar\/index.php\/2020\/03\/23\/kicillof-se-necesita-una-accion-coordinada-y-efectiva-del-estado-en-sus-tres-niveles\/"]}]},{"@type":"ImageObject","inLanguage":"es-AR","@id":"https:\/\/ondauno.com.ar\/index.php\/2020\/03\/23\/kicillof-se-necesita-una-accion-coordinada-y-efectiva-del-estado-en-sus-tres-niveles\/#primaryimage","url":"","contentUrl":""},{"@type":"BreadcrumbList","@id":"https:\/\/ondauno.com.ar\/index.php\/2020\/03\/23\/kicillof-se-necesita-una-accion-coordinada-y-efectiva-del-estado-en-sus-tres-niveles\/#breadcrumb","itemListElement":[{"@type":"ListItem","position":1,"name":"Inicio","item":"https:\/\/ondauno.com.ar\/"},{"@type":"ListItem","position":2,"name":"Kicillof: &#8220;Se necesita una acci\u00f3n coordinada y efectiva del Estado en sus tres niveles&#8221;"}]},{"@type":"WebSite","@id":"https:\/\/ondauno.com.ar\/#website","url":"https:\/\/ondauno.com.ar\/","name":"103.9 fm","description":"LA PRIMERA RADIO MULTIMEDIA DE TRES ARROYOS","potentialAction":[{"@type":"SearchAction","target":{"@type":"EntryPoint","urlTemplate":"https:\/\/ondauno.com.ar\/?s={search_term_string}"},"query-input":"required name=search_term_string"}],"inLanguage":"es-AR"},{"@type":"Person","@id":"https:\/\/ondauno.com.ar\/#\/schema\/person\/201d1b68e6c75e0fd396fe5f8af5d139","name":"fernando garcia","image":{"@type":"ImageObject","inLanguage":"es-AR","@id":"https:\/\/ondauno.com.ar\/#\/schema\/person\/image\/","url":"https:\/\/secure.gravatar.com\/avatar\/5f7254642ad81272e79a2e69653cfdfc?s=96&d=mm&r=g","contentUrl":"https:\/\/secure.gravatar.com\/avatar\/5f7254642ad81272e79a2e69653cfdfc?s=96&d=mm&r=g","caption":"fernando garcia"},"url":"https:\/\/ondauno.com.ar\/index.php\/author\/ondaunoeditor\/"}]}},"jetpack_publicize_connections":[],"jetpack_featured_media_url":"","jetpack_sharing_enabled":true,"_links":{"self":[{"href":"https:\/\/ondauno.com.ar\/index.php\/wp-json\/wp\/v2\/posts\/7043","targetHints":{"allow":["GET"]}}],"collection":[{"href":"https:\/\/ondauno.com.ar\/index.php\/wp-json\/wp\/v2\/posts"}],"about":[{"href":"https:\/\/ondauno.com.ar\/index.php\/wp-json\/wp\/v2\/types\/post"}],"author":[{"embeddable":true,"href":"https:\/\/ondauno.com.ar\/index.php\/wp-json\/wp\/v2\/users\/2"}],"replies":[{"embeddable":true,"href":"https:\/\/ondauno.com.ar\/index.php\/wp-json\/wp\/v2\/comments?post=7043"}],"version-history":[{"count":0,"href":"https:\/\/ondauno.com.ar\/index.php\/wp-json\/wp\/v2\/posts\/7043\/revisions"}],"wp:attachment":[{"href":"https:\/\/ondauno.com.ar\/index.php\/wp-json\/wp\/v2\/media?parent=7043"}],"wp:term":[{"taxonomy":"category","embeddable":true,"href":"https:\/\/ondauno.com.ar\/index.php\/wp-json\/wp\/v2\/categories?post=7043"},{"taxonomy":"post_tag","embeddable":true,"href":"https:\/\/ondauno.com.ar\/index.php\/wp-json\/wp\/v2\/tags?post=7043"}],"curies":[{"name":"wp","href":"https:\/\/api.w.org\/{rel}","templated":true}]}}