{"id":7028,"date":"2020-03-23T20:12:43","date_gmt":"2020-03-23T23:12:43","guid":{"rendered":"http:\/\/ondauno.com.ar\/?p=7028"},"modified":"2020-03-23T20:13:24","modified_gmt":"2020-03-23T23:13:24","slug":"flavio-ceglie-sera-el-nuevo-jefe-de-la-policia-comunal","status":"publish","type":"post","link":"https:\/\/ondauno.com.ar\/index.php\/2020\/03\/23\/flavio-ceglie-sera-el-nuevo-jefe-de-la-policia-comunal\/","title":{"rendered":"Flavio Ceglie ser\u00e1 el nuevo Jefe de la Polic\u00eda Comunal"},"content":{"rendered":"<div class=\"ondau-before-content_3\" style=\"margin-top: -30px;\" id=\"ondau-2525045615\"><a href=\"https:\/\/www.lps.com.ar\/\" aria-label=\"la-perse2\"><img loading=\"lazy\" decoding=\"async\" src=\"https:\/\/ondauno.com.ar\/wp-content\/uploads\/2021\/10\/la-perse2.jpg\" alt=\"\"  srcset=\"https:\/\/ondauno.com.ar\/wp-content\/uploads\/2021\/10\/la-perse2.jpg 1353w, https:\/\/ondauno.com.ar\/wp-content\/uploads\/2021\/10\/la-perse2-300x43.jpg 300w, https:\/\/ondauno.com.ar\/wp-content\/uploads\/2021\/10\/la-perse2-1024x148.jpg 1024w, https:\/\/ondauno.com.ar\/wp-content\/uploads\/2021\/10\/la-perse2-768x111.jpg 768w, https:\/\/ondauno.com.ar\/wp-content\/uploads\/2021\/10\/la-perse2-696x100.jpg 696w, https:\/\/ondauno.com.ar\/wp-content\/uploads\/2021\/10\/la-perse2-1068x154.jpg 1068w\" sizes=\"(max-width: 1353px) 100vw, 1353px\" class=\"no-lazyload\" width=\"1353\" height=\"195\"  style=\"display: inline-block;\" \/><\/a><\/div>\n<p>Comunicado de la Municipalidad de Tres Arroyos:<\/p>\n\n\n\n<p><\/p>\n\n\n\n<p>De acuerdo a lo solicitado oportunamente por el Intendente Carlos S\u00e1nchez al Ministro de Seguridad Sergio Berni, se llev\u00f3 a cabo en esta jornada la designaci\u00f3n de las nuevas autoridades policiales locales.<br>El Comisario Flavio Ceglie ser\u00e1 el titular de la Polic\u00eda Comunal.<br>La Comisario Carolina Romana, procedente de la localidad de Azul, se har\u00e1 cargo de la Comisar\u00eda Primera.<br>La Comisar\u00eda Segunda de Claromec\u00f3 quedar\u00e1 a cargo del Comisario Andr\u00e9s Auzmendi, mientras que en Reta estar\u00e1 el Sub Comisario Hugo Villagr\u00e1n.<\/p>\n","protected":false},"excerpt":{"rendered":"<p>Comunicado de la Municipalidad de Tres Arroyos: De acuerdo a lo solicitado oportunamente por el Intendente Carlos S\u00e1nchez al Ministro de Seguridad Sergio Berni, se llev\u00f3 a cabo en esta jornada la designaci\u00f3n de las nuevas autoridades policiales locales.El Comisario Flavio Ceglie ser\u00e1 el titular de la Polic\u00eda Comunal.La Comisario Carolina Romana, procedente de la [&hellip;]<\/p>\n","protected":false},"author":2,"featured_media":0,"comment_status":"open","ping_status":"open","sticky":false,"template":"","format":"standard","meta":{"tdm_status":"","tdm_grid_status":"","_jetpack_memberships_contains_paid_content":false,"footnotes":"","jetpack_publicize_message":"","jetpack_publicize_feature_enabled":true,"jetpack_social_post_already_shared":false,"jetpack_social_options":{"image_generator_settings":{"template":"highway","default_image_id":0,"font":"","enabled":false},"version":2}},"categories":[2],"tags":[],"class_list":{"0":"post-7028","1":"post","2":"type-post","3":"status-publish","4":"format-standard","6":"category-locales"},"yoast_head":"<!-- This site is optimized with the Yoast SEO plugin v22.7 - https:\/\/yoast.com\/wordpress\/plugins\/seo\/ -->\n<title>Flavio Ceglie ser\u00e1 el nuevo Jefe de la Polic\u00eda Comunal - 103.9 fm<\/title>\n<meta name=\"robots\" content=\"index, follow, max-snippet:-1, max-image-preview:large, max-video-preview:-1\" \/>\n<link rel=\"canonical\" href=\"https:\/\/ondauno.com.ar\/index.php\/2020\/03\/23\/flavio-ceglie-sera-el-nuevo-jefe-de-la-policia-comunal\/\" \/>\n<meta property=\"og:locale\" content=\"es_ES\" \/>\n<meta property=\"og:type\" content=\"article\" \/>\n<meta property=\"og:title\" content=\"Flavio Ceglie ser\u00e1 el nuevo Jefe de la Polic\u00eda Comunal - 103.9 fm\" \/>\n<meta property=\"og:description\" content=\"Comunicado de la Municipalidad de Tres Arroyos: De acuerdo a lo solicitado oportunamente por el Intendente Carlos S\u00e1nchez al Ministro de Seguridad Sergio Berni, se llev\u00f3 a cabo en esta jornada la designaci\u00f3n de las nuevas autoridades policiales locales.El Comisario Flavio Ceglie ser\u00e1 el titular de la Polic\u00eda Comunal.La Comisario Carolina Romana, procedente de la [&hellip;]\" \/>\n<meta property=\"og:url\" content=\"https:\/\/ondauno.com.ar\/index.php\/2020\/03\/23\/flavio-ceglie-sera-el-nuevo-jefe-de-la-policia-comunal\/\" \/>\n<meta property=\"og:site_name\" content=\"103.9 fm\" \/>\n<meta property=\"article:publisher\" content=\"https:\/\/www.facebook.com\/ondauno103.9\" \/>\n<meta property=\"article:published_time\" content=\"2020-03-23T23:12:43+00:00\" \/>\n<meta property=\"article:modified_time\" content=\"2020-03-23T23:13:24+00:00\" \/>\n<meta property=\"og:image\" content=\"https:\/\/ondauno.com.ar\/wp-content\/uploads\/2020\/03\/112bc846-f608-409a-a993-1cb3acbf8bdf.jpg\" \/>\n\t<meta property=\"og:image:width\" content=\"590\" \/>\n\t<meta property=\"og:image:height\" content=\"1280\" \/>\n\t<meta property=\"og:image:type\" content=\"image\/jpeg\" \/>\n<meta name=\"author\" content=\"fernando garcia\" \/>\n<meta name=\"twitter:card\" content=\"summary_large_image\" \/>\n<meta name=\"twitter:label1\" content=\"Escrito por\" \/>\n\t<meta name=\"twitter:data1\" content=\"fernando garcia\" \/>\n<script type=\"application\/ld+json\" class=\"yoast-schema-graph\">{\"@context\":\"https:\/\/schema.org\",\"@graph\":[{\"@type\":\"WebPage\",\"@id\":\"https:\/\/ondauno.com.ar\/index.php\/2020\/03\/23\/flavio-ceglie-sera-el-nuevo-jefe-de-la-policia-comunal\/\",\"url\":\"https:\/\/ondauno.com.ar\/index.php\/2020\/03\/23\/flavio-ceglie-sera-el-nuevo-jefe-de-la-policia-comunal\/\",\"name\":\"Flavio Ceglie ser\u00e1 el nuevo Jefe de la Polic\u00eda Comunal - 103.9 fm\",\"isPartOf\":{\"@id\":\"https:\/\/ondauno.com.ar\/#website\"},\"datePublished\":\"2020-03-23T23:12:43+00:00\",\"dateModified\":\"2020-03-23T23:13:24+00:00\",\"author\":{\"@id\":\"https:\/\/ondauno.com.ar\/#\/schema\/person\/201d1b68e6c75e0fd396fe5f8af5d139\"},\"breadcrumb\":{\"@id\":\"https:\/\/ondauno.com.ar\/index.php\/2020\/03\/23\/flavio-ceglie-sera-el-nuevo-jefe-de-la-policia-comunal\/#breadcrumb\"},\"inLanguage\":\"es-AR\",\"potentialAction\":[{\"@type\":\"ReadAction\",\"target\":[\"https:\/\/ondauno.com.ar\/index.php\/2020\/03\/23\/flavio-ceglie-sera-el-nuevo-jefe-de-la-policia-comunal\/\"]}]},{\"@type\":\"BreadcrumbList\",\"@id\":\"https:\/\/ondauno.com.ar\/index.php\/2020\/03\/23\/flavio-ceglie-sera-el-nuevo-jefe-de-la-policia-comunal\/#breadcrumb\",\"itemListElement\":[{\"@type\":\"ListItem\",\"position\":1,\"name\":\"Inicio\",\"item\":\"https:\/\/ondauno.com.ar\/\"},{\"@type\":\"ListItem\",\"position\":2,\"name\":\"Flavio Ceglie ser\u00e1 el nuevo Jefe de la Polic\u00eda Comunal\"}]},{\"@type\":\"WebSite\",\"@id\":\"https:\/\/ondauno.com.ar\/#website\",\"url\":\"https:\/\/ondauno.com.ar\/\",\"name\":\"103.9 fm\",\"description\":\"LA PRIMERA RADIO MULTIMEDIA DE TRES ARROYOS\",\"potentialAction\":[{\"@type\":\"SearchAction\",\"target\":{\"@type\":\"EntryPoint\",\"urlTemplate\":\"https:\/\/ondauno.com.ar\/?s={search_term_string}\"},\"query-input\":\"required name=search_term_string\"}],\"inLanguage\":\"es-AR\"},{\"@type\":\"Person\",\"@id\":\"https:\/\/ondauno.com.ar\/#\/schema\/person\/201d1b68e6c75e0fd396fe5f8af5d139\",\"name\":\"fernando garcia\",\"image\":{\"@type\":\"ImageObject\",\"inLanguage\":\"es-AR\",\"@id\":\"https:\/\/ondauno.com.ar\/#\/schema\/person\/image\/\",\"url\":\"https:\/\/secure.gravatar.com\/avatar\/5f7254642ad81272e79a2e69653cfdfc?s=96&d=mm&r=g\",\"contentUrl\":\"https:\/\/secure.gravatar.com\/avatar\/5f7254642ad81272e79a2e69653cfdfc?s=96&d=mm&r=g\",\"caption\":\"fernando garcia\"},\"url\":\"https:\/\/ondauno.com.ar\/index.php\/author\/ondaunoeditor\/\"}]}<\/script>\n<!-- \/ Yoast SEO plugin. -->","yoast_head_json":{"title":"Flavio Ceglie ser\u00e1 el nuevo Jefe de la Polic\u00eda Comunal - 103.9 fm","robots":{"index":"index","follow":"follow","max-snippet":"max-snippet:-1","max-image-preview":"max-image-preview:large","max-video-preview":"max-video-preview:-1"},"canonical":"https:\/\/ondauno.com.ar\/index.php\/2020\/03\/23\/flavio-ceglie-sera-el-nuevo-jefe-de-la-policia-comunal\/","og_locale":"es_ES","og_type":"article","og_title":"Flavio Ceglie ser\u00e1 el nuevo Jefe de la Polic\u00eda Comunal - 103.9 fm","og_description":"Comunicado de la Municipalidad de Tres Arroyos: De acuerdo a lo solicitado oportunamente por el Intendente Carlos S\u00e1nchez al Ministro de Seguridad Sergio Berni, se llev\u00f3 a cabo en esta jornada la designaci\u00f3n de las nuevas autoridades policiales locales.El Comisario Flavio Ceglie ser\u00e1 el titular de la Polic\u00eda Comunal.La Comisario Carolina Romana, procedente de la [&hellip;]","og_url":"https:\/\/ondauno.com.ar\/index.php\/2020\/03\/23\/flavio-ceglie-sera-el-nuevo-jefe-de-la-policia-comunal\/","og_site_name":"103.9 fm","article_publisher":"https:\/\/www.facebook.com\/ondauno103.9","article_published_time":"2020-03-23T23:12:43+00:00","article_modified_time":"2020-03-23T23:13:24+00:00","og_image":[{"width":590,"height":1280,"url":"https:\/\/ondauno.com.ar\/wp-content\/uploads\/2020\/03\/112bc846-f608-409a-a993-1cb3acbf8bdf.jpg","type":"image\/jpeg"}],"author":"fernando garcia","twitter_card":"summary_large_image","twitter_misc":{"Escrito por":"fernando garcia"},"schema":{"@context":"https:\/\/schema.org","@graph":[{"@type":"WebPage","@id":"https:\/\/ondauno.com.ar\/index.php\/2020\/03\/23\/flavio-ceglie-sera-el-nuevo-jefe-de-la-policia-comunal\/","url":"https:\/\/ondauno.com.ar\/index.php\/2020\/03\/23\/flavio-ceglie-sera-el-nuevo-jefe-de-la-policia-comunal\/","name":"Flavio Ceglie ser\u00e1 el nuevo Jefe de la Polic\u00eda Comunal - 103.9 fm","isPartOf":{"@id":"https:\/\/ondauno.com.ar\/#website"},"datePublished":"2020-03-23T23:12:43+00:00","dateModified":"2020-03-23T23:13:24+00:00","author":{"@id":"https:\/\/ondauno.com.ar\/#\/schema\/person\/201d1b68e6c75e0fd396fe5f8af5d139"},"breadcrumb":{"@id":"https:\/\/ondauno.com.ar\/index.php\/2020\/03\/23\/flavio-ceglie-sera-el-nuevo-jefe-de-la-policia-comunal\/#breadcrumb"},"inLanguage":"es-AR","potentialAction":[{"@type":"ReadAction","target":["https:\/\/ondauno.com.ar\/index.php\/2020\/03\/23\/flavio-ceglie-sera-el-nuevo-jefe-de-la-policia-comunal\/"]}]},{"@type":"BreadcrumbList","@id":"https:\/\/ondauno.com.ar\/index.php\/2020\/03\/23\/flavio-ceglie-sera-el-nuevo-jefe-de-la-policia-comunal\/#breadcrumb","itemListElement":[{"@type":"ListItem","position":1,"name":"Inicio","item":"https:\/\/ondauno.com.ar\/"},{"@type":"ListItem","position":2,"name":"Flavio Ceglie ser\u00e1 el nuevo Jefe de la Polic\u00eda Comunal"}]},{"@type":"WebSite","@id":"https:\/\/ondauno.com.ar\/#website","url":"https:\/\/ondauno.com.ar\/","name":"103.9 fm","description":"LA PRIMERA RADIO MULTIMEDIA DE TRES ARROYOS","potentialAction":[{"@type":"SearchAction","target":{"@type":"EntryPoint","urlTemplate":"https:\/\/ondauno.com.ar\/?s={search_term_string}"},"query-input":"required name=search_term_string"}],"inLanguage":"es-AR"},{"@type":"Person","@id":"https:\/\/ondauno.com.ar\/#\/schema\/person\/201d1b68e6c75e0fd396fe5f8af5d139","name":"fernando garcia","image":{"@type":"ImageObject","inLanguage":"es-AR","@id":"https:\/\/ondauno.com.ar\/#\/schema\/person\/image\/","url":"https:\/\/secure.gravatar.com\/avatar\/5f7254642ad81272e79a2e69653cfdfc?s=96&d=mm&r=g","contentUrl":"https:\/\/secure.gravatar.com\/avatar\/5f7254642ad81272e79a2e69653cfdfc?s=96&d=mm&r=g","caption":"fernando garcia"},"url":"https:\/\/ondauno.com.ar\/index.php\/author\/ondaunoeditor\/"}]}},"jetpack_publicize_connections":[],"jetpack_featured_media_url":"","jetpack_sharing_enabled":true,"_links":{"self":[{"href":"https:\/\/ondauno.com.ar\/index.php\/wp-json\/wp\/v2\/posts\/7028","targetHints":{"allow":["GET"]}}],"collection":[{"href":"https:\/\/ondauno.com.ar\/index.php\/wp-json\/wp\/v2\/posts"}],"about":[{"href":"https:\/\/ondauno.com.ar\/index.php\/wp-json\/wp\/v2\/types\/post"}],"author":[{"embeddable":true,"href":"https:\/\/ondauno.com.ar\/index.php\/wp-json\/wp\/v2\/users\/2"}],"replies":[{"embeddable":true,"href":"https:\/\/ondauno.com.ar\/index.php\/wp-json\/wp\/v2\/comments?post=7028"}],"version-history":[{"count":0,"href":"https:\/\/ondauno.com.ar\/index.php\/wp-json\/wp\/v2\/posts\/7028\/revisions"}],"wp:attachment":[{"href":"https:\/\/ondauno.com.ar\/index.php\/wp-json\/wp\/v2\/media?parent=7028"}],"wp:term":[{"taxonomy":"category","embeddable":true,"href":"https:\/\/ondauno.com.ar\/index.php\/wp-json\/wp\/v2\/categories?post=7028"},{"taxonomy":"post_tag","embeddable":true,"href":"https:\/\/ondauno.com.ar\/index.php\/wp-json\/wp\/v2\/tags?post=7028"}],"curies":[{"name":"wp","href":"https:\/\/api.w.org\/{rel}","templated":true}]}}